{"id":25485,"date":"2025-03-11T18:39:57","date_gmt":"2025-03-11T18:39:57","guid":{"rendered":"https:\/\/cogop.org\/expandindo-o-reino-de-deus-o-ministerio-da-igreja-de-deus-da-profecia-na-africa\/"},"modified":"2025-07-01T16:58:49","modified_gmt":"2025-07-01T16:58:49","slug":"expandindo-o-reino-de-deus-o-ministerio-da-igreja-de-deus-da-profecia-na-africa","status":"publish","type":"post","link":"https:\/\/cogop.org\/pt\/expandindo-o-reino-de-deus-o-ministerio-da-igreja-de-deus-da-profecia-na-africa\/","title":{"rendered":"Expandindo o Reino de Deus: O minist\u00e9rio da Igreja de Deus da Profecia na \u00c1frica"},"content":{"rendered":"\n<h2 class=\"wp-block-heading\"><strong>N\u00edger<\/strong><\/h2>\n\n<p>Damos gra\u00e7as ao Senhor pelo incr\u00edvel trabalho realizado e em andamento em N\u00edger. Como o presb\u00edtero geral para \u00c1frica, tenho o prazer de compartilhar esse relat\u00f3rio, destacando os marcos significativos alcan\u00e7ados com nosso esfor\u00e7o coletivo e a orienta\u00e7\u00e3o de Deus. <\/p>\n\n<p>Em 2018, sob a lideran\u00e7a do Bispo Kadato Richard, um terreno foi comprado no N\u00edger com o apoio do Departamento de Miss\u00f5es Mundiai s. Uma estrutura tempor\u00e1ria foi erguida para servir como local de reuni\u00e3o para adora\u00e7\u00e3o e comunh\u00e3o, mas nossa organiza\u00e7\u00e3o estava limitada porque n\u00e3o est\u00e1vamos oficialmente registrados como uma organiza\u00e7\u00e3o religiosa no pa\u00eds. <\/p>\n\n<p><strong>Colabora\u00e7\u00e3o com o Pastor Amoussou<\/strong><\/p>\n\n<p>Por sete anos, mantivemos uma parceria com Amoussou Agbo Pierre da \u00c9glise Pentec\u00f4tiste Source De Vie (Igreja Pentecostal Fonte de Vida). Essa parceria foi uma grande b\u00ean\u00e7\u00e3o para as duas organiza\u00e7\u00f5es e culminou com a decis\u00e3o do Pastor Amoussou de fundir seu minist\u00e9rio estabelecido com a Igreja de Deus da Profecia.  <\/p>\n\n<p><strong>Conven\u00e7\u00e3o Nacional Conjunta<\/strong><\/p>\n\n<p>A conven\u00e7\u00e3o de novembro de 2024 foi um marco significativo, atraindo cerca de 400 participantes, apesar da popula\u00e7\u00e3o predominante ser isl\u00e2mica. <\/p>\n\n<p>Certamente, a fus\u00e3o entre o minist\u00e9rio estabelecido do Pastor Amoussou Agbo Pierre e a Igreja de Deus da Profecia representa uma colabora\u00e7\u00e3o significativa com o objetivo de fortalecer a presen\u00e7a e o impacto da igreja no N\u00edger. <\/p>\n\n<p>Com nossa vis\u00e3o unificada, a fus\u00e3o reuniu valores compartilhados e uma vis\u00e3o unificada para o alcance da comunidade e o crescimento espiritual, aprimorando a capacidade do minist\u00e9rio de servir \u00e0 comunidade, permitindo que a igreja se envolva com uma grande parte da comunidade e estenda sua mensagem a mais indiv\u00edduos em toda a regi\u00e3o. Essa parceria estrat\u00e9gica posicionou a Igreja de Deus da Profecia para ser mais eficaz em sua miss\u00e3o, construindo la\u00e7os comunit\u00e1rios mais fortes e criando uma influ\u00eancia positiva em N\u00edger. Queremos agradecer \u00e0 Igreja global por apoiar o trabalho mission\u00e1rio na \u00c1frica.  <\/p>\n\n<p><strong>Planos de desenvolvimento futuro <\/strong><\/p>\n\n<p>Como parte de nossa vis\u00e3o de crescimento, foi feita uma proposta para adquirir um terreno para um centro de confer\u00eancias, estimado em 35 milh\u00f5es de francos CFA (aproximadamente $70.000). Essa instala\u00e7\u00e3o servir\u00e1 como um centro vital para futuras reuni\u00f5es, treinamentos e atividades ministeriais. <\/p>\n\n<p>Damos toda a gl\u00f3ria a Deus pelo extraordin\u00e1rio progresso feito em N\u00edger. Apesar dos desafios de ministrar em um pa\u00eds predominantemente isl\u00e2mico, a Igreja de Deus da Profecia continua a crescer e a transformar vidas. Permanecemos firmes em nossa miss\u00e3o de reconciliar a \u00c1frica com Cristo e estamos comprometidos em levar adiante a obra do reino com f\u00e9, dedica\u00e7\u00e3o e a orienta\u00e7\u00e3o do Senhor.  <\/p>\n\n<figure class=\"wp-block-gallery has-nested-images columns-default is-cropped wp-block-gallery-1 is-layout-flex wp-block-gallery-is-layout-flex\">\n<figure class=\"wp-block-image size-large\"><img fetchpriority=\"high\" decoding=\"async\" width=\"800\" height=\"600\" data-id=\"11647\" src=\"https:\/\/cogop.org\/wp-content\/uploads\/2025\/03\/Niger.jpg\" alt=\"\" class=\"wp-image-11647\" srcset=\"https:\/\/cogop.org\/wp-content\/uploads\/2025\/03\/Niger.jpg 800w, https:\/\/cogop.org\/wp-content\/uploads\/2025\/03\/Niger-300x225.jpg 300w, https:\/\/cogop.org\/wp-content\/uploads\/2025\/03\/Niger-768x576.jpg 768w\" sizes=\"(max-width: 800px) 100vw, 800px\" \/><\/figure>\n<\/figure>\n\n<h2 class=\"wp-block-heading\"><strong>Guin\u00e9 Equatorial<\/strong><\/h2>\n\n<p><strong>Promovendo o Reino de Deus na Guin\u00e9 Equatorial<\/strong><\/p>\n\n<p>A Igreja de Deus da Profecia na Guin\u00e9 Equatorial continua a experimentar o favor de Deus e um crescimento extraordin\u00e1rio, marcando um cap\u00edtulo significativo em nossa miss\u00e3o de expandir Seu reino por todo o continente africano. Ao refletirmos sobre o progresso e as conquistas desta na\u00e7\u00e3o, ficamos cheios de gratid\u00e3o e renovada determina\u00e7\u00e3o para cumprir a Grande Comiss\u00e3o, reconciliando a \u00c1frica com Cristo atrav\u00e9s do poder do Esp\u00edrito Santo. <\/p>\n\n<p><strong>Estabelecimento de uma funda\u00e7\u00e3o: Aquisi\u00e7\u00e3o de terreno e local de culto tempor\u00e1rio<\/strong><\/p>\n\n<p>Um marco importante para o minist\u00e9rio na Guin\u00e9 Equatorial foi a aquisi\u00e7\u00e3o de um terreno, que agora serve como local para um centro de adora\u00e7\u00e3o tempor\u00e1rio. Apesar das restri\u00e7\u00f5es financeiras que impedem a constru\u00e7\u00e3o de um pr\u00e9dio permanente, essa estrutura tempor\u00e1ria permanece como um farol de esperan\u00e7a e f\u00e9. Ela acomoda mais de 150 membros que se re\u00fanem regularmente para cultuar e participar da comunh\u00e3o. Esse espa\u00e7o se tornou um centro vital para a nutri\u00e7\u00e3o espiritual e o desenvolvimento da comunidade, simbolizando a resili\u00eancia e a dedica\u00e7\u00e3o de nossos membros.   <\/p>\n\n<p><strong>Visita inspiradora do Presbit\u00e9rio Geral<\/strong><\/p>\n\n<p>A recente visita do Presb\u00edtero Geral Gabriel Vidal e sua equipe trouxe encorajamento e foco renovado para o trabalho que est\u00e1 sendo feito na Guin\u00e9 Equatorial. Seu compromisso com o crescimento do minist\u00e9rio ficou evidente em sua promessa de apoiar a reforma do pr\u00e9dio tempor\u00e1rio. Transformar essa estrutura em uma sede mais dur\u00e1vel e funcional aumentar\u00e1 nossa capacidade de servir como um centro espiritual e administrativo, promovendo maior unidade e prop\u00f3sito entre os membros da igreja.  <\/p>\n\n<p><strong>Comemorando o crescimento: Uma rede de igrejas locais pr\u00f3spera<\/strong><\/p>\n\n<p>A expans\u00e3o do minist\u00e9rio \u00e9 um testemunho da provis\u00e3o de Deus e da dedica\u00e7\u00e3o de nossos l\u00edderes e membros. Com mais de cinco igrejas locais estabelecidas e uma base de membros de 400 a 500 pessoas, a Igreja de Deus da Profecia na Guin\u00e9 Equatorial \u00e9 uma comunidade de crentes vibrante e crescente. Esse crescimento ressalta nosso compromisso coletivo de divulgar o evangelho, discipular novos crentes e servir as comunidades ao nosso redor.  <\/p>\n\n<p><strong>Olhando para o futuro: Construindo para o futuro<\/strong><\/p>\n\n<p>A jornada \u00e0 frente est\u00e1 repleta de desafios e oportunidades. As reformas planejadas da estrutura tempor\u00e1ria ser\u00e3o um avan\u00e7o significativo, proporcionando um ambiente mais est\u00e1vel e inspirador para adora\u00e7\u00e3o e minist\u00e9rio. Al\u00e9m disso, continuamos comprometidos em apoiar as igrejas locais, equipar l\u00edderes e alcan\u00e7ar novas comunidades com a mensagem de Cristo.  <\/p>\n\n<p><strong>Gratid\u00e3o e vis\u00e3o<\/strong><\/p>\n\n<p>Somos profundamente gratos pelo apoio inabal\u00e1vel da lideran\u00e7a internacional da Igreja e pelas ora\u00e7\u00f5es dos fi\u00e9is ao redor do mundo. Suas contribui\u00e7\u00f5es foram fundamentais para o progresso que alcan\u00e7amos at\u00e9 agora. \u00c0 medida que continuamos a desenvolver e crescer, convidamos voc\u00ea a fazer parceria conosco em ora\u00e7\u00e3o, doa\u00e7\u00f5es e servi\u00e7o para que, juntos, possamos avan\u00e7ar a obra de Deus na Guin\u00e9 Equatorial e em outros lugares.  <\/p>\n\n<p>A seara \u00e9 grande, e os trabalhadores est\u00e3o aumentando. Prossigamos com f\u00e9, amor e determina\u00e7\u00e3o, confiando que aquele que come\u00e7ou uma boa obra em n\u00f3s a levar\u00e1 at\u00e9 o fim! <\/p>\n\n<figure class=\"wp-block-gallery has-nested-images columns-default is-cropped wp-block-gallery-2 is-layout-flex wp-block-gallery-is-layout-flex\">\n<figure class=\"wp-block-image size-large\"><img decoding=\"async\" width=\"935\" height=\"705\" data-id=\"11641\" src=\"https:\/\/cogop.org\/wp-content\/uploads\/2025\/03\/Equatorial-Guinea-1.jpg\" alt=\"\" class=\"wp-image-11641\" srcset=\"https:\/\/cogop.org\/wp-content\/uploads\/2025\/03\/Equatorial-Guinea-1.jpg 935w, https:\/\/cogop.org\/wp-content\/uploads\/2025\/03\/Equatorial-Guinea-1-300x226.jpg 300w, https:\/\/cogop.org\/wp-content\/uploads\/2025\/03\/Equatorial-Guinea-1-768x579.jpg 768w\" sizes=\"(max-width: 935px) 100vw, 935px\" \/><\/figure>\n\n\n\n<figure class=\"wp-block-image size-large\"><img decoding=\"async\" width=\"928\" height=\"699\" data-id=\"11644\" src=\"https:\/\/cogop.org\/wp-content\/uploads\/2025\/03\/Equatorial-Guinea-2.jpg\" alt=\"\" class=\"wp-image-11644\" srcset=\"https:\/\/cogop.org\/wp-content\/uploads\/2025\/03\/Equatorial-Guinea-2.jpg 928w, https:\/\/cogop.org\/wp-content\/uploads\/2025\/03\/Equatorial-Guinea-2-300x226.jpg 300w, https:\/\/cogop.org\/wp-content\/uploads\/2025\/03\/Equatorial-Guinea-2-768x578.jpg 768w\" sizes=\"(max-width: 928px) 100vw, 928px\" \/><\/figure>\n<\/figure>\n\n<h2 class=\"wp-block-heading\"><strong>Gana<\/strong><\/h2>\n\n<p>A Igreja Local Adawukwao da Igreja de Deus da Profecia, em Gana, foi estabelecida em 21 de maio de 2023, com uma membresia inicial de 12 membros. Em 3 de dezembro de 2023, o grupo havia crescido para 35 membros e foi oficialmente organizado como uma igreja local sob a lideran\u00e7a do Pastor Emmanuel Amonoo-Halm e da Senhora Sandra Amonoo-Halm. A equipe de lideran\u00e7a da igreja supervisiona ativamente os principais minist\u00e9rios, como evangelismo, educa\u00e7\u00e3o crist\u00e3, jovens e adora\u00e7\u00e3o, promovendo o crescimento e o envolvimento na comunidade.  <\/p>\n\n<p>Os marcos significativos incluem a aquisi\u00e7\u00e3o de um terreno pelo bispo Sam Addy, proporcionando uma base para um centro de adora\u00e7\u00e3o permanente e um centro para o minist\u00e9rio. Al\u00e9m disso, em 11 de agosto de 2024, o bispo Addy doou equipamentos musicais para aprimorar as experi\u00eancias de adora\u00e7\u00e3o. Essas iniciativas ressaltam o compromisso da igreja com o desenvolvimento espiritual e a cria\u00e7\u00e3o de um ambiente de adora\u00e7\u00e3o vibrante.  <\/p>\n\n<p>A Igreja Local de Adawukwao permanece firme em sua miss\u00e3o de reconciliar o mundo com Cristo. Por meio de um trabalho de evangeliza\u00e7\u00e3o dedicado, adora\u00e7\u00e3o din\u00e2mica e foco na transforma\u00e7\u00e3o da comunidade, a igreja continua a crescer e a causar um impacto significativo. Ela \u00e9 um testemunho da fidelidade de Deus e da dedica\u00e7\u00e3o constante de sua lideran\u00e7a e de seus membros, servindo como um farol de esperan\u00e7a em Adawukwao e em outros lugares.  <\/p>\n\n<figure class=\"wp-block-gallery has-nested-images columns-default is-cropped wp-block-gallery-3 is-layout-flex wp-block-gallery-is-layout-flex\">\n<figure class=\"wp-block-image size-large\"><img loading=\"lazy\" decoding=\"async\" width=\"950\" height=\"635\" data-id=\"11633\" src=\"https:\/\/cogop.org\/wp-content\/uploads\/2025\/03\/Ghana-1.jpg\" alt=\"\" class=\"wp-image-11633\" srcset=\"https:\/\/cogop.org\/wp-content\/uploads\/2025\/03\/Ghana-1.jpg 950w, https:\/\/cogop.org\/wp-content\/uploads\/2025\/03\/Ghana-1-300x201.jpg 300w, https:\/\/cogop.org\/wp-content\/uploads\/2025\/03\/Ghana-1-768x513.jpg 768w\" sizes=\"(max-width: 950px) 100vw, 950px\" \/><\/figure>\n\n\n\n<figure class=\"wp-block-image size-large\"><img loading=\"lazy\" decoding=\"async\" width=\"910\" height=\"611\" data-id=\"11636\" src=\"https:\/\/cogop.org\/wp-content\/uploads\/2025\/03\/Ghana-2.jpg\" alt=\"\" class=\"wp-image-11636\" srcset=\"https:\/\/cogop.org\/wp-content\/uploads\/2025\/03\/Ghana-2.jpg 910w, https:\/\/cogop.org\/wp-content\/uploads\/2025\/03\/Ghana-2-300x201.jpg 300w, https:\/\/cogop.org\/wp-content\/uploads\/2025\/03\/Ghana-2-768x516.jpg 768w\" sizes=\"(max-width: 910px) 100vw, 910px\" \/><\/figure>\n<\/figure>\n\n<h2 class=\"wp-block-heading\"><strong>G\u00e2mbia<\/strong><\/h2>\n\n<p>A miss\u00e3o da Igreja de Deus da Profecia continua a florescer em todo o continente africano, como evidenciado pelos extraordin\u00e1rios desenvolvimentos e marcos espirituais na G\u00e2mbia. \u00c9 uma profunda alegria testemunhar como a m\u00e3o de Deus est\u00e1 trabalhando, guiando seu povo e capacitando sua igreja para expandir sua influ\u00eancia e cumprir sua miss\u00e3o. <\/p>\n\n<p>Este relat\u00f3rio destaca duas \u00e1reas significativas de avan\u00e7o: a ordena\u00e7\u00e3o de ministros e o desenvolvimento cont\u00ednuo do Projeto de Constru\u00e7\u00e3o da Igreja em G\u00e2mbia. Esses marcos demonstram a fidelidade de Deus, o compromisso da lideran\u00e7a e a dedica\u00e7\u00e3o da congrega\u00e7\u00e3o no avan\u00e7o do reino. <\/p>\n\n<p>A recente visita do Bispo James Kolawole (presb\u00edtero geral da \u00c1frica) e de sua esposa, a Rev. Ellen Kolawole, \u00e0 G\u00e2mbia, deu-lhes a oportunidade de testemunhar um importante servi\u00e7o de ordena\u00e7\u00e3o que celebrou o chamado de tr\u00eas pastores &#8211; Victor Akharume, Frank Lawrence O. Ogedengbe e Emmanuel Chukwuka Enis Uti &#8211; bem como de Joel e Merrily Rose Burke como di\u00e1cono e diaconisa. <\/p>\n\n<p>L\u00edderes estimados como o bispo Chris Uti (bispo nacional da G\u00e2mbia e do Senegal), o bispo Paul McCalla (bispo da Regi\u00e3o 4 da IDP do Reino Unido) e outros prestigiaram a ocasi\u00e3o. A ordena\u00e7\u00e3o, conduzida pelo bispo Kolawole, foi uma cerim\u00f4nia poderosa e inspiradora, repleta de ora\u00e7\u00f5es, b\u00ean\u00e7\u00e3os e expectativa cheia de f\u00e9. O serm\u00e3o do bispo McCalla, intitulado \u201cChamado para servir&#8221;, ressoou profundamente quando ele enfatizou que o verdadeiro minist\u00e9rio est\u00e1 enraizado na humildade e no servi\u00e7o a Deus e aos outros.  <\/p>\n\n<p>O Projeto de Constru\u00e7\u00e3o da Igreja em G\u00e2mbia alcan\u00e7ou um progresso extraordin\u00e1rio, refletindo anos de f\u00e9, vis\u00e3o e parceria. Sob a lideran\u00e7a do Bispo Chris Uti e com o apoio dos Companheiros na Colheita e de doadores, o projeto agora inclui um santu\u00e1rio, um sal\u00e3o para crian\u00e7as, escrit\u00f3rios para o bispo nacional e pastores, sete banheiros e uma casa pastoral com cinco quartos. Essa conquista \u00e9 um testemunho da provis\u00e3o de Deus e da dedica\u00e7\u00e3o daqueles que acreditam na miss\u00e3o da igreja. A comunh\u00e3o e a hospitalidade que experimentamos foram um verdadeiro reflexo do amor de Deus.   <\/p>\n\n<p>Olhando para o futuro, o Bispo Uti pediu ora\u00e7\u00f5es por Senegal, onde a igreja atualmente n\u00e3o tem estruturas, mas ele prev\u00ea um progresso semelhante. A obra de Deus na G\u00e2mbia continua a inspirar, e celebramos Sua fidelidade cont\u00ednua com gratid\u00e3o. <\/p>\n\n<figure class=\"wp-block-gallery has-nested-images columns-default is-cropped wp-block-gallery-4 is-layout-flex wp-block-gallery-is-layout-flex\">\n<figure class=\"wp-block-image size-large\"><img loading=\"lazy\" decoding=\"async\" width=\"791\" height=\"595\" data-id=\"11624\" src=\"https:\/\/cogop.org\/wp-content\/uploads\/2025\/03\/Gambia-1.jpg\" alt=\"\" class=\"wp-image-11624\" srcset=\"https:\/\/cogop.org\/wp-content\/uploads\/2025\/03\/Gambia-1.jpg 791w, https:\/\/cogop.org\/wp-content\/uploads\/2025\/03\/Gambia-1-300x226.jpg 300w, https:\/\/cogop.org\/wp-content\/uploads\/2025\/03\/Gambia-1-768x578.jpg 768w\" sizes=\"(max-width: 791px) 100vw, 791px\" \/><figcaption class=\"wp-element-caption\">Ministros e pastores rec\u00e9m-ordenados<\/figcaption><\/figure>\n\n\n\n<figure class=\"wp-block-image size-large\"><img loading=\"lazy\" decoding=\"async\" width=\"1024\" height=\"463\" data-id=\"11627\" src=\"https:\/\/cogop.org\/wp-content\/uploads\/2025\/03\/Gambia-2-1024x463.jpg\" alt=\"\" class=\"wp-image-11627\" srcset=\"https:\/\/cogop.org\/wp-content\/uploads\/2025\/03\/Gambia-2-1024x463.jpg 1024w, https:\/\/cogop.org\/wp-content\/uploads\/2025\/03\/Gambia-2-300x136.jpg 300w, https:\/\/cogop.org\/wp-content\/uploads\/2025\/03\/Gambia-2-768x347.jpg 768w, https:\/\/cogop.org\/wp-content\/uploads\/2025\/03\/Gambia-2.jpg 1109w\" sizes=\"(max-width: 1024px) 100vw, 1024px\" \/><figcaption class=\"wp-element-caption\">Pr\u00e9dio da igreja em G\u00e2mbia<\/figcaption><\/figure>\n<\/figure>\n\n<h2 class=\"wp-block-heading\"><strong>Lib\u00e9ria<\/strong><\/h2>\n\n<p><strong>Confer\u00eancia de Lideran\u00e7a<\/strong><\/p>\n\n<p>Recentemente, realizamos uma confer\u00eancia de lideran\u00e7a transformadora de tr\u00eas dias na Lib\u00e9ria, sob o tema \u201cEquipando hoje para os desafios de amanh\u00e3\u201d. O evento foi liderado pelo Bispo Presb\u00edtero Geral da \u00c1frica, Enis James Kolawole, pelo Bispo Nacional da G\u00e2mbia\/Senegal, Chris Uti, e pelo anfitri\u00e3o, o Bispo Nacional da Lib\u00e9ria, Ferdinand Weah. Foi um tempo poderoso de conex\u00e3o, aprendizado e crescimento espiritual, deixando os participantes inspirados e unidos em sua miss\u00e3o de progapar o evangelho.  <\/p>\n\n<p>As sess\u00f5es foram repletas de ensinamentos e serm\u00f5es impactantes que cativaram os participantes. Inicialmente, muitos acharam que tr\u00eas dias seriam muito longos, mas, no final, desejaram que tivessem sido mais longos, pois ficaram maravilhados com a alegria, a inspira\u00e7\u00e3o e a presen\u00e7a do Esp\u00edrito Santo. <\/p>\n\n<figure class=\"wp-block-gallery has-nested-images columns-default is-cropped wp-block-gallery-5 is-layout-flex wp-block-gallery-is-layout-flex\">\n<figure class=\"wp-block-image size-large\"><img loading=\"lazy\" decoding=\"async\" width=\"730\" height=\"550\" data-id=\"11616\" src=\"https:\/\/cogop.org\/wp-content\/uploads\/2025\/03\/Liberia-2.jpg\" alt=\"\" class=\"wp-image-11616\" srcset=\"https:\/\/cogop.org\/wp-content\/uploads\/2025\/03\/Liberia-2.jpg 730w, https:\/\/cogop.org\/wp-content\/uploads\/2025\/03\/Liberia-2-300x226.jpg 300w\" sizes=\"(max-width: 730px) 100vw, 730px\" \/><\/figure>\n\n\n\n<figure class=\"wp-block-image size-large\"><img loading=\"lazy\" decoding=\"async\" width=\"742\" height=\"559\" data-id=\"11618\" src=\"https:\/\/cogop.org\/wp-content\/uploads\/2025\/03\/Liberia-3.jpg\" alt=\"\" class=\"wp-image-11618\" srcset=\"https:\/\/cogop.org\/wp-content\/uploads\/2025\/03\/Liberia-3.jpg 742w, https:\/\/cogop.org\/wp-content\/uploads\/2025\/03\/Liberia-3-300x226.jpg 300w\" sizes=\"(max-width: 742px) 100vw, 742px\" \/><\/figure>\n\n\n\n<figure class=\"wp-block-image size-large\"><img loading=\"lazy\" decoding=\"async\" width=\"626\" height=\"282\" data-id=\"11610\" src=\"https:\/\/cogop.org\/wp-content\/uploads\/2025\/03\/Liberia-1.jpg\" alt=\"\" class=\"wp-image-11610\" srcset=\"https:\/\/cogop.org\/wp-content\/uploads\/2025\/03\/Liberia-1.jpg 626w, https:\/\/cogop.org\/wp-content\/uploads\/2025\/03\/Liberia-1-300x135.jpg 300w\" sizes=\"(max-width: 626px) 100vw, 626px\" \/><\/figure>\n<\/figure>\n\n<p><strong>Terrenos para compra na Lib\u00e9ria<\/strong><\/p>\n\n<p>Ap\u00f3s o sucesso de nossa recente Confer\u00eancia de Lideran\u00e7a na Lib\u00e9ria, estamos entusiasmados em compartilhar uma oportunidade de expandir o impacto de nosso minist\u00e9rio. Durante nossa visita, o bispo Ferdinand Weah e sua equipe nos apresentaram a uma propriedade dispon\u00edvel por US$ 15.000, que servir\u00e1 como futuro local para um centro de conven\u00e7\u00f5es nacional. Esse centro ser\u00e1 a base para o crescimento espiritual, o treinamento de lideran\u00e7a e a comunh\u00e3o na Lib\u00e9ria para as pr\u00f3ximas gera\u00e7\u00f5es. Pedimos gentilmente seu apoio na compra desse terreno, ajudando-nos a continuar a equipar l\u00edderes e a propagar o evangelho na Lib\u00e9ria. Sua generosa contribui\u00e7\u00e3o ser\u00e1 uma parte vital dessa vis\u00e3o.    <\/p>\n\n<figure class=\"wp-block-gallery has-nested-images columns-default is-cropped wp-block-gallery-6 is-layout-flex wp-block-gallery-is-layout-flex\">\n<figure class=\"wp-block-image size-large\"><img loading=\"lazy\" decoding=\"async\" width=\"628\" height=\"282\" data-id=\"11613\" src=\"https:\/\/cogop.org\/wp-content\/uploads\/2025\/03\/Liberia-4.jpg\" alt=\"\" class=\"wp-image-11613\" srcset=\"https:\/\/cogop.org\/wp-content\/uploads\/2025\/03\/Liberia-4.jpg 628w, https:\/\/cogop.org\/wp-content\/uploads\/2025\/03\/Liberia-4-300x135.jpg 300w\" sizes=\"(max-width: 628px) 100vw, 628px\" \/><figcaption class=\"wp-element-caption\">Estamos confiando no Senhor para comprar essa propriedade.<\/figcaption><\/figure>\n<\/figure>\n\n<h2 class=\"wp-block-heading\"><strong>Uganda<\/strong><\/h2>\n\n<p><strong>Confer\u00eancia de Jovens na \u00c1frica<\/strong><\/p>\n\n<p>A primeira Confer\u00eancia de Jovens na \u00c1frica foi realizada de 12 a 15 de dezembro de 2024, em Uganda. Sob o tema \u201cMudan\u00e7a para reconciliar a \u00c1frica com Cristo, esse evento marcante reuniu jovens vibrantes de todo o continente e de outros lugares para crescimento espiritual, capacita\u00e7\u00e3o e comunh\u00e3o. Organizada pelo Bispo Peter Koyea, Diretor de Jovens da \u00c1frica, que estava inevitavelmente ausente, e com apoio financeiro significativo do Bispo Kirk Rising, Diretor Internacional de Jovens, a confer\u00eancia estabeleceu um precedente para o minist\u00e9rio de jovens na \u00c1frica. Participaram delegados de 16 pa\u00edses, incluindo a Rep\u00fablica Democr\u00e1tica do Congo, Qu\u00eania, Tanz\u00e2nia, Burundi, Ruanda, \u00c1frica do Sul, Sud\u00e3o do Sul, Botsuana, Eswatini, Nig\u00e9ria, Camar\u00f5es, Zimb\u00e1bue, Guin\u00e9, Eti\u00f3pia, Estados Unidos e Uganda (que foi a na\u00e7\u00e3o anfitri\u00e3).   <\/p>\n\n<p>A confer\u00eancia tinha como meta 500 participantes &#8211; 200 delegados internacionais e 300 jovens de Uganda. No entanto, o comparecimento superou as expectativas, com 615 participantes registrados, refletindo um entusiasmo crescente pelo envolvimento dos jovens no minist\u00e9rio em toda a \u00c1frica. <\/p>\n\n<p><strong>Destaques da confer\u00eancia<\/strong><\/p>\n\n<p><strong>1\u00ba dia:<\/strong> O Pastor Anathi Qokonyeka, da \u00c1frica do Sul, proferiu a mensagem de abertura, intitulada \u201cMudan\u00e7a Mental\u201d, inspirada em Prov\u00e9rbios 23:7. Ele enfatizou a import\u00e2ncia de alinhar as convic\u00e7\u00f5es pessoais com as promessas de Deus, incentivando os jovens a adotarem o pensamento transformador ancorado na f\u00e9. <\/p>\n\n<p><strong>2\u00ba dia<\/strong>: O bispo Gaofenngwe Edison Mooketsane, de Botsuana, compartilhou uma mensagem inspiradora sobre \u201cMudan\u00e7a Evangel\u00edstica\u201d, pedindo uma paix\u00e3o renovada por ganhar almas e ir al\u00e9m das congrega\u00e7\u00f5es conhecidas. Al\u00e9m disso, o bispo Kirk Rising ressaltou a necessidade de entregar a vida a Deus e destacou o papel fundamental do Esp\u00edrito Santo no crescimento e na transforma\u00e7\u00e3o espiritual. <\/p>\n\n<p><strong>3\u00ba dia:<\/strong> O bispo anfitri\u00e3o James Ntezimana conduziu uma sess\u00e3o matinal com foco em lideran\u00e7a e crescimento. \u00c0 noite, tive a honra de apresentar uma mensagem sobre \u201cIndepend\u00eancia financeira para a \u00c1frica\u201d. Essa sess\u00e3o desafiou os participantes a reduzir a depend\u00eancia de ajuda externa e enfatizou a import\u00e2ncia de criar um fundo financeiro africano para apoiar as atividades e miss\u00f5es da igreja. O dia terminou com uma noite poderosa de palestras, deixando os participantes espiritualmente rejuvenescidos.   <\/p>\n\n<p><strong>4\u00ba dia:<\/strong> O bispo Kirk Rising proferiu a mensagem de encerramento sobre \u201c Caminhando intimamente com Deus\u201d, incentivando os delegados a aprofundar seu relacionamento com Deus. A confer\u00eancia foi conclu\u00edda com a nomea\u00e7\u00e3o de l\u00edderes de jovens regionais, coment\u00e1rios finais do bispo anfitri\u00e3o e o lan\u00e7amento oficial do Africa Youth Fund (Fundo para Jovens da \u00c1frica). Os delegados contribu\u00edram generosamente para esse fundo, marcando um marco significativo para o minist\u00e9rio de jovens na \u00c1frica.  <\/p>\n\n<p><strong>Resultados <\/strong><\/p>\n\n<p>A Confer\u00eancia de Jovens na \u00c1frica alcan\u00e7ou resultados extraordin\u00e1rios, incluindo os seguintes:<\/p>\n\n<ol class=\"wp-block-list\">\n<li>O evento fortaleceu a unidade e a colabora\u00e7\u00e3o entre l\u00edderes jovens de 16 pa\u00edses.<\/li>\n\n\n\n<li>Capacitou os jovens com ferramentas pr\u00e1ticas e perspectivas espirituais para o avan\u00e7o do reino.<\/li>\n\n\n\n<li>Criou o Africa Youth Fund (Fundo para Jovens da \u00c1frica) para apoiar iniciativas futuras.<\/li>\n\n\n\n<li>L\u00edderes de jovens regionais foram nomeados para aumentar o alcance e a efic\u00e1cia da organiza\u00e7\u00e3o.<\/li>\n<\/ol>\n\n<p>A primeira Confer\u00eancia de Jovens da \u00c1frica foi um sucesso retumbante, criando mudan\u00e7as espirituais, mentais, evangel\u00edsticas e financeiras entre os participantes. Os delegados sa\u00edram inspirados, equipados e prontos para promovem mudan\u00e7as em todo o continente. Obrigado a todos os nossos doadores; o seu apoio tornou o programa um sucesso.  <\/p>\n\n<figure class=\"wp-block-gallery has-nested-images columns-default is-cropped wp-block-gallery-7 is-layout-flex wp-block-gallery-is-layout-flex\">\n<figure class=\"wp-block-image size-large\"><img loading=\"lazy\" decoding=\"async\" width=\"760\" height=\"507\" data-id=\"11595\" src=\"https:\/\/cogop.org\/wp-content\/uploads\/2025\/03\/Uganda-1.jpg\" alt=\"\" class=\"wp-image-11595\" srcset=\"https:\/\/cogop.org\/wp-content\/uploads\/2025\/03\/Uganda-1.jpg 760w, https:\/\/cogop.org\/wp-content\/uploads\/2025\/03\/Uganda-1-300x200.jpg 300w\" sizes=\"(max-width: 760px) 100vw, 760px\" \/><\/figure>\n\n\n\n<figure class=\"wp-block-image size-large\"><img loading=\"lazy\" decoding=\"async\" width=\"757\" height=\"504\" data-id=\"11596\" src=\"https:\/\/cogop.org\/wp-content\/uploads\/2025\/03\/Uganda-2.jpg\" alt=\"\" class=\"wp-image-11596\" srcset=\"https:\/\/cogop.org\/wp-content\/uploads\/2025\/03\/Uganda-2.jpg 757w, https:\/\/cogop.org\/wp-content\/uploads\/2025\/03\/Uganda-2-300x200.jpg 300w\" sizes=\"(max-width: 757px) 100vw, 757px\" \/><\/figure>\n\n\n\n<figure class=\"wp-block-image size-large\"><img loading=\"lazy\" decoding=\"async\" width=\"760\" height=\"507\" data-id=\"11601\" src=\"https:\/\/cogop.org\/wp-content\/uploads\/2025\/03\/Uganda-3.jpg\" alt=\"\" class=\"wp-image-11601\" srcset=\"https:\/\/cogop.org\/wp-content\/uploads\/2025\/03\/Uganda-3.jpg 760w, https:\/\/cogop.org\/wp-content\/uploads\/2025\/03\/Uganda-3-300x200.jpg 300w\" sizes=\"(max-width: 760px) 100vw, 760px\" \/><\/figure>\n\n\n\n<figure class=\"wp-block-image size-large\"><img loading=\"lazy\" decoding=\"async\" width=\"492\" height=\"328\" data-id=\"11602\" src=\"https:\/\/cogop.org\/wp-content\/uploads\/2025\/03\/Uganda-4.jpg\" alt=\"\" class=\"wp-image-11602\" srcset=\"https:\/\/cogop.org\/wp-content\/uploads\/2025\/03\/Uganda-4.jpg 492w, https:\/\/cogop.org\/wp-content\/uploads\/2025\/03\/Uganda-4-300x200.jpg 300w\" sizes=\"(max-width: 492px) 100vw, 492px\" \/><\/figure>\n<\/figure>\n","protected":false},"excerpt":{"rendered":"<p>O Bispo James Kolawole relata o crescimento da IDP na \u00c1frica &#8211; planta\u00e7\u00e3o de igrejas, lideran\u00e7a, aquisi\u00e7\u00e3o de terras e impacto do minist\u00e9rio em sete na\u00e7\u00f5es.<\/p>\n","protected":false},"author":4,"featured_media":25487,"comment_status":"open","ping_status":"open","sticky":false,"template":"","format":"standard","meta":{"_acf_changed":false,"_monsterinsights_skip_tracking":false,"_monsterinsights_sitenote_active":false,"_monsterinsights_sitenote_note":"","_monsterinsights_sitenote_category":0,"_uf_show_specific_survey":0,"_uf_disable_surveys":false,"footnotes":""},"categories":[338],"tags":[],"class_list":["post-25485","post","type-post","status-publish","format-standard","has-post-thumbnail","hentry","category-uncategorized-pt"],"acf":[],"yoast_head":"<!-- This site is optimized with the Yoast SEO plugin v27.4 - https:\/\/yoast.com\/product\/yoast-seo-wordpress\/ -->\n<title>Expandindo o Reino de Deus: O minist\u00e9rio da Igreja de Deus da Profecia na \u00c1frica | COGOP<\/title>\n<meta name=\"robots\" content=\"index, follow, max-snippet:-1, max-image-preview:large, max-video-preview:-1\" \/>\n<link rel=\"canonical\" href=\"https:\/\/cogop.org\/pt\/expandindo-o-reino-de-deus-o-ministerio-da-igreja-de-deus-da-profecia-na-africa\/\" \/>\n<meta property=\"og:locale\" content=\"pt_PT\" \/>\n<meta property=\"og:type\" content=\"article\" \/>\n<meta property=\"og:title\" content=\"Expandindo o Reino de Deus: O minist\u00e9rio da Igreja de Deus da Profecia na \u00c1frica | COGOP\" \/>\n<meta property=\"og:description\" content=\"O Bispo James Kolawole relata o crescimento da IDP na \u00c1frica - planta\u00e7\u00e3o de igrejas, lideran\u00e7a, aquisi\u00e7\u00e3o de terras e impacto do minist\u00e9rio em sete na\u00e7\u00f5es.\" \/>\n<meta property=\"og:url\" content=\"https:\/\/cogop.org\/pt\/expandindo-o-reino-de-deus-o-ministerio-da-igreja-de-deus-da-profecia-na-africa\/\" \/>\n<meta property=\"og:site_name\" content=\"COGOP\" \/>\n<meta property=\"article:publisher\" content=\"https:\/\/www.facebook.com\/cogop\" \/>\n<meta property=\"article:published_time\" content=\"2025-03-11T18:39:57+00:00\" \/>\n<meta property=\"article:modified_time\" content=\"2025-07-01T16:58:49+00:00\" \/>\n<meta property=\"og:image\" content=\"https:\/\/cogop.org\/wp-content\/uploads\/2025\/03\/Ghana-1.jpg\" \/>\n\t<meta property=\"og:image:width\" content=\"950\" \/>\n\t<meta property=\"og:image:height\" content=\"635\" \/>\n\t<meta property=\"og:image:type\" content=\"image\/jpeg\" \/>\n<meta name=\"author\" content=\"Shaun McKinley\" \/>\n<meta name=\"twitter:card\" content=\"summary_large_image\" \/>\n<meta name=\"twitter:creator\" content=\"@cogop\" \/>\n<meta name=\"twitter:site\" content=\"@cogop\" \/>\n<meta name=\"twitter:label1\" content=\"Written by\" \/>\n\t<meta name=\"twitter:data1\" content=\"Shaun McKinley\" \/>\n\t<meta name=\"twitter:label2\" content=\"Est. reading time\" \/>\n\t<meta name=\"twitter:data2\" content=\"13 minutos\" \/>\n<script type=\"application\/ld+json\" class=\"yoast-schema-graph\">{\"@context\":\"https:\\\/\\\/schema.org\",\"@graph\":[{\"@type\":\"Article\",\"@id\":\"https:\\\/\\\/cogop.org\\\/pt\\\/expandindo-o-reino-de-deus-o-ministerio-da-igreja-de-deus-da-profecia-na-africa\\\/#article\",\"isPartOf\":{\"@id\":\"https:\\\/\\\/cogop.org\\\/pt\\\/expandindo-o-reino-de-deus-o-ministerio-da-igreja-de-deus-da-profecia-na-africa\\\/\"},\"author\":{\"name\":\"Shaun McKinley\",\"@id\":\"https:\\\/\\\/cogop.org\\\/#\\\/schema\\\/person\\\/4906c522c140e1fd84e28e3c17b3588d\"},\"headline\":\"Expandindo o Reino de Deus: O minist\u00e9rio da Igreja de Deus da Profecia na \u00c1frica\",\"datePublished\":\"2025-03-11T18:39:57+00:00\",\"dateModified\":\"2025-07-01T16:58:49+00:00\",\"mainEntityOfPage\":{\"@id\":\"https:\\\/\\\/cogop.org\\\/pt\\\/expandindo-o-reino-de-deus-o-ministerio-da-igreja-de-deus-da-profecia-na-africa\\\/\"},\"wordCount\":2612,\"commentCount\":0,\"publisher\":{\"@id\":\"https:\\\/\\\/cogop.org\\\/#organization\"},\"image\":{\"@id\":\"https:\\\/\\\/cogop.org\\\/pt\\\/expandindo-o-reino-de-deus-o-ministerio-da-igreja-de-deus-da-profecia-na-africa\\\/#primaryimage\"},\"thumbnailUrl\":\"https:\\\/\\\/cogop.org\\\/wp-content\\\/uploads\\\/2025\\\/03\\\/Ghana-1.jpg\",\"articleSection\":[\"Uncategorized @pt\"],\"inLanguage\":\"pt-AO\",\"potentialAction\":[{\"@type\":\"CommentAction\",\"name\":\"Comment\",\"target\":[\"https:\\\/\\\/cogop.org\\\/pt\\\/expandindo-o-reino-de-deus-o-ministerio-da-igreja-de-deus-da-profecia-na-africa\\\/#respond\"]}]},{\"@type\":\"WebPage\",\"@id\":\"https:\\\/\\\/cogop.org\\\/pt\\\/expandindo-o-reino-de-deus-o-ministerio-da-igreja-de-deus-da-profecia-na-africa\\\/\",\"url\":\"https:\\\/\\\/cogop.org\\\/pt\\\/expandindo-o-reino-de-deus-o-ministerio-da-igreja-de-deus-da-profecia-na-africa\\\/\",\"name\":\"Expandindo o Reino de Deus: O minist\u00e9rio da Igreja de Deus da Profecia na \u00c1frica | COGOP\",\"isPartOf\":{\"@id\":\"https:\\\/\\\/cogop.org\\\/#website\"},\"primaryImageOfPage\":{\"@id\":\"https:\\\/\\\/cogop.org\\\/pt\\\/expandindo-o-reino-de-deus-o-ministerio-da-igreja-de-deus-da-profecia-na-africa\\\/#primaryimage\"},\"image\":{\"@id\":\"https:\\\/\\\/cogop.org\\\/pt\\\/expandindo-o-reino-de-deus-o-ministerio-da-igreja-de-deus-da-profecia-na-africa\\\/#primaryimage\"},\"thumbnailUrl\":\"https:\\\/\\\/cogop.org\\\/wp-content\\\/uploads\\\/2025\\\/03\\\/Ghana-1.jpg\",\"datePublished\":\"2025-03-11T18:39:57+00:00\",\"dateModified\":\"2025-07-01T16:58:49+00:00\",\"inLanguage\":\"pt-AO\",\"potentialAction\":[{\"@type\":\"ReadAction\",\"target\":[\"https:\\\/\\\/cogop.org\\\/pt\\\/expandindo-o-reino-de-deus-o-ministerio-da-igreja-de-deus-da-profecia-na-africa\\\/\"]}]},{\"@type\":\"ImageObject\",\"inLanguage\":\"pt-AO\",\"@id\":\"https:\\\/\\\/cogop.org\\\/pt\\\/expandindo-o-reino-de-deus-o-ministerio-da-igreja-de-deus-da-profecia-na-africa\\\/#primaryimage\",\"url\":\"https:\\\/\\\/cogop.org\\\/wp-content\\\/uploads\\\/2025\\\/03\\\/Ghana-1.jpg\",\"contentUrl\":\"https:\\\/\\\/cogop.org\\\/wp-content\\\/uploads\\\/2025\\\/03\\\/Ghana-1.jpg\",\"width\":950,\"height\":635},{\"@type\":\"BreadcrumbList\",\"@id\":\"https:\\\/\\\/cogop.org\\\/pt\\\/expandindo-o-reino-de-deus-o-ministerio-da-igreja-de-deus-da-profecia-na-africa\\\/#breadcrumb\",\"itemListElement\":[{\"@type\":\"ListItem\",\"position\":1,\"name\":\"Home\",\"item\":\"https:\\\/\\\/cogop.org\\\/\"},{\"@type\":\"ListItem\",\"position\":2,\"name\":\"Expandindo o Reino de Deus: O minist\u00e9rio da Igreja de Deus da Profecia na \u00c1frica\"}]},{\"@type\":\"WebSite\",\"@id\":\"https:\\\/\\\/cogop.org\\\/#website\",\"url\":\"https:\\\/\\\/cogop.org\\\/\",\"name\":\"Church of God of Prophecy\",\"description\":\"Reconciling the World to Christ\",\"publisher\":{\"@id\":\"https:\\\/\\\/cogop.org\\\/#organization\"},\"alternateName\":\"COGOP\",\"potentialAction\":[{\"@type\":\"SearchAction\",\"target\":{\"@type\":\"EntryPoint\",\"urlTemplate\":\"https:\\\/\\\/cogop.org\\\/?s={search_term_string}\"},\"query-input\":{\"@type\":\"PropertyValueSpecification\",\"valueRequired\":true,\"valueName\":\"search_term_string\"}}],\"inLanguage\":\"pt-AO\"},{\"@type\":\"Organization\",\"@id\":\"https:\\\/\\\/cogop.org\\\/#organization\",\"name\":\"Church of God of Prophecy\",\"alternateName\":\"COGOP\",\"url\":\"https:\\\/\\\/cogop.org\\\/\",\"logo\":{\"@type\":\"ImageObject\",\"inLanguage\":\"pt-AO\",\"@id\":\"https:\\\/\\\/cogop.org\\\/#\\\/schema\\\/logo\\\/image\\\/\",\"url\":\"https:\\\/\\\/cogop.org\\\/wp-content\\\/uploads\\\/2025\\\/01\\\/logo-cogop.webp\",\"contentUrl\":\"https:\\\/\\\/cogop.org\\\/wp-content\\\/uploads\\\/2025\\\/01\\\/logo-cogop.webp\",\"width\":500,\"height\":118,\"caption\":\"Church of God of Prophecy\"},\"image\":{\"@id\":\"https:\\\/\\\/cogop.org\\\/#\\\/schema\\\/logo\\\/image\\\/\"},\"sameAs\":[\"https:\\\/\\\/www.facebook.com\\\/cogop\",\"https:\\\/\\\/x.com\\\/cogop\",\"https:\\\/\\\/www.instagram.com\\\/cogoppics\\\/\",\"https:\\\/\\\/www.youtube.com\\\/@COGOPMedia\",\"https:\\\/\\\/open.spotify.com\\\/user\\\/g1d13yyaprw0wrr2woer8edyp?si=a32b364b555f4d4d\"]},{\"@type\":\"Person\",\"@id\":\"https:\\\/\\\/cogop.org\\\/#\\\/schema\\\/person\\\/4906c522c140e1fd84e28e3c17b3588d\",\"name\":\"Shaun McKinley\",\"image\":{\"@type\":\"ImageObject\",\"inLanguage\":\"pt-AO\",\"@id\":\"https:\\\/\\\/secure.gravatar.com\\\/avatar\\\/21e42617539b19957212750bc94d5e389cd3e64619510914f40b27e32d375e99?s=96&d=mm&r=g\",\"url\":\"https:\\\/\\\/secure.gravatar.com\\\/avatar\\\/21e42617539b19957212750bc94d5e389cd3e64619510914f40b27e32d375e99?s=96&d=mm&r=g\",\"contentUrl\":\"https:\\\/\\\/secure.gravatar.com\\\/avatar\\\/21e42617539b19957212750bc94d5e389cd3e64619510914f40b27e32d375e99?s=96&d=mm&r=g\",\"caption\":\"Shaun McKinley\"}}]}<\/script>\n<!-- \/ Yoast SEO plugin. -->","yoast_head_json":{"title":"Expandindo o Reino de Deus: O minist\u00e9rio da Igreja de Deus da Profecia na \u00c1frica | COGOP","robots":{"index":"index","follow":"follow","max-snippet":"max-snippet:-1","max-image-preview":"max-image-preview:large","max-video-preview":"max-video-preview:-1"},"canonical":"https:\/\/cogop.org\/pt\/expandindo-o-reino-de-deus-o-ministerio-da-igreja-de-deus-da-profecia-na-africa\/","og_locale":"pt_PT","og_type":"article","og_title":"Expandindo o Reino de Deus: O minist\u00e9rio da Igreja de Deus da Profecia na \u00c1frica | COGOP","og_description":"O Bispo James Kolawole relata o crescimento da IDP na \u00c1frica - planta\u00e7\u00e3o de igrejas, lideran\u00e7a, aquisi\u00e7\u00e3o de terras e impacto do minist\u00e9rio em sete na\u00e7\u00f5es.","og_url":"https:\/\/cogop.org\/pt\/expandindo-o-reino-de-deus-o-ministerio-da-igreja-de-deus-da-profecia-na-africa\/","og_site_name":"COGOP","article_publisher":"https:\/\/www.facebook.com\/cogop","article_published_time":"2025-03-11T18:39:57+00:00","article_modified_time":"2025-07-01T16:58:49+00:00","og_image":[{"width":950,"height":635,"url":"https:\/\/cogop.org\/wp-content\/uploads\/2025\/03\/Ghana-1.jpg","type":"image\/jpeg"}],"author":"Shaun McKinley","twitter_card":"summary_large_image","twitter_creator":"@cogop","twitter_site":"@cogop","twitter_misc":{"Written by":"Shaun McKinley","Est. reading time":"13 minutos"},"schema":{"@context":"https:\/\/schema.org","@graph":[{"@type":"Article","@id":"https:\/\/cogop.org\/pt\/expandindo-o-reino-de-deus-o-ministerio-da-igreja-de-deus-da-profecia-na-africa\/#article","isPartOf":{"@id":"https:\/\/cogop.org\/pt\/expandindo-o-reino-de-deus-o-ministerio-da-igreja-de-deus-da-profecia-na-africa\/"},"author":{"name":"Shaun McKinley","@id":"https:\/\/cogop.org\/#\/schema\/person\/4906c522c140e1fd84e28e3c17b3588d"},"headline":"Expandindo o Reino de Deus: O minist\u00e9rio da Igreja de Deus da Profecia na \u00c1frica","datePublished":"2025-03-11T18:39:57+00:00","dateModified":"2025-07-01T16:58:49+00:00","mainEntityOfPage":{"@id":"https:\/\/cogop.org\/pt\/expandindo-o-reino-de-deus-o-ministerio-da-igreja-de-deus-da-profecia-na-africa\/"},"wordCount":2612,"commentCount":0,"publisher":{"@id":"https:\/\/cogop.org\/#organization"},"image":{"@id":"https:\/\/cogop.org\/pt\/expandindo-o-reino-de-deus-o-ministerio-da-igreja-de-deus-da-profecia-na-africa\/#primaryimage"},"thumbnailUrl":"https:\/\/cogop.org\/wp-content\/uploads\/2025\/03\/Ghana-1.jpg","articleSection":["Uncategorized @pt"],"inLanguage":"pt-AO","potentialAction":[{"@type":"CommentAction","name":"Comment","target":["https:\/\/cogop.org\/pt\/expandindo-o-reino-de-deus-o-ministerio-da-igreja-de-deus-da-profecia-na-africa\/#respond"]}]},{"@type":"WebPage","@id":"https:\/\/cogop.org\/pt\/expandindo-o-reino-de-deus-o-ministerio-da-igreja-de-deus-da-profecia-na-africa\/","url":"https:\/\/cogop.org\/pt\/expandindo-o-reino-de-deus-o-ministerio-da-igreja-de-deus-da-profecia-na-africa\/","name":"Expandindo o Reino de Deus: O minist\u00e9rio da Igreja de Deus da Profecia na \u00c1frica | COGOP","isPartOf":{"@id":"https:\/\/cogop.org\/#website"},"primaryImageOfPage":{"@id":"https:\/\/cogop.org\/pt\/expandindo-o-reino-de-deus-o-ministerio-da-igreja-de-deus-da-profecia-na-africa\/#primaryimage"},"image":{"@id":"https:\/\/cogop.org\/pt\/expandindo-o-reino-de-deus-o-ministerio-da-igreja-de-deus-da-profecia-na-africa\/#primaryimage"},"thumbnailUrl":"https:\/\/cogop.org\/wp-content\/uploads\/2025\/03\/Ghana-1.jpg","datePublished":"2025-03-11T18:39:57+00:00","dateModified":"2025-07-01T16:58:49+00:00","inLanguage":"pt-AO","potentialAction":[{"@type":"ReadAction","target":["https:\/\/cogop.org\/pt\/expandindo-o-reino-de-deus-o-ministerio-da-igreja-de-deus-da-profecia-na-africa\/"]}]},{"@type":"ImageObject","inLanguage":"pt-AO","@id":"https:\/\/cogop.org\/pt\/expandindo-o-reino-de-deus-o-ministerio-da-igreja-de-deus-da-profecia-na-africa\/#primaryimage","url":"https:\/\/cogop.org\/wp-content\/uploads\/2025\/03\/Ghana-1.jpg","contentUrl":"https:\/\/cogop.org\/wp-content\/uploads\/2025\/03\/Ghana-1.jpg","width":950,"height":635},{"@type":"BreadcrumbList","@id":"https:\/\/cogop.org\/pt\/expandindo-o-reino-de-deus-o-ministerio-da-igreja-de-deus-da-profecia-na-africa\/#breadcrumb","itemListElement":[{"@type":"ListItem","position":1,"name":"Home","item":"https:\/\/cogop.org\/"},{"@type":"ListItem","position":2,"name":"Expandindo o Reino de Deus: O minist\u00e9rio da Igreja de Deus da Profecia na \u00c1frica"}]},{"@type":"WebSite","@id":"https:\/\/cogop.org\/#website","url":"https:\/\/cogop.org\/","name":"Church of God of Prophecy","description":"Reconciling the World to Christ","publisher":{"@id":"https:\/\/cogop.org\/#organization"},"alternateName":"COGOP","potentialAction":[{"@type":"SearchAction","target":{"@type":"EntryPoint","urlTemplate":"https:\/\/cogop.org\/?s={search_term_string}"},"query-input":{"@type":"PropertyValueSpecification","valueRequired":true,"valueName":"search_term_string"}}],"inLanguage":"pt-AO"},{"@type":"Organization","@id":"https:\/\/cogop.org\/#organization","name":"Church of God of Prophecy","alternateName":"COGOP","url":"https:\/\/cogop.org\/","logo":{"@type":"ImageObject","inLanguage":"pt-AO","@id":"https:\/\/cogop.org\/#\/schema\/logo\/image\/","url":"https:\/\/cogop.org\/wp-content\/uploads\/2025\/01\/logo-cogop.webp","contentUrl":"https:\/\/cogop.org\/wp-content\/uploads\/2025\/01\/logo-cogop.webp","width":500,"height":118,"caption":"Church of God of Prophecy"},"image":{"@id":"https:\/\/cogop.org\/#\/schema\/logo\/image\/"},"sameAs":["https:\/\/www.facebook.com\/cogop","https:\/\/x.com\/cogop","https:\/\/www.instagram.com\/cogoppics\/","https:\/\/www.youtube.com\/@COGOPMedia","https:\/\/open.spotify.com\/user\/g1d13yyaprw0wrr2woer8edyp?si=a32b364b555f4d4d"]},{"@type":"Person","@id":"https:\/\/cogop.org\/#\/schema\/person\/4906c522c140e1fd84e28e3c17b3588d","name":"Shaun McKinley","image":{"@type":"ImageObject","inLanguage":"pt-AO","@id":"https:\/\/secure.gravatar.com\/avatar\/21e42617539b19957212750bc94d5e389cd3e64619510914f40b27e32d375e99?s=96&d=mm&r=g","url":"https:\/\/secure.gravatar.com\/avatar\/21e42617539b19957212750bc94d5e389cd3e64619510914f40b27e32d375e99?s=96&d=mm&r=g","contentUrl":"https:\/\/secure.gravatar.com\/avatar\/21e42617539b19957212750bc94d5e389cd3e64619510914f40b27e32d375e99?s=96&d=mm&r=g","caption":"Shaun McKinley"}}]}},"_links":{"self":[{"href":"https:\/\/cogop.org\/pt\/wp-json\/wp\/v2\/posts\/25485","targetHints":{"allow":["GET"]}}],"collection":[{"href":"https:\/\/cogop.org\/pt\/wp-json\/wp\/v2\/posts"}],"about":[{"href":"https:\/\/cogop.org\/pt\/wp-json\/wp\/v2\/types\/post"}],"author":[{"embeddable":true,"href":"https:\/\/cogop.org\/pt\/wp-json\/wp\/v2\/users\/4"}],"replies":[{"embeddable":true,"href":"https:\/\/cogop.org\/pt\/wp-json\/wp\/v2\/comments?post=25485"}],"version-history":[{"count":1,"href":"https:\/\/cogop.org\/pt\/wp-json\/wp\/v2\/posts\/25485\/revisions"}],"predecessor-version":[{"id":25587,"href":"https:\/\/cogop.org\/pt\/wp-json\/wp\/v2\/posts\/25485\/revisions\/25587"}],"wp:featuredmedia":[{"embeddable":true,"href":"https:\/\/cogop.org\/pt\/wp-json\/wp\/v2\/media\/25487"}],"wp:attachment":[{"href":"https:\/\/cogop.org\/pt\/wp-json\/wp\/v2\/media?parent=25485"}],"wp:term":[{"taxonomy":"category","embeddable":true,"href":"https:\/\/cogop.org\/pt\/wp-json\/wp\/v2\/categories?post=25485"},{"taxonomy":"post_tag","embeddable":true,"href":"https:\/\/cogop.org\/pt\/wp-json\/wp\/v2\/tags?post=25485"}],"curies":[{"name":"wp","href":"https:\/\/api.w.org\/{rel}","templated":true}]}}