{"id":25480,"date":"2025-03-11T19:25:11","date_gmt":"2025-03-11T19:25:11","guid":{"rendered":"https:\/\/cogop.org\/impacto-da-missao-na-america-do-sul-crescimento-discipulado-e-plantacao-de-igrejas\/"},"modified":"2025-07-01T16:58:46","modified_gmt":"2025-07-01T16:58:46","slug":"impacto-da-missao-na-america-do-sul-crescimento-discipulado-e-plantacao-de-igrejas","status":"publish","type":"post","link":"https:\/\/cogop.org\/pt\/impacto-da-missao-na-america-do-sul-crescimento-discipulado-e-plantacao-de-igrejas\/","title":{"rendered":"Impacto da miss\u00e3o na Am\u00e9rica do Sul: Crescimento, discipulado e planta\u00e7\u00e3o de igrejas"},"content":{"rendered":"\n<h2 class=\"wp-block-heading\"><strong>Not\u00edcias da Igreja no Brasil<\/strong><\/h2>\n\n<p><strong>Bahia<\/strong><\/p>\n\n<p>Entre os dias 15 e 18 de novembro de 2024, a Conven\u00e7\u00e3o Regional da Igreja de Deus da Profecia no Estado da Bahia aconteceu na cidade de C\u00e2ndido Sales com uma m\u00e9dia de p\u00fablico de duzentas pessoas por dia. A conven\u00e7\u00e3o teve como tema \u201cChamados\u201d, e entre os convidados especiais estavam o diretor continental do Departamento de Planta\u00e7\u00e3o de Igrejas da Igreja de Deus da Profecia na Am\u00e9rica do Sul, Francisco Lopez Paz, e o representante da Rede de Multiplica\u00e7\u00e3o, Lu\u00eds Eduardo Pinz\u00f3n. Mensagens e ensinamentos poderosos baseados no tema foram dados durante toda a conven\u00e7\u00e3o. No s\u00e1bado, 17 de novembro, foi organizada uma marcha evangel\u00edstica pela cidade, tocando o cora\u00e7\u00e3o de v\u00e1rias pessoas da comunidade. No final da conven\u00e7\u00e3o, mais de 15 irm\u00e3os se reuniram com o diretor continental de planta\u00e7\u00e3o de igrejas para receber instru\u00e7\u00f5es estrat\u00e9gicas para iniciar um novo ponto de prega\u00e7\u00e3o na regi\u00e3o.     <\/p>\n\n<p><strong>Cear\u00e1 <\/strong><\/p>\n\n<p>A primeira igreja IDP no estado do Cear\u00e1 foi plantada no final de 2017. Desde ent\u00e3o, a igreja no Cear\u00e1 tem avan\u00e7ado e experimentado um enorme crescimento com quatro igrejas organizadas e sete miss\u00f5es, algumas das quais est\u00e3o quase prontas para serem organizadas.  <\/p>\n\n<p>Nos dias 29 de novembro a 1\u00ba de dezembro de 2024, aconteceu na cidade de Varjota (Cear\u00e1) a Primeira Conven\u00e7\u00e3o Regional da Igreja de Deus da Profecia no estado, que reuniu cerca de duzentos e trinta pessoas. A conven\u00e7\u00e3o adotou o tema \u201cNa Miss\u00e3o\u201d, baseado em Mateus 28, e recebeu convidados especiais como Hernandes Fernandes Filho (bispo nacional da COGOP do Brasil), Francisco Lopez Paz (diretor continental do Departamento de Planta\u00e7\u00e3o de Igrejas da IDP na Am\u00e9rica do Sul), e Luis Eduardo Pinz\u00f3n e Gizele de Oliveira (ambos da Rede Multiplica\u00e7\u00e3o). O evento impactou muitas vidas e impressionou o estado do Cear\u00e1.  <\/p>\n\n<p><strong>Projeto IDP Sert\u00e3o<\/strong><\/p>\n\n<p>O sert\u00e3o do Cear\u00e1 \u00e9 uma das regi\u00f5es mais desafiadoras e culturalmente ricas do Brasil. Localizado no semi\u00e1rido nordestino, o sert\u00e3o enfrenta condi\u00e7\u00f5es clim\u00e1ticas adversas, especialmente longos per\u00edodos de seca e escassez de \u00e1gua, que afetam diretamente a economia, a agricultura e a qualidade de vida da popula\u00e7\u00e3o. Com uma cultura religiosa cat\u00f3lica profundamente enraizada, \u00e9 f\u00e1cil encontrar pequenas comunidades nesse estado que n\u00e3o possuem sequer uma igreja evang\u00e9lica. Recentemente, a IDP no Brasil alcan\u00e7ou uma comunidade de cerca de 3.000 pessoas e estabeleceu a primeira igreja evang\u00e9lica nessa \u00e1rea. A proposta do Projeto IDP Sert\u00e3o \u00e9 oferecer, al\u00e9m da palavra de reconcilia\u00e7\u00e3o, cestas b\u00e1sicas, um projeto de atividades esportivas e treinamento para obreiros da regi\u00e3o. Durante a conven\u00e7\u00e3o, recebemos a doa\u00e7\u00e3o de uma motocicleta para facilitar a evangeliza\u00e7\u00e3o nessa comunidade. Ore pelo Projeto IDP Sert\u00e3o-Cear\u00e1!      <\/p>\n\n<p><strong>Minas Gerais<\/strong><\/p>\n\n<p>A Conven\u00e7\u00e3o Regional da Igreja de Deus da Profecia em Minas Gerais aconteceu nos dias 17 a 19 de janeiro no s\u00edtio Pousada do Rei, localizado no munic\u00edpio de Sarzedo (MG) e contou com a presen\u00e7a de aproximadamente duzentas pessoas. O tema da conven\u00e7\u00e3o foi \u201cChamados \u00e0 Santidade\u201d, enfatizando a import\u00e2ncia da vida santa para prop\u00f3sitos missionais na reconcilia\u00e7\u00e3o da cria\u00e7\u00e3o e da humanidade com Jesus Cristo. Mensagens poderosas e v\u00e1rios ensinamentos foram compartilhados com base no tema central.   <\/p>\n\n<figure class=\"wp-block-gallery has-nested-images columns-default is-cropped wp-block-gallery-1 is-layout-flex wp-block-gallery-is-layout-flex\">\n<figure class=\"wp-block-image size-large\"><img fetchpriority=\"high\" decoding=\"async\" width=\"1024\" height=\"768\" data-id=\"12027\" src=\"https:\/\/cogop.org\/wp-content\/uploads\/2025\/03\/Brazil-Bahia-3-1024x768.jpeg\" alt=\"\" class=\"wp-image-12027\" srcset=\"https:\/\/cogop.org\/wp-content\/uploads\/2025\/03\/Brazil-Bahia-3-1024x768.jpeg 1024w, https:\/\/cogop.org\/wp-content\/uploads\/2025\/03\/Brazil-Bahia-3-300x225.jpeg 300w, https:\/\/cogop.org\/wp-content\/uploads\/2025\/03\/Brazil-Bahia-3-768x576.jpeg 768w, https:\/\/cogop.org\/wp-content\/uploads\/2025\/03\/Brazil-Bahia-3.jpeg 1280w\" sizes=\"(max-width: 1024px) 100vw, 1024px\" \/><\/figure>\n\n\n\n<figure class=\"wp-block-image size-large\"><img decoding=\"async\" width=\"1024\" height=\"768\" data-id=\"12034\" src=\"https:\/\/cogop.org\/wp-content\/uploads\/2025\/03\/Brazil-Bahia-4-1024x768.jpeg\" alt=\"\" class=\"wp-image-12034\" srcset=\"https:\/\/cogop.org\/wp-content\/uploads\/2025\/03\/Brazil-Bahia-4-1024x768.jpeg 1024w, https:\/\/cogop.org\/wp-content\/uploads\/2025\/03\/Brazil-Bahia-4-300x225.jpeg 300w, https:\/\/cogop.org\/wp-content\/uploads\/2025\/03\/Brazil-Bahia-4-768x576.jpeg 768w, https:\/\/cogop.org\/wp-content\/uploads\/2025\/03\/Brazil-Bahia-4.jpeg 1280w\" sizes=\"(max-width: 1024px) 100vw, 1024px\" \/><\/figure>\n\n\n\n<figure class=\"wp-block-image size-large\"><img decoding=\"async\" width=\"1024\" height=\"768\" data-id=\"12023\" src=\"https:\/\/cogop.org\/wp-content\/uploads\/2025\/03\/Brazil-Bahia-5-1024x768.jpeg\" alt=\"\" class=\"wp-image-12023\" srcset=\"https:\/\/cogop.org\/wp-content\/uploads\/2025\/03\/Brazil-Bahia-5-1024x768.jpeg 1024w, https:\/\/cogop.org\/wp-content\/uploads\/2025\/03\/Brazil-Bahia-5-300x225.jpeg 300w, https:\/\/cogop.org\/wp-content\/uploads\/2025\/03\/Brazil-Bahia-5-768x576.jpeg 768w, https:\/\/cogop.org\/wp-content\/uploads\/2025\/03\/Brazil-Bahia-5.jpeg 1280w\" sizes=\"(max-width: 1024px) 100vw, 1024px\" \/><\/figure>\n\n\n\n<figure class=\"wp-block-image size-large\"><img loading=\"lazy\" decoding=\"async\" width=\"1024\" height=\"460\" data-id=\"12025\" src=\"https:\/\/cogop.org\/wp-content\/uploads\/2025\/03\/Brazil-Bahia-6-1024x460.jpeg\" alt=\"\" class=\"wp-image-12025\" srcset=\"https:\/\/cogop.org\/wp-content\/uploads\/2025\/03\/Brazil-Bahia-6-1024x460.jpeg 1024w, https:\/\/cogop.org\/wp-content\/uploads\/2025\/03\/Brazil-Bahia-6-300x135.jpeg 300w, https:\/\/cogop.org\/wp-content\/uploads\/2025\/03\/Brazil-Bahia-6-768x345.jpeg 768w, https:\/\/cogop.org\/wp-content\/uploads\/2025\/03\/Brazil-Bahia-6.jpeg 1280w\" sizes=\"(max-width: 1024px) 100vw, 1024px\" \/><\/figure>\n\n\n\n<figure class=\"wp-block-image size-large\"><img loading=\"lazy\" decoding=\"async\" width=\"768\" height=\"1024\" data-id=\"12032\" src=\"https:\/\/cogop.org\/wp-content\/uploads\/2025\/03\/Brazil-Bahia-7-768x1024.jpeg\" alt=\"\" class=\"wp-image-12032\" srcset=\"https:\/\/cogop.org\/wp-content\/uploads\/2025\/03\/Brazil-Bahia-7-768x1024.jpeg 768w, https:\/\/cogop.org\/wp-content\/uploads\/2025\/03\/Brazil-Bahia-7-225x300.jpeg 225w, https:\/\/cogop.org\/wp-content\/uploads\/2025\/03\/Brazil-Bahia-7.jpeg 960w\" sizes=\"(max-width: 768px) 100vw, 768px\" \/><\/figure>\n\n\n\n<figure class=\"wp-block-image size-large\"><img loading=\"lazy\" decoding=\"async\" width=\"768\" height=\"1024\" data-id=\"12060\" src=\"https:\/\/cogop.org\/wp-content\/uploads\/2025\/03\/Brazil-Bahia-8-768x1024.jpeg\" alt=\"\" class=\"wp-image-12060\" srcset=\"https:\/\/cogop.org\/wp-content\/uploads\/2025\/03\/Brazil-Bahia-8-768x1024.jpeg 768w, https:\/\/cogop.org\/wp-content\/uploads\/2025\/03\/Brazil-Bahia-8-225x300.jpeg 225w, https:\/\/cogop.org\/wp-content\/uploads\/2025\/03\/Brazil-Bahia-8-1152x1536.jpeg 1152w, https:\/\/cogop.org\/wp-content\/uploads\/2025\/03\/Brazil-Bahia-8-1536x2048.jpeg 1536w, https:\/\/cogop.org\/wp-content\/uploads\/2025\/03\/Brazil-Bahia-8-scaled.jpeg 1920w\" sizes=\"(max-width: 768px) 100vw, 768px\" \/><\/figure>\n\n\n\n<figure class=\"wp-block-image size-large\"><img loading=\"lazy\" decoding=\"async\" width=\"1024\" height=\"768\" data-id=\"12053\" src=\"https:\/\/cogop.org\/wp-content\/uploads\/2025\/03\/Brazil-Ceara-1-1024x768.jpeg\" alt=\"\" class=\"wp-image-12053\" srcset=\"https:\/\/cogop.org\/wp-content\/uploads\/2025\/03\/Brazil-Ceara-1-1024x768.jpeg 1024w, https:\/\/cogop.org\/wp-content\/uploads\/2025\/03\/Brazil-Ceara-1-300x225.jpeg 300w, https:\/\/cogop.org\/wp-content\/uploads\/2025\/03\/Brazil-Ceara-1-768x576.jpeg 768w, https:\/\/cogop.org\/wp-content\/uploads\/2025\/03\/Brazil-Ceara-1-1536x1152.jpeg 1536w, https:\/\/cogop.org\/wp-content\/uploads\/2025\/03\/Brazil-Ceara-1-2048x1536.jpeg 2048w\" sizes=\"(max-width: 1024px) 100vw, 1024px\" \/><\/figure>\n\n\n\n<figure class=\"wp-block-image size-large\"><img loading=\"lazy\" decoding=\"async\" width=\"1024\" height=\"768\" data-id=\"12044\" src=\"https:\/\/cogop.org\/wp-content\/uploads\/2025\/03\/Brazil-Ceara-2-1024x768.jpeg\" alt=\"\" class=\"wp-image-12044\" srcset=\"https:\/\/cogop.org\/wp-content\/uploads\/2025\/03\/Brazil-Ceara-2-1024x768.jpeg 1024w, https:\/\/cogop.org\/wp-content\/uploads\/2025\/03\/Brazil-Ceara-2-300x225.jpeg 300w, https:\/\/cogop.org\/wp-content\/uploads\/2025\/03\/Brazil-Ceara-2-768x576.jpeg 768w, https:\/\/cogop.org\/wp-content\/uploads\/2025\/03\/Brazil-Ceara-2-1536x1152.jpeg 1536w, https:\/\/cogop.org\/wp-content\/uploads\/2025\/03\/Brazil-Ceara-2-2048x1536.jpeg 2048w\" sizes=\"(max-width: 1024px) 100vw, 1024px\" \/><\/figure>\n\n\n\n<figure class=\"wp-block-image size-large\"><img loading=\"lazy\" decoding=\"async\" width=\"1024\" height=\"768\" data-id=\"12038\" src=\"https:\/\/cogop.org\/wp-content\/uploads\/2025\/03\/Brazil-Ceara-3-1024x768.jpeg\" alt=\"\" class=\"wp-image-12038\" srcset=\"https:\/\/cogop.org\/wp-content\/uploads\/2025\/03\/Brazil-Ceara-3-1024x768.jpeg 1024w, https:\/\/cogop.org\/wp-content\/uploads\/2025\/03\/Brazil-Ceara-3-300x225.jpeg 300w, https:\/\/cogop.org\/wp-content\/uploads\/2025\/03\/Brazil-Ceara-3-768x576.jpeg 768w, https:\/\/cogop.org\/wp-content\/uploads\/2025\/03\/Brazil-Ceara-3-1536x1152.jpeg 1536w, https:\/\/cogop.org\/wp-content\/uploads\/2025\/03\/Brazil-Ceara-3-2048x1536.jpeg 2048w\" sizes=\"(max-width: 1024px) 100vw, 1024px\" \/><\/figure>\n\n\n\n<figure class=\"wp-block-image size-large\"><img loading=\"lazy\" decoding=\"async\" width=\"768\" height=\"1024\" data-id=\"12046\" src=\"https:\/\/cogop.org\/wp-content\/uploads\/2025\/03\/Brazil-Ceara-4-768x1024.jpeg\" alt=\"\" class=\"wp-image-12046\" srcset=\"https:\/\/cogop.org\/wp-content\/uploads\/2025\/03\/Brazil-Ceara-4-768x1024.jpeg 768w, https:\/\/cogop.org\/wp-content\/uploads\/2025\/03\/Brazil-Ceara-4-225x300.jpeg 225w, https:\/\/cogop.org\/wp-content\/uploads\/2025\/03\/Brazil-Ceara-4-1152x1536.jpeg 1152w, https:\/\/cogop.org\/wp-content\/uploads\/2025\/03\/Brazil-Ceara-4-1536x2048.jpeg 1536w, https:\/\/cogop.org\/wp-content\/uploads\/2025\/03\/Brazil-Ceara-4-scaled.jpeg 1920w\" sizes=\"(max-width: 768px) 100vw, 768px\" \/><\/figure>\n\n\n\n<figure class=\"wp-block-image size-large\"><img loading=\"lazy\" decoding=\"async\" width=\"768\" height=\"1024\" data-id=\"12050\" src=\"https:\/\/cogop.org\/wp-content\/uploads\/2025\/03\/Brazil-Ceara-5-768x1024.jpeg\" alt=\"\" class=\"wp-image-12050\" srcset=\"https:\/\/cogop.org\/wp-content\/uploads\/2025\/03\/Brazil-Ceara-5-768x1024.jpeg 768w, https:\/\/cogop.org\/wp-content\/uploads\/2025\/03\/Brazil-Ceara-5-225x300.jpeg 225w, https:\/\/cogop.org\/wp-content\/uploads\/2025\/03\/Brazil-Ceara-5-1152x1536.jpeg 1152w, https:\/\/cogop.org\/wp-content\/uploads\/2025\/03\/Brazil-Ceara-5-1536x2048.jpeg 1536w, https:\/\/cogop.org\/wp-content\/uploads\/2025\/03\/Brazil-Ceara-5-scaled.jpeg 1920w\" sizes=\"(max-width: 768px) 100vw, 768px\" \/><\/figure>\n\n\n\n<figure class=\"wp-block-image size-large\"><img loading=\"lazy\" decoding=\"async\" width=\"1024\" height=\"768\" data-id=\"12059\" src=\"https:\/\/cogop.org\/wp-content\/uploads\/2025\/03\/Brazil-Ceara-6-1024x768.jpeg\" alt=\"\" class=\"wp-image-12059\" srcset=\"https:\/\/cogop.org\/wp-content\/uploads\/2025\/03\/Brazil-Ceara-6-1024x768.jpeg 1024w, https:\/\/cogop.org\/wp-content\/uploads\/2025\/03\/Brazil-Ceara-6-300x225.jpeg 300w, https:\/\/cogop.org\/wp-content\/uploads\/2025\/03\/Brazil-Ceara-6-768x576.jpeg 768w, https:\/\/cogop.org\/wp-content\/uploads\/2025\/03\/Brazil-Ceara-6-1536x1152.jpeg 1536w, https:\/\/cogop.org\/wp-content\/uploads\/2025\/03\/Brazil-Ceara-6-2048x1536.jpeg 2048w\" sizes=\"(max-width: 1024px) 100vw, 1024px\" \/><\/figure>\n\n\n\n<figure class=\"wp-block-image size-large\"><img loading=\"lazy\" decoding=\"async\" width=\"1024\" height=\"768\" data-id=\"12054\" src=\"https:\/\/cogop.org\/wp-content\/uploads\/2025\/03\/Brazil-Ceara-7-1024x768.jpeg\" alt=\"\" class=\"wp-image-12054\" srcset=\"https:\/\/cogop.org\/wp-content\/uploads\/2025\/03\/Brazil-Ceara-7-1024x768.jpeg 1024w, https:\/\/cogop.org\/wp-content\/uploads\/2025\/03\/Brazil-Ceara-7-300x225.jpeg 300w, https:\/\/cogop.org\/wp-content\/uploads\/2025\/03\/Brazil-Ceara-7-768x576.jpeg 768w, https:\/\/cogop.org\/wp-content\/uploads\/2025\/03\/Brazil-Ceara-7-1536x1152.jpeg 1536w, https:\/\/cogop.org\/wp-content\/uploads\/2025\/03\/Brazil-Ceara-7-2048x1536.jpeg 2048w\" sizes=\"(max-width: 1024px) 100vw, 1024px\" \/><\/figure>\n\n\n\n<figure class=\"wp-block-image size-large\"><img loading=\"lazy\" decoding=\"async\" width=\"768\" height=\"1024\" data-id=\"12041\" src=\"https:\/\/cogop.org\/wp-content\/uploads\/2025\/03\/Brazil-Ceara-8-768x1024.jpeg\" alt=\"\" class=\"wp-image-12041\" srcset=\"https:\/\/cogop.org\/wp-content\/uploads\/2025\/03\/Brazil-Ceara-8-768x1024.jpeg 768w, https:\/\/cogop.org\/wp-content\/uploads\/2025\/03\/Brazil-Ceara-8-225x300.jpeg 225w, https:\/\/cogop.org\/wp-content\/uploads\/2025\/03\/Brazil-Ceara-8-1152x1536.jpeg 1152w, https:\/\/cogop.org\/wp-content\/uploads\/2025\/03\/Brazil-Ceara-8-1536x2048.jpeg 1536w, https:\/\/cogop.org\/wp-content\/uploads\/2025\/03\/Brazil-Ceara-8-scaled.jpeg 1920w\" sizes=\"(max-width: 768px) 100vw, 768px\" \/><\/figure>\n<\/figure>\n\n<h2 class=\"wp-block-heading\"><strong>Acampamento Nacional de Jovens do Equador<\/strong><\/h2>\n\n<p>Durante o m\u00eas de outubro, o Equador celebrou seu Acampamento Nacional de Jovens com o tema \u201cMais de Ti, Deus; Menos de Mim\u201d. O acampamento contou com a participa\u00e7\u00e3o de 300 jovens adultos e adolescentes. O foco do evento foi permanecermos atentos para que Cristo reine em nossas vidas, conforme mencionado nas palavras registradas em Jo\u00e3o 3:30. Durante o acampamento, foram abordados t\u00f3picos como \u201cDescobrindo minha identidade em Deus\u201d e \u201cVivendo com intencionalidade\u201d. Tamb\u00e9m houve palestras para jovens casais sobre como aplicar o lema do acampamento no casamento. Os participantes do acampamento vivenciaram momentos de profunda conex\u00e3o espiritual e viram a gl\u00f3ria de Deus por meio de adora\u00e7\u00e3o, reflex\u00f5es e din\u00e2micas de grupo. Esse acampamento n\u00e3o apenas fortaleceu a f\u00e9 dos participantes, mas tamb\u00e9m promoveu um esp\u00edrito de comunidade e compromisso entre os participantes.      <\/p>\n\n<p>Agradecemos a Deus por Suas b\u00ean\u00e7\u00e3os e pelo derramamento de Seu Esp\u00edrito, que fez dessa experi\u00eancia um encontro transformador que fortaleceu a f\u00e9 e a comunh\u00e3o entre os participantes.<\/p>\n\n<figure class=\"wp-block-gallery has-nested-images columns-default is-cropped wp-block-gallery-2 is-layout-flex wp-block-gallery-is-layout-flex\">\n<figure class=\"wp-block-image size-large\"><img loading=\"lazy\" decoding=\"async\" width=\"1024\" height=\"683\" data-id=\"12008\" src=\"https:\/\/cogop.org\/wp-content\/uploads\/2025\/03\/Ecuador-1-1024x683.jpg\" alt=\"\" class=\"wp-image-12008\" srcset=\"https:\/\/cogop.org\/wp-content\/uploads\/2025\/03\/Ecuador-1-1024x683.jpg 1024w, https:\/\/cogop.org\/wp-content\/uploads\/2025\/03\/Ecuador-1-300x200.jpg 300w, https:\/\/cogop.org\/wp-content\/uploads\/2025\/03\/Ecuador-1-768x512.jpg 768w, https:\/\/cogop.org\/wp-content\/uploads\/2025\/03\/Ecuador-1-1536x1024.jpg 1536w, https:\/\/cogop.org\/wp-content\/uploads\/2025\/03\/Ecuador-1.jpg 1980w\" sizes=\"(max-width: 1024px) 100vw, 1024px\" \/><\/figure>\n\n\n\n<figure class=\"wp-block-image size-large\"><img loading=\"lazy\" decoding=\"async\" width=\"1024\" height=\"683\" data-id=\"12012\" src=\"https:\/\/cogop.org\/wp-content\/uploads\/2025\/03\/Ecuador-2-1024x683.jpg\" alt=\"\" class=\"wp-image-12012\" srcset=\"https:\/\/cogop.org\/wp-content\/uploads\/2025\/03\/Ecuador-2-1024x683.jpg 1024w, https:\/\/cogop.org\/wp-content\/uploads\/2025\/03\/Ecuador-2-300x200.jpg 300w, https:\/\/cogop.org\/wp-content\/uploads\/2025\/03\/Ecuador-2-768x512.jpg 768w, https:\/\/cogop.org\/wp-content\/uploads\/2025\/03\/Ecuador-2-1536x1024.jpg 1536w, https:\/\/cogop.org\/wp-content\/uploads\/2025\/03\/Ecuador-2.jpg 1980w\" sizes=\"(max-width: 1024px) 100vw, 1024px\" \/><\/figure>\n\n\n\n<figure class=\"wp-block-image size-large\"><img loading=\"lazy\" decoding=\"async\" width=\"1024\" height=\"683\" data-id=\"12014\" src=\"https:\/\/cogop.org\/wp-content\/uploads\/2025\/03\/Ecuador-3-1024x683.jpg\" alt=\"\" class=\"wp-image-12014\" srcset=\"https:\/\/cogop.org\/wp-content\/uploads\/2025\/03\/Ecuador-3-1024x683.jpg 1024w, https:\/\/cogop.org\/wp-content\/uploads\/2025\/03\/Ecuador-3-300x200.jpg 300w, https:\/\/cogop.org\/wp-content\/uploads\/2025\/03\/Ecuador-3-768x512.jpg 768w, https:\/\/cogop.org\/wp-content\/uploads\/2025\/03\/Ecuador-3-1536x1024.jpg 1536w, https:\/\/cogop.org\/wp-content\/uploads\/2025\/03\/Ecuador-3.jpg 1980w\" sizes=\"(max-width: 1024px) 100vw, 1024px\" \/><\/figure>\n\n\n\n<figure class=\"wp-block-image size-large\"><img loading=\"lazy\" decoding=\"async\" width=\"1024\" height=\"845\" data-id=\"12011\" src=\"https:\/\/cogop.org\/wp-content\/uploads\/2025\/03\/Ecuador-4-1024x845.jpg\" alt=\"\" class=\"wp-image-12011\" srcset=\"https:\/\/cogop.org\/wp-content\/uploads\/2025\/03\/Ecuador-4-1024x845.jpg 1024w, https:\/\/cogop.org\/wp-content\/uploads\/2025\/03\/Ecuador-4-300x248.jpg 300w, https:\/\/cogop.org\/wp-content\/uploads\/2025\/03\/Ecuador-4-768x634.jpg 768w, https:\/\/cogop.org\/wp-content\/uploads\/2025\/03\/Ecuador-4.jpg 1134w\" sizes=\"(max-width: 1024px) 100vw, 1024px\" \/><\/figure>\n<\/figure>\n\n<h2 class=\"wp-block-heading\"><strong>Conven\u00e7\u00e3o Nacional do Uruguai<\/strong><\/h2>\n\n<p>Em novembro, convocamos a Conven\u00e7\u00e3o Nacional do Uruguai, marcando a transi\u00e7\u00e3o do Bispo Nacional Sergio Garcia, que serviu por mais de uma d\u00e9cada. Durante a conven\u00e7\u00e3o, o bispo Garcia p\u00f4de passar o manto para o bispo Marco Antonio Benavides. <br\/> <br\/>Para nos despedirmos de nosso estimado bispo Sergio e de sua esposa, Susana Garcia, fizemos um convite a todos os bispos nacionais da Am\u00e9rica do Sul para comparecer, participar e ministrar durante a conven\u00e7\u00e3o. Al\u00e9m disso, quer\u00edamos passar um tempo com a fam\u00edlia Garc\u00eda. <br\/> <br\/>Durante a conven\u00e7\u00e3o, cada bispo nacional teve a oportunidade de ministrar com autoridade \u00e0 nossa igreja no Uruguai e se despediu do bispo Sergio Garcia e sua esposa. Tamb\u00e9m demos oficialmente as boas-vindas ao bispo Marco Antonio Benavides e sua esposa, Marcela. <br\/> <br\/>Estendemos nossas ora\u00e7\u00f5es cont\u00ednuas pelo Bispo Garcia, que atualmente est\u00e1 com a sa\u00fade debilitada. Tamb\u00e9m oramos pela fam\u00edlia Benavides, buscando a orienta\u00e7\u00e3o de Deus para que possam continuar o trabalho transformador em nossa igreja no Uruguai. Por fim, gostar\u00edamos de agradecer sinceramente \u00e0 fam\u00edlia Garcia por seu carinho e amor por todos n\u00f3s.  <\/p>\n\n<h2 class=\"wp-block-heading\"><strong>Conven\u00e7\u00e3o Ministerial Bol\u00edvia 2024<\/strong><\/h2>\n\n<p>Nos dias 3 e 5 de dezembro, aproximadamente 300 pessoas, incluindo bispos, ministros, pastores, diretores nacionais e convidados especiais, reuniram-se em Yacuiba, Bol\u00edvia. A conven\u00e7\u00e3o foi caracterizada por um per\u00edodo de profundo louvor, comunh\u00e3o do Esp\u00edrito Santo e prega\u00e7\u00e3o da Palavra de Deus. <br\/> <br\/>O tema central do evento foi o imperativo de reconciliar o mundo com Cristo. O Plano Operacional Bienal, apresentado pelo supervisor regional, est\u00e1 estruturado em tr\u00eas pontos focais principais:<br\/>&#8211; Evangelismo intencional<br\/>&#8211; Discipulado relacional<br\/>&#8211; Planta\u00e7\u00e3o de igrejas<br\/><br\/>Expressamos nossa gratid\u00e3o a Deus pela oportunidade de testemunhar o progresso tang\u00edvel do trabalho na Bol\u00edvia. <\/p>\n\n<p>Por favor, continue orando pela Bol\u00edvia, pois estamos planejando estabelecer 500 novas igrejas at\u00e9 2030.<\/p>\n\n<figure class=\"wp-block-gallery has-nested-images columns-default is-cropped wp-block-gallery-3 is-layout-flex wp-block-gallery-is-layout-flex\">\n<figure class=\"wp-block-image size-large\"><img loading=\"lazy\" decoding=\"async\" width=\"768\" height=\"1024\" data-id=\"11981\" src=\"https:\/\/cogop.org\/wp-content\/uploads\/2025\/03\/Bolivia-2-768x1024.jpg\" alt=\"\" class=\"wp-image-11981\" srcset=\"https:\/\/cogop.org\/wp-content\/uploads\/2025\/03\/Bolivia-2-768x1024.jpg 768w, https:\/\/cogop.org\/wp-content\/uploads\/2025\/03\/Bolivia-2-225x300.jpg 225w, https:\/\/cogop.org\/wp-content\/uploads\/2025\/03\/Bolivia-2.jpg 936w\" sizes=\"(max-width: 768px) 100vw, 768px\" \/><\/figure>\n\n\n\n<figure class=\"wp-block-image size-large\"><img loading=\"lazy\" decoding=\"async\" width=\"1024\" height=\"308\" data-id=\"11980\" src=\"https:\/\/cogop.org\/wp-content\/uploads\/2025\/03\/Bolivia-1-1024x308.jpg\" alt=\"\" class=\"wp-image-11980\" srcset=\"https:\/\/cogop.org\/wp-content\/uploads\/2025\/03\/Bolivia-1-1024x308.jpg 1024w, https:\/\/cogop.org\/wp-content\/uploads\/2025\/03\/Bolivia-1-300x90.jpg 300w, https:\/\/cogop.org\/wp-content\/uploads\/2025\/03\/Bolivia-1-768x231.jpg 768w, https:\/\/cogop.org\/wp-content\/uploads\/2025\/03\/Bolivia-1.jpg 1398w\" sizes=\"(max-width: 1024px) 100vw, 1024px\" \/><\/figure>\n<\/figure>\n\n<h2 class=\"wp-block-heading\"><strong>Conven\u00e7\u00e3o Nacional de Ministros da Argentina<\/strong><\/h2>\n\n<p>De 5 a 8 de dezembro de 2024, realizamos nossa Conven\u00e7\u00e3o de Ministros no Cine Teatro Espa\u00f1ol, na cidade de Roque Saenz Pe\u00f1a, na prov\u00edncia de Chaco. Nosso tema foi \u201cLideran\u00e7a Servidora\u201d. O Bispo Gabriel Vidal e o Dr. Elias Rodriguez, instrutor do CLB, compartilharam a prega\u00e7\u00e3o e os treinamentos da confer\u00eancia, que foram muito inspiradores e uma grande b\u00ean\u00e7\u00e3o para a lideran\u00e7a na Argentina. A participa\u00e7\u00e3o de 352 pessoas foi composta por pastores e l\u00edderes da Igreja de Deus da Profecia na Argentina. Promovemos os processos de planta\u00e7\u00e3o de igrejas, educa\u00e7\u00e3o teol\u00f3gica, minist\u00e9rio da mulher e minist\u00e9rio intergeracional (crian\u00e7as, adolescentes e jovens). Agradecemos ao Senhor pelo tempo de harmonia e comunh\u00e3o entre a lideran\u00e7a. Iniciamos um novo ano com grandes expectativas do que o Senhor far\u00e1 em nossa na\u00e7\u00e3o.      <\/p>\n\n<figure class=\"wp-block-gallery has-nested-images columns-default is-cropped wp-block-gallery-4 is-layout-flex wp-block-gallery-is-layout-flex\">\n<figure class=\"wp-block-image size-large\"><img loading=\"lazy\" decoding=\"async\" width=\"684\" height=\"1024\" data-id=\"11958\" src=\"https:\/\/cogop.org\/wp-content\/uploads\/2025\/03\/Argentina-1-684x1024.jpg\" alt=\"\" class=\"wp-image-11958\" srcset=\"https:\/\/cogop.org\/wp-content\/uploads\/2025\/03\/Argentina-1-684x1024.jpg 684w, https:\/\/cogop.org\/wp-content\/uploads\/2025\/03\/Argentina-1-200x300.jpg 200w, https:\/\/cogop.org\/wp-content\/uploads\/2025\/03\/Argentina-1-768x1149.jpg 768w, https:\/\/cogop.org\/wp-content\/uploads\/2025\/03\/Argentina-1.jpg 866w\" sizes=\"(max-width: 684px) 100vw, 684px\" \/><\/figure>\n\n\n\n<figure class=\"wp-block-image size-large\"><img loading=\"lazy\" decoding=\"async\" width=\"772\" height=\"1024\" data-id=\"11954\" src=\"https:\/\/cogop.org\/wp-content\/uploads\/2025\/03\/Argentina-2-772x1024.jpg\" alt=\"\" class=\"wp-image-11954\" srcset=\"https:\/\/cogop.org\/wp-content\/uploads\/2025\/03\/Argentina-2-772x1024.jpg 772w, https:\/\/cogop.org\/wp-content\/uploads\/2025\/03\/Argentina-2-226x300.jpg 226w, https:\/\/cogop.org\/wp-content\/uploads\/2025\/03\/Argentina-2-768x1019.jpg 768w, https:\/\/cogop.org\/wp-content\/uploads\/2025\/03\/Argentina-2.jpg 888w\" sizes=\"(max-width: 772px) 100vw, 772px\" \/><\/figure>\n\n\n\n<figure class=\"wp-block-image size-large\"><img loading=\"lazy\" decoding=\"async\" width=\"733\" height=\"1024\" data-id=\"11963\" src=\"https:\/\/cogop.org\/wp-content\/uploads\/2025\/03\/Argentina-3-733x1024.jpg\" alt=\"\" class=\"wp-image-11963\" srcset=\"https:\/\/cogop.org\/wp-content\/uploads\/2025\/03\/Argentina-3-733x1024.jpg 733w, https:\/\/cogop.org\/wp-content\/uploads\/2025\/03\/Argentina-3-215x300.jpg 215w, https:\/\/cogop.org\/wp-content\/uploads\/2025\/03\/Argentina-3-768x1073.jpg 768w, https:\/\/cogop.org\/wp-content\/uploads\/2025\/03\/Argentina-3.jpg 890w\" sizes=\"(max-width: 733px) 100vw, 733px\" \/><\/figure>\n\n\n\n<figure class=\"wp-block-image size-large\"><img loading=\"lazy\" decoding=\"async\" width=\"731\" height=\"1024\" data-id=\"11965\" src=\"https:\/\/cogop.org\/wp-content\/uploads\/2025\/03\/Argentina-4-731x1024.jpg\" alt=\"\" class=\"wp-image-11965\" srcset=\"https:\/\/cogop.org\/wp-content\/uploads\/2025\/03\/Argentina-4-731x1024.jpg 731w, https:\/\/cogop.org\/wp-content\/uploads\/2025\/03\/Argentina-4-214x300.jpg 214w, https:\/\/cogop.org\/wp-content\/uploads\/2025\/03\/Argentina-4-768x1075.jpg 768w, https:\/\/cogop.org\/wp-content\/uploads\/2025\/03\/Argentina-4.jpg 890w\" sizes=\"(max-width: 731px) 100vw, 731px\" \/><\/figure>\n\n\n\n<figure class=\"wp-block-image size-large\"><img loading=\"lazy\" decoding=\"async\" width=\"1024\" height=\"684\" data-id=\"11969\" src=\"https:\/\/cogop.org\/wp-content\/uploads\/2025\/03\/Argentina-5-1024x684.jpg\" alt=\"\" class=\"wp-image-11969\" srcset=\"https:\/\/cogop.org\/wp-content\/uploads\/2025\/03\/Argentina-5-1024x684.jpg 1024w, https:\/\/cogop.org\/wp-content\/uploads\/2025\/03\/Argentina-5-300x200.jpg 300w, https:\/\/cogop.org\/wp-content\/uploads\/2025\/03\/Argentina-5-768x513.jpg 768w, https:\/\/cogop.org\/wp-content\/uploads\/2025\/03\/Argentina-5.jpg 1296w\" sizes=\"(max-width: 1024px) 100vw, 1024px\" \/><\/figure>\n\n\n\n<figure class=\"wp-block-image size-large\"><img loading=\"lazy\" decoding=\"async\" width=\"1024\" height=\"684\" data-id=\"11957\" src=\"https:\/\/cogop.org\/wp-content\/uploads\/2025\/03\/Argentina-6-1024x684.jpg\" alt=\"\" class=\"wp-image-11957\" srcset=\"https:\/\/cogop.org\/wp-content\/uploads\/2025\/03\/Argentina-6-1024x684.jpg 1024w, https:\/\/cogop.org\/wp-content\/uploads\/2025\/03\/Argentina-6-300x200.jpg 300w, https:\/\/cogop.org\/wp-content\/uploads\/2025\/03\/Argentina-6-768x513.jpg 768w, https:\/\/cogop.org\/wp-content\/uploads\/2025\/03\/Argentina-6.jpg 1296w\" sizes=\"(max-width: 1024px) 100vw, 1024px\" \/><\/figure>\n\n\n\n<figure class=\"wp-block-image size-large\"><img loading=\"lazy\" decoding=\"async\" width=\"1024\" height=\"683\" data-id=\"11972\" src=\"https:\/\/cogop.org\/wp-content\/uploads\/2025\/03\/Argentina-8-1024x683.jpg\" alt=\"\" class=\"wp-image-11972\" srcset=\"https:\/\/cogop.org\/wp-content\/uploads\/2025\/03\/Argentina-8-1024x683.jpg 1024w, https:\/\/cogop.org\/wp-content\/uploads\/2025\/03\/Argentina-8-300x200.jpg 300w, https:\/\/cogop.org\/wp-content\/uploads\/2025\/03\/Argentina-8-768x512.jpg 768w, https:\/\/cogop.org\/wp-content\/uploads\/2025\/03\/Argentina-8.jpg 1296w\" sizes=\"(max-width: 1024px) 100vw, 1024px\" \/><\/figure>\n<\/figure>\n","protected":false},"excerpt":{"rendered":"<p>Conhe\u00e7a os esfor\u00e7os mission\u00e1rios da Am\u00e9rica do Sul &#8211; crescimento de igrejas, conven\u00e7\u00f5es, minist\u00e9rio de jovens e evangelismo &#8211; promovendo a miss\u00e3o do evangelho da Igreja de Deus da Profecia.<\/p>\n","protected":false},"author":4,"featured_media":25482,"comment_status":"open","ping_status":"open","sticky":false,"template":"","format":"standard","meta":{"_acf_changed":false,"_monsterinsights_skip_tracking":false,"_monsterinsights_sitenote_active":false,"_monsterinsights_sitenote_note":"","_monsterinsights_sitenote_category":0,"_uf_show_specific_survey":0,"_uf_disable_surveys":false,"footnotes":""},"categories":[338],"tags":[],"class_list":["post-25480","post","type-post","status-publish","format-standard","has-post-thumbnail","hentry","category-uncategorized-pt"],"acf":[],"yoast_head":"<!-- This site is optimized with the Yoast SEO plugin v27.4 - https:\/\/yoast.com\/product\/yoast-seo-wordpress\/ -->\n<title>Impacto da miss\u00e3o na Am\u00e9rica do Sul: Crescimento, discipulado e planta\u00e7\u00e3o de igrejas | COGOP<\/title>\n<meta name=\"robots\" content=\"index, follow, max-snippet:-1, max-image-preview:large, max-video-preview:-1\" \/>\n<link rel=\"canonical\" href=\"https:\/\/cogop.org\/pt\/impacto-da-missao-na-america-do-sul-crescimento-discipulado-e-plantacao-de-igrejas\/\" \/>\n<meta property=\"og:locale\" content=\"pt_PT\" \/>\n<meta property=\"og:type\" content=\"article\" \/>\n<meta property=\"og:title\" content=\"Impacto da miss\u00e3o na Am\u00e9rica do Sul: Crescimento, discipulado e planta\u00e7\u00e3o de igrejas | COGOP\" \/>\n<meta property=\"og:description\" content=\"Conhe\u00e7a os esfor\u00e7os mission\u00e1rios da Am\u00e9rica do Sul - crescimento de igrejas, conven\u00e7\u00f5es, minist\u00e9rio de jovens e evangelismo - promovendo a miss\u00e3o do evangelho da Igreja de Deus da Profecia.\" \/>\n<meta property=\"og:url\" content=\"https:\/\/cogop.org\/pt\/impacto-da-missao-na-america-do-sul-crescimento-discipulado-e-plantacao-de-igrejas\/\" \/>\n<meta property=\"og:site_name\" content=\"COGOP\" \/>\n<meta property=\"article:publisher\" content=\"https:\/\/www.facebook.com\/cogop\" \/>\n<meta property=\"article:published_time\" content=\"2025-03-11T19:25:11+00:00\" \/>\n<meta property=\"article:modified_time\" content=\"2025-07-01T16:58:46+00:00\" \/>\n<meta property=\"og:image\" content=\"https:\/\/cogop.org\/wp-content\/uploads\/2025\/03\/Brazil-Bahia-5.jpeg\" \/>\n\t<meta property=\"og:image:width\" content=\"1280\" \/>\n\t<meta property=\"og:image:height\" content=\"960\" \/>\n\t<meta property=\"og:image:type\" content=\"image\/jpeg\" \/>\n<meta name=\"author\" content=\"Shaun McKinley\" \/>\n<meta name=\"twitter:card\" content=\"summary_large_image\" \/>\n<meta name=\"twitter:creator\" content=\"@cogop\" \/>\n<meta name=\"twitter:site\" content=\"@cogop\" \/>\n<meta name=\"twitter:label1\" content=\"Written by\" \/>\n\t<meta name=\"twitter:data1\" content=\"Shaun McKinley\" \/>\n\t<meta name=\"twitter:label2\" content=\"Est. reading time\" \/>\n\t<meta name=\"twitter:data2\" content=\"6 minutos\" \/>\n<script type=\"application\/ld+json\" class=\"yoast-schema-graph\">{\"@context\":\"https:\\\/\\\/schema.org\",\"@graph\":[{\"@type\":\"Article\",\"@id\":\"https:\\\/\\\/cogop.org\\\/pt\\\/impacto-da-missao-na-america-do-sul-crescimento-discipulado-e-plantacao-de-igrejas\\\/#article\",\"isPartOf\":{\"@id\":\"https:\\\/\\\/cogop.org\\\/pt\\\/impacto-da-missao-na-america-do-sul-crescimento-discipulado-e-plantacao-de-igrejas\\\/\"},\"author\":{\"name\":\"Shaun McKinley\",\"@id\":\"https:\\\/\\\/cogop.org\\\/#\\\/schema\\\/person\\\/4906c522c140e1fd84e28e3c17b3588d\"},\"headline\":\"Impacto da miss\u00e3o na Am\u00e9rica do Sul: Crescimento, discipulado e planta\u00e7\u00e3o de igrejas\",\"datePublished\":\"2025-03-11T19:25:11+00:00\",\"dateModified\":\"2025-07-01T16:58:46+00:00\",\"mainEntityOfPage\":{\"@id\":\"https:\\\/\\\/cogop.org\\\/pt\\\/impacto-da-missao-na-america-do-sul-crescimento-discipulado-e-plantacao-de-igrejas\\\/\"},\"wordCount\":1251,\"commentCount\":0,\"publisher\":{\"@id\":\"https:\\\/\\\/cogop.org\\\/#organization\"},\"image\":{\"@id\":\"https:\\\/\\\/cogop.org\\\/pt\\\/impacto-da-missao-na-america-do-sul-crescimento-discipulado-e-plantacao-de-igrejas\\\/#primaryimage\"},\"thumbnailUrl\":\"https:\\\/\\\/cogop.org\\\/wp-content\\\/uploads\\\/2025\\\/03\\\/Brazil-Bahia-5.jpeg\",\"articleSection\":[\"Uncategorized @pt\"],\"inLanguage\":\"pt-AO\",\"potentialAction\":[{\"@type\":\"CommentAction\",\"name\":\"Comment\",\"target\":[\"https:\\\/\\\/cogop.org\\\/pt\\\/impacto-da-missao-na-america-do-sul-crescimento-discipulado-e-plantacao-de-igrejas\\\/#respond\"]}]},{\"@type\":\"WebPage\",\"@id\":\"https:\\\/\\\/cogop.org\\\/pt\\\/impacto-da-missao-na-america-do-sul-crescimento-discipulado-e-plantacao-de-igrejas\\\/\",\"url\":\"https:\\\/\\\/cogop.org\\\/pt\\\/impacto-da-missao-na-america-do-sul-crescimento-discipulado-e-plantacao-de-igrejas\\\/\",\"name\":\"Impacto da miss\u00e3o na Am\u00e9rica do Sul: Crescimento, discipulado e planta\u00e7\u00e3o de igrejas | COGOP\",\"isPartOf\":{\"@id\":\"https:\\\/\\\/cogop.org\\\/#website\"},\"primaryImageOfPage\":{\"@id\":\"https:\\\/\\\/cogop.org\\\/pt\\\/impacto-da-missao-na-america-do-sul-crescimento-discipulado-e-plantacao-de-igrejas\\\/#primaryimage\"},\"image\":{\"@id\":\"https:\\\/\\\/cogop.org\\\/pt\\\/impacto-da-missao-na-america-do-sul-crescimento-discipulado-e-plantacao-de-igrejas\\\/#primaryimage\"},\"thumbnailUrl\":\"https:\\\/\\\/cogop.org\\\/wp-content\\\/uploads\\\/2025\\\/03\\\/Brazil-Bahia-5.jpeg\",\"datePublished\":\"2025-03-11T19:25:11+00:00\",\"dateModified\":\"2025-07-01T16:58:46+00:00\",\"inLanguage\":\"pt-AO\",\"potentialAction\":[{\"@type\":\"ReadAction\",\"target\":[\"https:\\\/\\\/cogop.org\\\/pt\\\/impacto-da-missao-na-america-do-sul-crescimento-discipulado-e-plantacao-de-igrejas\\\/\"]}]},{\"@type\":\"ImageObject\",\"inLanguage\":\"pt-AO\",\"@id\":\"https:\\\/\\\/cogop.org\\\/pt\\\/impacto-da-missao-na-america-do-sul-crescimento-discipulado-e-plantacao-de-igrejas\\\/#primaryimage\",\"url\":\"https:\\\/\\\/cogop.org\\\/wp-content\\\/uploads\\\/2025\\\/03\\\/Brazil-Bahia-5.jpeg\",\"contentUrl\":\"https:\\\/\\\/cogop.org\\\/wp-content\\\/uploads\\\/2025\\\/03\\\/Brazil-Bahia-5.jpeg\",\"width\":1280,\"height\":960},{\"@type\":\"BreadcrumbList\",\"@id\":\"https:\\\/\\\/cogop.org\\\/pt\\\/impacto-da-missao-na-america-do-sul-crescimento-discipulado-e-plantacao-de-igrejas\\\/#breadcrumb\",\"itemListElement\":[{\"@type\":\"ListItem\",\"position\":1,\"name\":\"Home\",\"item\":\"https:\\\/\\\/cogop.org\\\/\"},{\"@type\":\"ListItem\",\"position\":2,\"name\":\"Impacto da miss\u00e3o na Am\u00e9rica do Sul: Crescimento, discipulado e planta\u00e7\u00e3o de igrejas\"}]},{\"@type\":\"WebSite\",\"@id\":\"https:\\\/\\\/cogop.org\\\/#website\",\"url\":\"https:\\\/\\\/cogop.org\\\/\",\"name\":\"Church of God of Prophecy\",\"description\":\"Reconciling the World to Christ\",\"publisher\":{\"@id\":\"https:\\\/\\\/cogop.org\\\/#organization\"},\"alternateName\":\"COGOP\",\"potentialAction\":[{\"@type\":\"SearchAction\",\"target\":{\"@type\":\"EntryPoint\",\"urlTemplate\":\"https:\\\/\\\/cogop.org\\\/?s={search_term_string}\"},\"query-input\":{\"@type\":\"PropertyValueSpecification\",\"valueRequired\":true,\"valueName\":\"search_term_string\"}}],\"inLanguage\":\"pt-AO\"},{\"@type\":\"Organization\",\"@id\":\"https:\\\/\\\/cogop.org\\\/#organization\",\"name\":\"Church of God of Prophecy\",\"alternateName\":\"COGOP\",\"url\":\"https:\\\/\\\/cogop.org\\\/\",\"logo\":{\"@type\":\"ImageObject\",\"inLanguage\":\"pt-AO\",\"@id\":\"https:\\\/\\\/cogop.org\\\/#\\\/schema\\\/logo\\\/image\\\/\",\"url\":\"https:\\\/\\\/cogop.org\\\/wp-content\\\/uploads\\\/2025\\\/01\\\/logo-cogop.webp\",\"contentUrl\":\"https:\\\/\\\/cogop.org\\\/wp-content\\\/uploads\\\/2025\\\/01\\\/logo-cogop.webp\",\"width\":500,\"height\":118,\"caption\":\"Church of God of Prophecy\"},\"image\":{\"@id\":\"https:\\\/\\\/cogop.org\\\/#\\\/schema\\\/logo\\\/image\\\/\"},\"sameAs\":[\"https:\\\/\\\/www.facebook.com\\\/cogop\",\"https:\\\/\\\/x.com\\\/cogop\",\"https:\\\/\\\/www.instagram.com\\\/cogoppics\\\/\",\"https:\\\/\\\/www.youtube.com\\\/@COGOPMedia\",\"https:\\\/\\\/open.spotify.com\\\/user\\\/g1d13yyaprw0wrr2woer8edyp?si=a32b364b555f4d4d\"]},{\"@type\":\"Person\",\"@id\":\"https:\\\/\\\/cogop.org\\\/#\\\/schema\\\/person\\\/4906c522c140e1fd84e28e3c17b3588d\",\"name\":\"Shaun McKinley\",\"image\":{\"@type\":\"ImageObject\",\"inLanguage\":\"pt-AO\",\"@id\":\"https:\\\/\\\/secure.gravatar.com\\\/avatar\\\/21e42617539b19957212750bc94d5e389cd3e64619510914f40b27e32d375e99?s=96&d=mm&r=g\",\"url\":\"https:\\\/\\\/secure.gravatar.com\\\/avatar\\\/21e42617539b19957212750bc94d5e389cd3e64619510914f40b27e32d375e99?s=96&d=mm&r=g\",\"contentUrl\":\"https:\\\/\\\/secure.gravatar.com\\\/avatar\\\/21e42617539b19957212750bc94d5e389cd3e64619510914f40b27e32d375e99?s=96&d=mm&r=g\",\"caption\":\"Shaun McKinley\"}}]}<\/script>\n<!-- \/ Yoast SEO plugin. -->","yoast_head_json":{"title":"Impacto da miss\u00e3o na Am\u00e9rica do Sul: Crescimento, discipulado e planta\u00e7\u00e3o de igrejas | COGOP","robots":{"index":"index","follow":"follow","max-snippet":"max-snippet:-1","max-image-preview":"max-image-preview:large","max-video-preview":"max-video-preview:-1"},"canonical":"https:\/\/cogop.org\/pt\/impacto-da-missao-na-america-do-sul-crescimento-discipulado-e-plantacao-de-igrejas\/","og_locale":"pt_PT","og_type":"article","og_title":"Impacto da miss\u00e3o na Am\u00e9rica do Sul: Crescimento, discipulado e planta\u00e7\u00e3o de igrejas | COGOP","og_description":"Conhe\u00e7a os esfor\u00e7os mission\u00e1rios da Am\u00e9rica do Sul - crescimento de igrejas, conven\u00e7\u00f5es, minist\u00e9rio de jovens e evangelismo - promovendo a miss\u00e3o do evangelho da Igreja de Deus da Profecia.","og_url":"https:\/\/cogop.org\/pt\/impacto-da-missao-na-america-do-sul-crescimento-discipulado-e-plantacao-de-igrejas\/","og_site_name":"COGOP","article_publisher":"https:\/\/www.facebook.com\/cogop","article_published_time":"2025-03-11T19:25:11+00:00","article_modified_time":"2025-07-01T16:58:46+00:00","og_image":[{"width":1280,"height":960,"url":"https:\/\/cogop.org\/wp-content\/uploads\/2025\/03\/Brazil-Bahia-5.jpeg","type":"image\/jpeg"}],"author":"Shaun McKinley","twitter_card":"summary_large_image","twitter_creator":"@cogop","twitter_site":"@cogop","twitter_misc":{"Written by":"Shaun McKinley","Est. reading time":"6 minutos"},"schema":{"@context":"https:\/\/schema.org","@graph":[{"@type":"Article","@id":"https:\/\/cogop.org\/pt\/impacto-da-missao-na-america-do-sul-crescimento-discipulado-e-plantacao-de-igrejas\/#article","isPartOf":{"@id":"https:\/\/cogop.org\/pt\/impacto-da-missao-na-america-do-sul-crescimento-discipulado-e-plantacao-de-igrejas\/"},"author":{"name":"Shaun McKinley","@id":"https:\/\/cogop.org\/#\/schema\/person\/4906c522c140e1fd84e28e3c17b3588d"},"headline":"Impacto da miss\u00e3o na Am\u00e9rica do Sul: Crescimento, discipulado e planta\u00e7\u00e3o de igrejas","datePublished":"2025-03-11T19:25:11+00:00","dateModified":"2025-07-01T16:58:46+00:00","mainEntityOfPage":{"@id":"https:\/\/cogop.org\/pt\/impacto-da-missao-na-america-do-sul-crescimento-discipulado-e-plantacao-de-igrejas\/"},"wordCount":1251,"commentCount":0,"publisher":{"@id":"https:\/\/cogop.org\/#organization"},"image":{"@id":"https:\/\/cogop.org\/pt\/impacto-da-missao-na-america-do-sul-crescimento-discipulado-e-plantacao-de-igrejas\/#primaryimage"},"thumbnailUrl":"https:\/\/cogop.org\/wp-content\/uploads\/2025\/03\/Brazil-Bahia-5.jpeg","articleSection":["Uncategorized @pt"],"inLanguage":"pt-AO","potentialAction":[{"@type":"CommentAction","name":"Comment","target":["https:\/\/cogop.org\/pt\/impacto-da-missao-na-america-do-sul-crescimento-discipulado-e-plantacao-de-igrejas\/#respond"]}]},{"@type":"WebPage","@id":"https:\/\/cogop.org\/pt\/impacto-da-missao-na-america-do-sul-crescimento-discipulado-e-plantacao-de-igrejas\/","url":"https:\/\/cogop.org\/pt\/impacto-da-missao-na-america-do-sul-crescimento-discipulado-e-plantacao-de-igrejas\/","name":"Impacto da miss\u00e3o na Am\u00e9rica do Sul: Crescimento, discipulado e planta\u00e7\u00e3o de igrejas | COGOP","isPartOf":{"@id":"https:\/\/cogop.org\/#website"},"primaryImageOfPage":{"@id":"https:\/\/cogop.org\/pt\/impacto-da-missao-na-america-do-sul-crescimento-discipulado-e-plantacao-de-igrejas\/#primaryimage"},"image":{"@id":"https:\/\/cogop.org\/pt\/impacto-da-missao-na-america-do-sul-crescimento-discipulado-e-plantacao-de-igrejas\/#primaryimage"},"thumbnailUrl":"https:\/\/cogop.org\/wp-content\/uploads\/2025\/03\/Brazil-Bahia-5.jpeg","datePublished":"2025-03-11T19:25:11+00:00","dateModified":"2025-07-01T16:58:46+00:00","inLanguage":"pt-AO","potentialAction":[{"@type":"ReadAction","target":["https:\/\/cogop.org\/pt\/impacto-da-missao-na-america-do-sul-crescimento-discipulado-e-plantacao-de-igrejas\/"]}]},{"@type":"ImageObject","inLanguage":"pt-AO","@id":"https:\/\/cogop.org\/pt\/impacto-da-missao-na-america-do-sul-crescimento-discipulado-e-plantacao-de-igrejas\/#primaryimage","url":"https:\/\/cogop.org\/wp-content\/uploads\/2025\/03\/Brazil-Bahia-5.jpeg","contentUrl":"https:\/\/cogop.org\/wp-content\/uploads\/2025\/03\/Brazil-Bahia-5.jpeg","width":1280,"height":960},{"@type":"BreadcrumbList","@id":"https:\/\/cogop.org\/pt\/impacto-da-missao-na-america-do-sul-crescimento-discipulado-e-plantacao-de-igrejas\/#breadcrumb","itemListElement":[{"@type":"ListItem","position":1,"name":"Home","item":"https:\/\/cogop.org\/"},{"@type":"ListItem","position":2,"name":"Impacto da miss\u00e3o na Am\u00e9rica do Sul: Crescimento, discipulado e planta\u00e7\u00e3o de igrejas"}]},{"@type":"WebSite","@id":"https:\/\/cogop.org\/#website","url":"https:\/\/cogop.org\/","name":"Church of God of Prophecy","description":"Reconciling the World to Christ","publisher":{"@id":"https:\/\/cogop.org\/#organization"},"alternateName":"COGOP","potentialAction":[{"@type":"SearchAction","target":{"@type":"EntryPoint","urlTemplate":"https:\/\/cogop.org\/?s={search_term_string}"},"query-input":{"@type":"PropertyValueSpecification","valueRequired":true,"valueName":"search_term_string"}}],"inLanguage":"pt-AO"},{"@type":"Organization","@id":"https:\/\/cogop.org\/#organization","name":"Church of God of Prophecy","alternateName":"COGOP","url":"https:\/\/cogop.org\/","logo":{"@type":"ImageObject","inLanguage":"pt-AO","@id":"https:\/\/cogop.org\/#\/schema\/logo\/image\/","url":"https:\/\/cogop.org\/wp-content\/uploads\/2025\/01\/logo-cogop.webp","contentUrl":"https:\/\/cogop.org\/wp-content\/uploads\/2025\/01\/logo-cogop.webp","width":500,"height":118,"caption":"Church of God of Prophecy"},"image":{"@id":"https:\/\/cogop.org\/#\/schema\/logo\/image\/"},"sameAs":["https:\/\/www.facebook.com\/cogop","https:\/\/x.com\/cogop","https:\/\/www.instagram.com\/cogoppics\/","https:\/\/www.youtube.com\/@COGOPMedia","https:\/\/open.spotify.com\/user\/g1d13yyaprw0wrr2woer8edyp?si=a32b364b555f4d4d"]},{"@type":"Person","@id":"https:\/\/cogop.org\/#\/schema\/person\/4906c522c140e1fd84e28e3c17b3588d","name":"Shaun McKinley","image":{"@type":"ImageObject","inLanguage":"pt-AO","@id":"https:\/\/secure.gravatar.com\/avatar\/21e42617539b19957212750bc94d5e389cd3e64619510914f40b27e32d375e99?s=96&d=mm&r=g","url":"https:\/\/secure.gravatar.com\/avatar\/21e42617539b19957212750bc94d5e389cd3e64619510914f40b27e32d375e99?s=96&d=mm&r=g","contentUrl":"https:\/\/secure.gravatar.com\/avatar\/21e42617539b19957212750bc94d5e389cd3e64619510914f40b27e32d375e99?s=96&d=mm&r=g","caption":"Shaun McKinley"}}]}},"_links":{"self":[{"href":"https:\/\/cogop.org\/pt\/wp-json\/wp\/v2\/posts\/25480","targetHints":{"allow":["GET"]}}],"collection":[{"href":"https:\/\/cogop.org\/pt\/wp-json\/wp\/v2\/posts"}],"about":[{"href":"https:\/\/cogop.org\/pt\/wp-json\/wp\/v2\/types\/post"}],"author":[{"embeddable":true,"href":"https:\/\/cogop.org\/pt\/wp-json\/wp\/v2\/users\/4"}],"replies":[{"embeddable":true,"href":"https:\/\/cogop.org\/pt\/wp-json\/wp\/v2\/comments?post=25480"}],"version-history":[{"count":1,"href":"https:\/\/cogop.org\/pt\/wp-json\/wp\/v2\/posts\/25480\/revisions"}],"predecessor-version":[{"id":25572,"href":"https:\/\/cogop.org\/pt\/wp-json\/wp\/v2\/posts\/25480\/revisions\/25572"}],"wp:featuredmedia":[{"embeddable":true,"href":"https:\/\/cogop.org\/pt\/wp-json\/wp\/v2\/media\/25482"}],"wp:attachment":[{"href":"https:\/\/cogop.org\/pt\/wp-json\/wp\/v2\/media?parent=25480"}],"wp:term":[{"taxonomy":"category","embeddable":true,"href":"https:\/\/cogop.org\/pt\/wp-json\/wp\/v2\/categories?post=25480"},{"taxonomy":"post_tag","embeddable":true,"href":"https:\/\/cogop.org\/pt\/wp-json\/wp\/v2\/tags?post=25480"}],"curies":[{"name":"wp","href":"https:\/\/api.w.org\/{rel}","templated":true}]}}