{"id":25449,"date":"2025-04-01T08:21:00","date_gmt":"2025-04-01T08:21:00","guid":{"rendered":"https:\/\/cogop.org\/the-wounded-healer-o-curador-ferido-navegando-pelos-desafios-da-saude-mental-no-ministerio-parte-1\/"},"modified":"2025-07-01T16:58:19","modified_gmt":"2025-07-01T16:58:19","slug":"the-wounded-healer-o-curador-ferido-navegando-pelos-desafios-da-saude-mental-no-ministerio-parte-1","status":"publish","type":"post","link":"https:\/\/cogop.org\/pt\/the-wounded-healer-o-curador-ferido-navegando-pelos-desafios-da-saude-mental-no-ministerio-parte-1\/","title":{"rendered":"The Wounded Healer (O Curador Ferido): Navegando pelos Desafios da Sa\u00fade Mental no Minist\u00e9rio (Parte 1)"},"content":{"rendered":"\n<p>O chamado para o minist\u00e9rio continua sendo uma das maiores honras e uma das tarefas mais desafiadoras que algu\u00e9m pode receber. Para muitos, n\u00e3o \u00e9 apenas um trabalho, mas uma voca\u00e7\u00e3o para toda a vida que molda nossa identidade, valores e relacionamentos. Os ministros, especialmente os pastores, geralmente passam horas acordados meditando e buscando maneiras de ajudar aqueles a quem servem. As fun\u00e7\u00f5es e responsabilidades do minist\u00e9rio pastoral s\u00e3o \u00fanicas e integrais, exigindo que estejamos presentes na vida das pessoas a quem servimos durante toda a sua vida.   <\/p>\n\n<p>O trabalho pastoral consiste em dedicar beb\u00eas, batizar novos convertidos, realizar cultos f\u00fanebres, negociar contratos, administrar or\u00e7amentos limitados, supervisionar um ex\u00e9rcito de volunt\u00e1rios e, se formos aben\u00e7oados, administrar tamb\u00e9m alguns funcion\u00e1rios remunerados. Al\u00e9m disso, preparamos e pregamos in\u00fameros serm\u00f5es, estudamos as Escrituras para o ensino di\u00e1rio e tamb\u00e9m atuamos como carpinteiros e encanadores quando algo quebra na igreja. De muitas maneiras, espera-se que o pastor seja um especialista em todas as coisas. Essas v\u00e1rias responsabilidades podem ser esmagadoras, mas, no final das contas, lembramos a n\u00f3s mesmos que &#8220;tudo isso faz parte do nosso trabalho&#8221;, inclusive nossa fam\u00edlia, que tamb\u00e9m pode estar lidando com seus pr\u00f3prios desafios e precisa de nossa aten\u00e7\u00e3o.    <\/p>\n\n<p>Henri Nouwen, em seu livro cl\u00e1ssico <em>The Wounded Healer<\/em> (O Curador Ferido), diz que n\u00e3o podemos &#8220;eliminar o sofrimento sem ter passado por ele&#8221;. H\u00e1 muita verdade nessa afirma\u00e7\u00e3o, e ela tamb\u00e9m levanta quest\u00f5es importantes sobre o sofrimento que os pastores experimentam ao lidar com a dor dos outros. O cuidado pastoral envolve ter de conhecer as lutas e os traumas dos congregados, o que afeta o bem-estar mental e emocional dos ministros. Ao conversar com outros cl\u00ednicos, executivos, educadores e administradores que apoiam pessoas afetadas por traumas, h\u00e1 uma preocupa\u00e7\u00e3o crescente com os efeitos duradouros na mente, no corpo e no esp\u00edrito daqueles que cuidam de pessoas com experi\u00eancias traum\u00e1ticas.   <\/p>\n\n<p>A s\u00edndrome de <em>burnout <\/em>[esgotamento] profissional \u00e9 caracterizada por um esgotamento de energia, geralmente acompanhado de exaust\u00e3o f\u00edsica e psicol\u00f3gica. Os pastores que est\u00e3o sofrendo dessa s\u00edndrome podem ter vergonha de procurar ajuda por medo de serem acusados de falta de espiritualidade, de for\u00e7a ou de ora\u00e7\u00e3o. Pior ainda, eles podem ter medo de serem tachados de ap\u00f3statas.A imagem p\u00fablica de \u201ctudo est\u00e1 bem\u201d esconde a profunda ang\u00fastia que os pastores podem estar sofrendo, contribuindo para o que o Cirurgi\u00e3o Geral (dos EUA) chama de epidemia de solid\u00e3o e isolamento.   <\/p>\n\n<p>Essa solid\u00e3o pode ser agravada pelas expectativas colocadas sobre os pastores de sempre manterem uma apar\u00eancia de auto-controle e compostura. Somos vistos como l\u00edderes espirituais que devem ter todas as respostas, o que leva a sentimentos de isolamento quando enfrentamos nossas pr\u00f3prias dificuldades. Muitos pastores acham que n\u00e3o podem compartilhar suas vulnerabilidades, o que leva a uma press\u00e3o internalizada que s\u00f3 agrava sua ang\u00fastia. Esse isolamento pode levar a uma espiral descendente, dificultando ainda mais a busca de apoio. Quando os pastores experimentam a solid\u00e3o e o isolamento, muitas vezes enfrentam a falta de produtividade, incluindo a perda da imagina\u00e7\u00e3o para pregar serm\u00f5es impactantes e ministrar li\u00e7\u00f5es relevantes que mudam a vida das pessoas. Os pastores que lutam contra a sa\u00fade mental invariavelmente n\u00e3o s\u00f3 deixam de viver de acordo com sua un\u00e7\u00e3o, mas tamb\u00e9m n\u00e3o conseguem dar o melhor de si.     <\/p>\n\n<p>Outro termo igualmente relevante, por\u00e9m menos conhecido que o burnout, \u00e9 a <em>fadiga por compaix\u00e3o<\/em>. Isso ocorre quando aqueles que t\u00eam a tarefa de ajudar os outros ficam emocionalmente exaustos devido ao peso do sofrimento alheio. Talvez tenha sido essa a experi\u00eancia de Jesus, conforme registrado no Evangelho de Mateus (9:36): \u201cE, vendo a multid\u00e3o, teve grande compaix\u00e3o deles, porque andavam desgarrados e errantes como ovelhas que n\u00e3o t\u00eam pastor\u201d. Ele tamb\u00e9m chorou por Jerusal\u00e9m ao considerar o sofrimento que eles enfrentariam.   <\/p>\n\n<p>A fadiga por compaix\u00e3o transcende a empatia; \u00e9 mais profunda do que a simpatia. No trabalho com traumas, n\u00f3s nos referimos a ela como <em>acoplamento neural<\/em>. A ci\u00eancia emergente sugere que o c\u00e9rebro do cuidador muitas vezes se esfor\u00e7a para distinguir entre suas pr\u00f3prias experi\u00eancias e as da pessoa que est\u00e1 recebendo cuidados. Essa conex\u00e3o significa que os fardos emocionais dos outros podem pesar muito sobre o cuidador, provocando sentimentos de impot\u00eancia e desespero.   <\/p>\n\n<p>Para aqueles que acreditam que s\u00e3o imunes ao esgotamento profissional, \u00e0 fadiga por compaix\u00e3o ou ao trauma vic\u00e1rio, Rachel Remen ressalta: \u201cA expectativa de que podemos estar imersos no sofrimento e na perda diariamente &#8211; e n\u00e3o sermos tocados por eles &#8211; \u00e9 t\u00e3o irreal quanto esperar caminhar atrav\u00e9s da \u00e1gua sem se molhar. Esse tipo de nega\u00e7\u00e3o n\u00e3o \u00e9 pouca coisa\u201d. A percep\u00e7\u00e3o de Remen enfatiza a import\u00e2ncia de reconhecer nossas rea\u00e7\u00f5es emocionais ao sofrimento dos outros. <\/p>\n\n<p>Na segunda parte desta s\u00e9rie de tr\u00eas partes, exploraremos maneiras pelas quais os pastores podem praticar o autocuidado. Isso incluir\u00e1 enfatizar a import\u00e2ncia de alcan\u00e7ar outras pessoas, compreender as limita\u00e7\u00f5es de suas fun\u00e7\u00f5es e responsabilidades e reconhecer a necessidade de buscar apoio em vez de sofrer em sil\u00eancio. Os pastores devem saber que \u00e9 aceit\u00e1vel n\u00e3o ter todas as respostas e que a vulnerabilidade pode ser uma fonte de fortaleza. Criar uma rede de apoio entre colegas pode ajudar a mitigar o isolamento sentido no minist\u00e9rio.   <\/p>\n\n<p>A terceira e \u00faltima parte convidar\u00e1 as igrejas locais a desenvolver uma teologia de cuidado pastoral que seja saud\u00e1vel e simbi\u00f3tica. Essa teologia n\u00e3o deve apenas reconhecer a natureza sacrificial do trabalho pastoral, mas tamb\u00e9m priorizar o bem-estar daqueles que s\u00e3o chamados a servir. <\/p>\n\n<p>Ao promover um ambiente de comunica\u00e7\u00e3o e apoio abertos, as igrejas podem criar uma cultura em que os pastores se sintam motivados a buscar ajuda sem medo do estigma. A cria\u00e7\u00e3o de grupos de apoio de colegas, a oferta de recursos de sa\u00fade mental e o incentivo a pr\u00e1ticas de autocuidado podem ajudar a atenuar a carga emocional do minist\u00e9rio. Por fim, a sa\u00fade do pastor est\u00e1 intrinsecamente ligada \u00e0 sa\u00fade da congrega\u00e7\u00e3o, e \u00e9 essencial que ambos cres\u00e7am juntos.  <\/p>\n\n<p><em>&#8211; Bispo Roger Ball, LCSW, PhD<\/em><\/p>\n\n<p><strong>Refer\u00eancias<\/strong><\/p>\n\n<p>Grupo Barna. V\u00e1rios relat\u00f3rios sobre sa\u00fade mental e bem-estar do clero. <\/p>\n\n<p>Nouwen, Henri. <em>The Wounded Healer: Ministry in Contemporary Society<\/em>. Nova York: Doubleday, 1979. <\/p>\n\n<p>Remen, Rachel Naomi. <em>Kitchen Table Wisdom: Stories That Heal<\/em>. New York: Riverhead Books, 1996. <\/p>\n","protected":false},"excerpt":{"rendered":"<p>O chamado para o minist\u00e9rio continua sendo uma das maiores honras e uma das tarefas mais desafiadoras que algu\u00e9m pode receber. Para muitos, n\u00e3o \u00e9 apenas um trabalho, mas uma voca\u00e7\u00e3o para toda a vida que molda nossa identidade, valores e relacionamentos. Os ministros, especialmente os pastores, geralmente passam horas acordados meditando e buscando maneiras [&hellip;]<\/p>\n","protected":false},"author":4,"featured_media":25450,"comment_status":"open","ping_status":"open","sticky":false,"template":"","format":"standard","meta":{"_acf_changed":false,"_monsterinsights_skip_tracking":false,"_monsterinsights_sitenote_active":false,"_monsterinsights_sitenote_note":"","_monsterinsights_sitenote_category":0,"_uf_show_specific_survey":0,"_uf_disable_surveys":false,"footnotes":""},"categories":[338],"tags":[],"class_list":["post-25449","post","type-post","status-publish","format-standard","has-post-thumbnail","hentry","category-uncategorized-pt"],"acf":[],"yoast_head":"<!-- This site is optimized with the Yoast SEO plugin v27.4 - https:\/\/yoast.com\/product\/yoast-seo-wordpress\/ -->\n<title>The Wounded Healer (O Curador Ferido): Navegando pelos Desafios da Sa\u00fade Mental no Minist\u00e9rio (Parte 1) | COGOP<\/title>\n<meta name=\"robots\" content=\"index, follow, max-snippet:-1, max-image-preview:large, max-video-preview:-1\" \/>\n<link rel=\"canonical\" href=\"https:\/\/cogop.org\/pt\/the-wounded-healer-o-curador-ferido-navegando-pelos-desafios-da-saude-mental-no-ministerio-parte-1\/\" \/>\n<meta property=\"og:locale\" content=\"pt_PT\" \/>\n<meta property=\"og:type\" content=\"article\" \/>\n<meta property=\"og:title\" content=\"The Wounded Healer (O Curador Ferido): Navegando pelos Desafios da Sa\u00fade Mental no Minist\u00e9rio (Parte 1) | COGOP\" \/>\n<meta property=\"og:description\" content=\"O chamado para o minist\u00e9rio continua sendo uma das maiores honras e uma das tarefas mais desafiadoras que algu\u00e9m pode receber. Para muitos, n\u00e3o \u00e9 apenas um trabalho, mas uma voca\u00e7\u00e3o para toda a vida que molda nossa identidade, valores e relacionamentos. Os ministros, especialmente os pastores, geralmente passam horas acordados meditando e buscando maneiras [&hellip;]\" \/>\n<meta property=\"og:url\" content=\"https:\/\/cogop.org\/pt\/the-wounded-healer-o-curador-ferido-navegando-pelos-desafios-da-saude-mental-no-ministerio-parte-1\/\" \/>\n<meta property=\"og:site_name\" content=\"COGOP\" \/>\n<meta property=\"article:publisher\" content=\"https:\/\/www.facebook.com\/cogop\" \/>\n<meta property=\"article:published_time\" content=\"2025-04-01T08:21:00+00:00\" \/>\n<meta property=\"article:modified_time\" content=\"2025-07-01T16:58:19+00:00\" \/>\n<meta property=\"og:image\" content=\"https:\/\/cogop.org\/wp-content\/uploads\/2025\/03\/0401-GC-2.webp\" \/>\n\t<meta property=\"og:image:width\" content=\"1920\" \/>\n\t<meta property=\"og:image:height\" content=\"1280\" \/>\n\t<meta property=\"og:image:type\" content=\"image\/webp\" \/>\n<meta name=\"author\" content=\"Shaun McKinley\" \/>\n<meta name=\"twitter:card\" content=\"summary_large_image\" \/>\n<meta name=\"twitter:creator\" content=\"@cogop\" \/>\n<meta name=\"twitter:site\" content=\"@cogop\" \/>\n<meta name=\"twitter:label1\" content=\"Written by\" \/>\n\t<meta name=\"twitter:data1\" content=\"Shaun McKinley\" \/>\n\t<meta name=\"twitter:label2\" content=\"Est. reading time\" \/>\n\t<meta name=\"twitter:data2\" content=\"6 minutos\" \/>\n<script type=\"application\/ld+json\" class=\"yoast-schema-graph\">{\"@context\":\"https:\\\/\\\/schema.org\",\"@graph\":[{\"@type\":\"Article\",\"@id\":\"https:\\\/\\\/cogop.org\\\/pt\\\/the-wounded-healer-o-curador-ferido-navegando-pelos-desafios-da-saude-mental-no-ministerio-parte-1\\\/#article\",\"isPartOf\":{\"@id\":\"https:\\\/\\\/cogop.org\\\/pt\\\/the-wounded-healer-o-curador-ferido-navegando-pelos-desafios-da-saude-mental-no-ministerio-parte-1\\\/\"},\"author\":{\"name\":\"Shaun McKinley\",\"@id\":\"https:\\\/\\\/cogop.org\\\/#\\\/schema\\\/person\\\/4906c522c140e1fd84e28e3c17b3588d\"},\"headline\":\"The Wounded Healer (O Curador Ferido): Navegando pelos Desafios da Sa\u00fade Mental no Minist\u00e9rio (Parte 1)\",\"datePublished\":\"2025-04-01T08:21:00+00:00\",\"dateModified\":\"2025-07-01T16:58:19+00:00\",\"mainEntityOfPage\":{\"@id\":\"https:\\\/\\\/cogop.org\\\/pt\\\/the-wounded-healer-o-curador-ferido-navegando-pelos-desafios-da-saude-mental-no-ministerio-parte-1\\\/\"},\"wordCount\":1160,\"commentCount\":0,\"publisher\":{\"@id\":\"https:\\\/\\\/cogop.org\\\/#organization\"},\"image\":{\"@id\":\"https:\\\/\\\/cogop.org\\\/pt\\\/the-wounded-healer-o-curador-ferido-navegando-pelos-desafios-da-saude-mental-no-ministerio-parte-1\\\/#primaryimage\"},\"thumbnailUrl\":\"https:\\\/\\\/cogop.org\\\/wp-content\\\/uploads\\\/2025\\\/03\\\/0401-GC-2.webp\",\"articleSection\":[\"Uncategorized @pt\"],\"inLanguage\":\"pt-AO\",\"potentialAction\":[{\"@type\":\"CommentAction\",\"name\":\"Comment\",\"target\":[\"https:\\\/\\\/cogop.org\\\/pt\\\/the-wounded-healer-o-curador-ferido-navegando-pelos-desafios-da-saude-mental-no-ministerio-parte-1\\\/#respond\"]}]},{\"@type\":\"WebPage\",\"@id\":\"https:\\\/\\\/cogop.org\\\/pt\\\/the-wounded-healer-o-curador-ferido-navegando-pelos-desafios-da-saude-mental-no-ministerio-parte-1\\\/\",\"url\":\"https:\\\/\\\/cogop.org\\\/pt\\\/the-wounded-healer-o-curador-ferido-navegando-pelos-desafios-da-saude-mental-no-ministerio-parte-1\\\/\",\"name\":\"The Wounded Healer (O Curador Ferido): Navegando pelos Desafios da Sa\u00fade Mental no Minist\u00e9rio (Parte 1) | COGOP\",\"isPartOf\":{\"@id\":\"https:\\\/\\\/cogop.org\\\/#website\"},\"primaryImageOfPage\":{\"@id\":\"https:\\\/\\\/cogop.org\\\/pt\\\/the-wounded-healer-o-curador-ferido-navegando-pelos-desafios-da-saude-mental-no-ministerio-parte-1\\\/#primaryimage\"},\"image\":{\"@id\":\"https:\\\/\\\/cogop.org\\\/pt\\\/the-wounded-healer-o-curador-ferido-navegando-pelos-desafios-da-saude-mental-no-ministerio-parte-1\\\/#primaryimage\"},\"thumbnailUrl\":\"https:\\\/\\\/cogop.org\\\/wp-content\\\/uploads\\\/2025\\\/03\\\/0401-GC-2.webp\",\"datePublished\":\"2025-04-01T08:21:00+00:00\",\"dateModified\":\"2025-07-01T16:58:19+00:00\",\"inLanguage\":\"pt-AO\",\"potentialAction\":[{\"@type\":\"ReadAction\",\"target\":[\"https:\\\/\\\/cogop.org\\\/pt\\\/the-wounded-healer-o-curador-ferido-navegando-pelos-desafios-da-saude-mental-no-ministerio-parte-1\\\/\"]}]},{\"@type\":\"ImageObject\",\"inLanguage\":\"pt-AO\",\"@id\":\"https:\\\/\\\/cogop.org\\\/pt\\\/the-wounded-healer-o-curador-ferido-navegando-pelos-desafios-da-saude-mental-no-ministerio-parte-1\\\/#primaryimage\",\"url\":\"https:\\\/\\\/cogop.org\\\/wp-content\\\/uploads\\\/2025\\\/03\\\/0401-GC-2.webp\",\"contentUrl\":\"https:\\\/\\\/cogop.org\\\/wp-content\\\/uploads\\\/2025\\\/03\\\/0401-GC-2.webp\",\"width\":1920,\"height\":1280},{\"@type\":\"BreadcrumbList\",\"@id\":\"https:\\\/\\\/cogop.org\\\/pt\\\/the-wounded-healer-o-curador-ferido-navegando-pelos-desafios-da-saude-mental-no-ministerio-parte-1\\\/#breadcrumb\",\"itemListElement\":[{\"@type\":\"ListItem\",\"position\":1,\"name\":\"Home\",\"item\":\"https:\\\/\\\/cogop.org\\\/\"},{\"@type\":\"ListItem\",\"position\":2,\"name\":\"The Wounded Healer (O Curador Ferido): Navegando pelos Desafios da Sa\u00fade Mental no Minist\u00e9rio (Parte 1)\"}]},{\"@type\":\"WebSite\",\"@id\":\"https:\\\/\\\/cogop.org\\\/#website\",\"url\":\"https:\\\/\\\/cogop.org\\\/\",\"name\":\"Church of God of Prophecy\",\"description\":\"Reconciling the World to Christ\",\"publisher\":{\"@id\":\"https:\\\/\\\/cogop.org\\\/#organization\"},\"alternateName\":\"COGOP\",\"potentialAction\":[{\"@type\":\"SearchAction\",\"target\":{\"@type\":\"EntryPoint\",\"urlTemplate\":\"https:\\\/\\\/cogop.org\\\/?s={search_term_string}\"},\"query-input\":{\"@type\":\"PropertyValueSpecification\",\"valueRequired\":true,\"valueName\":\"search_term_string\"}}],\"inLanguage\":\"pt-AO\"},{\"@type\":\"Organization\",\"@id\":\"https:\\\/\\\/cogop.org\\\/#organization\",\"name\":\"Church of God of Prophecy\",\"alternateName\":\"COGOP\",\"url\":\"https:\\\/\\\/cogop.org\\\/\",\"logo\":{\"@type\":\"ImageObject\",\"inLanguage\":\"pt-AO\",\"@id\":\"https:\\\/\\\/cogop.org\\\/#\\\/schema\\\/logo\\\/image\\\/\",\"url\":\"https:\\\/\\\/cogop.org\\\/wp-content\\\/uploads\\\/2025\\\/01\\\/logo-cogop.webp\",\"contentUrl\":\"https:\\\/\\\/cogop.org\\\/wp-content\\\/uploads\\\/2025\\\/01\\\/logo-cogop.webp\",\"width\":500,\"height\":118,\"caption\":\"Church of God of Prophecy\"},\"image\":{\"@id\":\"https:\\\/\\\/cogop.org\\\/#\\\/schema\\\/logo\\\/image\\\/\"},\"sameAs\":[\"https:\\\/\\\/www.facebook.com\\\/cogop\",\"https:\\\/\\\/x.com\\\/cogop\",\"https:\\\/\\\/www.instagram.com\\\/cogoppics\\\/\",\"https:\\\/\\\/www.youtube.com\\\/@COGOPMedia\",\"https:\\\/\\\/open.spotify.com\\\/user\\\/g1d13yyaprw0wrr2woer8edyp?si=a32b364b555f4d4d\"]},{\"@type\":\"Person\",\"@id\":\"https:\\\/\\\/cogop.org\\\/#\\\/schema\\\/person\\\/4906c522c140e1fd84e28e3c17b3588d\",\"name\":\"Shaun McKinley\",\"image\":{\"@type\":\"ImageObject\",\"inLanguage\":\"pt-AO\",\"@id\":\"https:\\\/\\\/secure.gravatar.com\\\/avatar\\\/21e42617539b19957212750bc94d5e389cd3e64619510914f40b27e32d375e99?s=96&d=mm&r=g\",\"url\":\"https:\\\/\\\/secure.gravatar.com\\\/avatar\\\/21e42617539b19957212750bc94d5e389cd3e64619510914f40b27e32d375e99?s=96&d=mm&r=g\",\"contentUrl\":\"https:\\\/\\\/secure.gravatar.com\\\/avatar\\\/21e42617539b19957212750bc94d5e389cd3e64619510914f40b27e32d375e99?s=96&d=mm&r=g\",\"caption\":\"Shaun McKinley\"}}]}<\/script>\n<!-- \/ Yoast SEO plugin. -->","yoast_head_json":{"title":"The Wounded Healer (O Curador Ferido): Navegando pelos Desafios da Sa\u00fade Mental no Minist\u00e9rio (Parte 1) | COGOP","robots":{"index":"index","follow":"follow","max-snippet":"max-snippet:-1","max-image-preview":"max-image-preview:large","max-video-preview":"max-video-preview:-1"},"canonical":"https:\/\/cogop.org\/pt\/the-wounded-healer-o-curador-ferido-navegando-pelos-desafios-da-saude-mental-no-ministerio-parte-1\/","og_locale":"pt_PT","og_type":"article","og_title":"The Wounded Healer (O Curador Ferido): Navegando pelos Desafios da Sa\u00fade Mental no Minist\u00e9rio (Parte 1) | COGOP","og_description":"O chamado para o minist\u00e9rio continua sendo uma das maiores honras e uma das tarefas mais desafiadoras que algu\u00e9m pode receber. Para muitos, n\u00e3o \u00e9 apenas um trabalho, mas uma voca\u00e7\u00e3o para toda a vida que molda nossa identidade, valores e relacionamentos. Os ministros, especialmente os pastores, geralmente passam horas acordados meditando e buscando maneiras [&hellip;]","og_url":"https:\/\/cogop.org\/pt\/the-wounded-healer-o-curador-ferido-navegando-pelos-desafios-da-saude-mental-no-ministerio-parte-1\/","og_site_name":"COGOP","article_publisher":"https:\/\/www.facebook.com\/cogop","article_published_time":"2025-04-01T08:21:00+00:00","article_modified_time":"2025-07-01T16:58:19+00:00","og_image":[{"width":1920,"height":1280,"url":"https:\/\/cogop.org\/wp-content\/uploads\/2025\/03\/0401-GC-2.webp","type":"image\/webp"}],"author":"Shaun McKinley","twitter_card":"summary_large_image","twitter_creator":"@cogop","twitter_site":"@cogop","twitter_misc":{"Written by":"Shaun McKinley","Est. reading time":"6 minutos"},"schema":{"@context":"https:\/\/schema.org","@graph":[{"@type":"Article","@id":"https:\/\/cogop.org\/pt\/the-wounded-healer-o-curador-ferido-navegando-pelos-desafios-da-saude-mental-no-ministerio-parte-1\/#article","isPartOf":{"@id":"https:\/\/cogop.org\/pt\/the-wounded-healer-o-curador-ferido-navegando-pelos-desafios-da-saude-mental-no-ministerio-parte-1\/"},"author":{"name":"Shaun McKinley","@id":"https:\/\/cogop.org\/#\/schema\/person\/4906c522c140e1fd84e28e3c17b3588d"},"headline":"The Wounded Healer (O Curador Ferido): Navegando pelos Desafios da Sa\u00fade Mental no Minist\u00e9rio (Parte 1)","datePublished":"2025-04-01T08:21:00+00:00","dateModified":"2025-07-01T16:58:19+00:00","mainEntityOfPage":{"@id":"https:\/\/cogop.org\/pt\/the-wounded-healer-o-curador-ferido-navegando-pelos-desafios-da-saude-mental-no-ministerio-parte-1\/"},"wordCount":1160,"commentCount":0,"publisher":{"@id":"https:\/\/cogop.org\/#organization"},"image":{"@id":"https:\/\/cogop.org\/pt\/the-wounded-healer-o-curador-ferido-navegando-pelos-desafios-da-saude-mental-no-ministerio-parte-1\/#primaryimage"},"thumbnailUrl":"https:\/\/cogop.org\/wp-content\/uploads\/2025\/03\/0401-GC-2.webp","articleSection":["Uncategorized @pt"],"inLanguage":"pt-AO","potentialAction":[{"@type":"CommentAction","name":"Comment","target":["https:\/\/cogop.org\/pt\/the-wounded-healer-o-curador-ferido-navegando-pelos-desafios-da-saude-mental-no-ministerio-parte-1\/#respond"]}]},{"@type":"WebPage","@id":"https:\/\/cogop.org\/pt\/the-wounded-healer-o-curador-ferido-navegando-pelos-desafios-da-saude-mental-no-ministerio-parte-1\/","url":"https:\/\/cogop.org\/pt\/the-wounded-healer-o-curador-ferido-navegando-pelos-desafios-da-saude-mental-no-ministerio-parte-1\/","name":"The Wounded Healer (O Curador Ferido): Navegando pelos Desafios da Sa\u00fade Mental no Minist\u00e9rio (Parte 1) | COGOP","isPartOf":{"@id":"https:\/\/cogop.org\/#website"},"primaryImageOfPage":{"@id":"https:\/\/cogop.org\/pt\/the-wounded-healer-o-curador-ferido-navegando-pelos-desafios-da-saude-mental-no-ministerio-parte-1\/#primaryimage"},"image":{"@id":"https:\/\/cogop.org\/pt\/the-wounded-healer-o-curador-ferido-navegando-pelos-desafios-da-saude-mental-no-ministerio-parte-1\/#primaryimage"},"thumbnailUrl":"https:\/\/cogop.org\/wp-content\/uploads\/2025\/03\/0401-GC-2.webp","datePublished":"2025-04-01T08:21:00+00:00","dateModified":"2025-07-01T16:58:19+00:00","inLanguage":"pt-AO","potentialAction":[{"@type":"ReadAction","target":["https:\/\/cogop.org\/pt\/the-wounded-healer-o-curador-ferido-navegando-pelos-desafios-da-saude-mental-no-ministerio-parte-1\/"]}]},{"@type":"ImageObject","inLanguage":"pt-AO","@id":"https:\/\/cogop.org\/pt\/the-wounded-healer-o-curador-ferido-navegando-pelos-desafios-da-saude-mental-no-ministerio-parte-1\/#primaryimage","url":"https:\/\/cogop.org\/wp-content\/uploads\/2025\/03\/0401-GC-2.webp","contentUrl":"https:\/\/cogop.org\/wp-content\/uploads\/2025\/03\/0401-GC-2.webp","width":1920,"height":1280},{"@type":"BreadcrumbList","@id":"https:\/\/cogop.org\/pt\/the-wounded-healer-o-curador-ferido-navegando-pelos-desafios-da-saude-mental-no-ministerio-parte-1\/#breadcrumb","itemListElement":[{"@type":"ListItem","position":1,"name":"Home","item":"https:\/\/cogop.org\/"},{"@type":"ListItem","position":2,"name":"The Wounded Healer (O Curador Ferido): Navegando pelos Desafios da Sa\u00fade Mental no Minist\u00e9rio (Parte 1)"}]},{"@type":"WebSite","@id":"https:\/\/cogop.org\/#website","url":"https:\/\/cogop.org\/","name":"Church of God of Prophecy","description":"Reconciling the World to Christ","publisher":{"@id":"https:\/\/cogop.org\/#organization"},"alternateName":"COGOP","potentialAction":[{"@type":"SearchAction","target":{"@type":"EntryPoint","urlTemplate":"https:\/\/cogop.org\/?s={search_term_string}"},"query-input":{"@type":"PropertyValueSpecification","valueRequired":true,"valueName":"search_term_string"}}],"inLanguage":"pt-AO"},{"@type":"Organization","@id":"https:\/\/cogop.org\/#organization","name":"Church of God of Prophecy","alternateName":"COGOP","url":"https:\/\/cogop.org\/","logo":{"@type":"ImageObject","inLanguage":"pt-AO","@id":"https:\/\/cogop.org\/#\/schema\/logo\/image\/","url":"https:\/\/cogop.org\/wp-content\/uploads\/2025\/01\/logo-cogop.webp","contentUrl":"https:\/\/cogop.org\/wp-content\/uploads\/2025\/01\/logo-cogop.webp","width":500,"height":118,"caption":"Church of God of Prophecy"},"image":{"@id":"https:\/\/cogop.org\/#\/schema\/logo\/image\/"},"sameAs":["https:\/\/www.facebook.com\/cogop","https:\/\/x.com\/cogop","https:\/\/www.instagram.com\/cogoppics\/","https:\/\/www.youtube.com\/@COGOPMedia","https:\/\/open.spotify.com\/user\/g1d13yyaprw0wrr2woer8edyp?si=a32b364b555f4d4d"]},{"@type":"Person","@id":"https:\/\/cogop.org\/#\/schema\/person\/4906c522c140e1fd84e28e3c17b3588d","name":"Shaun McKinley","image":{"@type":"ImageObject","inLanguage":"pt-AO","@id":"https:\/\/secure.gravatar.com\/avatar\/21e42617539b19957212750bc94d5e389cd3e64619510914f40b27e32d375e99?s=96&d=mm&r=g","url":"https:\/\/secure.gravatar.com\/avatar\/21e42617539b19957212750bc94d5e389cd3e64619510914f40b27e32d375e99?s=96&d=mm&r=g","contentUrl":"https:\/\/secure.gravatar.com\/avatar\/21e42617539b19957212750bc94d5e389cd3e64619510914f40b27e32d375e99?s=96&d=mm&r=g","caption":"Shaun McKinley"}}]}},"_links":{"self":[{"href":"https:\/\/cogop.org\/pt\/wp-json\/wp\/v2\/posts\/25449","targetHints":{"allow":["GET"]}}],"collection":[{"href":"https:\/\/cogop.org\/pt\/wp-json\/wp\/v2\/posts"}],"about":[{"href":"https:\/\/cogop.org\/pt\/wp-json\/wp\/v2\/types\/post"}],"author":[{"embeddable":true,"href":"https:\/\/cogop.org\/pt\/wp-json\/wp\/v2\/users\/4"}],"replies":[{"embeddable":true,"href":"https:\/\/cogop.org\/pt\/wp-json\/wp\/v2\/comments?post=25449"}],"version-history":[{"count":1,"href":"https:\/\/cogop.org\/pt\/wp-json\/wp\/v2\/posts\/25449\/revisions"}],"predecessor-version":[{"id":25473,"href":"https:\/\/cogop.org\/pt\/wp-json\/wp\/v2\/posts\/25449\/revisions\/25473"}],"wp:featuredmedia":[{"embeddable":true,"href":"https:\/\/cogop.org\/pt\/wp-json\/wp\/v2\/media\/25450"}],"wp:attachment":[{"href":"https:\/\/cogop.org\/pt\/wp-json\/wp\/v2\/media?parent=25449"}],"wp:term":[{"taxonomy":"category","embeddable":true,"href":"https:\/\/cogop.org\/pt\/wp-json\/wp\/v2\/categories?post=25449"},{"taxonomy":"post_tag","embeddable":true,"href":"https:\/\/cogop.org\/pt\/wp-json\/wp\/v2\/tags?post=25449"}],"curies":[{"name":"wp","href":"https:\/\/api.w.org\/{rel}","templated":true}]}}