{"id":25438,"date":"2025-05-08T15:36:12","date_gmt":"2025-05-08T15:36:12","guid":{"rendered":"https:\/\/cogop.org\/o-seminario-espirito-e-vida-recebeu-21-000-como-capacity-building-subgrant-subsidio-para-capacitacao\/"},"modified":"2025-07-01T16:58:16","modified_gmt":"2025-07-01T16:58:16","slug":"o-seminario-espirito-e-vida-recebeu-21-000-como-capacity-building-subgrant-subsidio-para-capacitacao","status":"publish","type":"post","link":"https:\/\/cogop.org\/pt\/o-seminario-espirito-e-vida-recebeu-21-000-como-capacity-building-subgrant-subsidio-para-capacitacao\/","title":{"rendered":"O Semin\u00e1rio Esp\u00edrito e Vida recebeu $21.000 como Capacity Building Subgrant (Subven\u00e7\u00e3o para Capacita\u00e7\u00e3o)"},"content":{"rendered":"\n<p>O Semin\u00e1rio Esp\u00edrito e Vida tem o prazer de anunciar que foi selecionado para receber o Capacity Building Subgrant (Subven\u00e7\u00e3o para Capacita\u00e7\u00e3o) da Associa\u00e7\u00e3o para Educa\u00e7\u00e3o Teol\u00f3gica Hisp\u00e2nica (AETH), em parceria com o Semin\u00e1rio Teol\u00f3gico Evang\u00e9lico Garrett. O pr\u00eamio, no valor total de $21.000, confirma o compromisso cont\u00ednuo do semin\u00e1rio com a excel\u00eancia teol\u00f3gica, o crescimento institucional e o alcance global. <\/p>\n\n<p>Em sua carta sobre o pr\u00eamio para o Semin\u00e1rio, a equipe de consultoria da AETH-Garrett escreveu: \u201cficamos extremamente impressionados com o trabalho que a sua organiza\u00e7\u00e3o est\u00e1 fazendo e acreditamos que a subven\u00e7\u00e3o ser\u00e1 usada para o benef\u00edcio da comunidade em geral. Esse reconhecimento \u00e9 uma prova da dedica\u00e7\u00e3o, do trabalho \u00e1rduo e dos talentos excepcionais da sua equipe&#8230; A determina\u00e7\u00e3o consistente, a criatividade e a capacidade de superar desafios do seu programa sempre o diferenciaram\u201d.<\/p>\n\n<p>O Programa Capacity Building (Capacita\u00e7\u00e3o), com dura\u00e7\u00e3o de cinco anos, foi criado para fortalecer as capacidades administrativas, educacionais e operacionais dos institutos b\u00edblicos e semin\u00e1rios. Os fundos da subven\u00e7\u00e3o podem ser usados para desenvolvimento de curr\u00edculo, treinamento de professores, gest\u00e3o da diretoria, recursos de software e biblioteca e prepara\u00e7\u00e3o para certifica\u00e7\u00e3o. O Semin\u00e1rio Esp\u00edrito e Vida usar\u00e1 esse financiamento para aprimorar suas oportunidades acad\u00eamicas, especialmente na \u00e1rea de educa\u00e7\u00e3o a dist\u00e2ncia.  <\/p>\n\n<p>\u201c Essa subven\u00e7\u00e3o \u00e9 uma grande b\u00ean\u00e7\u00e3o para o Semin\u00e1rio Esp\u00edrito e Vida\u201d, disse o Dr. Michael Hern\u00e1ndez, presidente do Semin\u00e1rio Esp\u00edrito e Vida. \u201cOs fundos dessa subven\u00e7\u00e3o ser\u00e3o usados para melhorar a qualidade do ensino que o Semin\u00e1rio j\u00e1 oferece e ajudar\u00e3o a expandir seu alcance para os alunos dos Estados Unidos. O Semin\u00e1rio Esp\u00edrito e Vida expressa sua gratid\u00e3o \u00e0 AETH, ao Semin\u00e1rio Teol\u00f3gico Evang\u00e9lico Garrett e ao Comit\u00ea de Processamento de Subven\u00e7\u00f5es por seus esfor\u00e7os em prol da capacita\u00e7\u00e3o dos institutos b\u00edblicos. O Semin\u00e1rio Esp\u00edrito e Vida espera testemunhar as recompensas que ser\u00e3o obtidas com esse investimento significativo em nossos alunos&#8221;. <\/p>\n\n<p>O Dr. Albert Murza, Reitor Acad\u00eamico, acrescentou: \u201cSomos gratos \u00e0 AETH por essa generosa subven\u00e7\u00e3o que melhorar\u00e1 muito a qualidade e a oferta de nossos programas de educa\u00e7\u00e3o a dist\u00e2ncia. Gra\u00e7as a esse recurso, podemos investir na produ\u00e7\u00e3o de aulas em v\u00eddeo de alta qualidade, capacitando nosso corpo docente com as ferramentas certas para criar conte\u00fado envolvente e acess\u00edvel. Nossos alunos ao redor do mundo realmente merecem uma experi\u00eancia de aprendizado que reflita tanto a excel\u00eancia acad\u00eamica quanto a inova\u00e7\u00e3o&#8221;.<\/p>\n\n<p>O Semin\u00e1rio Esp\u00edrito e Vida est\u00e1 entusiasmado pela oportunidade que este investimento proporcionar\u00e1 a medida que continua a equipar os l\u00edderes crist\u00e3os para o minist\u00e9rio eficaz na Igreja de Deus da Profecia e em outros lugares.<\/p>\n\n<p>Para mais informa\u00e7\u00f5es sobre o Semin\u00e1rio Esp\u00edrito e Vida, acesse <a href=\"http:\/\/www.spiritandlifeseminary.org\/\">www.spiritandlifeseminary.org<\/a> ou info@spiritandlifeseminary.org.<\/p>\n\n<p><\/p>\n","protected":false},"excerpt":{"rendered":"<p>O Semin\u00e1rio Esp\u00edrito e Vida recebe uma subven\u00e7\u00e3o de $21.000 para aprimorar a educa\u00e7\u00e3o \u00e0 dist\u00e2ncia e os programas de treinamento teol\u00f3gico.<\/p>\n","protected":false},"author":4,"featured_media":25439,"comment_status":"closed","ping_status":"open","sticky":false,"template":"","format":"standard","meta":{"_acf_changed":false,"_monsterinsights_skip_tracking":false,"_monsterinsights_sitenote_active":false,"_monsterinsights_sitenote_note":"","_monsterinsights_sitenote_category":0,"_uf_show_specific_survey":0,"_uf_disable_surveys":false,"footnotes":""},"categories":[338],"tags":[341],"class_list":["post-25438","post","type-post","status-publish","format-standard","has-post-thumbnail","hentry","category-uncategorized-pt","tag-spirit-and-life-seminary-pt"],"acf":[],"yoast_head":"<!-- This site is optimized with the Yoast SEO plugin v27.4 - https:\/\/yoast.com\/product\/yoast-seo-wordpress\/ -->\n<title>O Semin\u00e1rio Esp\u00edrito e Vida recebeu $21.000 como Capacity Building Subgrant (Subven\u00e7\u00e3o para Capacita\u00e7\u00e3o) | COGOP<\/title>\n<meta name=\"robots\" content=\"index, follow, max-snippet:-1, max-image-preview:large, max-video-preview:-1\" \/>\n<link rel=\"canonical\" href=\"https:\/\/cogop.org\/pt\/o-seminario-espirito-e-vida-recebeu-21-000-como-capacity-building-subgrant-subsidio-para-capacitacao\/\" \/>\n<meta property=\"og:locale\" content=\"pt_PT\" \/>\n<meta property=\"og:type\" content=\"article\" \/>\n<meta property=\"og:title\" content=\"O Semin\u00e1rio Esp\u00edrito e Vida recebeu $21.000 como Capacity Building Subgrant (Subven\u00e7\u00e3o para Capacita\u00e7\u00e3o)\" \/>\n<meta property=\"og:description\" content=\"O Semin\u00e1rio Esp\u00edrito e Vida recebe uma subven\u00e7\u00e3o de $21.000 para aprimorar a educa\u00e7\u00e3o \u00e0 dist\u00e2ncia e os programas de treinamento teol\u00f3gico.\" \/>\n<meta property=\"og:url\" content=\"https:\/\/cogop.org\/pt\/o-seminario-espirito-e-vida-recebeu-21-000-como-capacity-building-subgrant-subsidio-para-capacitacao\/\" \/>\n<meta property=\"og:site_name\" content=\"COGOP\" \/>\n<meta property=\"article:publisher\" content=\"https:\/\/www.facebook.com\/cogop\" \/>\n<meta property=\"article:published_time\" content=\"2025-05-08T15:36:12+00:00\" \/>\n<meta property=\"article:modified_time\" content=\"2025-07-01T16:58:16+00:00\" \/>\n<meta property=\"og:image\" content=\"https:\/\/cogop.org\/wp-content\/uploads\/2025\/05\/485970335_1199092555204890_800665790688077700_n-1024x577.webp\" \/>\n<meta name=\"author\" content=\"Shaun McKinley\" \/>\n<meta name=\"twitter:card\" content=\"summary_large_image\" \/>\n<meta name=\"twitter:title\" content=\"O Semin\u00e1rio Esp\u00edrito e Vida recebeu $21.000 como Capacity Building Subgrant (Subven\u00e7\u00e3o para Capacita\u00e7\u00e3o\" \/>\n<meta name=\"twitter:description\" content=\"O Semin\u00e1rio Esp\u00edrito e Vida recebe uma subven\u00e7\u00e3o de $21.000 para aprimorar a educa\u00e7\u00e3o \u00e0 dist\u00e2ncia e os programas de treinamento teol\u00f3gico.\" \/>\n<meta name=\"twitter:image\" content=\"https:\/\/cogop.org\/wp-content\/uploads\/2025\/05\/485970335_1199092555204890_800665790688077700_n-1024x577.webp\" \/>\n<meta name=\"twitter:creator\" content=\"@cogop\" \/>\n<meta name=\"twitter:site\" content=\"@cogop\" \/>\n<meta name=\"twitter:label1\" content=\"Written by\" \/>\n\t<meta name=\"twitter:data1\" content=\"Shaun McKinley\" \/>\n\t<meta name=\"twitter:label2\" content=\"Est. reading time\" \/>\n\t<meta name=\"twitter:data2\" content=\"3 minutos\" \/>\n<script type=\"application\/ld+json\" class=\"yoast-schema-graph\">{\"@context\":\"https:\\\/\\\/schema.org\",\"@graph\":[{\"@type\":\"Article\",\"@id\":\"https:\\\/\\\/cogop.org\\\/pt\\\/o-seminario-espirito-e-vida-recebeu-21-000-como-capacity-building-subgrant-subsidio-para-capacitacao\\\/#article\",\"isPartOf\":{\"@id\":\"https:\\\/\\\/cogop.org\\\/pt\\\/o-seminario-espirito-e-vida-recebeu-21-000-como-capacity-building-subgrant-subsidio-para-capacitacao\\\/\"},\"author\":{\"name\":\"Shaun McKinley\",\"@id\":\"https:\\\/\\\/cogop.org\\\/#\\\/schema\\\/person\\\/4906c522c140e1fd84e28e3c17b3588d\"},\"headline\":\"O Semin\u00e1rio Esp\u00edrito e Vida recebeu $21.000 como Capacity Building Subgrant (Subven\u00e7\u00e3o para Capacita\u00e7\u00e3o)\",\"datePublished\":\"2025-05-08T15:36:12+00:00\",\"dateModified\":\"2025-07-01T16:58:16+00:00\",\"mainEntityOfPage\":{\"@id\":\"https:\\\/\\\/cogop.org\\\/pt\\\/o-seminario-espirito-e-vida-recebeu-21-000-como-capacity-building-subgrant-subsidio-para-capacitacao\\\/\"},\"wordCount\":539,\"publisher\":{\"@id\":\"https:\\\/\\\/cogop.org\\\/#organization\"},\"image\":{\"@id\":\"https:\\\/\\\/cogop.org\\\/pt\\\/o-seminario-espirito-e-vida-recebeu-21-000-como-capacity-building-subgrant-subsidio-para-capacitacao\\\/#primaryimage\"},\"thumbnailUrl\":\"https:\\\/\\\/cogop.org\\\/wp-content\\\/uploads\\\/2025\\\/05\\\/485970335_1199092555204890_800665790688077700_n.webp\",\"keywords\":[\"Spirit and Life Seminary\"],\"articleSection\":[\"Uncategorized @pt\"],\"inLanguage\":\"pt-AO\"},{\"@type\":\"WebPage\",\"@id\":\"https:\\\/\\\/cogop.org\\\/pt\\\/o-seminario-espirito-e-vida-recebeu-21-000-como-capacity-building-subgrant-subsidio-para-capacitacao\\\/\",\"url\":\"https:\\\/\\\/cogop.org\\\/pt\\\/o-seminario-espirito-e-vida-recebeu-21-000-como-capacity-building-subgrant-subsidio-para-capacitacao\\\/\",\"name\":\"O Semin\u00e1rio Esp\u00edrito e Vida recebeu $21.000 como Capacity Building Subgrant (Subven\u00e7\u00e3o para Capacita\u00e7\u00e3o) | COGOP\",\"isPartOf\":{\"@id\":\"https:\\\/\\\/cogop.org\\\/#website\"},\"primaryImageOfPage\":{\"@id\":\"https:\\\/\\\/cogop.org\\\/pt\\\/o-seminario-espirito-e-vida-recebeu-21-000-como-capacity-building-subgrant-subsidio-para-capacitacao\\\/#primaryimage\"},\"image\":{\"@id\":\"https:\\\/\\\/cogop.org\\\/pt\\\/o-seminario-espirito-e-vida-recebeu-21-000-como-capacity-building-subgrant-subsidio-para-capacitacao\\\/#primaryimage\"},\"thumbnailUrl\":\"https:\\\/\\\/cogop.org\\\/wp-content\\\/uploads\\\/2025\\\/05\\\/485970335_1199092555204890_800665790688077700_n.webp\",\"datePublished\":\"2025-05-08T15:36:12+00:00\",\"dateModified\":\"2025-07-01T16:58:16+00:00\",\"inLanguage\":\"pt-AO\",\"potentialAction\":[{\"@type\":\"ReadAction\",\"target\":[\"https:\\\/\\\/cogop.org\\\/pt\\\/o-seminario-espirito-e-vida-recebeu-21-000-como-capacity-building-subgrant-subsidio-para-capacitacao\\\/\"]}]},{\"@type\":\"ImageObject\",\"inLanguage\":\"pt-AO\",\"@id\":\"https:\\\/\\\/cogop.org\\\/pt\\\/o-seminario-espirito-e-vida-recebeu-21-000-como-capacity-building-subgrant-subsidio-para-capacitacao\\\/#primaryimage\",\"url\":\"https:\\\/\\\/cogop.org\\\/wp-content\\\/uploads\\\/2025\\\/05\\\/485970335_1199092555204890_800665790688077700_n.webp\",\"contentUrl\":\"https:\\\/\\\/cogop.org\\\/wp-content\\\/uploads\\\/2025\\\/05\\\/485970335_1199092555204890_800665790688077700_n.webp\",\"width\":2048,\"height\":1154},{\"@type\":\"BreadcrumbList\",\"@id\":\"https:\\\/\\\/cogop.org\\\/pt\\\/o-seminario-espirito-e-vida-recebeu-21-000-como-capacity-building-subgrant-subsidio-para-capacitacao\\\/#breadcrumb\",\"itemListElement\":[{\"@type\":\"ListItem\",\"position\":1,\"name\":\"Home\",\"item\":\"https:\\\/\\\/cogop.org\\\/\"},{\"@type\":\"ListItem\",\"position\":2,\"name\":\"O Semin\u00e1rio Esp\u00edrito e Vida recebeu $21.000 como Capacity Building Subgrant (Subven\u00e7\u00e3o para Capacita\u00e7\u00e3o)\"}]},{\"@type\":\"WebSite\",\"@id\":\"https:\\\/\\\/cogop.org\\\/#website\",\"url\":\"https:\\\/\\\/cogop.org\\\/\",\"name\":\"Church of God of Prophecy\",\"description\":\"Reconciling the World to Christ\",\"publisher\":{\"@id\":\"https:\\\/\\\/cogop.org\\\/#organization\"},\"alternateName\":\"COGOP\",\"potentialAction\":[{\"@type\":\"SearchAction\",\"target\":{\"@type\":\"EntryPoint\",\"urlTemplate\":\"https:\\\/\\\/cogop.org\\\/?s={search_term_string}\"},\"query-input\":{\"@type\":\"PropertyValueSpecification\",\"valueRequired\":true,\"valueName\":\"search_term_string\"}}],\"inLanguage\":\"pt-AO\"},{\"@type\":\"Organization\",\"@id\":\"https:\\\/\\\/cogop.org\\\/#organization\",\"name\":\"Church of God of Prophecy\",\"alternateName\":\"COGOP\",\"url\":\"https:\\\/\\\/cogop.org\\\/\",\"logo\":{\"@type\":\"ImageObject\",\"inLanguage\":\"pt-AO\",\"@id\":\"https:\\\/\\\/cogop.org\\\/#\\\/schema\\\/logo\\\/image\\\/\",\"url\":\"https:\\\/\\\/cogop.org\\\/wp-content\\\/uploads\\\/2025\\\/01\\\/logo-cogop.webp\",\"contentUrl\":\"https:\\\/\\\/cogop.org\\\/wp-content\\\/uploads\\\/2025\\\/01\\\/logo-cogop.webp\",\"width\":500,\"height\":118,\"caption\":\"Church of God of Prophecy\"},\"image\":{\"@id\":\"https:\\\/\\\/cogop.org\\\/#\\\/schema\\\/logo\\\/image\\\/\"},\"sameAs\":[\"https:\\\/\\\/www.facebook.com\\\/cogop\",\"https:\\\/\\\/x.com\\\/cogop\",\"https:\\\/\\\/www.instagram.com\\\/cogoppics\\\/\",\"https:\\\/\\\/www.youtube.com\\\/@COGOPMedia\",\"https:\\\/\\\/open.spotify.com\\\/user\\\/g1d13yyaprw0wrr2woer8edyp?si=a32b364b555f4d4d\"]},{\"@type\":\"Person\",\"@id\":\"https:\\\/\\\/cogop.org\\\/#\\\/schema\\\/person\\\/4906c522c140e1fd84e28e3c17b3588d\",\"name\":\"Shaun McKinley\",\"image\":{\"@type\":\"ImageObject\",\"inLanguage\":\"pt-AO\",\"@id\":\"https:\\\/\\\/secure.gravatar.com\\\/avatar\\\/21e42617539b19957212750bc94d5e389cd3e64619510914f40b27e32d375e99?s=96&d=mm&r=g\",\"url\":\"https:\\\/\\\/secure.gravatar.com\\\/avatar\\\/21e42617539b19957212750bc94d5e389cd3e64619510914f40b27e32d375e99?s=96&d=mm&r=g\",\"contentUrl\":\"https:\\\/\\\/secure.gravatar.com\\\/avatar\\\/21e42617539b19957212750bc94d5e389cd3e64619510914f40b27e32d375e99?s=96&d=mm&r=g\",\"caption\":\"Shaun McKinley\"}}]}<\/script>\n<!-- \/ Yoast SEO plugin. -->","yoast_head_json":{"title":"O Semin\u00e1rio Esp\u00edrito e Vida recebeu $21.000 como Capacity Building Subgrant (Subven\u00e7\u00e3o para Capacita\u00e7\u00e3o) | COGOP","robots":{"index":"index","follow":"follow","max-snippet":"max-snippet:-1","max-image-preview":"max-image-preview:large","max-video-preview":"max-video-preview:-1"},"canonical":"https:\/\/cogop.org\/pt\/o-seminario-espirito-e-vida-recebeu-21-000-como-capacity-building-subgrant-subsidio-para-capacitacao\/","og_locale":"pt_PT","og_type":"article","og_title":"O Semin\u00e1rio Esp\u00edrito e Vida recebeu $21.000 como Capacity Building Subgrant (Subven\u00e7\u00e3o para Capacita\u00e7\u00e3o)","og_description":"O Semin\u00e1rio Esp\u00edrito e Vida recebe uma subven\u00e7\u00e3o de $21.000 para aprimorar a educa\u00e7\u00e3o \u00e0 dist\u00e2ncia e os programas de treinamento teol\u00f3gico.","og_url":"https:\/\/cogop.org\/pt\/o-seminario-espirito-e-vida-recebeu-21-000-como-capacity-building-subgrant-subsidio-para-capacitacao\/","og_site_name":"COGOP","article_publisher":"https:\/\/www.facebook.com\/cogop","article_published_time":"2025-05-08T15:36:12+00:00","article_modified_time":"2025-07-01T16:58:16+00:00","og_image":[{"url":"https:\/\/cogop.org\/wp-content\/uploads\/2025\/05\/485970335_1199092555204890_800665790688077700_n-1024x577.webp","type":"","width":"","height":""}],"author":"Shaun McKinley","twitter_card":"summary_large_image","twitter_title":"O Semin\u00e1rio Esp\u00edrito e Vida recebeu $21.000 como Capacity Building Subgrant (Subven\u00e7\u00e3o para Capacita\u00e7\u00e3o","twitter_description":"O Semin\u00e1rio Esp\u00edrito e Vida recebe uma subven\u00e7\u00e3o de $21.000 para aprimorar a educa\u00e7\u00e3o \u00e0 dist\u00e2ncia e os programas de treinamento teol\u00f3gico.","twitter_image":"https:\/\/cogop.org\/wp-content\/uploads\/2025\/05\/485970335_1199092555204890_800665790688077700_n-1024x577.webp","twitter_creator":"@cogop","twitter_site":"@cogop","twitter_misc":{"Written by":"Shaun McKinley","Est. reading time":"3 minutos"},"schema":{"@context":"https:\/\/schema.org","@graph":[{"@type":"Article","@id":"https:\/\/cogop.org\/pt\/o-seminario-espirito-e-vida-recebeu-21-000-como-capacity-building-subgrant-subsidio-para-capacitacao\/#article","isPartOf":{"@id":"https:\/\/cogop.org\/pt\/o-seminario-espirito-e-vida-recebeu-21-000-como-capacity-building-subgrant-subsidio-para-capacitacao\/"},"author":{"name":"Shaun McKinley","@id":"https:\/\/cogop.org\/#\/schema\/person\/4906c522c140e1fd84e28e3c17b3588d"},"headline":"O Semin\u00e1rio Esp\u00edrito e Vida recebeu $21.000 como Capacity Building Subgrant (Subven\u00e7\u00e3o para Capacita\u00e7\u00e3o)","datePublished":"2025-05-08T15:36:12+00:00","dateModified":"2025-07-01T16:58:16+00:00","mainEntityOfPage":{"@id":"https:\/\/cogop.org\/pt\/o-seminario-espirito-e-vida-recebeu-21-000-como-capacity-building-subgrant-subsidio-para-capacitacao\/"},"wordCount":539,"publisher":{"@id":"https:\/\/cogop.org\/#organization"},"image":{"@id":"https:\/\/cogop.org\/pt\/o-seminario-espirito-e-vida-recebeu-21-000-como-capacity-building-subgrant-subsidio-para-capacitacao\/#primaryimage"},"thumbnailUrl":"https:\/\/cogop.org\/wp-content\/uploads\/2025\/05\/485970335_1199092555204890_800665790688077700_n.webp","keywords":["Spirit and Life Seminary"],"articleSection":["Uncategorized @pt"],"inLanguage":"pt-AO"},{"@type":"WebPage","@id":"https:\/\/cogop.org\/pt\/o-seminario-espirito-e-vida-recebeu-21-000-como-capacity-building-subgrant-subsidio-para-capacitacao\/","url":"https:\/\/cogop.org\/pt\/o-seminario-espirito-e-vida-recebeu-21-000-como-capacity-building-subgrant-subsidio-para-capacitacao\/","name":"O Semin\u00e1rio Esp\u00edrito e Vida recebeu $21.000 como Capacity Building Subgrant (Subven\u00e7\u00e3o para Capacita\u00e7\u00e3o) | COGOP","isPartOf":{"@id":"https:\/\/cogop.org\/#website"},"primaryImageOfPage":{"@id":"https:\/\/cogop.org\/pt\/o-seminario-espirito-e-vida-recebeu-21-000-como-capacity-building-subgrant-subsidio-para-capacitacao\/#primaryimage"},"image":{"@id":"https:\/\/cogop.org\/pt\/o-seminario-espirito-e-vida-recebeu-21-000-como-capacity-building-subgrant-subsidio-para-capacitacao\/#primaryimage"},"thumbnailUrl":"https:\/\/cogop.org\/wp-content\/uploads\/2025\/05\/485970335_1199092555204890_800665790688077700_n.webp","datePublished":"2025-05-08T15:36:12+00:00","dateModified":"2025-07-01T16:58:16+00:00","inLanguage":"pt-AO","potentialAction":[{"@type":"ReadAction","target":["https:\/\/cogop.org\/pt\/o-seminario-espirito-e-vida-recebeu-21-000-como-capacity-building-subgrant-subsidio-para-capacitacao\/"]}]},{"@type":"ImageObject","inLanguage":"pt-AO","@id":"https:\/\/cogop.org\/pt\/o-seminario-espirito-e-vida-recebeu-21-000-como-capacity-building-subgrant-subsidio-para-capacitacao\/#primaryimage","url":"https:\/\/cogop.org\/wp-content\/uploads\/2025\/05\/485970335_1199092555204890_800665790688077700_n.webp","contentUrl":"https:\/\/cogop.org\/wp-content\/uploads\/2025\/05\/485970335_1199092555204890_800665790688077700_n.webp","width":2048,"height":1154},{"@type":"BreadcrumbList","@id":"https:\/\/cogop.org\/pt\/o-seminario-espirito-e-vida-recebeu-21-000-como-capacity-building-subgrant-subsidio-para-capacitacao\/#breadcrumb","itemListElement":[{"@type":"ListItem","position":1,"name":"Home","item":"https:\/\/cogop.org\/"},{"@type":"ListItem","position":2,"name":"O Semin\u00e1rio Esp\u00edrito e Vida recebeu $21.000 como Capacity Building Subgrant (Subven\u00e7\u00e3o para Capacita\u00e7\u00e3o)"}]},{"@type":"WebSite","@id":"https:\/\/cogop.org\/#website","url":"https:\/\/cogop.org\/","name":"Church of God of Prophecy","description":"Reconciling the World to Christ","publisher":{"@id":"https:\/\/cogop.org\/#organization"},"alternateName":"COGOP","potentialAction":[{"@type":"SearchAction","target":{"@type":"EntryPoint","urlTemplate":"https:\/\/cogop.org\/?s={search_term_string}"},"query-input":{"@type":"PropertyValueSpecification","valueRequired":true,"valueName":"search_term_string"}}],"inLanguage":"pt-AO"},{"@type":"Organization","@id":"https:\/\/cogop.org\/#organization","name":"Church of God of Prophecy","alternateName":"COGOP","url":"https:\/\/cogop.org\/","logo":{"@type":"ImageObject","inLanguage":"pt-AO","@id":"https:\/\/cogop.org\/#\/schema\/logo\/image\/","url":"https:\/\/cogop.org\/wp-content\/uploads\/2025\/01\/logo-cogop.webp","contentUrl":"https:\/\/cogop.org\/wp-content\/uploads\/2025\/01\/logo-cogop.webp","width":500,"height":118,"caption":"Church of God of Prophecy"},"image":{"@id":"https:\/\/cogop.org\/#\/schema\/logo\/image\/"},"sameAs":["https:\/\/www.facebook.com\/cogop","https:\/\/x.com\/cogop","https:\/\/www.instagram.com\/cogoppics\/","https:\/\/www.youtube.com\/@COGOPMedia","https:\/\/open.spotify.com\/user\/g1d13yyaprw0wrr2woer8edyp?si=a32b364b555f4d4d"]},{"@type":"Person","@id":"https:\/\/cogop.org\/#\/schema\/person\/4906c522c140e1fd84e28e3c17b3588d","name":"Shaun McKinley","image":{"@type":"ImageObject","inLanguage":"pt-AO","@id":"https:\/\/secure.gravatar.com\/avatar\/21e42617539b19957212750bc94d5e389cd3e64619510914f40b27e32d375e99?s=96&d=mm&r=g","url":"https:\/\/secure.gravatar.com\/avatar\/21e42617539b19957212750bc94d5e389cd3e64619510914f40b27e32d375e99?s=96&d=mm&r=g","contentUrl":"https:\/\/secure.gravatar.com\/avatar\/21e42617539b19957212750bc94d5e389cd3e64619510914f40b27e32d375e99?s=96&d=mm&r=g","caption":"Shaun McKinley"}}]}},"_links":{"self":[{"href":"https:\/\/cogop.org\/pt\/wp-json\/wp\/v2\/posts\/25438","targetHints":{"allow":["GET"]}}],"collection":[{"href":"https:\/\/cogop.org\/pt\/wp-json\/wp\/v2\/posts"}],"about":[{"href":"https:\/\/cogop.org\/pt\/wp-json\/wp\/v2\/types\/post"}],"author":[{"embeddable":true,"href":"https:\/\/cogop.org\/pt\/wp-json\/wp\/v2\/users\/4"}],"replies":[{"embeddable":true,"href":"https:\/\/cogop.org\/pt\/wp-json\/wp\/v2\/comments?post=25438"}],"version-history":[{"count":1,"href":"https:\/\/cogop.org\/pt\/wp-json\/wp\/v2\/posts\/25438\/revisions"}],"predecessor-version":[{"id":25468,"href":"https:\/\/cogop.org\/pt\/wp-json\/wp\/v2\/posts\/25438\/revisions\/25468"}],"wp:featuredmedia":[{"embeddable":true,"href":"https:\/\/cogop.org\/pt\/wp-json\/wp\/v2\/media\/25439"}],"wp:attachment":[{"href":"https:\/\/cogop.org\/pt\/wp-json\/wp\/v2\/media?parent=25438"}],"wp:term":[{"taxonomy":"category","embeddable":true,"href":"https:\/\/cogop.org\/pt\/wp-json\/wp\/v2\/categories?post=25438"},{"taxonomy":"post_tag","embeddable":true,"href":"https:\/\/cogop.org\/pt\/wp-json\/wp\/v2\/tags?post=25438"}],"curies":[{"name":"wp","href":"https:\/\/api.w.org\/{rel}","templated":true}]}}