{"id":33079,"date":"2026-03-08T08:00:59","date_gmt":"2026-03-08T08:00:59","guid":{"rendered":"https:\/\/cogop.org\/mexique-amerique-centrale-et-les-caraibes-hispanophone-campagne-missionnaire-de-mars\/"},"modified":"2026-03-08T08:00:59","modified_gmt":"2026-03-08T08:00:59","slug":"mexique-amerique-centrale-et-les-caraibes-hispanophone-campagne-missionnaire-de-mars","status":"publish","type":"post","link":"https:\/\/cogop.org\/fr\/mexique-amerique-centrale-et-les-caraibes-hispanophone-campagne-missionnaire-de-mars\/","title":{"rendered":"Mexique, Am\u00e9rique Centrale et les Cara\u00efbes hispanophone | Campagne Missionnaire de Mars"},"content":{"rendered":"<h2><b>Convention nationale du Costa Rica 2026<\/b> : Mission int\u00e9grale<span class=\"Apple-converted-space\"> <\/span><\/h2>\n<p>Mission int\u00e9grale \u00e9tait le th\u00e8me de la quatre- vingt-quatri\u00e8me convention nationale tenue r\u00e9cemment au Costa Rica. En tant que famille de foi, nous honorons Dieu pour Sa bont\u00e9 et son attention constante envers l\u2019\u00e9glise au Costa Rica. Lors de son discours d&rsquo;ouverture, l&rsquo;\u00e9v\u00eaque national Jos\u00e9 Romero a affirm\u00e9 : \u00ab Ce qui est sain grandira naturellement. \u00bb Par cette expression, il a renforc\u00e9 l&rsquo;appel \u00e0 servir avec d\u00e9votion et \u00e0 nourrir la croissance de l&rsquo;\u00e9glise par un leadership engag\u00e9, avec Christ au centre.   <\/p>\n<p>De m\u00eame, l&rsquo;\u00e9v\u00eaque Ben Feliz a soulign\u00e9 dans son premier message que l&rsquo;\u00e9glise devait \u00eatre inclusive dans l&rsquo;accomplissement de sa mission. Cette r\u00e9alit\u00e9 devient plus claire dans l&rsquo;histoire de la Pentec\u00f4te : des gens de toutes nations rassembl\u00e9s pour assister au d\u00e9versement du Saint-Esprit. Cela montre que parler de mission int\u00e9grale \u00e0 notre \u00e9poque n&rsquo;est pas une r\u00e9ponse \u00e0 une interpr\u00e9tation r\u00e9cente de la Parole, mais plut\u00f4t un retour aux valeurs du Royaume pr\u00e9sentes depuis le d\u00e9but du travail de l&rsquo;\u00c9glise.  <\/p>\n<p>Dans ce contexte, lors de la premi\u00e8re session de l&rsquo;apr\u00e8s-midi de la convention, le pasteur Harold Segura, conf\u00e9rencier invit\u00e9, a clairement expliqu\u00e9 \u00e0 quel point la mission \u00e9tait essentielle au minist\u00e8re de J\u00e9sus. Premi\u00e8rement, il a soulign\u00e9 que l&rsquo;\u00e9glise ne devrait pas privil\u00e9gier la strat\u00e9gie au d\u00e9triment de la compassion. J\u00e9sus s&rsquo;est concentr\u00e9 sur les gens : aider, enseigner et soulager leur souffrance. Il ne vint pas avec des plans complexes pour obtenir le pouvoir politique de son temps, mais pour apporter le salut au monde. De m\u00eame, il ne voulait pas condamner les p\u00e9cheurs. Au contraire, Il a d\u00e9plac\u00e9 l&rsquo;accent d&rsquo;une morale de la punition vers une morale de soin, accordant une plus grande importance \u00e0 la souffrance humaine qu&rsquo;\u00e0 la condamnation du p\u00e9ch\u00e9.    <\/p>\n<p>Lors de la session du soir, l&rsquo;\u00e9v\u00eaque Daniel Felipe, directeur ex\u00e9cutif des finances et de l&rsquo;administration, a transmis la Parole de Jean 5:1-18, qui raconte le miracle au bassin de B\u00e9thesda. Dans ce texte, il partageait trois v\u00e9rit\u00e9s fondamentales sur la mission de Dieu, invitant l&rsquo;\u00e9glise \u00e0 examiner sa compr\u00e9hension et sa pratique. <\/p>\n<p>Premi\u00e8rement, il a soulign\u00e9 que la mission de Dieu ne correspond pas \u00e0 nos moules religieux. B\u00e9thesda \u00e9tait consid\u00e9r\u00e9e comme un lieu impur. Cependant, J\u00e9sus choisit d&rsquo;y aller le sabbat, enfreignant les r\u00e8gles \u00e9tablies. <span class=\"Apple-converted-space\"> <\/span><\/p>\n<p>Il a \u00e9galement soulign\u00e9 que parfois l&rsquo;\u00e9glise accorde plus d&rsquo;importance au protocole qu&rsquo;\u00e0 la mission. L&rsquo;amour de Dieu, se souvenait-il, brise le protocole lorsqu&rsquo;il devient un obstacle \u00e0 la gr\u00e2ce et \u00e0 la restauration. <\/p>\n<p>Enfin, il a soulign\u00e9 que la mission de Dieu nous pousse \u00e0 reconna\u00eetre notre propre mission. Le rythme du minist\u00e8re, a-t-il dit, ne devrait pas \u00eatre guid\u00e9 uniquement par le besoin humain, mais par la mission que Dieu a d\u00e9termin\u00e9e pour chaque croyant. Il n&rsquo;est pas possible d&rsquo;accomplir cette mission si nous ne sommes pas li\u00e9s au Propri\u00e9taire de la mission.  <\/p>\n<p>Le deuxi\u00e8me jour de la convention, nous avons c\u00e9l\u00e9br\u00e9 la Foire des Entrepreneurs, un \u00e9v\u00e9nement destin\u00e9 \u00e0 promouvoir les entreprises fond\u00e9es par les fr\u00e8res et s\u0153urs de l&rsquo;\u00e9glise. Cette initiative refl\u00e8te, concr\u00e8tement, l&rsquo;orientation de la mission essentielle, reconnaissant que le soin de l&rsquo;\u00eatre humain englobe tous les aspects de la vie, y compris la dimension financi\u00e8re. <\/p>\n<p>Lors de la session du soir, l&rsquo;\u00e9v\u00eaque Ben Feliz a partag\u00e9 la Parole \u00e0 travers un sermon inspirant, rappelant aux pr\u00e9sents que, m\u00eame lorsque diverses figures politiques cherchent l&rsquo;\u00e9glise, celle-ci n&rsquo;est pas redevable \u00e0 des politiciens ou des partis, ni n&rsquo;existe pour atteindre la c\u00e9l\u00e9brit\u00e9 ou la grandeur. Le but de l&rsquo;\u00e9glise est d&rsquo;\u00eatre fid\u00e8le \u00e0 la mission que Dieu a confi\u00e9e. <\/p>\n<p>Il a \u00e9galement soulign\u00e9 que, dans le contexte actuel, l&rsquo;\u00e9glise ne devrait pas \u00eatre connue seulement pour ce qu&rsquo;elle condamne, mais pour ce qu&rsquo;elle fait : pour son t\u00e9moignage, son service et son engagement envers les besoins du peuple.<\/p>\n<p>Le dernier jour de la convention a commenc\u00e9 par un bapt\u00eame collectif, au cours duquel environ 85 personnes sont descendues dans les eaux pour \u00eatre baptis\u00e9es. Ce moment a marqu\u00e9 une \u00e9tape importante dans l&rsquo;avancement de l&rsquo;\u0153uvre de Dieu, alors que de nouveaux membres \u00e9taient int\u00e9gr\u00e9s \u00e0 l&rsquo;\u00c9glise de Dieu de la Proph\u00e9tie. <\/p>\n<p>Enfin, l&rsquo;\u00e9v\u00eaque Jos\u00e9 Romero a mod\u00e9r\u00e9 la session de cl\u00f4ture, exprimant que la saintet\u00e9 n&rsquo;est pas un effort unilat\u00e9ral mais vient de Dieu. Il a \u00e9galement soulign\u00e9 que la mission exige ob\u00e9issance et engagement. Individuellement, il n&rsquo;est pas toujours possible de br\u00fbler avec une force suffisante, mais unis, nous sommes forts. Dans un contexte marqu\u00e9 par la lassitude face \u00e0 des discours vides et orthodoxes, il se souvenait que ce qui touche le c\u0153ur des gens, ce ne sont pas seulement les paroles mais aussi les actions. Il conclut en affirmant : \u00ab Le feu le plus puissant ne fait pas de bruit, il br\u00fble en silence et il illumine tout. \u00bb   <span class=\"Apple-converted-space\"> <\/span><\/p>\n<h2><b>Centre \u00e9ducatif chr\u00e9tien de V\u00e9ron (CECRIVE) <\/b>: Une \u00e9glise pertinente r\u00e9pond au besoin d&rsquo;impacter sa communaut\u00e9<span class=\"Apple-converted-space\"> <\/span><\/h2>\n<p>Une \u00e9glise pertinente r\u00e9pond aux besoins r\u00e9els afin d&rsquo;avoir un impact sur sa communaut\u00e9.<\/p>\n<p>Lorsque l&rsquo;\u00c9glise vit fid\u00e8lement \u00e0 sa mission, elle transcende les murs de l&rsquo;\u00e9glise et devient une r\u00e9ponse concr\u00e8te aux besoins de sa communaut\u00e9. Elle proclame non seulement l&rsquo;espoir, mais le construit par des actions qui transforment les r\u00e9alit\u00e9s. <\/p>\n<p>Au d\u00e9but de l&rsquo;an 2000, la commune de Veron, dans la province de La Altagracia, manquait d&rsquo;espaces \u00e9ducatifs suffisants pour ses enfants. En cons\u00e9quence, de nombreux enfants ont \u00e9t\u00e9 exclus du syst\u00e8me scolaire. Face \u00e0 cette r\u00e9alit\u00e9, l&rsquo;\u00c9glise en vint \u00e0 la conviction qu&rsquo;il \u00e9tait possible et n\u00e9cessaire de r\u00e9pondre. Cette vision, partag\u00e9e avec le leadership pastoral et assum\u00e9e avec foi, a c\u00e9d\u00e9 la place en 2003 \u00e0 la cr\u00e9ation du Centre \u00c9ducatif Chr\u00e9tien de Veron (CECRIVE).   <\/p>\n<p>L&rsquo;\u00e9cole a \u00e9t\u00e9 fond\u00e9e comme un projet \u00e0 but non lucratif de bien-\u00eatre, d\u00e9butant par une salle de classe pour le niveau initial et accueillant des enfants \u00e2g\u00e9s de 4 \u00e0 5 ans. Elle ne d\u00e9coulait pas d&rsquo;une abondance de ressources, mais d&rsquo;une conviction ferme : offrir une formation int\u00e9grale o\u00f9 l&rsquo;apprentissage acad\u00e9mique irait de pair avec les valeurs humaines et une base biblique. <\/p>\n<p>Depuis, CECRIVE est devenue bien plus qu&rsquo;une simple institution \u00e9ducative. Il a \u00e9t\u00e9 un soutien pour les familles et une expression tangible d&rsquo;une \u00c9glise engag\u00e9e envers son environnement. Plus de vingt ans apr\u00e8s sa fondation, bien que le projet ne soit pas une initiative \u00e9conomiquement rentable, son impact social et humain reste \u00e9vident dans les g\u00e9n\u00e9rations qu&rsquo;il a form\u00e9es.  <\/p>\n<p>Ce t\u00e9moignage nous rappelle qu&rsquo;une \u00c9glise pertinente \u00e9coute, agit et sert. L\u00e0 o\u00f9 il y a un besoin, il y a aussi une opportunit\u00e9 pour que la foi prenne vie et transforme la communaut\u00e9. <\/p>\n<p>Actuellement, l&rsquo;\u00e9cole compte 505 \u00e9l\u00e8ves, ce qui t\u00e9moigne de son d\u00e9veloppement soutenu et de la confiance de la communaut\u00e9 dans son projet \u00e9ducatif. Ce travail \u00e9ducatif transcende la salle de classe, car le centre sert et accompagne directement plus de 450 familles, contribuant non seulement \u00e0 l&rsquo;\u00e9ducation acad\u00e9mique des \u00e9tudiants mais aussi \u00e0 leur formation int\u00e9grale dans les valeurs, renfor\u00e7ant ainsi le tissu social et l&rsquo;engagement communautaire. <\/p>\n<p>Cette croissance soutenue au fil des ann\u00e9es confirme la vision et l&rsquo;engagement de l&rsquo;organisation envers l&rsquo;\u00e9ducation int\u00e9grale de la communaut\u00e9. Apr\u00e8s avoir commenc\u00e9 avec une seule classe de maternelle, le centre dispose d\u00e9sormais d&rsquo;un niveau complet de maternelle et primaire, ainsi que du premier cycle du niveau secondaire et d&rsquo;une classe du deuxi\u00e8me cycle, montrant des progr\u00e8s significatifs et ordonn\u00e9s. En coh\u00e9rence avec cette trajectoire, la projection institutionnelle est orient\u00e9e vers l&rsquo;ach\u00e8vement de l&rsquo;offre de l&rsquo;enseignement secondaire, afin que les adolescents puissent rester au centre et y terminer leurs \u00e9tudes, sans avoir \u00e0 rejoindre d&rsquo;autres institutions, renfor\u00e7ant ainsi la continuit\u00e9 \u00e9ducative et un sentiment d&rsquo;appartenance communautaire. De plus, nous avons l&rsquo;intention de devenir un centre semi-priv\u00e9 comme strat\u00e9gie pour continuer \u00e0 renforcer la qualit\u00e9 de l&rsquo;\u00e9ducation et \u00e0 \u00e9tendre les services que nous offrons, sans perdre de vue notre mission sociale. Cette mesure r\u00e9pond \u00e0 notre engagement \u00e0 maintenir un mod\u00e8le \u00e9ducatif inclusif qui garantit l&rsquo;acc\u00e8s et la permanence aux enfants des familles travailleuses \u00e0 faibles revenus, garantissant que la croissance institutionnelle va toujours de pair avec l&rsquo;\u00e9quit\u00e9, la solidarit\u00e9 et le service \u00e0 la communaut\u00e9.    <\/p>\n<p>En r\u00e9sum\u00e9, le centre continue d&rsquo;avancer avec une vision claire centr\u00e9e sur Christ d&rsquo;une croissance responsable, engag\u00e9 dans l&rsquo;excellence \u00e9ducative et l&rsquo;inclusion, cherchant \u00e0 \u00e9largir son offre et \u00e0 am\u00e9liorer ses services sans cesser de servir les familles travailleuses qui ont \u00e9t\u00e9 et resteront le c\u0153ur de sa mission.<span class=\"Apple-converted-space\"> <\/span><\/p>\n","protected":false},"excerpt":{"rendered":"<p>Convention nationale du Costa Rica 2026 : Mission int\u00e9grale Mission int\u00e9grale \u00e9tait le th\u00e8me de la quatre- vingt-quatri\u00e8me convention nationale tenue r\u00e9cemment au Costa Rica. En tant que famille de foi, nous honorons Dieu pour Sa bont\u00e9 et son attention constante envers l\u2019\u00e9glise au Costa Rica. Lors de son discours d&rsquo;ouverture, l&rsquo;\u00e9v\u00eaque national Jos\u00e9 Romero [&hellip;]<\/p>\n","protected":false},"author":10,"featured_media":33078,"comment_status":"closed","ping_status":"open","sticky":false,"template":"","format":"standard","meta":{"_acf_changed":false,"_monsterinsights_skip_tracking":false,"_monsterinsights_sitenote_active":false,"_monsterinsights_sitenote_note":"","_monsterinsights_sitenote_category":0,"_uf_show_specific_survey":0,"_uf_disable_surveys":false,"footnotes":""},"categories":[157],"tags":[189],"class_list":["post-33079","post","type-post","status-publish","format-standard","has-post-thumbnail","hentry","category-amerique-centrale-fr","tag-le-messager-a-laile-blanche"],"acf":[],"yoast_head":"<!-- This site is optimized with the Yoast SEO plugin v27.4 - https:\/\/yoast.com\/product\/yoast-seo-wordpress\/ -->\n<title>Mexique, Am\u00e9rique Centrale et les Cara\u00efbes hispanophone | Campagne Missionnaire de Mars | COGOP<\/title>\n<meta name=\"robots\" content=\"index, follow, max-snippet:-1, max-image-preview:large, max-video-preview:-1\" \/>\n<link rel=\"canonical\" href=\"https:\/\/cogop.org\/fr\/mexique-amerique-centrale-et-les-caraibes-hispanophone-campagne-missionnaire-de-mars\/\" \/>\n<meta property=\"og:locale\" content=\"fr_FR\" \/>\n<meta property=\"og:type\" content=\"article\" \/>\n<meta property=\"og:title\" content=\"Mexique, Am\u00e9rique Centrale et les Cara\u00efbes hispanophone | Campagne Missionnaire de Mars | COGOP\" \/>\n<meta property=\"og:description\" content=\"Convention nationale du Costa Rica 2026 : Mission int\u00e9grale Mission int\u00e9grale \u00e9tait le th\u00e8me de la quatre- vingt-quatri\u00e8me convention nationale tenue r\u00e9cemment au Costa Rica. En tant que famille de foi, nous honorons Dieu pour Sa bont\u00e9 et son attention constante envers l\u2019\u00e9glise au Costa Rica. Lors de son discours d&rsquo;ouverture, l&rsquo;\u00e9v\u00eaque national Jos\u00e9 Romero [&hellip;]\" \/>\n<meta property=\"og:url\" content=\"https:\/\/cogop.org\/fr\/mexique-amerique-centrale-et-les-caraibes-hispanophone-campagne-missionnaire-de-mars\/\" \/>\n<meta property=\"og:site_name\" content=\"COGOP\" \/>\n<meta property=\"article:publisher\" content=\"https:\/\/www.facebook.com\/cogop\" \/>\n<meta property=\"article:published_time\" content=\"2026-03-08T08:00:59+00:00\" \/>\n<meta property=\"og:image\" content=\"https:\/\/cogop.org\/wp-content\/uploads\/2026\/03\/10-scaled.jpg\" \/>\n\t<meta property=\"og:image:width\" content=\"2560\" \/>\n\t<meta property=\"og:image:height\" content=\"1180\" \/>\n\t<meta property=\"og:image:type\" content=\"image\/jpeg\" \/>\n<meta name=\"author\" content=\"Charlie Scruggs\" \/>\n<meta name=\"twitter:card\" content=\"summary_large_image\" \/>\n<meta name=\"twitter:creator\" content=\"@cogop\" \/>\n<meta name=\"twitter:site\" content=\"@cogop\" \/>\n<meta name=\"twitter:label1\" content=\"\u00c9crit par\" \/>\n\t<meta name=\"twitter:data1\" content=\"Charlie Scruggs\" \/>\n\t<meta name=\"twitter:label2\" content=\"Dur\u00e9e de lecture estim\u00e9e\" \/>\n\t<meta name=\"twitter:data2\" content=\"8 minutes\" \/>\n<script type=\"application\/ld+json\" class=\"yoast-schema-graph\">{\"@context\":\"https:\\\/\\\/schema.org\",\"@graph\":[{\"@type\":\"Article\",\"@id\":\"https:\\\/\\\/cogop.org\\\/fr\\\/mexique-amerique-centrale-et-les-caraibes-hispanophone-campagne-missionnaire-de-mars\\\/#article\",\"isPartOf\":{\"@id\":\"https:\\\/\\\/cogop.org\\\/fr\\\/mexique-amerique-centrale-et-les-caraibes-hispanophone-campagne-missionnaire-de-mars\\\/\"},\"author\":{\"name\":\"Charlie Scruggs\",\"@id\":\"https:\\\/\\\/cogop.org\\\/#\\\/schema\\\/person\\\/6bfee56ce98d03b7d7dcd90594c4af6b\"},\"headline\":\"Mexique, Am\u00e9rique Centrale et les Cara\u00efbes hispanophone | Campagne Missionnaire de Mars\",\"datePublished\":\"2026-03-08T08:00:59+00:00\",\"mainEntityOfPage\":{\"@id\":\"https:\\\/\\\/cogop.org\\\/fr\\\/mexique-amerique-centrale-et-les-caraibes-hispanophone-campagne-missionnaire-de-mars\\\/\"},\"wordCount\":1590,\"publisher\":{\"@id\":\"https:\\\/\\\/cogop.org\\\/#organization\"},\"image\":{\"@id\":\"https:\\\/\\\/cogop.org\\\/fr\\\/mexique-amerique-centrale-et-les-caraibes-hispanophone-campagne-missionnaire-de-mars\\\/#primaryimage\"},\"thumbnailUrl\":\"https:\\\/\\\/cogop.org\\\/wp-content\\\/uploads\\\/2026\\\/03\\\/10-scaled.jpg\",\"keywords\":[\"Le Messager \u00e0 l'Aile Blanche\"],\"articleSection\":[\"Am\u00e9rique centrale\"],\"inLanguage\":\"fr-FR\"},{\"@type\":\"WebPage\",\"@id\":\"https:\\\/\\\/cogop.org\\\/fr\\\/mexique-amerique-centrale-et-les-caraibes-hispanophone-campagne-missionnaire-de-mars\\\/\",\"url\":\"https:\\\/\\\/cogop.org\\\/fr\\\/mexique-amerique-centrale-et-les-caraibes-hispanophone-campagne-missionnaire-de-mars\\\/\",\"name\":\"Mexique, Am\u00e9rique Centrale et les Cara\u00efbes hispanophone | Campagne Missionnaire de Mars | COGOP\",\"isPartOf\":{\"@id\":\"https:\\\/\\\/cogop.org\\\/#website\"},\"primaryImageOfPage\":{\"@id\":\"https:\\\/\\\/cogop.org\\\/fr\\\/mexique-amerique-centrale-et-les-caraibes-hispanophone-campagne-missionnaire-de-mars\\\/#primaryimage\"},\"image\":{\"@id\":\"https:\\\/\\\/cogop.org\\\/fr\\\/mexique-amerique-centrale-et-les-caraibes-hispanophone-campagne-missionnaire-de-mars\\\/#primaryimage\"},\"thumbnailUrl\":\"https:\\\/\\\/cogop.org\\\/wp-content\\\/uploads\\\/2026\\\/03\\\/10-scaled.jpg\",\"datePublished\":\"2026-03-08T08:00:59+00:00\",\"inLanguage\":\"fr-FR\",\"potentialAction\":[{\"@type\":\"ReadAction\",\"target\":[\"https:\\\/\\\/cogop.org\\\/fr\\\/mexique-amerique-centrale-et-les-caraibes-hispanophone-campagne-missionnaire-de-mars\\\/\"]}]},{\"@type\":\"ImageObject\",\"inLanguage\":\"fr-FR\",\"@id\":\"https:\\\/\\\/cogop.org\\\/fr\\\/mexique-amerique-centrale-et-les-caraibes-hispanophone-campagne-missionnaire-de-mars\\\/#primaryimage\",\"url\":\"https:\\\/\\\/cogop.org\\\/wp-content\\\/uploads\\\/2026\\\/03\\\/10-scaled.jpg\",\"contentUrl\":\"https:\\\/\\\/cogop.org\\\/wp-content\\\/uploads\\\/2026\\\/03\\\/10-scaled.jpg\",\"width\":2560,\"height\":1180},{\"@type\":\"BreadcrumbList\",\"@id\":\"https:\\\/\\\/cogop.org\\\/fr\\\/mexique-amerique-centrale-et-les-caraibes-hispanophone-campagne-missionnaire-de-mars\\\/#breadcrumb\",\"itemListElement\":[{\"@type\":\"ListItem\",\"position\":1,\"name\":\"Home\",\"item\":\"https:\\\/\\\/cogop.org\\\/\"},{\"@type\":\"ListItem\",\"position\":2,\"name\":\"Mexique, Am\u00e9rique Centrale et les Cara\u00efbes hispanophone | Campagne Missionnaire de Mars\"}]},{\"@type\":\"WebSite\",\"@id\":\"https:\\\/\\\/cogop.org\\\/#website\",\"url\":\"https:\\\/\\\/cogop.org\\\/\",\"name\":\"Church of God of Prophecy\",\"description\":\"Reconciling the World to Christ\",\"publisher\":{\"@id\":\"https:\\\/\\\/cogop.org\\\/#organization\"},\"alternateName\":\"COGOP\",\"potentialAction\":[{\"@type\":\"SearchAction\",\"target\":{\"@type\":\"EntryPoint\",\"urlTemplate\":\"https:\\\/\\\/cogop.org\\\/?s={search_term_string}\"},\"query-input\":{\"@type\":\"PropertyValueSpecification\",\"valueRequired\":true,\"valueName\":\"search_term_string\"}}],\"inLanguage\":\"fr-FR\"},{\"@type\":\"Organization\",\"@id\":\"https:\\\/\\\/cogop.org\\\/#organization\",\"name\":\"Church of God of Prophecy\",\"alternateName\":\"COGOP\",\"url\":\"https:\\\/\\\/cogop.org\\\/\",\"logo\":{\"@type\":\"ImageObject\",\"inLanguage\":\"fr-FR\",\"@id\":\"https:\\\/\\\/cogop.org\\\/#\\\/schema\\\/logo\\\/image\\\/\",\"url\":\"https:\\\/\\\/cogop.org\\\/wp-content\\\/uploads\\\/2025\\\/01\\\/logo-cogop.webp\",\"contentUrl\":\"https:\\\/\\\/cogop.org\\\/wp-content\\\/uploads\\\/2025\\\/01\\\/logo-cogop.webp\",\"width\":500,\"height\":118,\"caption\":\"Church of God of Prophecy\"},\"image\":{\"@id\":\"https:\\\/\\\/cogop.org\\\/#\\\/schema\\\/logo\\\/image\\\/\"},\"sameAs\":[\"https:\\\/\\\/www.facebook.com\\\/cogop\",\"https:\\\/\\\/x.com\\\/cogop\",\"https:\\\/\\\/www.instagram.com\\\/cogoppics\\\/\",\"https:\\\/\\\/www.youtube.com\\\/@COGOPMedia\",\"https:\\\/\\\/open.spotify.com\\\/user\\\/g1d13yyaprw0wrr2woer8edyp?si=a32b364b555f4d4d\"]},{\"@type\":\"Person\",\"@id\":\"https:\\\/\\\/cogop.org\\\/#\\\/schema\\\/person\\\/6bfee56ce98d03b7d7dcd90594c4af6b\",\"name\":\"Charlie Scruggs\",\"image\":{\"@type\":\"ImageObject\",\"inLanguage\":\"fr-FR\",\"@id\":\"https:\\\/\\\/secure.gravatar.com\\\/avatar\\\/5c625851004478f5bd86245a070a2090fcb008cf91bfabf0162fca05d324663b?s=96&d=mm&r=g\",\"url\":\"https:\\\/\\\/secure.gravatar.com\\\/avatar\\\/5c625851004478f5bd86245a070a2090fcb008cf91bfabf0162fca05d324663b?s=96&d=mm&r=g\",\"contentUrl\":\"https:\\\/\\\/secure.gravatar.com\\\/avatar\\\/5c625851004478f5bd86245a070a2090fcb008cf91bfabf0162fca05d324663b?s=96&d=mm&r=g\",\"caption\":\"Charlie Scruggs\"}}]}<\/script>\n<!-- \/ Yoast SEO plugin. -->","yoast_head_json":{"title":"Mexique, Am\u00e9rique Centrale et les Cara\u00efbes hispanophone | Campagne Missionnaire de Mars | COGOP","robots":{"index":"index","follow":"follow","max-snippet":"max-snippet:-1","max-image-preview":"max-image-preview:large","max-video-preview":"max-video-preview:-1"},"canonical":"https:\/\/cogop.org\/fr\/mexique-amerique-centrale-et-les-caraibes-hispanophone-campagne-missionnaire-de-mars\/","og_locale":"fr_FR","og_type":"article","og_title":"Mexique, Am\u00e9rique Centrale et les Cara\u00efbes hispanophone | Campagne Missionnaire de Mars | COGOP","og_description":"Convention nationale du Costa Rica 2026 : Mission int\u00e9grale Mission int\u00e9grale \u00e9tait le th\u00e8me de la quatre- vingt-quatri\u00e8me convention nationale tenue r\u00e9cemment au Costa Rica. En tant que famille de foi, nous honorons Dieu pour Sa bont\u00e9 et son attention constante envers l\u2019\u00e9glise au Costa Rica. Lors de son discours d&rsquo;ouverture, l&rsquo;\u00e9v\u00eaque national Jos\u00e9 Romero [&hellip;]","og_url":"https:\/\/cogop.org\/fr\/mexique-amerique-centrale-et-les-caraibes-hispanophone-campagne-missionnaire-de-mars\/","og_site_name":"COGOP","article_publisher":"https:\/\/www.facebook.com\/cogop","article_published_time":"2026-03-08T08:00:59+00:00","og_image":[{"width":2560,"height":1180,"url":"https:\/\/cogop.org\/wp-content\/uploads\/2026\/03\/10-scaled.jpg","type":"image\/jpeg"}],"author":"Charlie Scruggs","twitter_card":"summary_large_image","twitter_creator":"@cogop","twitter_site":"@cogop","twitter_misc":{"\u00c9crit par":"Charlie Scruggs","Dur\u00e9e de lecture estim\u00e9e":"8 minutes"},"schema":{"@context":"https:\/\/schema.org","@graph":[{"@type":"Article","@id":"https:\/\/cogop.org\/fr\/mexique-amerique-centrale-et-les-caraibes-hispanophone-campagne-missionnaire-de-mars\/#article","isPartOf":{"@id":"https:\/\/cogop.org\/fr\/mexique-amerique-centrale-et-les-caraibes-hispanophone-campagne-missionnaire-de-mars\/"},"author":{"name":"Charlie Scruggs","@id":"https:\/\/cogop.org\/#\/schema\/person\/6bfee56ce98d03b7d7dcd90594c4af6b"},"headline":"Mexique, Am\u00e9rique Centrale et les Cara\u00efbes hispanophone | Campagne Missionnaire de Mars","datePublished":"2026-03-08T08:00:59+00:00","mainEntityOfPage":{"@id":"https:\/\/cogop.org\/fr\/mexique-amerique-centrale-et-les-caraibes-hispanophone-campagne-missionnaire-de-mars\/"},"wordCount":1590,"publisher":{"@id":"https:\/\/cogop.org\/#organization"},"image":{"@id":"https:\/\/cogop.org\/fr\/mexique-amerique-centrale-et-les-caraibes-hispanophone-campagne-missionnaire-de-mars\/#primaryimage"},"thumbnailUrl":"https:\/\/cogop.org\/wp-content\/uploads\/2026\/03\/10-scaled.jpg","keywords":["Le Messager \u00e0 l'Aile Blanche"],"articleSection":["Am\u00e9rique centrale"],"inLanguage":"fr-FR"},{"@type":"WebPage","@id":"https:\/\/cogop.org\/fr\/mexique-amerique-centrale-et-les-caraibes-hispanophone-campagne-missionnaire-de-mars\/","url":"https:\/\/cogop.org\/fr\/mexique-amerique-centrale-et-les-caraibes-hispanophone-campagne-missionnaire-de-mars\/","name":"Mexique, Am\u00e9rique Centrale et les Cara\u00efbes hispanophone | Campagne Missionnaire de Mars | COGOP","isPartOf":{"@id":"https:\/\/cogop.org\/#website"},"primaryImageOfPage":{"@id":"https:\/\/cogop.org\/fr\/mexique-amerique-centrale-et-les-caraibes-hispanophone-campagne-missionnaire-de-mars\/#primaryimage"},"image":{"@id":"https:\/\/cogop.org\/fr\/mexique-amerique-centrale-et-les-caraibes-hispanophone-campagne-missionnaire-de-mars\/#primaryimage"},"thumbnailUrl":"https:\/\/cogop.org\/wp-content\/uploads\/2026\/03\/10-scaled.jpg","datePublished":"2026-03-08T08:00:59+00:00","inLanguage":"fr-FR","potentialAction":[{"@type":"ReadAction","target":["https:\/\/cogop.org\/fr\/mexique-amerique-centrale-et-les-caraibes-hispanophone-campagne-missionnaire-de-mars\/"]}]},{"@type":"ImageObject","inLanguage":"fr-FR","@id":"https:\/\/cogop.org\/fr\/mexique-amerique-centrale-et-les-caraibes-hispanophone-campagne-missionnaire-de-mars\/#primaryimage","url":"https:\/\/cogop.org\/wp-content\/uploads\/2026\/03\/10-scaled.jpg","contentUrl":"https:\/\/cogop.org\/wp-content\/uploads\/2026\/03\/10-scaled.jpg","width":2560,"height":1180},{"@type":"BreadcrumbList","@id":"https:\/\/cogop.org\/fr\/mexique-amerique-centrale-et-les-caraibes-hispanophone-campagne-missionnaire-de-mars\/#breadcrumb","itemListElement":[{"@type":"ListItem","position":1,"name":"Home","item":"https:\/\/cogop.org\/"},{"@type":"ListItem","position":2,"name":"Mexique, Am\u00e9rique Centrale et les Cara\u00efbes hispanophone | Campagne Missionnaire de Mars"}]},{"@type":"WebSite","@id":"https:\/\/cogop.org\/#website","url":"https:\/\/cogop.org\/","name":"Church of God of Prophecy","description":"Reconciling the World to Christ","publisher":{"@id":"https:\/\/cogop.org\/#organization"},"alternateName":"COGOP","potentialAction":[{"@type":"SearchAction","target":{"@type":"EntryPoint","urlTemplate":"https:\/\/cogop.org\/?s={search_term_string}"},"query-input":{"@type":"PropertyValueSpecification","valueRequired":true,"valueName":"search_term_string"}}],"inLanguage":"fr-FR"},{"@type":"Organization","@id":"https:\/\/cogop.org\/#organization","name":"Church of God of Prophecy","alternateName":"COGOP","url":"https:\/\/cogop.org\/","logo":{"@type":"ImageObject","inLanguage":"fr-FR","@id":"https:\/\/cogop.org\/#\/schema\/logo\/image\/","url":"https:\/\/cogop.org\/wp-content\/uploads\/2025\/01\/logo-cogop.webp","contentUrl":"https:\/\/cogop.org\/wp-content\/uploads\/2025\/01\/logo-cogop.webp","width":500,"height":118,"caption":"Church of God of Prophecy"},"image":{"@id":"https:\/\/cogop.org\/#\/schema\/logo\/image\/"},"sameAs":["https:\/\/www.facebook.com\/cogop","https:\/\/x.com\/cogop","https:\/\/www.instagram.com\/cogoppics\/","https:\/\/www.youtube.com\/@COGOPMedia","https:\/\/open.spotify.com\/user\/g1d13yyaprw0wrr2woer8edyp?si=a32b364b555f4d4d"]},{"@type":"Person","@id":"https:\/\/cogop.org\/#\/schema\/person\/6bfee56ce98d03b7d7dcd90594c4af6b","name":"Charlie Scruggs","image":{"@type":"ImageObject","inLanguage":"fr-FR","@id":"https:\/\/secure.gravatar.com\/avatar\/5c625851004478f5bd86245a070a2090fcb008cf91bfabf0162fca05d324663b?s=96&d=mm&r=g","url":"https:\/\/secure.gravatar.com\/avatar\/5c625851004478f5bd86245a070a2090fcb008cf91bfabf0162fca05d324663b?s=96&d=mm&r=g","contentUrl":"https:\/\/secure.gravatar.com\/avatar\/5c625851004478f5bd86245a070a2090fcb008cf91bfabf0162fca05d324663b?s=96&d=mm&r=g","caption":"Charlie Scruggs"}}]}},"_links":{"self":[{"href":"https:\/\/cogop.org\/fr\/wp-json\/wp\/v2\/posts\/33079","targetHints":{"allow":["GET"]}}],"collection":[{"href":"https:\/\/cogop.org\/fr\/wp-json\/wp\/v2\/posts"}],"about":[{"href":"https:\/\/cogop.org\/fr\/wp-json\/wp\/v2\/types\/post"}],"author":[{"embeddable":true,"href":"https:\/\/cogop.org\/fr\/wp-json\/wp\/v2\/users\/10"}],"replies":[{"embeddable":true,"href":"https:\/\/cogop.org\/fr\/wp-json\/wp\/v2\/comments?post=33079"}],"version-history":[{"count":0,"href":"https:\/\/cogop.org\/fr\/wp-json\/wp\/v2\/posts\/33079\/revisions"}],"wp:featuredmedia":[{"embeddable":true,"href":"https:\/\/cogop.org\/fr\/wp-json\/wp\/v2\/media\/33078"}],"wp:attachment":[{"href":"https:\/\/cogop.org\/fr\/wp-json\/wp\/v2\/media?parent=33079"}],"wp:term":[{"taxonomy":"category","embeddable":true,"href":"https:\/\/cogop.org\/fr\/wp-json\/wp\/v2\/categories?post=33079"},{"taxonomy":"post_tag","embeddable":true,"href":"https:\/\/cogop.org\/fr\/wp-json\/wp\/v2\/tags?post=33079"}],"curies":[{"name":"wp","href":"https:\/\/api.w.org\/{rel}","templated":true}]}}