{"id":30899,"date":"2025-10-20T08:00:54","date_gmt":"2025-10-20T08:00:54","guid":{"rendered":"https:\/\/cogop.org\/eurasie-et-le-moyen-orient-campagne-missionnaire-doctobre\/"},"modified":"2025-10-20T08:00:54","modified_gmt":"2025-10-20T08:00:54","slug":"eurasie-et-le-moyen-orient-campagne-missionnaire-doctobre","status":"publish","type":"post","link":"https:\/\/cogop.org\/fr\/eurasie-et-le-moyen-orient-campagne-missionnaire-doctobre\/","title":{"rendered":"Eurasie et le Moyen-Orient : campagne missionnaire d&rsquo;octobre"},"content":{"rendered":"<p>L\u2019Eurasie et le Moyen-Orient ont connu un \u00e9t\u00e9 bien rempli avec des conventions, des \u00e9v\u00e8nements, des retraites familiales et des camps. Malgr\u00e9 deux guerres en cours dans notre r\u00e9gion et de nombreuses tensions religieuses et politiques, nous sommes reconnaissants pour tout ce que le Seigneur accomplit. Voici quelques t\u00e9moignages provenant de nos nations :  <\/p>\n<p><b>Azerba\u00efdjan<\/b><\/p>\n<p>Le pasteur Jeyhun et sa famille vivent dans un pays musulman o\u00f9 il est tr\u00e8s difficile de partager l\u2019\u00c9vangile. Cependant, cet \u00e9t\u00e9, ils ont organis\u00e9 un camp pour enfants o\u00f9 ils ont partag\u00e9 la Parole de Dieu ! Merci de continuer \u00e0 prier pour lui et sa famille. Voici son t\u00e9moignage personnel :   <\/p>\n<p>Bonjour \u00e0 tous ! Du 2 au 5 juin, notre \u00e9quipe de jeunes a organis\u00e9 un camp dans la r\u00e9gion de Gusar (\u00e0 180km de Bakou). Plus de 50 personnes ont particip\u00e9 au camp, dont 10 responsables et plus de 40 enfants. Nous nous attendions \u00e0 accueillir jusqu\u2019\u00e0 30 enfants, mais ils \u00e9taient plus de 40. Certains d\u2019entre eux venaient de familles musulmanes. Le camp \u00e9tait tr\u00e8s int\u00e9ressant, rempli de jeux, de t\u00e9moignages de salut, d\u2019histoires bibliques, d\u2019histoires sur J\u00e9sus et de communications personnelles. Plusieurs enfants ont fait la pri\u00e8re de repentance. Apr\u00e8s le camp, les responsables de l\u2019\u00e9quipe continuent \u00e0 communiquer avec les enfants en ligne.       <\/p>\n<p><b>Ukraine<\/b><\/p>\n<p>Cet \u00e9t\u00e9, notre directrice nationale de la jeunesse, Irina, et son mari, accompagn\u00e9s d\u2019une \u00e9quipe formidable, ont organis\u00e9 un camp d\u2019\u00e9t\u00e9 pour les jeunes. Plus de 70 personnes se sont r\u00e9unies. Les d\u00e9placements sont difficiles en raison de la guerre, des rues d\u00e9truites et des alertes \u00e0 la bombe constantes, mais le Seigneur a assur\u00e9 la s\u00e9curit\u00e9 des voyages. Nous servons un Dieu qui est toujours fid\u00e8le. Les jeunes se sont r\u00e9unis et ont dormi dans des tentes, fait de l\u2019artisanat, fait du kayak, approfondi leur foi dans des ateliers, fait l\u2019exp\u00e9rience du Saint-Esprit dans leur culte et leurs services, et huit nouveaux adolescents ont donn\u00e9 leur vie \u00e0 Christ.     <\/p>\n<p>Nos \u00e9glises, nos responsables et nos pasteurs travaillent avec passion et d\u00e9vouement en cette p\u00e9riode difficile. Ils consacrent leur vie \u00e0 leurs \u00e9glises, \u00e0 leurs communaut\u00e9s et \u00e0 l\u2019\u00e9vang\u00e9lisation des perdus. Le r\u00e9veil a commenc\u00e9 en Ukraine, continuez \u00e0 prier pour nos \u00e9glises et nos familles l\u00e0-bas. Priez pour la paix et la protection.    <\/p>\n<p><b>Bulgarie<\/b><\/p>\n<p>Chaleureuses salutations chr\u00e9tiennes de Bulgarie. Nous esp\u00e9rons que vous, vos familles et votre \u00e9glise allez bien !<\/p>\n<p>Merci beaucoup pour votre soutien financier et spirituel \u00e0 notre pays au cours des derniers mois. Nous aimerions vous informer de nos activit\u00e9s pendant cette p\u00e9riode. <\/p>\n<ul>\n<li><b>Bapt\u00eame d\u2019eau pour les nouveaux membres <\/b>Les bapt\u00eames se d\u00e9roulent dans les \u00e9glises et dans le Danube. L\u2019objectif de l\u2019\u00e9glise est d\u2019ajouter de nouveaux membres au Royaume. Les nouveaux croyants re\u00e7oivent le bapt\u00eame dans l\u2019eau dans l\u2019\u00e9glise s\u2019il y a un bassin. Sinon, il y a des rivi\u00e8res en Bulgarie et les pasteurs des petites \u00e9glises pratiquent l\u00e0-bas.   <\/li>\n<li><b>\u00c9vang\u00e9lisation en plein air dans quelques villages<\/b>. Au printemps et en \u00e9t\u00e9, le temps est cl\u00e9ment et de nombreuses r\u00e9unions d\u2019\u00e9vang\u00e9lisation ont eu lieu en plein air dans les villages de Lehchevo, la ville de Lom et d\u2019autres.  <\/li>\n<li><b>R\u00e9unions de femmes<\/b> \u00e0 Slivo Pole et Rousse. Lors de la Journ\u00e9e de la femme en mars, des r\u00e9unions sp\u00e9ciales ont \u00e9t\u00e9 organis\u00e9es pour nos femmes. Ce fut une b\u00e9n\u00e9diction pour elles.  <\/li>\n<li><b>C\u00e9l\u00e9bration de P\u00e2ques dans toutes les EDP de Bulgarie <\/b>P\u00e2ques fut c\u00e9l\u00e9br\u00e9 dans toutes les EDP de Bulgarie avec des programmes pour les enfants et les jeunes, comprenant des louanges, des danses et des pi\u00e8ces de th\u00e9\u00e2tre. Dans les rues de la ville de Lom, la crucifixion de J\u00e9sus a \u00e9t\u00e9 repr\u00e9sent\u00e9e et de nombreuses nouvelles personnes ont \u00e9t\u00e9 touch\u00e9es par cette pi\u00e8ce.  <\/li>\n<li><b>Cadeaux de P\u00e2ques pour les enfants pauvres de notre r\u00e9gion <\/b>Il y a beaucoup d\u2019enfants pauvres dans les villages qui vivent au bord de la pauvret\u00e9. Ils ont \u00e9cout\u00e9 l\u2019histoire de la r\u00e9surrection de J\u00e9sus-Christ et ont re\u00e7u de petits cadeaux. Ce fut une b\u00e9n\u00e9diction pour eux. <\/li>\n<\/ul>\n<p><b>Conf\u00e9rence pastorale <\/b>Au d\u00e9but du mois de mai, une conf\u00e9rence pastorale a eu lieu dans l\u2019\u00e9glise m\u00e8re de Rousse avec le minist\u00e8re du presbyt\u00e8re g\u00e9n\u00e9ral, l\u2019\u00e9v\u00eaque Clayton Endecott. Il s\u2019agissait du troisi\u00e8me module du programme pastoral et les pasteurs de l\u2019\u00c9glise de Dieu de la Proph\u00e9tie en Bulgarie continuent \u00e0 progresser dans la pr\u00e9dication de l\u2019\u00c9vangile. L\u2019atmosph\u00e8re \u00e9tait agr\u00e9able et tr\u00e8s b\u00e9nie.  <\/p>\n<p><b>S\u00e9minaire sur les dons spirituels et la croissance spirituelle <\/b>Le 10 Mai, un s\u00e9minaire sur les dons spirituels et la croissance spirituelle a \u00e9t\u00e9 organis\u00e9 dans les \u00e9glises locales. Des croyants de toutes les \u00e9glises de notre ville ont particip\u00e9 \u00e0 cette belle conf\u00e9rence. <\/p>\n<p><b>Lecture publique de la Bible <\/b>Le 24 mai est un jour consacr\u00e9 \u00e0 la c\u00e9l\u00e9bration de la cr\u00e9ation de l\u2019alphabet bulgare par les fr\u00e8res Ciril et Metody. Pour la deuxi\u00e8me fois \u00e0 Rousse, avec l\u2019autorisation du maire et la participation de toutes les \u00e9glises de la ville, une lecture de la Bible a \u00e9t\u00e9 organis\u00e9e. Le temps n\u2019\u00e9tait pas tr\u00e8s cl\u00e9ment et il pleuvait, mais de nombreuses personnes ont assist\u00e9 \u00e0 cette activit\u00e9.  <\/p>\n<p><b>Rencontres avec les jeunes <\/b>Dans chaque EDP ici, de nouveaux jeunes rejoignent l\u2019\u00e9glise. \u00c0 Rousse, les rencontres avec les jeunes sont tr\u00e8s fructueuses et le nombre d\u2019adolescents parmi nous augmente. <\/p>\n<p><b>La r\u00e9novation de deux salles \u00e0 Rousse se poursuit <\/b>Le toit de l\u2019ensemble du b\u00e2timent doit \u00eatre enti\u00e8rement r\u00e9par\u00e9. L\u2019\u00e9t\u00e9 est une p\u00e9riode propice au projet de r\u00e9novation, mais les fonds sont limit\u00e9s. <\/p>\n<p><b>Nos besoins :<\/b><\/p>\n<p>La paix en Ukraine, en Isra\u00ebl et dans le monde !<\/p>\n<p>Diffuser l\u2019\u00c9vangile dans tous les villages et toutes les villes de notre pays afin que de plus en plus de personnes r\u00e9pondent \u00e0 l\u2019\u00c9vangile et rejoignent les \u00e9glises.<\/p>\n<p>Soutenir financi\u00e8rement le remplacement du toit du b\u00e2timent de l\u2019\u00e9glise m\u00e8re \u00e0 Rousse. Cela est particuli\u00e8rement n\u00e9cessaire car le toit est en tr\u00e8s mauvais \u00e9tat et, lorsqu\u2019il pleut, de l\u2019eau s\u2019\u00e9coule sur la chaire.  <\/p>\n<p>Soutien \u00e0 la reconstruction de la maison pour le minist\u00e8re des enfants \u00e0 Vetovo. Dans cette \u00e9glise, il y a beaucoup d\u2019enfants, mais il n\u2019y a pas assez de place pour le minist\u00e8re des enfants, car il n\u2019y a qu\u2019une seule grande salle pour les services. Il y a une petite maison \u00e0 c\u00f4t\u00e9 de l\u2019\u00e9glise, mais elle doit \u00eatre reconstruite.  <\/p>\n<p>Au nom de tous les pasteurs de l\u2019EDP en Bulgarie, nous vous exprimons notre GRAND merci pour votre aide financi\u00e8re au minist\u00e8re en Bulgarie. Continuons \u00e0 prier les uns pour les autres pour nos besoins spirituels et financiers. <\/p>\n<p>\u00c9v\u00eaque national Darin Ivanov<\/p>\n<p><b>Espagne et Portugal<\/b><\/p>\n<p>\u00ab Que les hommes nous consid\u00e8rent comme les ministres de Christ et les administrateurs des myst\u00e8res de Dieu. Il est exig\u00e9 des administrateurs qu\u2019ils soient trouv\u00e9s fid\u00e8les. \u00bb (1 Corinthiens 4:1, 2)<\/p>\n<p>Nous sommes maintenant \u00e0 huit mois de l\u2019ann\u00e9e 2025, une ann\u00e9e que nous avons embrass\u00e9e avec foi, demandant \u00e0 Dieu d\u2019\u00eatre une \u00c9glise <b>guid\u00e9e par le Saint-Esprit vers un minist\u00e8re d\u2019excellence<\/b>. Au cours des trois derni\u00e8res ann\u00e9es, le Seigneur nous a guid\u00e9s avec diff\u00e9rents accents qui ont fa\u00e7onn\u00e9 nos vies et renforc\u00e9 nos processus dans le travail, produisant des signes de croissance qui nous encouragent \u00e0 aller de l\u2019avant avec un c\u0153ur renouvel\u00e9, une nouvelle force et une vision de restauration. Nous nous souvenons de la promesse d\u2019\u00c9sa\u00efe 61:3, 4 :  <span class=\"Apple-converted-space\"> <\/span><\/p>\n<p>\u00ab Pour donner \u00e0 ceux qui pleurent \u00e0 Sion, pour leur donner la beaut\u00e9 au lieu de cendres, l\u2019huile de joie au lieu de deuil, le v\u00eatement de louange au lieu d\u2019un esprit abattu ; afin qu\u2019ils soient appel\u00e9s arbres de justice, la plantation de l\u2019\u00c9ternel, pour qu\u2019il soit glorifi\u00e9. Ils reb\u00e2tiront les ruines anciennes, ils rel\u00e8veront les d\u00e9vastations anciennes, ils r\u00e9pareront les ruines des g\u00e9n\u00e9rations pass\u00e9es. \u00bb <\/p>\n<p><b>Espagne<\/b><\/p>\n<p>Nous avons <b>586 membres <\/b>en Espagne et nous avons : <\/p>\n<ul>\n<li><b>Sept \u00e9glises organis\u00e9es<\/b> : Elche, Vireyamat (Barcelone), Su Presencia (Barcelone), Vallecas, Madrid, Saragosse, Majorque et Valence<\/li>\n<li><b>Cinq missions organis\u00e9es<\/b> : Su Presencia (Madrid), Donostia (Pays basque), Figueres (Catalogne), Gerona (Catalogne) et Baza (Andalousie).<\/li>\n<li><b>Trois groupes en cours d\u2019organisation<\/b> : Alicante, Monzon (Aragon) et Adonai (Barcelone)<\/li>\n<li><b>Trois champs missionnaires dans des foyers<\/b> Tol\u00e8de, Alcal\u00e1 de Henares et S\u00e9ville<\/li>\n<li><b>Ouverture possible<\/b> : Murcie Centro<\/li>\n<\/ul>\n<p>Il y a quatre ans, nous avions <b>neuf groupes de pr\u00e9dication<\/b> et <b>200 membres<\/b> ; aujourd\u2019hui, pour la gloire de Dieu, nous avons <b>18 points de pr\u00e9dication<\/b> et <b>586 membres<\/b>, sans compter les nouveaux convertis et les amis de la foi. Nous continuons \u00e0 donner la priorit\u00e9 \u00e0 la l\u00e9galisation des temples, \u00e0 la recherche de nouveaux espaces et \u00e0 l\u2019\u00e9vang\u00e9lisation par le biais de l\u2019association <b>La Mesa y El Camino<\/b>. \u00c0 Murcie Centro, le discipulat a commenc\u00e9 avec un couple qui a ouvert sa maison apr\u00e8s nos efforts d\u2019\u00e9vang\u00e9lisation ; le <b>pasteur Carlos Mendoza <\/b>assure la continuit\u00e9 de ce processus.  <\/p>\n<p><a href=\"https:\/\/vimeo.com\/1124177549?autoplay=1&amp;muted=1&amp;stream_id=Y2xpcHN8MzQzMjEwOTF8aWQ6ZGVzY3xbXQ%3D%3D\"><b>VID\u00c9O D&rsquo;ESPAGNE<\/b><\/a><\/p>\n<p>&nbsp;<\/p>\n<p><b>Portugal<\/b><\/p>\n<p>L\u2019\u00e9glise au Portugal maintient un t\u00e9moignage fort avec <b>29 membres actifs<\/b> et un accent soutenu sur la formation :<\/p>\n<ul>\n<li><b>Fondements : Programme de d\u00e9veloppement des ministres<\/b> \u2013 <b>17 \u00e9tudiants en ligne <\/b>et <b>11 \u00e9tudiants sur place<\/b><\/li>\n<li>En mai, l\u2019\u00e9v\u00eaque Hernandes Fernandes (Br\u00e9sil) a enseign\u00e9 le cours \u00ab La vie personnelle du ministre \u00bb<span class=\"Apple-converted-space\"> <\/span><\/li>\n<li>Nous sommes reconnaissants de la fid\u00e9lit\u00e9 du<b> pasteur Ramanh Moreira<\/b> et de son \u00e9pouse, <b>Renata<\/b>, qui soutiennent le travail et encouragent la vision missionnaire.<\/li>\n<\/ul>\n<p>&nbsp;<\/p>\n<p><b>Get Plugged In<\/b><\/p>\n<p>Tous les deux ans, nous parrainons une conf\u00e9rence pour les jeunes dans les pays de l&rsquo;Eurasie et du Moyen Orient. Nous traversons une p\u00e9riode difficile en Europe. Les guerres ont un impact consid\u00e9rable sur nos nations, nos c\u0153urs, nos \u00e9glises, notre \u00e9conomie et nos fronti\u00e8res. Toutes ces difficult\u00e9s ont compliqu\u00e9 l\u2019organisation de notre conf\u00e9rence biannuelle pour les jeunes. Mais plus les obstacles sont grands, plus les b\u00e9n\u00e9dictions de Dieu sont importantes.    <\/p>\n<p>Nous sommes honor\u00e9s de vous annoncer que 380 personnes de 17 pays diff\u00e9rents se sont r\u00e9unies pour adorer J\u00e9sus-Christ. Notre programme et nos services ont \u00e9t\u00e9 traduits en 8 langues diff\u00e9rentes. Au nom du minist\u00e8re de la jeunesse de l&rsquo;Eurasie et du Moyen Orient, nous rendons hommage et exprimons notre gratitude \u00e0 l\u2019\u00e9v\u00eaque Kirk Rising, directeur international du minist\u00e8re de la jeunesse, qui s\u2019est investi, a eu un impact et a dirig\u00e9 la conf\u00e9rence aux c\u00f4t\u00e9s de notre \u00e9quipe. Ses pri\u00e8res, ses encouragements et son amour ont permis \u00e0 cet \u00e9v\u00e9nement de se r\u00e9aliser malgr\u00e9 les grands d\u00e9fis. De plus, nous rendons hommage \u00e0 notre \u00e9v\u00eaque, le presbyt\u00e8re g\u00e9n\u00e9ral Endecott, et \u00e0 son \u00e9pouse, s\u0153ur Wanda, qui ont investi financi\u00e8rement et spirituellement pour \u00e9tablir la prochaine g\u00e9n\u00e9ration de serviteurs en Europe.    <\/p>\n<p>C\u2019est un honneur de servir aux c\u00f4t\u00e9s d\u2019une famille engag\u00e9e dans le minist\u00e8re g\u00e9n\u00e9rationnel. Nous servons un Dieu de g\u00e9n\u00e9rations et nous nous sentons b\u00e9nis de pouvoir appeler tout le monde \u00ab famille \u00bb. \u00ab Nous avons cherch\u00e9 le Seigneur, et il nous a r\u00e9pondu \u00bb (Psaume 34:4).  <\/p>\n<p>Une fois de plus cette ann\u00e9e, des jeunes et des jeunes adultes ont re\u00e7u un appel au minist\u00e8re, des vies ont \u00e9t\u00e9 sauv\u00e9es, beaucoup ont \u00e9t\u00e9 remplis du Saint-Esprit, des gu\u00e9risons ont \u00e9t\u00e9 partag\u00e9es, et de nombreux autres t\u00e9moignages peuvent \u00eatre rapport\u00e9s \u00e0 propos de la conf\u00e9rence.<\/p>\n<p>Parall\u00e8lement \u00e0 notre programme pour les jeunes, nous avons \u00e9galement eu l\u2019honneur de travailler avec nos responsables du Minist\u00e8re des Enfants, Joy Hensley et Rebekka Leuschner. Elles ont \u0153uvr\u00e9 pour former de nouveaux responsables.<\/p>\n<p>\u00ab L\u00e8ve-toi, resplendis, car ta lumi\u00e8re est venue, et la gloire de l\u2019\u00c9ternel s\u2019est lev\u00e9e sur toi \u00bb (\u00c9sa\u00efe 60:1). L\u00e8ve-toi, prochaine g\u00e9n\u00e9ration d\u2019Europe, car la gloire de l\u2019\u00c9ternel resplendit sur toi. Joignez-vous \u00e0 nous dans la pri\u00e8re alors que cette nouvelle g\u00e9n\u00e9ration continue \u00e0 se former et \u00e0 se pr\u00e9parer \u00e0 \u00ab SE LEVER \u00bb pour notre Sauveur.  <\/p>\n<p>Nos cultes ont \u00e9t\u00e9 diffus\u00e9s en direct sur notre compte YouTube. Nous vous invitons \u00e0 regarder les vid\u00e9os <span class=\"Apple-converted-space\"> <\/span><\/p>\n<p>@YMCOGOPEU:<\/p>\n<p>https:\/\/www.youtube.com\/@YMCOGOPEU\/streams.<\/p>\n<p>Tessa et Jo Dietze<span class=\"Apple-converted-space\"> <\/span><\/p>\n<p>Minist\u00e8re de la Jeunesse d\u2019Eurasie et du Moyen Orient<span class=\"Apple-converted-space\"> <\/span><\/p>\n","protected":false},"excerpt":{"rendered":"<p>L\u2019Eurasie et le Moyen-Orient ont connu un \u00e9t\u00e9 bien rempli avec des conventions, des \u00e9v\u00e8nements, des retraites familiales et des camps. Malgr\u00e9 deux guerres en cours dans notre r\u00e9gion et de nombreuses tensions religieuses et politiques, nous sommes reconnaissants pour tout ce que le Seigneur accomplit. Voici quelques t\u00e9moignages provenant de nos nations : Azerba\u00efdjan [&hellip;]<\/p>\n","protected":false},"author":10,"featured_media":30388,"comment_status":"closed","ping_status":"open","sticky":false,"template":"","format":"standard","meta":{"_acf_changed":false,"_monsterinsights_skip_tracking":false,"_monsterinsights_sitenote_active":false,"_monsterinsights_sitenote_note":"","_monsterinsights_sitenote_category":0,"_uf_show_specific_survey":0,"_uf_disable_surveys":false,"footnotes":""},"categories":[146],"tags":[144],"class_list":["post-30899","post","type-post","status-publish","format-standard","has-post-thumbnail","hentry","category-missions-mondiales","tag-eurasie"],"acf":[],"yoast_head":"<!-- This site is optimized with the Yoast SEO plugin v27.4 - https:\/\/yoast.com\/product\/yoast-seo-wordpress\/ -->\n<title>Eurasie et le Moyen-Orient : campagne missionnaire d&#039;octobre | COGOP<\/title>\n<meta name=\"robots\" content=\"index, follow, max-snippet:-1, max-image-preview:large, max-video-preview:-1\" \/>\n<link rel=\"canonical\" href=\"https:\/\/cogop.org\/fr\/eurasie-et-le-moyen-orient-campagne-missionnaire-doctobre\/\" \/>\n<meta property=\"og:locale\" content=\"fr_FR\" \/>\n<meta property=\"og:type\" content=\"article\" \/>\n<meta property=\"og:title\" content=\"Eurasie et le Moyen-Orient : campagne missionnaire d&#039;octobre | COGOP\" \/>\n<meta property=\"og:description\" content=\"L\u2019Eurasie et le Moyen-Orient ont connu un \u00e9t\u00e9 bien rempli avec des conventions, des \u00e9v\u00e8nements, des retraites familiales et des camps. Malgr\u00e9 deux guerres en cours dans notre r\u00e9gion et de nombreuses tensions religieuses et politiques, nous sommes reconnaissants pour tout ce que le Seigneur accomplit. Voici quelques t\u00e9moignages provenant de nos nations : Azerba\u00efdjan [&hellip;]\" \/>\n<meta property=\"og:url\" content=\"https:\/\/cogop.org\/fr\/eurasie-et-le-moyen-orient-campagne-missionnaire-doctobre\/\" \/>\n<meta property=\"og:site_name\" content=\"COGOP\" \/>\n<meta property=\"article:publisher\" content=\"https:\/\/www.facebook.com\/cogop\" \/>\n<meta property=\"article:published_time\" content=\"2025-10-20T08:00:54+00:00\" \/>\n<meta property=\"og:image\" content=\"https:\/\/cogop.org\/wp-content\/uploads\/2025\/10\/DSC00084-2-scaled.jpg\" \/>\n\t<meta property=\"og:image:width\" content=\"2560\" \/>\n\t<meta property=\"og:image:height\" content=\"1707\" \/>\n\t<meta property=\"og:image:type\" content=\"image\/jpeg\" \/>\n<meta name=\"author\" content=\"Charlie Scruggs\" \/>\n<meta name=\"twitter:card\" content=\"summary_large_image\" \/>\n<meta name=\"twitter:creator\" content=\"@cogop\" \/>\n<meta name=\"twitter:site\" content=\"@cogop\" \/>\n<meta name=\"twitter:label1\" content=\"\u00c9crit par\" \/>\n\t<meta name=\"twitter:data1\" content=\"Charlie Scruggs\" \/>\n\t<meta name=\"twitter:label2\" content=\"Dur\u00e9e de lecture estim\u00e9e\" \/>\n\t<meta name=\"twitter:data2\" content=\"11 minutes\" \/>\n<script type=\"application\/ld+json\" class=\"yoast-schema-graph\">{\"@context\":\"https:\\\/\\\/schema.org\",\"@graph\":[{\"@type\":\"Article\",\"@id\":\"https:\\\/\\\/cogop.org\\\/fr\\\/eurasie-et-le-moyen-orient-campagne-missionnaire-doctobre\\\/#article\",\"isPartOf\":{\"@id\":\"https:\\\/\\\/cogop.org\\\/fr\\\/eurasie-et-le-moyen-orient-campagne-missionnaire-doctobre\\\/\"},\"author\":{\"name\":\"Charlie Scruggs\",\"@id\":\"https:\\\/\\\/cogop.org\\\/#\\\/schema\\\/person\\\/6bfee56ce98d03b7d7dcd90594c4af6b\"},\"headline\":\"Eurasie et le Moyen-Orient : campagne missionnaire d&rsquo;octobre\",\"datePublished\":\"2025-10-20T08:00:54+00:00\",\"mainEntityOfPage\":{\"@id\":\"https:\\\/\\\/cogop.org\\\/fr\\\/eurasie-et-le-moyen-orient-campagne-missionnaire-doctobre\\\/\"},\"wordCount\":2169,\"publisher\":{\"@id\":\"https:\\\/\\\/cogop.org\\\/#organization\"},\"image\":{\"@id\":\"https:\\\/\\\/cogop.org\\\/fr\\\/eurasie-et-le-moyen-orient-campagne-missionnaire-doctobre\\\/#primaryimage\"},\"thumbnailUrl\":\"https:\\\/\\\/cogop.org\\\/wp-content\\\/uploads\\\/2025\\\/10\\\/DSC00084-2-scaled.jpg\",\"keywords\":[\"Eurasie\"],\"articleSection\":[\"Missions mondiales\"],\"inLanguage\":\"fr-FR\"},{\"@type\":\"WebPage\",\"@id\":\"https:\\\/\\\/cogop.org\\\/fr\\\/eurasie-et-le-moyen-orient-campagne-missionnaire-doctobre\\\/\",\"url\":\"https:\\\/\\\/cogop.org\\\/fr\\\/eurasie-et-le-moyen-orient-campagne-missionnaire-doctobre\\\/\",\"name\":\"Eurasie et le Moyen-Orient : campagne missionnaire d'octobre | COGOP\",\"isPartOf\":{\"@id\":\"https:\\\/\\\/cogop.org\\\/#website\"},\"primaryImageOfPage\":{\"@id\":\"https:\\\/\\\/cogop.org\\\/fr\\\/eurasie-et-le-moyen-orient-campagne-missionnaire-doctobre\\\/#primaryimage\"},\"image\":{\"@id\":\"https:\\\/\\\/cogop.org\\\/fr\\\/eurasie-et-le-moyen-orient-campagne-missionnaire-doctobre\\\/#primaryimage\"},\"thumbnailUrl\":\"https:\\\/\\\/cogop.org\\\/wp-content\\\/uploads\\\/2025\\\/10\\\/DSC00084-2-scaled.jpg\",\"datePublished\":\"2025-10-20T08:00:54+00:00\",\"inLanguage\":\"fr-FR\",\"potentialAction\":[{\"@type\":\"ReadAction\",\"target\":[\"https:\\\/\\\/cogop.org\\\/fr\\\/eurasie-et-le-moyen-orient-campagne-missionnaire-doctobre\\\/\"]}]},{\"@type\":\"ImageObject\",\"inLanguage\":\"fr-FR\",\"@id\":\"https:\\\/\\\/cogop.org\\\/fr\\\/eurasie-et-le-moyen-orient-campagne-missionnaire-doctobre\\\/#primaryimage\",\"url\":\"https:\\\/\\\/cogop.org\\\/wp-content\\\/uploads\\\/2025\\\/10\\\/DSC00084-2-scaled.jpg\",\"contentUrl\":\"https:\\\/\\\/cogop.org\\\/wp-content\\\/uploads\\\/2025\\\/10\\\/DSC00084-2-scaled.jpg\",\"width\":2560,\"height\":1707},{\"@type\":\"BreadcrumbList\",\"@id\":\"https:\\\/\\\/cogop.org\\\/fr\\\/eurasie-et-le-moyen-orient-campagne-missionnaire-doctobre\\\/#breadcrumb\",\"itemListElement\":[{\"@type\":\"ListItem\",\"position\":1,\"name\":\"Home\",\"item\":\"https:\\\/\\\/cogop.org\\\/\"},{\"@type\":\"ListItem\",\"position\":2,\"name\":\"Eurasie et le Moyen-Orient : campagne missionnaire d&rsquo;octobre\"}]},{\"@type\":\"WebSite\",\"@id\":\"https:\\\/\\\/cogop.org\\\/#website\",\"url\":\"https:\\\/\\\/cogop.org\\\/\",\"name\":\"Church of God of Prophecy\",\"description\":\"Reconciling the World to Christ\",\"publisher\":{\"@id\":\"https:\\\/\\\/cogop.org\\\/#organization\"},\"alternateName\":\"COGOP\",\"potentialAction\":[{\"@type\":\"SearchAction\",\"target\":{\"@type\":\"EntryPoint\",\"urlTemplate\":\"https:\\\/\\\/cogop.org\\\/?s={search_term_string}\"},\"query-input\":{\"@type\":\"PropertyValueSpecification\",\"valueRequired\":true,\"valueName\":\"search_term_string\"}}],\"inLanguage\":\"fr-FR\"},{\"@type\":\"Organization\",\"@id\":\"https:\\\/\\\/cogop.org\\\/#organization\",\"name\":\"Church of God of Prophecy\",\"alternateName\":\"COGOP\",\"url\":\"https:\\\/\\\/cogop.org\\\/\",\"logo\":{\"@type\":\"ImageObject\",\"inLanguage\":\"fr-FR\",\"@id\":\"https:\\\/\\\/cogop.org\\\/#\\\/schema\\\/logo\\\/image\\\/\",\"url\":\"https:\\\/\\\/cogop.org\\\/wp-content\\\/uploads\\\/2025\\\/01\\\/logo-cogop.webp\",\"contentUrl\":\"https:\\\/\\\/cogop.org\\\/wp-content\\\/uploads\\\/2025\\\/01\\\/logo-cogop.webp\",\"width\":500,\"height\":118,\"caption\":\"Church of God of Prophecy\"},\"image\":{\"@id\":\"https:\\\/\\\/cogop.org\\\/#\\\/schema\\\/logo\\\/image\\\/\"},\"sameAs\":[\"https:\\\/\\\/www.facebook.com\\\/cogop\",\"https:\\\/\\\/x.com\\\/cogop\",\"https:\\\/\\\/www.instagram.com\\\/cogoppics\\\/\",\"https:\\\/\\\/www.youtube.com\\\/@COGOPMedia\",\"https:\\\/\\\/open.spotify.com\\\/user\\\/g1d13yyaprw0wrr2woer8edyp?si=a32b364b555f4d4d\"]},{\"@type\":\"Person\",\"@id\":\"https:\\\/\\\/cogop.org\\\/#\\\/schema\\\/person\\\/6bfee56ce98d03b7d7dcd90594c4af6b\",\"name\":\"Charlie Scruggs\",\"image\":{\"@type\":\"ImageObject\",\"inLanguage\":\"fr-FR\",\"@id\":\"https:\\\/\\\/secure.gravatar.com\\\/avatar\\\/5c625851004478f5bd86245a070a2090fcb008cf91bfabf0162fca05d324663b?s=96&d=mm&r=g\",\"url\":\"https:\\\/\\\/secure.gravatar.com\\\/avatar\\\/5c625851004478f5bd86245a070a2090fcb008cf91bfabf0162fca05d324663b?s=96&d=mm&r=g\",\"contentUrl\":\"https:\\\/\\\/secure.gravatar.com\\\/avatar\\\/5c625851004478f5bd86245a070a2090fcb008cf91bfabf0162fca05d324663b?s=96&d=mm&r=g\",\"caption\":\"Charlie Scruggs\"}}]}<\/script>\n<!-- \/ Yoast SEO plugin. -->","yoast_head_json":{"title":"Eurasie et le Moyen-Orient : campagne missionnaire d'octobre | COGOP","robots":{"index":"index","follow":"follow","max-snippet":"max-snippet:-1","max-image-preview":"max-image-preview:large","max-video-preview":"max-video-preview:-1"},"canonical":"https:\/\/cogop.org\/fr\/eurasie-et-le-moyen-orient-campagne-missionnaire-doctobre\/","og_locale":"fr_FR","og_type":"article","og_title":"Eurasie et le Moyen-Orient : campagne missionnaire d'octobre | COGOP","og_description":"L\u2019Eurasie et le Moyen-Orient ont connu un \u00e9t\u00e9 bien rempli avec des conventions, des \u00e9v\u00e8nements, des retraites familiales et des camps. Malgr\u00e9 deux guerres en cours dans notre r\u00e9gion et de nombreuses tensions religieuses et politiques, nous sommes reconnaissants pour tout ce que le Seigneur accomplit. Voici quelques t\u00e9moignages provenant de nos nations : Azerba\u00efdjan [&hellip;]","og_url":"https:\/\/cogop.org\/fr\/eurasie-et-le-moyen-orient-campagne-missionnaire-doctobre\/","og_site_name":"COGOP","article_publisher":"https:\/\/www.facebook.com\/cogop","article_published_time":"2025-10-20T08:00:54+00:00","og_image":[{"width":2560,"height":1707,"url":"https:\/\/cogop.org\/wp-content\/uploads\/2025\/10\/DSC00084-2-scaled.jpg","type":"image\/jpeg"}],"author":"Charlie Scruggs","twitter_card":"summary_large_image","twitter_creator":"@cogop","twitter_site":"@cogop","twitter_misc":{"\u00c9crit par":"Charlie Scruggs","Dur\u00e9e de lecture estim\u00e9e":"11 minutes"},"schema":{"@context":"https:\/\/schema.org","@graph":[{"@type":"Article","@id":"https:\/\/cogop.org\/fr\/eurasie-et-le-moyen-orient-campagne-missionnaire-doctobre\/#article","isPartOf":{"@id":"https:\/\/cogop.org\/fr\/eurasie-et-le-moyen-orient-campagne-missionnaire-doctobre\/"},"author":{"name":"Charlie Scruggs","@id":"https:\/\/cogop.org\/#\/schema\/person\/6bfee56ce98d03b7d7dcd90594c4af6b"},"headline":"Eurasie et le Moyen-Orient : campagne missionnaire d&rsquo;octobre","datePublished":"2025-10-20T08:00:54+00:00","mainEntityOfPage":{"@id":"https:\/\/cogop.org\/fr\/eurasie-et-le-moyen-orient-campagne-missionnaire-doctobre\/"},"wordCount":2169,"publisher":{"@id":"https:\/\/cogop.org\/#organization"},"image":{"@id":"https:\/\/cogop.org\/fr\/eurasie-et-le-moyen-orient-campagne-missionnaire-doctobre\/#primaryimage"},"thumbnailUrl":"https:\/\/cogop.org\/wp-content\/uploads\/2025\/10\/DSC00084-2-scaled.jpg","keywords":["Eurasie"],"articleSection":["Missions mondiales"],"inLanguage":"fr-FR"},{"@type":"WebPage","@id":"https:\/\/cogop.org\/fr\/eurasie-et-le-moyen-orient-campagne-missionnaire-doctobre\/","url":"https:\/\/cogop.org\/fr\/eurasie-et-le-moyen-orient-campagne-missionnaire-doctobre\/","name":"Eurasie et le Moyen-Orient : campagne missionnaire d'octobre | COGOP","isPartOf":{"@id":"https:\/\/cogop.org\/#website"},"primaryImageOfPage":{"@id":"https:\/\/cogop.org\/fr\/eurasie-et-le-moyen-orient-campagne-missionnaire-doctobre\/#primaryimage"},"image":{"@id":"https:\/\/cogop.org\/fr\/eurasie-et-le-moyen-orient-campagne-missionnaire-doctobre\/#primaryimage"},"thumbnailUrl":"https:\/\/cogop.org\/wp-content\/uploads\/2025\/10\/DSC00084-2-scaled.jpg","datePublished":"2025-10-20T08:00:54+00:00","inLanguage":"fr-FR","potentialAction":[{"@type":"ReadAction","target":["https:\/\/cogop.org\/fr\/eurasie-et-le-moyen-orient-campagne-missionnaire-doctobre\/"]}]},{"@type":"ImageObject","inLanguage":"fr-FR","@id":"https:\/\/cogop.org\/fr\/eurasie-et-le-moyen-orient-campagne-missionnaire-doctobre\/#primaryimage","url":"https:\/\/cogop.org\/wp-content\/uploads\/2025\/10\/DSC00084-2-scaled.jpg","contentUrl":"https:\/\/cogop.org\/wp-content\/uploads\/2025\/10\/DSC00084-2-scaled.jpg","width":2560,"height":1707},{"@type":"BreadcrumbList","@id":"https:\/\/cogop.org\/fr\/eurasie-et-le-moyen-orient-campagne-missionnaire-doctobre\/#breadcrumb","itemListElement":[{"@type":"ListItem","position":1,"name":"Home","item":"https:\/\/cogop.org\/"},{"@type":"ListItem","position":2,"name":"Eurasie et le Moyen-Orient : campagne missionnaire d&rsquo;octobre"}]},{"@type":"WebSite","@id":"https:\/\/cogop.org\/#website","url":"https:\/\/cogop.org\/","name":"Church of God of Prophecy","description":"Reconciling the World to Christ","publisher":{"@id":"https:\/\/cogop.org\/#organization"},"alternateName":"COGOP","potentialAction":[{"@type":"SearchAction","target":{"@type":"EntryPoint","urlTemplate":"https:\/\/cogop.org\/?s={search_term_string}"},"query-input":{"@type":"PropertyValueSpecification","valueRequired":true,"valueName":"search_term_string"}}],"inLanguage":"fr-FR"},{"@type":"Organization","@id":"https:\/\/cogop.org\/#organization","name":"Church of God of Prophecy","alternateName":"COGOP","url":"https:\/\/cogop.org\/","logo":{"@type":"ImageObject","inLanguage":"fr-FR","@id":"https:\/\/cogop.org\/#\/schema\/logo\/image\/","url":"https:\/\/cogop.org\/wp-content\/uploads\/2025\/01\/logo-cogop.webp","contentUrl":"https:\/\/cogop.org\/wp-content\/uploads\/2025\/01\/logo-cogop.webp","width":500,"height":118,"caption":"Church of God of Prophecy"},"image":{"@id":"https:\/\/cogop.org\/#\/schema\/logo\/image\/"},"sameAs":["https:\/\/www.facebook.com\/cogop","https:\/\/x.com\/cogop","https:\/\/www.instagram.com\/cogoppics\/","https:\/\/www.youtube.com\/@COGOPMedia","https:\/\/open.spotify.com\/user\/g1d13yyaprw0wrr2woer8edyp?si=a32b364b555f4d4d"]},{"@type":"Person","@id":"https:\/\/cogop.org\/#\/schema\/person\/6bfee56ce98d03b7d7dcd90594c4af6b","name":"Charlie Scruggs","image":{"@type":"ImageObject","inLanguage":"fr-FR","@id":"https:\/\/secure.gravatar.com\/avatar\/5c625851004478f5bd86245a070a2090fcb008cf91bfabf0162fca05d324663b?s=96&d=mm&r=g","url":"https:\/\/secure.gravatar.com\/avatar\/5c625851004478f5bd86245a070a2090fcb008cf91bfabf0162fca05d324663b?s=96&d=mm&r=g","contentUrl":"https:\/\/secure.gravatar.com\/avatar\/5c625851004478f5bd86245a070a2090fcb008cf91bfabf0162fca05d324663b?s=96&d=mm&r=g","caption":"Charlie Scruggs"}}]}},"_links":{"self":[{"href":"https:\/\/cogop.org\/fr\/wp-json\/wp\/v2\/posts\/30899","targetHints":{"allow":["GET"]}}],"collection":[{"href":"https:\/\/cogop.org\/fr\/wp-json\/wp\/v2\/posts"}],"about":[{"href":"https:\/\/cogop.org\/fr\/wp-json\/wp\/v2\/types\/post"}],"author":[{"embeddable":true,"href":"https:\/\/cogop.org\/fr\/wp-json\/wp\/v2\/users\/10"}],"replies":[{"embeddable":true,"href":"https:\/\/cogop.org\/fr\/wp-json\/wp\/v2\/comments?post=30899"}],"version-history":[{"count":0,"href":"https:\/\/cogop.org\/fr\/wp-json\/wp\/v2\/posts\/30899\/revisions"}],"wp:featuredmedia":[{"embeddable":true,"href":"https:\/\/cogop.org\/fr\/wp-json\/wp\/v2\/media\/30388"}],"wp:attachment":[{"href":"https:\/\/cogop.org\/fr\/wp-json\/wp\/v2\/media?parent=30899"}],"wp:term":[{"taxonomy":"category","embeddable":true,"href":"https:\/\/cogop.org\/fr\/wp-json\/wp\/v2\/categories?post=30899"},{"taxonomy":"post_tag","embeddable":true,"href":"https:\/\/cogop.org\/fr\/wp-json\/wp\/v2\/tags?post=30899"}],"curies":[{"name":"wp","href":"https:\/\/api.w.org\/{rel}","templated":true}]}}