{"id":30897,"date":"2025-10-17T08:00:25","date_gmt":"2025-10-17T08:00:25","guid":{"rendered":"https:\/\/cogop.org\/amerique-du-sud-campagne-missionnaire-doctobre\/"},"modified":"2025-10-22T15:13:04","modified_gmt":"2025-10-22T15:13:04","slug":"amerique-du-sud-campagne-missionnaire-doctobre","status":"publish","type":"post","link":"https:\/\/cogop.org\/fr\/amerique-du-sud-campagne-missionnaire-doctobre\/","title":{"rendered":"Am\u00e9rique du Sud : campagne missionnaire d&rsquo;octobre"},"content":{"rendered":"<p><b>Am\u00e9rique du Sud<\/b><\/p>\n<p>Ce rapport d\u00e9taille les activit\u00e9s les plus significatives et les avanc\u00e9es strat\u00e9giques r\u00e9alis\u00e9es dans plusieurs pays d\u2019Am\u00e9rique du Sud au cours des derniers mois. Ces \u00e9v\u00e8nements, marqu\u00e9s par un esprit d\u2019unit\u00e9 et de foi, refl\u00e8tent \u00e0 la fois les projets de croissance et les d\u00e9fis importants auxquels nous sommes confront\u00e9s en tant qu\u2019\u00e9glise. <span class=\"Apple-converted-space\"> <\/span><\/p>\n<p><b>R\u00e9union des \u00e9v\u00eaques nationaux d\u2019Am\u00e9rique du Sud (mai)<\/b><\/p>\n<p>En mai, une r\u00e9union au sommet a \u00e9t\u00e9 organis\u00e9e avec les \u00e9v\u00eaques nationaux de toute l\u2019Am\u00e9rique du Sud. L\u2019objectif principal de cette r\u00e9union \u00e9tait de pr\u00e9senter des rapports, d\u2019\u00e9valuer le travail minist\u00e9riel dans chaque nation et de projeter une strat\u00e9gie continentale unifi\u00e9e pour l\u2019avenir. <span class=\"Apple-converted-space\"> <\/span><\/p>\n<p>Un aspect nouveau et tr\u00e8s enrichissant de cette r\u00e9union a \u00e9t\u00e9 la participation des \u00e9pouses des \u00e9v\u00eaques nationaux. Elles ont pris part activement \u00e0 un programme de formation sp\u00e9cialis\u00e9 con\u00e7u pour les \u00e9quiper afin qu\u2019elles puissent soutenir et conseiller les femmes qui ont subi des traumatismes. Cette initiative renforce le tissu social de nos communaut\u00e9s et \u00e9largit l\u2019impact compatissant de notre travail eccl\u00e9siastique.  <\/p>\n<p><b>Objectifs continentaux pour 2030 <\/b>: Les projections \u00e9tablies sont audacieuses et fid\u00e8les \u00e0 notre mission<\/p>\n<p>Atteindre l\u2019objectif de 2 000 \u00e9glises \u00e9tablies d\u2019ici 2027<\/p>\n<p>Passer \u00e0 un total de 2 500 \u00e9glises saines d\u2019ici 2030<\/p>\n<p>Ces objectifs repr\u00e9sentent un d\u00e9fi monumental qui ne peut \u00eatre relev\u00e9 qu\u2019avec l\u2019aide et la puissance divines. Notre intention n\u2019est pas seulement d\u2019augmenter notre nombre, mais aussi d\u2019\u00e9tablir des \u00e9glises saines, dynamiques et transformatrices dans chaque communaut\u00e9 du continent. C\u2019est pourquoi nous vous demandons instamment de prier pour que chaque pas que nous faisons soit ordonn\u00e9 par le Seigneur et qu\u2019Il nous fournisse les ressources, la protection et la sagesse n\u00e9cessaires \u00e0 cette grande entreprise.  <span class=\"Apple-converted-space\"> <\/span><\/p>\n<p><b>Convention nationale \u00e0 Guayaquil, en \u00c9quateur (juin)<\/b><\/p>\n<p>La Convention nationale de l\u2019\u00c9quateur s\u2019est tenue avec un succ\u00e8s remarquable dans la ville de Guayaquil, r\u00e9unissant plus de 1 000 participants. L\u2019\u00e9v\u00e9nement a eu l\u2019honneur d\u2019accueillir l\u2019\u00e9v\u00eaque Tim Coalter en tant qu\u2019invit\u00e9 sp\u00e9cial, dont la pr\u00e9sence et les messages ont \u00e9t\u00e9 tr\u00e8s \u00e9difiants pour toutes les personnes pr\u00e9sentes. Nous avons \u00e9galement b\u00e9n\u00e9fici\u00e9 de la pr\u00e9sence, du pr\u00e9cieux soutien et du leadership du presbyt\u00e8re g\u00e9n\u00e9ral Gabriel E. Vidal.  <\/p>\n<p>L\u2019un des moments forts de la convention a \u00e9t\u00e9 la cr\u00e9ation officielle de la 30e \u00e9glise du pays. Cette r\u00e9alisation t\u00e9moigne des efforts d\u00e9vou\u00e9s des dirigeants et des membres locaux. L\u2019\u00c9quateur est engag\u00e9 dans un projet ambitieux d\u2019implantation d\u2019\u00e9glises, dont l\u2019objectif principal est de cr\u00e9er 100 \u00e9glises d\u2019ici 2030.  <\/p>\n<p>Malgr\u00e9 cet optimisme, le travail en \u00c9quateur se heurte \u00e0 une r\u00e9alit\u00e9 complexe. Le pays conna\u00eet une augmentation alarmante des taux de criminalit\u00e9 et de violence. C\u2019est avec une profonde tristesse et une grande douleur que nous devons demander des pri\u00e8res urgentes, car le fl\u00e9au des tueurs \u00e0 gages a co\u00fbt\u00e9 la vie \u00e0 quatre de nos membres. Cette situation d\u00e9licate n\u00e9cessite la protection divine et le soutien dans la pri\u00e8re de notre communaut\u00e9 mondiale.   <\/p>\n<p>En tant qu\u2019\u00e9l\u00e9ment fondamental des activit\u00e9s, j\u2019ai eu le privil\u00e8ge de participer \u00e0 la r\u00e9union minist\u00e9rielle pr\u00e9-convention, un espace strat\u00e9gique qui a rassembl\u00e9 pr\u00e8s de 200 leaders et pasteurs. Dans ce contexte de planification et d\u2019unit\u00e9, un projet visionnaire d\u2019implantation d\u2019\u00e9glises a \u00e9t\u00e9 pr\u00e9sent\u00e9 et approuv\u00e9 \u00e0 l\u2019unanimit\u00e9 par les dirigeants. La r\u00e9union a \u00e9t\u00e9 un moment glorieux d\u2019\u00e9dification, caract\u00e9ris\u00e9 par des enseignements sp\u00e9cifiques et r\u00e9v\u00e9lateurs visant \u00e0 r\u00e9pondre aux besoins particuliers du minist\u00e8re de chaque participant. Avec gratitude et espoir, nous rendons toute la gloire \u00e0 Dieu pour la nouvelle g\u00e9n\u00e9ration de dirigeants fid\u00e8les et visionnaires qui se l\u00e8vent en \u00c9quateur, et qui sont la pierre angulaire de l\u2019accomplissementde la mission de Dieu dans le pays.  <\/p>\n<p><b>Premi\u00e8re convention r\u00e9gionale \u00e0 Manaus, au Br\u00e9sil (ao\u00fbt)<\/b><\/p>\n<p>Au mois d\u2019ao\u00fbt, un voyage minist\u00e9riel a \u00e9t\u00e9 effectu\u00e9 dans l\u2019\u00c9tat d\u2019Amazonas, au Br\u00e9sil, afin de participer \u00e0 la premi\u00e8re convention r\u00e9gionale dirig\u00e9e par l\u2019\u00e9v\u00eaque Misael Gonz\u00e1lez. Manaus, ville strat\u00e9gique au c\u0153ur de la for\u00eat amazonienne, est une r\u00e9gion o\u00f9 la premi\u00e8re \u00e9glise a r\u00e9cemment \u00e9t\u00e9 organis\u00e9e. <\/p>\n<p>L\u2019\u00e9v\u00e9nement a \u00e9t\u00e9 honor\u00e9 par la pr\u00e9sence distingu\u00e9e du superviseur national Hernandes Fernandes Filho et a une fois de plus b\u00e9n\u00e9fici\u00e9 du soutien du presbyt\u00e8re g\u00e9n\u00e9ral Gabriel Elias Vidal. La convention a \u00e9t\u00e9 un moment historique qui a soulign\u00e9 l\u2019urgence de fonder des \u00e9glises dans les communaut\u00e9s et les petites villes dispers\u00e9es dans la vaste r\u00e9gion amazonienne. Il a \u00e9t\u00e9 reconnu que cet effort n\u00e9cessite un appel missionnaire unique et des strat\u00e9gies adapt\u00e9es au contexte local.  <span class=\"Apple-converted-space\"> <\/span><\/p>\n<p>En r\u00e9sum\u00e9, bien que les d\u00e9fis soient r\u00e9els, la foi et la d\u00e9termination de l\u2019\u00e9glise en Am\u00e9rique du Sud sont plus fortes. Nous sommes convaincus qu\u2019avec l\u2019aide du Seigneur, ces objectifs strat\u00e9giques deviendront une r\u00e9alit\u00e9 qui glorifiera son nom <\/p>\n","protected":false},"excerpt":{"rendered":"<p>Am\u00e9rique du Sud Ce rapport d\u00e9taille les activit\u00e9s les plus significatives et les avanc\u00e9es strat\u00e9giques r\u00e9alis\u00e9es dans plusieurs pays d\u2019Am\u00e9rique du Sud au cours des derniers mois. Ces \u00e9v\u00e8nements, marqu\u00e9s par un esprit d\u2019unit\u00e9 et de foi, refl\u00e8tent \u00e0 la fois les projets de croissance et les d\u00e9fis importants auxquels nous sommes confront\u00e9s en tant [&hellip;]<\/p>\n","protected":false},"author":10,"featured_media":30381,"comment_status":"closed","ping_status":"open","sticky":false,"template":"","format":"standard","meta":{"_acf_changed":false,"_monsterinsights_skip_tracking":false,"_monsterinsights_sitenote_active":false,"_monsterinsights_sitenote_note":"","_monsterinsights_sitenote_category":0,"_uf_show_specific_survey":0,"_uf_disable_surveys":false,"footnotes":""},"categories":[146],"tags":[126],"class_list":["post-30897","post","type-post","status-publish","format-standard","has-post-thumbnail","hentry","category-missions-mondiales","tag-amerique-du-sud"],"acf":[],"yoast_head":"<!-- This site is optimized with the Yoast SEO plugin v27.4 - https:\/\/yoast.com\/product\/yoast-seo-wordpress\/ -->\n<title>Am\u00e9rique du Sud : campagne missionnaire d&#039;octobre | COGOP<\/title>\n<meta name=\"robots\" content=\"index, follow, max-snippet:-1, max-image-preview:large, max-video-preview:-1\" \/>\n<link rel=\"canonical\" href=\"https:\/\/cogop.org\/fr\/amerique-du-sud-campagne-missionnaire-doctobre\/\" \/>\n<meta property=\"og:locale\" content=\"fr_FR\" \/>\n<meta property=\"og:type\" content=\"article\" \/>\n<meta property=\"og:title\" content=\"Am\u00e9rique du Sud : campagne missionnaire d&#039;octobre | COGOP\" \/>\n<meta property=\"og:description\" content=\"Am\u00e9rique du Sud Ce rapport d\u00e9taille les activit\u00e9s les plus significatives et les avanc\u00e9es strat\u00e9giques r\u00e9alis\u00e9es dans plusieurs pays d\u2019Am\u00e9rique du Sud au cours des derniers mois. Ces \u00e9v\u00e8nements, marqu\u00e9s par un esprit d\u2019unit\u00e9 et de foi, refl\u00e8tent \u00e0 la fois les projets de croissance et les d\u00e9fis importants auxquels nous sommes confront\u00e9s en tant [&hellip;]\" \/>\n<meta property=\"og:url\" content=\"https:\/\/cogop.org\/fr\/amerique-du-sud-campagne-missionnaire-doctobre\/\" \/>\n<meta property=\"og:site_name\" content=\"COGOP\" \/>\n<meta property=\"article:publisher\" content=\"https:\/\/www.facebook.com\/cogop\" \/>\n<meta property=\"article:published_time\" content=\"2025-10-17T08:00:25+00:00\" \/>\n<meta property=\"article:modified_time\" content=\"2025-10-22T15:13:04+00:00\" \/>\n<meta property=\"og:image\" content=\"https:\/\/cogop.org\/wp-content\/uploads\/2025\/10\/IMG_0877-scaled.jpg\" \/>\n\t<meta property=\"og:image:width\" content=\"2560\" \/>\n\t<meta property=\"og:image:height\" content=\"1440\" \/>\n\t<meta property=\"og:image:type\" content=\"image\/jpeg\" \/>\n<meta name=\"author\" content=\"Charlie Scruggs\" \/>\n<meta name=\"twitter:card\" content=\"summary_large_image\" \/>\n<meta name=\"twitter:creator\" content=\"@cogop\" \/>\n<meta name=\"twitter:site\" content=\"@cogop\" \/>\n<meta name=\"twitter:label1\" content=\"\u00c9crit par\" \/>\n\t<meta name=\"twitter:data1\" content=\"Charlie Scruggs\" \/>\n\t<meta name=\"twitter:label2\" content=\"Dur\u00e9e de lecture estim\u00e9e\" \/>\n\t<meta name=\"twitter:data2\" content=\"5 minutes\" \/>\n<script type=\"application\/ld+json\" class=\"yoast-schema-graph\">{\"@context\":\"https:\\\/\\\/schema.org\",\"@graph\":[{\"@type\":\"Article\",\"@id\":\"https:\\\/\\\/cogop.org\\\/fr\\\/amerique-du-sud-campagne-missionnaire-doctobre\\\/#article\",\"isPartOf\":{\"@id\":\"https:\\\/\\\/cogop.org\\\/fr\\\/amerique-du-sud-campagne-missionnaire-doctobre\\\/\"},\"author\":{\"name\":\"Charlie Scruggs\",\"@id\":\"https:\\\/\\\/cogop.org\\\/#\\\/schema\\\/person\\\/6bfee56ce98d03b7d7dcd90594c4af6b\"},\"headline\":\"Am\u00e9rique du Sud : campagne missionnaire d&rsquo;octobre\",\"datePublished\":\"2025-10-17T08:00:25+00:00\",\"dateModified\":\"2025-10-22T15:13:04+00:00\",\"mainEntityOfPage\":{\"@id\":\"https:\\\/\\\/cogop.org\\\/fr\\\/amerique-du-sud-campagne-missionnaire-doctobre\\\/\"},\"wordCount\":923,\"publisher\":{\"@id\":\"https:\\\/\\\/cogop.org\\\/#organization\"},\"image\":{\"@id\":\"https:\\\/\\\/cogop.org\\\/fr\\\/amerique-du-sud-campagne-missionnaire-doctobre\\\/#primaryimage\"},\"thumbnailUrl\":\"https:\\\/\\\/cogop.org\\\/wp-content\\\/uploads\\\/2025\\\/10\\\/IMG_0877-scaled.jpg\",\"keywords\":[\"Am\u00e9rique du Sud\"],\"articleSection\":[\"Missions mondiales\"],\"inLanguage\":\"fr-FR\"},{\"@type\":\"WebPage\",\"@id\":\"https:\\\/\\\/cogop.org\\\/fr\\\/amerique-du-sud-campagne-missionnaire-doctobre\\\/\",\"url\":\"https:\\\/\\\/cogop.org\\\/fr\\\/amerique-du-sud-campagne-missionnaire-doctobre\\\/\",\"name\":\"Am\u00e9rique du Sud : campagne missionnaire d'octobre | COGOP\",\"isPartOf\":{\"@id\":\"https:\\\/\\\/cogop.org\\\/#website\"},\"primaryImageOfPage\":{\"@id\":\"https:\\\/\\\/cogop.org\\\/fr\\\/amerique-du-sud-campagne-missionnaire-doctobre\\\/#primaryimage\"},\"image\":{\"@id\":\"https:\\\/\\\/cogop.org\\\/fr\\\/amerique-du-sud-campagne-missionnaire-doctobre\\\/#primaryimage\"},\"thumbnailUrl\":\"https:\\\/\\\/cogop.org\\\/wp-content\\\/uploads\\\/2025\\\/10\\\/IMG_0877-scaled.jpg\",\"datePublished\":\"2025-10-17T08:00:25+00:00\",\"dateModified\":\"2025-10-22T15:13:04+00:00\",\"inLanguage\":\"fr-FR\",\"potentialAction\":[{\"@type\":\"ReadAction\",\"target\":[\"https:\\\/\\\/cogop.org\\\/fr\\\/amerique-du-sud-campagne-missionnaire-doctobre\\\/\"]}]},{\"@type\":\"ImageObject\",\"inLanguage\":\"fr-FR\",\"@id\":\"https:\\\/\\\/cogop.org\\\/fr\\\/amerique-du-sud-campagne-missionnaire-doctobre\\\/#primaryimage\",\"url\":\"https:\\\/\\\/cogop.org\\\/wp-content\\\/uploads\\\/2025\\\/10\\\/IMG_0877-scaled.jpg\",\"contentUrl\":\"https:\\\/\\\/cogop.org\\\/wp-content\\\/uploads\\\/2025\\\/10\\\/IMG_0877-scaled.jpg\",\"width\":2560,\"height\":1440},{\"@type\":\"BreadcrumbList\",\"@id\":\"https:\\\/\\\/cogop.org\\\/fr\\\/amerique-du-sud-campagne-missionnaire-doctobre\\\/#breadcrumb\",\"itemListElement\":[{\"@type\":\"ListItem\",\"position\":1,\"name\":\"Home\",\"item\":\"https:\\\/\\\/cogop.org\\\/\"},{\"@type\":\"ListItem\",\"position\":2,\"name\":\"Am\u00e9rique du Sud : campagne missionnaire d&rsquo;octobre\"}]},{\"@type\":\"WebSite\",\"@id\":\"https:\\\/\\\/cogop.org\\\/#website\",\"url\":\"https:\\\/\\\/cogop.org\\\/\",\"name\":\"Church of God of Prophecy\",\"description\":\"Reconciling the World to Christ\",\"publisher\":{\"@id\":\"https:\\\/\\\/cogop.org\\\/#organization\"},\"alternateName\":\"COGOP\",\"potentialAction\":[{\"@type\":\"SearchAction\",\"target\":{\"@type\":\"EntryPoint\",\"urlTemplate\":\"https:\\\/\\\/cogop.org\\\/?s={search_term_string}\"},\"query-input\":{\"@type\":\"PropertyValueSpecification\",\"valueRequired\":true,\"valueName\":\"search_term_string\"}}],\"inLanguage\":\"fr-FR\"},{\"@type\":\"Organization\",\"@id\":\"https:\\\/\\\/cogop.org\\\/#organization\",\"name\":\"Church of God of Prophecy\",\"alternateName\":\"COGOP\",\"url\":\"https:\\\/\\\/cogop.org\\\/\",\"logo\":{\"@type\":\"ImageObject\",\"inLanguage\":\"fr-FR\",\"@id\":\"https:\\\/\\\/cogop.org\\\/#\\\/schema\\\/logo\\\/image\\\/\",\"url\":\"https:\\\/\\\/cogop.org\\\/wp-content\\\/uploads\\\/2025\\\/01\\\/logo-cogop.webp\",\"contentUrl\":\"https:\\\/\\\/cogop.org\\\/wp-content\\\/uploads\\\/2025\\\/01\\\/logo-cogop.webp\",\"width\":500,\"height\":118,\"caption\":\"Church of God of Prophecy\"},\"image\":{\"@id\":\"https:\\\/\\\/cogop.org\\\/#\\\/schema\\\/logo\\\/image\\\/\"},\"sameAs\":[\"https:\\\/\\\/www.facebook.com\\\/cogop\",\"https:\\\/\\\/x.com\\\/cogop\",\"https:\\\/\\\/www.instagram.com\\\/cogoppics\\\/\",\"https:\\\/\\\/www.youtube.com\\\/@COGOPMedia\",\"https:\\\/\\\/open.spotify.com\\\/user\\\/g1d13yyaprw0wrr2woer8edyp?si=a32b364b555f4d4d\"]},{\"@type\":\"Person\",\"@id\":\"https:\\\/\\\/cogop.org\\\/#\\\/schema\\\/person\\\/6bfee56ce98d03b7d7dcd90594c4af6b\",\"name\":\"Charlie Scruggs\",\"image\":{\"@type\":\"ImageObject\",\"inLanguage\":\"fr-FR\",\"@id\":\"https:\\\/\\\/secure.gravatar.com\\\/avatar\\\/5c625851004478f5bd86245a070a2090fcb008cf91bfabf0162fca05d324663b?s=96&d=mm&r=g\",\"url\":\"https:\\\/\\\/secure.gravatar.com\\\/avatar\\\/5c625851004478f5bd86245a070a2090fcb008cf91bfabf0162fca05d324663b?s=96&d=mm&r=g\",\"contentUrl\":\"https:\\\/\\\/secure.gravatar.com\\\/avatar\\\/5c625851004478f5bd86245a070a2090fcb008cf91bfabf0162fca05d324663b?s=96&d=mm&r=g\",\"caption\":\"Charlie Scruggs\"}}]}<\/script>\n<!-- \/ Yoast SEO plugin. -->","yoast_head_json":{"title":"Am\u00e9rique du Sud : campagne missionnaire d'octobre | COGOP","robots":{"index":"index","follow":"follow","max-snippet":"max-snippet:-1","max-image-preview":"max-image-preview:large","max-video-preview":"max-video-preview:-1"},"canonical":"https:\/\/cogop.org\/fr\/amerique-du-sud-campagne-missionnaire-doctobre\/","og_locale":"fr_FR","og_type":"article","og_title":"Am\u00e9rique du Sud : campagne missionnaire d'octobre | COGOP","og_description":"Am\u00e9rique du Sud Ce rapport d\u00e9taille les activit\u00e9s les plus significatives et les avanc\u00e9es strat\u00e9giques r\u00e9alis\u00e9es dans plusieurs pays d\u2019Am\u00e9rique du Sud au cours des derniers mois. Ces \u00e9v\u00e8nements, marqu\u00e9s par un esprit d\u2019unit\u00e9 et de foi, refl\u00e8tent \u00e0 la fois les projets de croissance et les d\u00e9fis importants auxquels nous sommes confront\u00e9s en tant [&hellip;]","og_url":"https:\/\/cogop.org\/fr\/amerique-du-sud-campagne-missionnaire-doctobre\/","og_site_name":"COGOP","article_publisher":"https:\/\/www.facebook.com\/cogop","article_published_time":"2025-10-17T08:00:25+00:00","article_modified_time":"2025-10-22T15:13:04+00:00","og_image":[{"width":2560,"height":1440,"url":"https:\/\/cogop.org\/wp-content\/uploads\/2025\/10\/IMG_0877-scaled.jpg","type":"image\/jpeg"}],"author":"Charlie Scruggs","twitter_card":"summary_large_image","twitter_creator":"@cogop","twitter_site":"@cogop","twitter_misc":{"\u00c9crit par":"Charlie Scruggs","Dur\u00e9e de lecture estim\u00e9e":"5 minutes"},"schema":{"@context":"https:\/\/schema.org","@graph":[{"@type":"Article","@id":"https:\/\/cogop.org\/fr\/amerique-du-sud-campagne-missionnaire-doctobre\/#article","isPartOf":{"@id":"https:\/\/cogop.org\/fr\/amerique-du-sud-campagne-missionnaire-doctobre\/"},"author":{"name":"Charlie Scruggs","@id":"https:\/\/cogop.org\/#\/schema\/person\/6bfee56ce98d03b7d7dcd90594c4af6b"},"headline":"Am\u00e9rique du Sud : campagne missionnaire d&rsquo;octobre","datePublished":"2025-10-17T08:00:25+00:00","dateModified":"2025-10-22T15:13:04+00:00","mainEntityOfPage":{"@id":"https:\/\/cogop.org\/fr\/amerique-du-sud-campagne-missionnaire-doctobre\/"},"wordCount":923,"publisher":{"@id":"https:\/\/cogop.org\/#organization"},"image":{"@id":"https:\/\/cogop.org\/fr\/amerique-du-sud-campagne-missionnaire-doctobre\/#primaryimage"},"thumbnailUrl":"https:\/\/cogop.org\/wp-content\/uploads\/2025\/10\/IMG_0877-scaled.jpg","keywords":["Am\u00e9rique du Sud"],"articleSection":["Missions mondiales"],"inLanguage":"fr-FR"},{"@type":"WebPage","@id":"https:\/\/cogop.org\/fr\/amerique-du-sud-campagne-missionnaire-doctobre\/","url":"https:\/\/cogop.org\/fr\/amerique-du-sud-campagne-missionnaire-doctobre\/","name":"Am\u00e9rique du Sud : campagne missionnaire d'octobre | COGOP","isPartOf":{"@id":"https:\/\/cogop.org\/#website"},"primaryImageOfPage":{"@id":"https:\/\/cogop.org\/fr\/amerique-du-sud-campagne-missionnaire-doctobre\/#primaryimage"},"image":{"@id":"https:\/\/cogop.org\/fr\/amerique-du-sud-campagne-missionnaire-doctobre\/#primaryimage"},"thumbnailUrl":"https:\/\/cogop.org\/wp-content\/uploads\/2025\/10\/IMG_0877-scaled.jpg","datePublished":"2025-10-17T08:00:25+00:00","dateModified":"2025-10-22T15:13:04+00:00","inLanguage":"fr-FR","potentialAction":[{"@type":"ReadAction","target":["https:\/\/cogop.org\/fr\/amerique-du-sud-campagne-missionnaire-doctobre\/"]}]},{"@type":"ImageObject","inLanguage":"fr-FR","@id":"https:\/\/cogop.org\/fr\/amerique-du-sud-campagne-missionnaire-doctobre\/#primaryimage","url":"https:\/\/cogop.org\/wp-content\/uploads\/2025\/10\/IMG_0877-scaled.jpg","contentUrl":"https:\/\/cogop.org\/wp-content\/uploads\/2025\/10\/IMG_0877-scaled.jpg","width":2560,"height":1440},{"@type":"BreadcrumbList","@id":"https:\/\/cogop.org\/fr\/amerique-du-sud-campagne-missionnaire-doctobre\/#breadcrumb","itemListElement":[{"@type":"ListItem","position":1,"name":"Home","item":"https:\/\/cogop.org\/"},{"@type":"ListItem","position":2,"name":"Am\u00e9rique du Sud : campagne missionnaire d&rsquo;octobre"}]},{"@type":"WebSite","@id":"https:\/\/cogop.org\/#website","url":"https:\/\/cogop.org\/","name":"Church of God of Prophecy","description":"Reconciling the World to Christ","publisher":{"@id":"https:\/\/cogop.org\/#organization"},"alternateName":"COGOP","potentialAction":[{"@type":"SearchAction","target":{"@type":"EntryPoint","urlTemplate":"https:\/\/cogop.org\/?s={search_term_string}"},"query-input":{"@type":"PropertyValueSpecification","valueRequired":true,"valueName":"search_term_string"}}],"inLanguage":"fr-FR"},{"@type":"Organization","@id":"https:\/\/cogop.org\/#organization","name":"Church of God of Prophecy","alternateName":"COGOP","url":"https:\/\/cogop.org\/","logo":{"@type":"ImageObject","inLanguage":"fr-FR","@id":"https:\/\/cogop.org\/#\/schema\/logo\/image\/","url":"https:\/\/cogop.org\/wp-content\/uploads\/2025\/01\/logo-cogop.webp","contentUrl":"https:\/\/cogop.org\/wp-content\/uploads\/2025\/01\/logo-cogop.webp","width":500,"height":118,"caption":"Church of God of Prophecy"},"image":{"@id":"https:\/\/cogop.org\/#\/schema\/logo\/image\/"},"sameAs":["https:\/\/www.facebook.com\/cogop","https:\/\/x.com\/cogop","https:\/\/www.instagram.com\/cogoppics\/","https:\/\/www.youtube.com\/@COGOPMedia","https:\/\/open.spotify.com\/user\/g1d13yyaprw0wrr2woer8edyp?si=a32b364b555f4d4d"]},{"@type":"Person","@id":"https:\/\/cogop.org\/#\/schema\/person\/6bfee56ce98d03b7d7dcd90594c4af6b","name":"Charlie Scruggs","image":{"@type":"ImageObject","inLanguage":"fr-FR","@id":"https:\/\/secure.gravatar.com\/avatar\/5c625851004478f5bd86245a070a2090fcb008cf91bfabf0162fca05d324663b?s=96&d=mm&r=g","url":"https:\/\/secure.gravatar.com\/avatar\/5c625851004478f5bd86245a070a2090fcb008cf91bfabf0162fca05d324663b?s=96&d=mm&r=g","contentUrl":"https:\/\/secure.gravatar.com\/avatar\/5c625851004478f5bd86245a070a2090fcb008cf91bfabf0162fca05d324663b?s=96&d=mm&r=g","caption":"Charlie Scruggs"}}]}},"_links":{"self":[{"href":"https:\/\/cogop.org\/fr\/wp-json\/wp\/v2\/posts\/30897","targetHints":{"allow":["GET"]}}],"collection":[{"href":"https:\/\/cogop.org\/fr\/wp-json\/wp\/v2\/posts"}],"about":[{"href":"https:\/\/cogop.org\/fr\/wp-json\/wp\/v2\/types\/post"}],"author":[{"embeddable":true,"href":"https:\/\/cogop.org\/fr\/wp-json\/wp\/v2\/users\/10"}],"replies":[{"embeddable":true,"href":"https:\/\/cogop.org\/fr\/wp-json\/wp\/v2\/comments?post=30897"}],"version-history":[{"count":1,"href":"https:\/\/cogop.org\/fr\/wp-json\/wp\/v2\/posts\/30897\/revisions"}],"predecessor-version":[{"id":30898,"href":"https:\/\/cogop.org\/fr\/wp-json\/wp\/v2\/posts\/30897\/revisions\/30898"}],"wp:featuredmedia":[{"embeddable":true,"href":"https:\/\/cogop.org\/fr\/wp-json\/wp\/v2\/media\/30381"}],"wp:attachment":[{"href":"https:\/\/cogop.org\/fr\/wp-json\/wp\/v2\/media?parent=30897"}],"wp:term":[{"taxonomy":"category","embeddable":true,"href":"https:\/\/cogop.org\/fr\/wp-json\/wp\/v2\/categories?post=30897"},{"taxonomy":"post_tag","embeddable":true,"href":"https:\/\/cogop.org\/fr\/wp-json\/wp\/v2\/tags?post=30897"}],"curies":[{"name":"wp","href":"https:\/\/api.w.org\/{rel}","templated":true}]}}