{"id":30884,"date":"2025-10-15T08:00:41","date_gmt":"2025-10-15T08:00:41","guid":{"rendered":"https:\/\/cogop.org\/mexique-amerique-centrale-et-les-caraibes-hispanophones-campagne-missionnaire-doctobre\/"},"modified":"2025-10-15T08:00:41","modified_gmt":"2025-10-15T08:00:41","slug":"mexique-amerique-centrale-et-les-caraibes-hispanophones-campagne-missionnaire-doctobre","status":"publish","type":"post","link":"https:\/\/cogop.org\/fr\/mexique-amerique-centrale-et-les-caraibes-hispanophones-campagne-missionnaire-doctobre\/","title":{"rendered":"Mexique, Am\u00e9rique Centrale et les Cara\u00efbes hispanophones : campagne missionnaire d&rsquo;octobre"},"content":{"rendered":"<p><b>Sommet International du Leadership 2025<span class=\"Apple-converted-space\"> <\/span><\/b><\/p>\n<p><b>San Salvador, El Salvador<\/b><\/p>\n<p>Plus de 800 leaders ont \u00e9t\u00e9 b\u00e9nis lors du Sommet international du leadership 2025 \u00e0 San Salvador, un \u00e9v\u00e8nement inspir\u00e9 pour relever les d\u00e9fis missionnaires du XXIe si\u00e8cle. Le sommet nous a invit\u00e9s \u00e0 r\u00e9fl\u00e9chir aux d\u00e9fis de la mission de Dieu, en comprenant le r\u00f4le crucial que joue l\u2019\u00e9glise dans le monde. <\/p>\n<p>Les d\u00e9fis missionnaires abord\u00e9s lors de cet \u00e9v\u00e8nement repr\u00e9sentent un appel \u00e0 la foi et \u00e0 l\u2019action, nous inspirant de l\u2019exemple de Caleb, qui a affirm\u00e9 avec conviction : \u00abNous conquerrons ce pays, nous poss\u00e8derons ce pays \u00bb.<\/p>\n<p>L\u2019\u00e9v\u00e9nement a \u00e9t\u00e9 organis\u00e9 dans le but de renforcer l\u2019\u00c9glise de Dieu de la Proph\u00e9tie et, en m\u00eame temps, de g\u00e9n\u00e9rer un effet positif qui transcende les murs de l\u2019\u00e9glise et influence directement la transformation des nations. Plusieurs l\u00e9gislateurs, autorit\u00e9s et dirigeants communautaires \u00e9taient pr\u00e9sents. <\/p>\n<p>L\u2019ouverture a \u00e9t\u00e9 marqu\u00e9e par des conf\u00e9rences de haut niveau, avec la participation de d\u00e9l\u00e9gu\u00e9s des bureaux internationaux, des minist\u00e8res internationaux pour les enfants, des minist\u00e8res internationaux pour les jeunes et des minist\u00e8res mondiaux de la communication.<\/p>\n<p>L\u2019\u00e9v\u00eaque Benjamin Feliz a abord\u00e9 des sujets tels que l\u2019immigration, les d\u00e9fis politiques, la violence, les d\u00e9fis urbains et g\u00e9n\u00e9rationnels, ainsi que la d\u00e9fense de notre foi dans les moments difficiles. Citant Martin Luther King Jr., il a rappel\u00e9: \u00abIl faut rappeler \u00e0 l\u2019\u00e9glise qu\u2019elle n\u2019est ni la ma\u00eetresse ni la servante de l\u2019\u00c9tat, mais plut\u00f4t la conscience de l\u2019\u00c9tat. \u00bb Il a \u00e9galement partag\u00e9 certaines r\u00e9alit\u00e9s alarmantes : aujourd\u2019hui, il y a plus de personnes d\u00e9plac\u00e9es que jamais dans l\u2019histoire de l\u2019humanit\u00e9, et en 2023, le nombre de d\u00e9c\u00e8s de migrants a atteint un niveau record.  <\/p>\n<p>Au milieu de ces informations, le message aux Philippiens nous rappelle que la souffrance et la croix ne sont pas des obstacles, mais le contexte dans lequel se r\u00e9v\u00e8le la joie du minist\u00e8re. Contrairement \u00e0 une grande partie de l\u2019\u00e9glise du XXIe si\u00e8cle, s\u00e9duite par le plaisir \u00e0 tout prix, Paul nous enseigne \u00e0 accepter la souffrance comme faisant partie de la mission. <\/p>\n<p>Au cours du sommet, nous avons lanc\u00e9 le grand d\u00e9fi d\u2019atteindre 4 000 \u00e9glises d\u2019ici la prochaine Assembl\u00e9e internationale. Dans un moment historique de c\u00e9l\u00e9bration, 11 \u00e9v\u00eaques nationaux du Mexique, d\u2019Am\u00e9rique centrale et des Cara\u00efbes hispanophones ont d\u00e9fil\u00e9 ensemble, t\u00e9moignant de la moisson et de la croissance de la r\u00e9gion. En outre, des alliances ont \u00e9t\u00e9 annonc\u00e9es avec des s\u00e9minaires prestigieux aux \u00c9tats-Unis afin de renforcer les efforts de d\u00e9veloppement du leadership.  <\/p>\n<p>Le minist\u00e8re r\u00e9gional de la communication a pr\u00e9sent\u00e9 les progr\u00e8s et les r\u00e9alisations de ces derni\u00e8res ann\u00e9es, en mettant en avant les 100 premiers dipl\u00f4m\u00e9s de notre Acad\u00e9mie d\u2019Am\u00e9rique Centrale. Cette institution forme de jeunes leaders aux comp\u00e9tences en mati\u00e8re de m\u00e9dias num\u00e9riques, leur fournissant les outils n\u00e9cessaires pour se d\u00e9velopper professionnellement et g\u00e9n\u00e9rer des revenus dans l\u2019\u00e9conomie num\u00e9rique. <\/p>\n<p>Le Dr Gabriel Salguero, reconnu par le New York Times comme l\u2019un des leaders chr\u00e9tiens les plus influents de la communaut\u00e9 latino-am\u00e9ricaine, a exhort\u00e9 l\u2019\u00c9glise \u00e0 rester ferme face \u00e0 la pers\u00e9cution, aux conflits raciaux et aux tensions sociales. Il nous a rappel\u00e9 avec autorit\u00e9 que, tout comme David a vaincu Goliath avec cinq pierres lanc\u00e9es par Dieu, nous pouvons nous aussi vaincre n\u2019importe quel g\u00e9ant.  <span class=\"Apple-converted-space\"> <\/span>Il a \u00e9galement soulign\u00e9 que tout ce qui est nouveau n\u2019est pas forc\u00e9ment bon et que tout ce qui est ancien n\u2019est pas forc\u00e9ment mauvais ; l\u2019essentiel est de trouver un \u00e9quilibre qui soit b\u00e9n\u00e9fique pour les g\u00e9n\u00e9rations actuelles.<\/p>\n<p>Le Dr Harold Segura a soulign\u00e9 que l\u2019\u00e9glise ne doit pas seulement \u00eatre un groupe de croyants entre quatre murs, mais aussi des citoyens responsables. Il a affirm\u00e9 que ce sommet touche non seulement le pays h\u00f4te, mais aussi le c\u0153ur des nations r\u00e9unies dans le m\u00eame but : la mission de Dieu. <\/p>\n<p>Nous avons eu la chance d\u2019assister \u00e0 d\u2019excellentes pr\u00e9sentations des \u00e9v\u00eaques Elias Rodriguez et Gabriel E. Vidal. La pasteure Cesarina Flores a parl\u00e9 des d\u00e9fis g\u00e9n\u00e9rationnels auxquels nous sommes confront\u00e9s aujourd\u2019hui, et les \u00e9v\u00eaques Clayton Endecott et Clayton Martin ont partag\u00e9 les d\u00e9fis missionnaires dans leurs r\u00e9gions respectives. <\/p>\n<p>Enfin, l\u2019\u00e9v\u00eaque g\u00e9n\u00e9ral Tim Coalter a cl\u00f4tur\u00e9 le sommet par un message plein d\u2019espoir. Il a commenc\u00e9 par saluer la participation des autres intervenants, qui s\u2019accordaient sur les grands d\u00e9fis auxquels l\u2019\u00e9glise est confront\u00e9e. Avec des paroles de foi, il nous a invit\u00e9s \u00e0 voir les choses avec le regard de Dieu, en nous rappelant que Dieu a toujours la capacit\u00e9 de renverser le cours des choses.  <\/p>\n<p>\u00c9mu par la pr\u00e9sence du Saint-Esprit, il a proclam\u00e9 avec force que Mo\u00efse avait \u00e9t\u00e9 appel\u00e9 \u00e0 conduire le peuple de Dieu \u00e0 travers le d\u00e9sert, la famine et les oppositions, mais que Dieu \u00e9tait tout de m\u00eame avec eux. Pierre \u00e9tait en train de se noyer dans les eaux agit\u00e9es, mais J\u00e9sus lui a tendu la main. L\u2019\u00e9glise primitive a \u00e9t\u00e9 confront\u00e9e \u00e0 de grandes pers\u00e9cutions et \u00e0 des d\u00e9fis missionnaires, mais J\u00e9sus avait d\u00e9j\u00e0 d\u00e9clar\u00e9 : \u00ab Je b\u00e2tirai mon \u00c9glise \u00bb et celle-ci s\u2019est multipli\u00e9e et d\u00e9velopp\u00e9e.  <\/p>\n<p>L\u2019\u00e9v\u00eaque Coalter a raviv\u00e9 notre espoir en la r\u00e9demption et la transformation par l\u2019\u00c9vangile de J\u00e9sus-Christ, nous rappelant que, m\u00eame au milieu des \u00e9preuves, nous pouvons d\u00e9clarer avec foi \u00ab Dieu change les possibilit\u00e9s \u00bb. <\/p>\n","protected":false},"excerpt":{"rendered":"<p>Sommet International du Leadership 2025 San Salvador, El Salvador Plus de 800 leaders ont \u00e9t\u00e9 b\u00e9nis lors du Sommet international du leadership 2025 \u00e0 San Salvador, un \u00e9v\u00e8nement inspir\u00e9 pour relever les d\u00e9fis missionnaires du XXIe si\u00e8cle. Le sommet nous a invit\u00e9s \u00e0 r\u00e9fl\u00e9chir aux d\u00e9fis de la mission de Dieu, en comprenant le r\u00f4le [&hellip;]<\/p>\n","protected":false},"author":10,"featured_media":30369,"comment_status":"closed","ping_status":"open","sticky":false,"template":"","format":"standard","meta":{"_acf_changed":false,"_monsterinsights_skip_tracking":false,"_monsterinsights_sitenote_active":false,"_monsterinsights_sitenote_note":"","_monsterinsights_sitenote_category":0,"_uf_show_specific_survey":0,"_uf_disable_surveys":false,"footnotes":""},"categories":[146],"tags":[397],"class_list":["post-30884","post","type-post","status-publish","format-standard","has-post-thumbnail","hentry","category-missions-mondiales","tag-mexique-amerique-centrale-et-les-caraibes-hispanophones"],"acf":[],"yoast_head":"<!-- This site is optimized with the Yoast SEO plugin v27.4 - https:\/\/yoast.com\/product\/yoast-seo-wordpress\/ -->\n<title>Mexique, Am\u00e9rique Centrale et les Cara\u00efbes hispanophones : campagne missionnaire d&#039;octobre | COGOP<\/title>\n<meta name=\"robots\" content=\"index, follow, max-snippet:-1, max-image-preview:large, max-video-preview:-1\" \/>\n<link rel=\"canonical\" href=\"https:\/\/cogop.org\/fr\/mexique-amerique-centrale-et-les-caraibes-hispanophones-campagne-missionnaire-doctobre\/\" \/>\n<meta property=\"og:locale\" content=\"fr_FR\" \/>\n<meta property=\"og:type\" content=\"article\" \/>\n<meta property=\"og:title\" content=\"Mexique, Am\u00e9rique Centrale et les Cara\u00efbes hispanophones : campagne missionnaire d&#039;octobre | COGOP\" \/>\n<meta property=\"og:description\" content=\"Sommet International du Leadership 2025 San Salvador, El Salvador Plus de 800 leaders ont \u00e9t\u00e9 b\u00e9nis lors du Sommet international du leadership 2025 \u00e0 San Salvador, un \u00e9v\u00e8nement inspir\u00e9 pour relever les d\u00e9fis missionnaires du XXIe si\u00e8cle. Le sommet nous a invit\u00e9s \u00e0 r\u00e9fl\u00e9chir aux d\u00e9fis de la mission de Dieu, en comprenant le r\u00f4le [&hellip;]\" \/>\n<meta property=\"og:url\" content=\"https:\/\/cogop.org\/fr\/mexique-amerique-centrale-et-les-caraibes-hispanophones-campagne-missionnaire-doctobre\/\" \/>\n<meta property=\"og:site_name\" content=\"COGOP\" \/>\n<meta property=\"article:publisher\" content=\"https:\/\/www.facebook.com\/cogop\" \/>\n<meta property=\"article:published_time\" content=\"2025-10-15T08:00:41+00:00\" \/>\n<meta property=\"og:image\" content=\"https:\/\/cogop.org\/wp-content\/uploads\/2025\/10\/PHOTO-2025-09-03-16-39-55-7.jpg\" \/>\n\t<meta property=\"og:image:width\" content=\"1280\" \/>\n\t<meta property=\"og:image:height\" content=\"853\" \/>\n\t<meta property=\"og:image:type\" content=\"image\/jpeg\" \/>\n<meta name=\"author\" content=\"Charlie Scruggs\" \/>\n<meta name=\"twitter:card\" content=\"summary_large_image\" \/>\n<meta name=\"twitter:creator\" content=\"@cogop\" \/>\n<meta name=\"twitter:site\" content=\"@cogop\" \/>\n<meta name=\"twitter:label1\" content=\"\u00c9crit par\" \/>\n\t<meta name=\"twitter:data1\" content=\"Charlie Scruggs\" \/>\n\t<meta name=\"twitter:label2\" content=\"Dur\u00e9e de lecture estim\u00e9e\" \/>\n\t<meta name=\"twitter:data2\" content=\"5 minutes\" \/>\n<script type=\"application\/ld+json\" class=\"yoast-schema-graph\">{\"@context\":\"https:\\\/\\\/schema.org\",\"@graph\":[{\"@type\":\"Article\",\"@id\":\"https:\\\/\\\/cogop.org\\\/fr\\\/mexique-amerique-centrale-et-les-caraibes-hispanophones-campagne-missionnaire-doctobre\\\/#article\",\"isPartOf\":{\"@id\":\"https:\\\/\\\/cogop.org\\\/fr\\\/mexique-amerique-centrale-et-les-caraibes-hispanophones-campagne-missionnaire-doctobre\\\/\"},\"author\":{\"name\":\"Charlie Scruggs\",\"@id\":\"https:\\\/\\\/cogop.org\\\/#\\\/schema\\\/person\\\/6bfee56ce98d03b7d7dcd90594c4af6b\"},\"headline\":\"Mexique, Am\u00e9rique Centrale et les Cara\u00efbes hispanophones : campagne missionnaire d&rsquo;octobre\",\"datePublished\":\"2025-10-15T08:00:41+00:00\",\"mainEntityOfPage\":{\"@id\":\"https:\\\/\\\/cogop.org\\\/fr\\\/mexique-amerique-centrale-et-les-caraibes-hispanophones-campagne-missionnaire-doctobre\\\/\"},\"wordCount\":1025,\"publisher\":{\"@id\":\"https:\\\/\\\/cogop.org\\\/#organization\"},\"image\":{\"@id\":\"https:\\\/\\\/cogop.org\\\/fr\\\/mexique-amerique-centrale-et-les-caraibes-hispanophones-campagne-missionnaire-doctobre\\\/#primaryimage\"},\"thumbnailUrl\":\"https:\\\/\\\/cogop.org\\\/wp-content\\\/uploads\\\/2025\\\/10\\\/PHOTO-2025-09-03-16-39-55-7.jpg\",\"keywords\":[\"Mexique, Am\u00e9rique Centrale et les Cara\u00efbes hispanophones\"],\"articleSection\":[\"Missions mondiales\"],\"inLanguage\":\"fr-FR\"},{\"@type\":\"WebPage\",\"@id\":\"https:\\\/\\\/cogop.org\\\/fr\\\/mexique-amerique-centrale-et-les-caraibes-hispanophones-campagne-missionnaire-doctobre\\\/\",\"url\":\"https:\\\/\\\/cogop.org\\\/fr\\\/mexique-amerique-centrale-et-les-caraibes-hispanophones-campagne-missionnaire-doctobre\\\/\",\"name\":\"Mexique, Am\u00e9rique Centrale et les Cara\u00efbes hispanophones : campagne missionnaire d'octobre | COGOP\",\"isPartOf\":{\"@id\":\"https:\\\/\\\/cogop.org\\\/#website\"},\"primaryImageOfPage\":{\"@id\":\"https:\\\/\\\/cogop.org\\\/fr\\\/mexique-amerique-centrale-et-les-caraibes-hispanophones-campagne-missionnaire-doctobre\\\/#primaryimage\"},\"image\":{\"@id\":\"https:\\\/\\\/cogop.org\\\/fr\\\/mexique-amerique-centrale-et-les-caraibes-hispanophones-campagne-missionnaire-doctobre\\\/#primaryimage\"},\"thumbnailUrl\":\"https:\\\/\\\/cogop.org\\\/wp-content\\\/uploads\\\/2025\\\/10\\\/PHOTO-2025-09-03-16-39-55-7.jpg\",\"datePublished\":\"2025-10-15T08:00:41+00:00\",\"inLanguage\":\"fr-FR\",\"potentialAction\":[{\"@type\":\"ReadAction\",\"target\":[\"https:\\\/\\\/cogop.org\\\/fr\\\/mexique-amerique-centrale-et-les-caraibes-hispanophones-campagne-missionnaire-doctobre\\\/\"]}]},{\"@type\":\"ImageObject\",\"inLanguage\":\"fr-FR\",\"@id\":\"https:\\\/\\\/cogop.org\\\/fr\\\/mexique-amerique-centrale-et-les-caraibes-hispanophones-campagne-missionnaire-doctobre\\\/#primaryimage\",\"url\":\"https:\\\/\\\/cogop.org\\\/wp-content\\\/uploads\\\/2025\\\/10\\\/PHOTO-2025-09-03-16-39-55-7.jpg\",\"contentUrl\":\"https:\\\/\\\/cogop.org\\\/wp-content\\\/uploads\\\/2025\\\/10\\\/PHOTO-2025-09-03-16-39-55-7.jpg\",\"width\":1280,\"height\":853},{\"@type\":\"BreadcrumbList\",\"@id\":\"https:\\\/\\\/cogop.org\\\/fr\\\/mexique-amerique-centrale-et-les-caraibes-hispanophones-campagne-missionnaire-doctobre\\\/#breadcrumb\",\"itemListElement\":[{\"@type\":\"ListItem\",\"position\":1,\"name\":\"Home\",\"item\":\"https:\\\/\\\/cogop.org\\\/\"},{\"@type\":\"ListItem\",\"position\":2,\"name\":\"Mexique, Am\u00e9rique Centrale et les Cara\u00efbes hispanophones : campagne missionnaire d&rsquo;octobre\"}]},{\"@type\":\"WebSite\",\"@id\":\"https:\\\/\\\/cogop.org\\\/#website\",\"url\":\"https:\\\/\\\/cogop.org\\\/\",\"name\":\"Church of God of Prophecy\",\"description\":\"Reconciling the World to Christ\",\"publisher\":{\"@id\":\"https:\\\/\\\/cogop.org\\\/#organization\"},\"alternateName\":\"COGOP\",\"potentialAction\":[{\"@type\":\"SearchAction\",\"target\":{\"@type\":\"EntryPoint\",\"urlTemplate\":\"https:\\\/\\\/cogop.org\\\/?s={search_term_string}\"},\"query-input\":{\"@type\":\"PropertyValueSpecification\",\"valueRequired\":true,\"valueName\":\"search_term_string\"}}],\"inLanguage\":\"fr-FR\"},{\"@type\":\"Organization\",\"@id\":\"https:\\\/\\\/cogop.org\\\/#organization\",\"name\":\"Church of God of Prophecy\",\"alternateName\":\"COGOP\",\"url\":\"https:\\\/\\\/cogop.org\\\/\",\"logo\":{\"@type\":\"ImageObject\",\"inLanguage\":\"fr-FR\",\"@id\":\"https:\\\/\\\/cogop.org\\\/#\\\/schema\\\/logo\\\/image\\\/\",\"url\":\"https:\\\/\\\/cogop.org\\\/wp-content\\\/uploads\\\/2025\\\/01\\\/logo-cogop.webp\",\"contentUrl\":\"https:\\\/\\\/cogop.org\\\/wp-content\\\/uploads\\\/2025\\\/01\\\/logo-cogop.webp\",\"width\":500,\"height\":118,\"caption\":\"Church of God of Prophecy\"},\"image\":{\"@id\":\"https:\\\/\\\/cogop.org\\\/#\\\/schema\\\/logo\\\/image\\\/\"},\"sameAs\":[\"https:\\\/\\\/www.facebook.com\\\/cogop\",\"https:\\\/\\\/x.com\\\/cogop\",\"https:\\\/\\\/www.instagram.com\\\/cogoppics\\\/\",\"https:\\\/\\\/www.youtube.com\\\/@COGOPMedia\",\"https:\\\/\\\/open.spotify.com\\\/user\\\/g1d13yyaprw0wrr2woer8edyp?si=a32b364b555f4d4d\"]},{\"@type\":\"Person\",\"@id\":\"https:\\\/\\\/cogop.org\\\/#\\\/schema\\\/person\\\/6bfee56ce98d03b7d7dcd90594c4af6b\",\"name\":\"Charlie Scruggs\",\"image\":{\"@type\":\"ImageObject\",\"inLanguage\":\"fr-FR\",\"@id\":\"https:\\\/\\\/secure.gravatar.com\\\/avatar\\\/5c625851004478f5bd86245a070a2090fcb008cf91bfabf0162fca05d324663b?s=96&d=mm&r=g\",\"url\":\"https:\\\/\\\/secure.gravatar.com\\\/avatar\\\/5c625851004478f5bd86245a070a2090fcb008cf91bfabf0162fca05d324663b?s=96&d=mm&r=g\",\"contentUrl\":\"https:\\\/\\\/secure.gravatar.com\\\/avatar\\\/5c625851004478f5bd86245a070a2090fcb008cf91bfabf0162fca05d324663b?s=96&d=mm&r=g\",\"caption\":\"Charlie Scruggs\"}}]}<\/script>\n<!-- \/ Yoast SEO plugin. -->","yoast_head_json":{"title":"Mexique, Am\u00e9rique Centrale et les Cara\u00efbes hispanophones : campagne missionnaire d'octobre | COGOP","robots":{"index":"index","follow":"follow","max-snippet":"max-snippet:-1","max-image-preview":"max-image-preview:large","max-video-preview":"max-video-preview:-1"},"canonical":"https:\/\/cogop.org\/fr\/mexique-amerique-centrale-et-les-caraibes-hispanophones-campagne-missionnaire-doctobre\/","og_locale":"fr_FR","og_type":"article","og_title":"Mexique, Am\u00e9rique Centrale et les Cara\u00efbes hispanophones : campagne missionnaire d'octobre | COGOP","og_description":"Sommet International du Leadership 2025 San Salvador, El Salvador Plus de 800 leaders ont \u00e9t\u00e9 b\u00e9nis lors du Sommet international du leadership 2025 \u00e0 San Salvador, un \u00e9v\u00e8nement inspir\u00e9 pour relever les d\u00e9fis missionnaires du XXIe si\u00e8cle. Le sommet nous a invit\u00e9s \u00e0 r\u00e9fl\u00e9chir aux d\u00e9fis de la mission de Dieu, en comprenant le r\u00f4le [&hellip;]","og_url":"https:\/\/cogop.org\/fr\/mexique-amerique-centrale-et-les-caraibes-hispanophones-campagne-missionnaire-doctobre\/","og_site_name":"COGOP","article_publisher":"https:\/\/www.facebook.com\/cogop","article_published_time":"2025-10-15T08:00:41+00:00","og_image":[{"width":1280,"height":853,"url":"https:\/\/cogop.org\/wp-content\/uploads\/2025\/10\/PHOTO-2025-09-03-16-39-55-7.jpg","type":"image\/jpeg"}],"author":"Charlie Scruggs","twitter_card":"summary_large_image","twitter_creator":"@cogop","twitter_site":"@cogop","twitter_misc":{"\u00c9crit par":"Charlie Scruggs","Dur\u00e9e de lecture estim\u00e9e":"5 minutes"},"schema":{"@context":"https:\/\/schema.org","@graph":[{"@type":"Article","@id":"https:\/\/cogop.org\/fr\/mexique-amerique-centrale-et-les-caraibes-hispanophones-campagne-missionnaire-doctobre\/#article","isPartOf":{"@id":"https:\/\/cogop.org\/fr\/mexique-amerique-centrale-et-les-caraibes-hispanophones-campagne-missionnaire-doctobre\/"},"author":{"name":"Charlie Scruggs","@id":"https:\/\/cogop.org\/#\/schema\/person\/6bfee56ce98d03b7d7dcd90594c4af6b"},"headline":"Mexique, Am\u00e9rique Centrale et les Cara\u00efbes hispanophones : campagne missionnaire d&rsquo;octobre","datePublished":"2025-10-15T08:00:41+00:00","mainEntityOfPage":{"@id":"https:\/\/cogop.org\/fr\/mexique-amerique-centrale-et-les-caraibes-hispanophones-campagne-missionnaire-doctobre\/"},"wordCount":1025,"publisher":{"@id":"https:\/\/cogop.org\/#organization"},"image":{"@id":"https:\/\/cogop.org\/fr\/mexique-amerique-centrale-et-les-caraibes-hispanophones-campagne-missionnaire-doctobre\/#primaryimage"},"thumbnailUrl":"https:\/\/cogop.org\/wp-content\/uploads\/2025\/10\/PHOTO-2025-09-03-16-39-55-7.jpg","keywords":["Mexique, Am\u00e9rique Centrale et les Cara\u00efbes hispanophones"],"articleSection":["Missions mondiales"],"inLanguage":"fr-FR"},{"@type":"WebPage","@id":"https:\/\/cogop.org\/fr\/mexique-amerique-centrale-et-les-caraibes-hispanophones-campagne-missionnaire-doctobre\/","url":"https:\/\/cogop.org\/fr\/mexique-amerique-centrale-et-les-caraibes-hispanophones-campagne-missionnaire-doctobre\/","name":"Mexique, Am\u00e9rique Centrale et les Cara\u00efbes hispanophones : campagne missionnaire d'octobre | COGOP","isPartOf":{"@id":"https:\/\/cogop.org\/#website"},"primaryImageOfPage":{"@id":"https:\/\/cogop.org\/fr\/mexique-amerique-centrale-et-les-caraibes-hispanophones-campagne-missionnaire-doctobre\/#primaryimage"},"image":{"@id":"https:\/\/cogop.org\/fr\/mexique-amerique-centrale-et-les-caraibes-hispanophones-campagne-missionnaire-doctobre\/#primaryimage"},"thumbnailUrl":"https:\/\/cogop.org\/wp-content\/uploads\/2025\/10\/PHOTO-2025-09-03-16-39-55-7.jpg","datePublished":"2025-10-15T08:00:41+00:00","inLanguage":"fr-FR","potentialAction":[{"@type":"ReadAction","target":["https:\/\/cogop.org\/fr\/mexique-amerique-centrale-et-les-caraibes-hispanophones-campagne-missionnaire-doctobre\/"]}]},{"@type":"ImageObject","inLanguage":"fr-FR","@id":"https:\/\/cogop.org\/fr\/mexique-amerique-centrale-et-les-caraibes-hispanophones-campagne-missionnaire-doctobre\/#primaryimage","url":"https:\/\/cogop.org\/wp-content\/uploads\/2025\/10\/PHOTO-2025-09-03-16-39-55-7.jpg","contentUrl":"https:\/\/cogop.org\/wp-content\/uploads\/2025\/10\/PHOTO-2025-09-03-16-39-55-7.jpg","width":1280,"height":853},{"@type":"BreadcrumbList","@id":"https:\/\/cogop.org\/fr\/mexique-amerique-centrale-et-les-caraibes-hispanophones-campagne-missionnaire-doctobre\/#breadcrumb","itemListElement":[{"@type":"ListItem","position":1,"name":"Home","item":"https:\/\/cogop.org\/"},{"@type":"ListItem","position":2,"name":"Mexique, Am\u00e9rique Centrale et les Cara\u00efbes hispanophones : campagne missionnaire d&rsquo;octobre"}]},{"@type":"WebSite","@id":"https:\/\/cogop.org\/#website","url":"https:\/\/cogop.org\/","name":"Church of God of Prophecy","description":"Reconciling the World to Christ","publisher":{"@id":"https:\/\/cogop.org\/#organization"},"alternateName":"COGOP","potentialAction":[{"@type":"SearchAction","target":{"@type":"EntryPoint","urlTemplate":"https:\/\/cogop.org\/?s={search_term_string}"},"query-input":{"@type":"PropertyValueSpecification","valueRequired":true,"valueName":"search_term_string"}}],"inLanguage":"fr-FR"},{"@type":"Organization","@id":"https:\/\/cogop.org\/#organization","name":"Church of God of Prophecy","alternateName":"COGOP","url":"https:\/\/cogop.org\/","logo":{"@type":"ImageObject","inLanguage":"fr-FR","@id":"https:\/\/cogop.org\/#\/schema\/logo\/image\/","url":"https:\/\/cogop.org\/wp-content\/uploads\/2025\/01\/logo-cogop.webp","contentUrl":"https:\/\/cogop.org\/wp-content\/uploads\/2025\/01\/logo-cogop.webp","width":500,"height":118,"caption":"Church of God of Prophecy"},"image":{"@id":"https:\/\/cogop.org\/#\/schema\/logo\/image\/"},"sameAs":["https:\/\/www.facebook.com\/cogop","https:\/\/x.com\/cogop","https:\/\/www.instagram.com\/cogoppics\/","https:\/\/www.youtube.com\/@COGOPMedia","https:\/\/open.spotify.com\/user\/g1d13yyaprw0wrr2woer8edyp?si=a32b364b555f4d4d"]},{"@type":"Person","@id":"https:\/\/cogop.org\/#\/schema\/person\/6bfee56ce98d03b7d7dcd90594c4af6b","name":"Charlie Scruggs","image":{"@type":"ImageObject","inLanguage":"fr-FR","@id":"https:\/\/secure.gravatar.com\/avatar\/5c625851004478f5bd86245a070a2090fcb008cf91bfabf0162fca05d324663b?s=96&d=mm&r=g","url":"https:\/\/secure.gravatar.com\/avatar\/5c625851004478f5bd86245a070a2090fcb008cf91bfabf0162fca05d324663b?s=96&d=mm&r=g","contentUrl":"https:\/\/secure.gravatar.com\/avatar\/5c625851004478f5bd86245a070a2090fcb008cf91bfabf0162fca05d324663b?s=96&d=mm&r=g","caption":"Charlie Scruggs"}}]}},"_links":{"self":[{"href":"https:\/\/cogop.org\/fr\/wp-json\/wp\/v2\/posts\/30884","targetHints":{"allow":["GET"]}}],"collection":[{"href":"https:\/\/cogop.org\/fr\/wp-json\/wp\/v2\/posts"}],"about":[{"href":"https:\/\/cogop.org\/fr\/wp-json\/wp\/v2\/types\/post"}],"author":[{"embeddable":true,"href":"https:\/\/cogop.org\/fr\/wp-json\/wp\/v2\/users\/10"}],"replies":[{"embeddable":true,"href":"https:\/\/cogop.org\/fr\/wp-json\/wp\/v2\/comments?post=30884"}],"version-history":[{"count":0,"href":"https:\/\/cogop.org\/fr\/wp-json\/wp\/v2\/posts\/30884\/revisions"}],"wp:featuredmedia":[{"embeddable":true,"href":"https:\/\/cogop.org\/fr\/wp-json\/wp\/v2\/media\/30369"}],"wp:attachment":[{"href":"https:\/\/cogop.org\/fr\/wp-json\/wp\/v2\/media?parent=30884"}],"wp:term":[{"taxonomy":"category","embeddable":true,"href":"https:\/\/cogop.org\/fr\/wp-json\/wp\/v2\/categories?post=30884"},{"taxonomy":"post_tag","embeddable":true,"href":"https:\/\/cogop.org\/fr\/wp-json\/wp\/v2\/tags?post=30884"}],"curies":[{"name":"wp","href":"https:\/\/api.w.org\/{rel}","templated":true}]}}