{"id":28850,"date":"2025-09-17T08:00:38","date_gmt":"2025-09-17T08:00:38","guid":{"rendered":"https:\/\/cogop.org\/?p=28850"},"modified":"2025-09-17T08:00:38","modified_gmt":"2025-09-17T08:00:38","slug":"la-parole-vivant","status":"publish","type":"post","link":"https:\/\/cogop.org\/fr\/la-parole-vivant\/","title":{"rendered":"La parole vivant"},"content":{"rendered":"<p>De nombreux versets bibliques parlent de l\u2019autorit\u00e9 de la Parole de Dieu. Lorsque nous la proclamons avec foi, un poids, une substance et une lourdeur sont lib\u00e9r\u00e9s dans notre esprit et se manifestent dans notre vie. Les \u00c9critures proclam\u00e9es avec foi par l\u2019inspiration et la r\u00e9v\u00e9lation du Saint-Esprit sont soutenues par la Parole vivante, J\u00e9sus-Christ. Nous devenons l\u2019expression de la volont\u00e9 de Dieu \u00e0 travers J\u00e9sus, la Parole vivante.   <span class=\"Apple-converted-space\"> <\/span><\/p>\n<p>Mo\u00efse comprenait le pouvoir et l\u2019effet des paroles inspir\u00e9es par Dieu lorsqu\u2019il disait dans Deut\u00e9ronome 32:1, 2<span class=\"Apple-converted-space\"> <\/span><\/p>\n<blockquote><p>Cieux ! pr\u00eatez l&rsquo;oreille, et je parlerai ;<span class=\"Apple-converted-space\"> <\/span><\/p>\n<p>Terre ! \u00e9coute les paroles de ma bouche.<span class=\"Apple-converted-space\"> <\/span><\/p>\n<p>Que mes instructions se r\u00e9pandent comme la pluie,<span class=\"Apple-converted-space\"> <\/span><\/p>\n<p>Que ma parole tombe comme la ros\u00e9e,<span class=\"Apple-converted-space\"> <\/span><\/p>\n<p>Comme des ond\u00e9es sur la verdure,<span class=\"Apple-converted-space\"> <\/span><\/p>\n<p>Comme de gouttes d&rsquo;eau sur l&rsquo;herbe!<span class=\"Apple-converted-space\"> <\/span><\/p><\/blockquote>\n<p>D\u00e8s que la Parole vivante de Dieu coule en nous, notre environnement change, l\u2019atmosph\u00e8re se transforme et nous anticipons le ciel et la terre tels que les fils de Dieu, et l\u2019autorit\u00e9 de Dieu \u00e0 travers eux, sont r\u00e9v\u00e9l\u00e9s (Romains 8:19).<span class=\"Apple-converted-space\"> <\/span><\/p>\n<p>La puissance de la Parole prononc\u00e9e de Dieu apporte un r\u00e9veil spirituel et un rafra\u00eechissement, et elle change les besoins de toute situation, soumettant le domaine spirituel \u00e0 son autorit\u00e9 et \u00e0 sa pr\u00e9sence.<span class=\"Apple-converted-space\"> <\/span><\/p>\n<p>Dans les versets 3<b>&#8211;<\/b>4 de Deut\u00e9ronome 32, Mo\u00efse t\u00e9moigne de la grandeur et de la fid\u00e9lit\u00e9 de Dieu lorsqu\u2019il proclame le nom de Dieu :<span class=\"Apple-converted-space\"> <\/span><\/p>\n<blockquote><p>Car je proclamerai le nom de l&rsquo;\u00c9ternel:<span class=\"Apple-converted-space\"> <\/span><\/p>\n<p>Rendez gloire \u00e0 notre Dieu.<span class=\"Apple-converted-space\"> <\/span><\/p>\n<p>El est le rocher ; ses oeuvres sont partaites;<span class=\"Apple-converted-space\"> <\/span><\/p>\n<p>Car toutes ses voies sont justes,<span class=\"Apple-converted-space\"> <\/span><\/p>\n<p>C&rsquo;est un Dieu fid\u00e8le et sans iniquit\u00e9;<span class=\"Apple-converted-space\"> <\/span><\/p>\n<p>Il est juste et droit.<span class=\"Apple-converted-space\"> <\/span><\/p><\/blockquote>\n<p>Il y a une puissance qui se lib\u00e8re \u00e0 travers la Parole d\u00e9clar\u00e9e de Dieu. Il y a une puissance dans notre proclamation de son nom lorsque nous t\u00e9moignons de son amour fid\u00e8le, de sa mis\u00e9ricorde et de sa gr\u00e2ce r\u00e9v\u00e9l\u00e9s \u00e0 travers son alliance avec nous en tant qu\u2019individus. <span class=\"Apple-converted-space\"> <\/span><\/p>\n<p>Lorsque nous t\u00e9moignons, le poids de la puissance de la pr\u00e9sence de Dieu en tant que \u00ab <i>Je suis<\/i> \u00bb et l\u2019autorit\u00e9 de sa Parole sur, dans et \u00e0 travers nos vies tombent comme la ros\u00e9e sur une terre dess\u00e9ch\u00e9e, attendant la r\u00e9v\u00e9lation de personnes remplies d\u2019un courage intr\u00e9pide pour conqu\u00e9rir et r\u00e9concilier le monde avec Christ, la Parole vivante, par la puissance du Saint-Esprit et la parole de notre t\u00e9moignage.<span class=\"Apple-converted-space\"> <\/span><\/p>\n<p>Sur cette note, permettez-moi de t\u00e9moigner !<span class=\"Apple-converted-space\"> <\/span><\/p>\n<p>Dans notre foyer, on nous a enseign\u00e9 d\u00e8s notre plus jeune \u00e2ge \u00e0 trouver nos r\u00e9ponses, nos besoins, notre protection et notre provision dans la Parole de Dieu. L\u2019accent \u00e9tait mis sur la pri\u00e8re, la d\u00e9claration et la proclamation des \u00c9critures sur les circonstances, selon ce que le Saint-Esprit r\u00e9v\u00e9lait. Impr\u00e9gn\u00e9 dans ma personnalit\u00e9 et ma relation avec Dieu, cela est devenu un d\u00e9bordement naturel de ma vie quotidienne et de mon minist\u00e8re.  <span class=\"Apple-converted-space\"> <\/span><\/p>\n<p>Apr\u00e8s chaque r\u00e9union \u00e0 l\u2019\u00e9glise, la b\u00e9n\u00e9diction sacerdotale rapport\u00e9e dans Nombres 6:24-26 est prononc\u00e9e sur l\u2019assembl\u00e9e. Le 8 mars, j\u2019ai b\u00e9ni l\u2019assembl\u00e9e comme d\u2019habitude avec la b\u00e9n\u00e9diction sacerdotale et tout ce que le Saint-Esprit avait mis sur mon c\u0153ur. <span class=\"Apple-converted-space\"> <\/span><\/p>\n<p>Juste avant de conclure, j\u2019ai d\u00e9clar\u00e9 \u00c9sa\u00efe 43:1, 2 sur eux dans le cadre de la b\u00e9n\u00e9diction : \u00ab Ne crains rien, car je te rach\u00e8te, je t\u2019appelle par ton nom : tu es \u00e0 moi ! Si tu traverses les eaux, je serai avec toi ; et les fleuves, ils ne te submergeront point ; si tu marches dans le feu, tu ne <br \/>te br\u00fbleras pas, et la flamme ne t\u2019embrasera pas.. . . . \u00bb J\u2019ai \u00e9galement ajout\u00e9 : \u00ab Une traduction dit que vous ne sentirez m\u00eame pas l\u2019odeur du feu, car Dieu vous aime ! \u00bb <span class=\"Apple-converted-space\"> <\/span><\/p>\n<p>Deux semaines plus tard, nous avons eu une coupure de courant apr\u00e8s notre r\u00e9union dominicale \u00e0 l\u2019\u00e9glise. Un voisin est venu voir si tout allait bien et a r\u00e9tabli le courant. Par la suite, nous avons entendu des explosions de temps \u00e0 autre, mais comme il se passait r\u00e9guli\u00e8rement des choses \u00e9tranges autour de nous, nous n\u2019y avons pas pr\u00eat\u00e9 attention.  <span class=\"Apple-converted-space\"> <\/span><\/p>\n<p>Le lundi matin 24 mars, je me suis rendu compte que le courant \u00e9tait toujours coup\u00e9. Je suis all\u00e9 au tableau \u00e9lectrique et j\u2019ai entendu le compteur tourner, alors je suis sorti pour voir ce qui n\u2019allait pas. <span class=\"Apple-converted-space\"> <\/span><\/p>\n<p>Et voil\u00e0 que le fil sous tension qui allait au poteau avait \u00e9t\u00e9 coup\u00e9 \u00e0 travers le couvercle du tableau \u00e9lectrique, quelqu\u2019un avait essay\u00e9 de le voler. Le tableau fonctionnait sans alimentation, alors j\u2019ai pris un b\u00e2ton et j\u2019ai bascul\u00e9 l\u2019interrupteur sur \u00ab off \u00bb. Ma m\u00e8re, qui se tenait \u00e0 l\u2019int\u00e9rieur du portail, me parlait, et comme j\u2019avais ouvert le couvercle d\u2019une main, j\u2019ai commenc\u00e9 \u00e0 lui expliquer le probl\u00e8me, en lui d\u00e9crivant les fils fondus. J\u2019ai continu\u00e9 \u00e0 discuter du plan d\u2019action \u00e0 mettre en place, quand soudain, il y a eu une explosion ! Le c\u00e2ble \u00e9lectrique a explos\u00e9 alors que je me tenais \u00e0 environ 30 cm de lui et que je regardais directement le coffret.    <span class=\"Apple-converted-space\"> <\/span><\/p>\n<p>J\u2019ai imm\u00e9diatement ferm\u00e9 le couvercle et j\u2019ai regard\u00e9 ma m\u00e8re, qui \u00e9tait blanche comme un linge et me demandait sans cesse : \u00ab Est-ce que \u00e7a va ? \u00bb<span class=\"Apple-converted-space\"> <\/span><\/p>\n<p>De la m\u00eame mani\u00e8re, alors que je rentrais dans la propri\u00e9t\u00e9 par un autre portail, ma m\u00e8re m\u2019a regard\u00e9 comme si elle n\u2019en croyait pas ses yeux et m\u2019a demand\u00e9 \u00e0 nouveau : \u00ab Est-ce que \u00e7a va ? \u00bb Je lui ai assur\u00e9 que oui. <span class=\"Apple-converted-space\"> <\/span><\/p>\n<p>Elle m\u2019a dit : \u00ab Les flammes t\u2019enveloppaient, je t\u2019ai vu br\u00fbler. Tu es s\u00fbr que tu vas bien ? \u00bb<span class=\"Apple-converted-space\"> <\/span><\/p>\n<p>Et j\u2019ai r\u00e9pondu : \u00ab Maman, sens mes v\u00eatements. Je ne sens m\u00eame pas le feu. \u00bb D\u00e8s que j\u2019ai dit cela, j\u2019ai \u00e9t\u00e9 submerg\u00e9 par le souvenir et la prise de conscience du verset que j\u2019avais d\u00e9clar\u00e9 \u00e0 l\u2019assembl\u00e9e deux semaines auparavant. <span class=\"Apple-converted-space\"> <\/span><\/p>\n<p>Quand je suis all\u00e9 prier dans l\u2019apr\u00e8s-midi, je savais que la Parole de Dieu \u00e9tait vivante en moi. Elle n\u2019\u00e9tait pas sur mes l\u00e8vres. Elle n\u2019\u00e9tait pas absorb\u00e9e par mes yeux. Elle n\u2019\u00e9tait pas analys\u00e9e logiquement par mon esprit. La Parole de Dieu \u00e9tait \u00e9crite avec amour par Dieu dans mon c\u0153ur.    <span class=\"Apple-converted-space\"> <\/span><\/p>\n<p>J\u2019aurais pu \u00eatre aveugl\u00e9, gravement br\u00fbl\u00e9, ou pire encore, j\u2019aurais pu mourir, mais la Parole de Dieu, J\u00e9sus- Christ, m\u2019a sauv\u00e9. Je n\u2019ai aucun moyen d\u2019exprimer la gratitude de mon c\u0153ur pour sa gr\u00e2ce salvatrice sur ma vie.<span class=\"Apple-converted-space\"> <\/span><\/p>\n<p>J\u2019esp\u00e8re que ce t\u00e9moignage sera une source d\u2019encouragement.<span class=\"Apple-converted-space\"> <\/span><\/p>\n<p>Continuez \u00e0 proclamer la Parole de Dieu sur vous et votre famille. Elle est vivante et active ; elle ne reviendra pas \u00e0 vous sans effet, mais elle accomplira ce qui est agr\u00e9able \u00e0 Dieu, comme le d\u00e9crit \u00c9sa\u00efe 55:11 : <span class=\"Apple-converted-space\"> <\/span><\/p>\n<p>Ainsi en est-il de ma parole, qui sort de ma bouche : elle ne retourne point \u00e0 moi sans effet, sans avoir ex\u00e9cut\u00e9 ma volont\u00e9 et accompli mes desseins.<span class=\"Apple-converted-space\"> <\/span><\/p>\n<p>Nous sommes des t\u00e9moins actifs et l\u2019expression de la fid\u00e9lit\u00e9 de Dieu lorsque nous proclamons sa Parole avec foi. Lorsque Dieu touche nos l\u00e8vres et met sa Parole dans notre bouche, il est vivant et actif par rapport \u00e0 sa Parole, veillant \u00e0 ce qu\u2019elle s\u2019accomplisse bient\u00f4t et en temps voulu. <span class=\"Apple-converted-space\"> <\/span><\/p>\n","protected":false},"excerpt":{"rendered":"<p>De nombreux versets bibliques parlent de l\u2019autorit\u00e9 de la Parole de Dieu. Lorsque nous la proclamons avec foi, un poids, une substance et une lourdeur sont lib\u00e9r\u00e9s dans notre esprit et se manifestent dans notre vie. Les \u00c9critures proclam\u00e9es avec foi par l\u2019inspiration et la r\u00e9v\u00e9lation du Saint-Esprit sont soutenues par la Parole vivante, J\u00e9sus-Christ. [&hellip;]<\/p>\n","protected":false},"author":10,"featured_media":28613,"comment_status":"closed","ping_status":"open","sticky":false,"template":"","format":"standard","meta":{"_acf_changed":false,"_monsterinsights_skip_tracking":false,"_monsterinsights_sitenote_active":false,"_monsterinsights_sitenote_note":"","_monsterinsights_sitenote_category":0,"_uf_show_specific_survey":0,"_uf_disable_surveys":false,"footnotes":""},"categories":[358],"tags":[189],"class_list":["post-28850","post","type-post","status-publish","format-standard","has-post-thumbnail","hentry","category-cest-mon-histoire","tag-le-messager-a-laile-blanche"],"acf":[],"yoast_head":"<!-- This site is optimized with the Yoast SEO plugin v27.4 - https:\/\/yoast.com\/product\/yoast-seo-wordpress\/ -->\n<title>La parole vivant | COGOP<\/title>\n<meta name=\"robots\" content=\"index, follow, max-snippet:-1, max-image-preview:large, max-video-preview:-1\" \/>\n<link rel=\"canonical\" href=\"https:\/\/cogop.org\/living-word\/\" \/>\n<meta property=\"og:locale\" content=\"fr_FR\" \/>\n<meta property=\"og:type\" content=\"article\" \/>\n<meta property=\"og:title\" content=\"La parole vivant | COGOP\" \/>\n<meta property=\"og:description\" content=\"De nombreux versets bibliques parlent de l\u2019autorit\u00e9 de la Parole de Dieu. Lorsque nous la proclamons avec foi, un poids, une substance et une lourdeur sont lib\u00e9r\u00e9s dans notre esprit et se manifestent dans notre vie. Les \u00c9critures proclam\u00e9es avec foi par l\u2019inspiration et la r\u00e9v\u00e9lation du Saint-Esprit sont soutenues par la Parole vivante, J\u00e9sus-Christ. [&hellip;]\" \/>\n<meta property=\"og:url\" content=\"https:\/\/cogop.org\/living-word\/\" \/>\n<meta property=\"og:site_name\" content=\"COGOP\" \/>\n<meta property=\"article:publisher\" content=\"https:\/\/www.facebook.com\/cogop\" \/>\n<meta property=\"article:published_time\" content=\"2025-09-17T08:00:38+00:00\" \/>\n<meta property=\"og:image\" content=\"https:\/\/cogop.org\/wp-content\/uploads\/2025\/09\/aaron-burden-TNlHf4m4gpI-unsplash-scaled.jpg\" \/>\n\t<meta property=\"og:image:width\" content=\"2560\" \/>\n\t<meta property=\"og:image:height\" content=\"1920\" \/>\n\t<meta property=\"og:image:type\" content=\"image\/jpeg\" \/>\n<meta name=\"author\" content=\"Charlie Scruggs\" \/>\n<meta name=\"twitter:card\" content=\"summary_large_image\" \/>\n<meta name=\"twitter:creator\" content=\"@cogop\" \/>\n<meta name=\"twitter:site\" content=\"@cogop\" \/>\n<meta name=\"twitter:label1\" content=\"\u00c9crit par\" \/>\n\t<meta name=\"twitter:data1\" content=\"Charlie Scruggs\" \/>\n\t<meta name=\"twitter:label2\" content=\"Dur\u00e9e de lecture estim\u00e9e\" \/>\n\t<meta name=\"twitter:data2\" content=\"6 minutes\" \/>\n<script type=\"application\/ld+json\" class=\"yoast-schema-graph\">{\"@context\":\"https:\\\/\\\/schema.org\",\"@graph\":[{\"@type\":\"Article\",\"@id\":\"https:\\\/\\\/cogop.org\\\/living-word\\\/#article\",\"isPartOf\":{\"@id\":\"https:\\\/\\\/cogop.org\\\/living-word\\\/\"},\"author\":{\"name\":\"Charlie Scruggs\",\"@id\":\"https:\\\/\\\/cogop.org\\\/#\\\/schema\\\/person\\\/6bfee56ce98d03b7d7dcd90594c4af6b\"},\"headline\":\"La parole vivant\",\"datePublished\":\"2025-09-17T08:00:38+00:00\",\"mainEntityOfPage\":{\"@id\":\"https:\\\/\\\/cogop.org\\\/living-word\\\/\"},\"wordCount\":1299,\"publisher\":{\"@id\":\"https:\\\/\\\/cogop.org\\\/#organization\"},\"image\":{\"@id\":\"https:\\\/\\\/cogop.org\\\/living-word\\\/#primaryimage\"},\"thumbnailUrl\":\"https:\\\/\\\/cogop.org\\\/wp-content\\\/uploads\\\/2025\\\/09\\\/aaron-burden-TNlHf4m4gpI-unsplash-scaled.jpg\",\"keywords\":[\"Le Messager \u00e0 l'Aile Blanche\"],\"articleSection\":[\"C'est mon histoire\"],\"inLanguage\":\"fr-FR\"},{\"@type\":\"WebPage\",\"@id\":\"https:\\\/\\\/cogop.org\\\/living-word\\\/\",\"url\":\"https:\\\/\\\/cogop.org\\\/living-word\\\/\",\"name\":\"La parole vivant | COGOP\",\"isPartOf\":{\"@id\":\"https:\\\/\\\/cogop.org\\\/#website\"},\"primaryImageOfPage\":{\"@id\":\"https:\\\/\\\/cogop.org\\\/living-word\\\/#primaryimage\"},\"image\":{\"@id\":\"https:\\\/\\\/cogop.org\\\/living-word\\\/#primaryimage\"},\"thumbnailUrl\":\"https:\\\/\\\/cogop.org\\\/wp-content\\\/uploads\\\/2025\\\/09\\\/aaron-burden-TNlHf4m4gpI-unsplash-scaled.jpg\",\"datePublished\":\"2025-09-17T08:00:38+00:00\",\"inLanguage\":\"fr-FR\",\"potentialAction\":[{\"@type\":\"ReadAction\",\"target\":[\"https:\\\/\\\/cogop.org\\\/living-word\\\/\"]}]},{\"@type\":\"ImageObject\",\"inLanguage\":\"fr-FR\",\"@id\":\"https:\\\/\\\/cogop.org\\\/living-word\\\/#primaryimage\",\"url\":\"https:\\\/\\\/cogop.org\\\/wp-content\\\/uploads\\\/2025\\\/09\\\/aaron-burden-TNlHf4m4gpI-unsplash-scaled.jpg\",\"contentUrl\":\"https:\\\/\\\/cogop.org\\\/wp-content\\\/uploads\\\/2025\\\/09\\\/aaron-burden-TNlHf4m4gpI-unsplash-scaled.jpg\",\"width\":2560,\"height\":1920},{\"@type\":\"BreadcrumbList\",\"@id\":\"https:\\\/\\\/cogop.org\\\/living-word\\\/#breadcrumb\",\"itemListElement\":[{\"@type\":\"ListItem\",\"position\":1,\"name\":\"Home\",\"item\":\"https:\\\/\\\/cogop.org\\\/\"},{\"@type\":\"ListItem\",\"position\":2,\"name\":\"La parole vivant\"}]},{\"@type\":\"WebSite\",\"@id\":\"https:\\\/\\\/cogop.org\\\/#website\",\"url\":\"https:\\\/\\\/cogop.org\\\/\",\"name\":\"Church of God of Prophecy\",\"description\":\"Reconciling the World to Christ\",\"publisher\":{\"@id\":\"https:\\\/\\\/cogop.org\\\/#organization\"},\"alternateName\":\"COGOP\",\"potentialAction\":[{\"@type\":\"SearchAction\",\"target\":{\"@type\":\"EntryPoint\",\"urlTemplate\":\"https:\\\/\\\/cogop.org\\\/?s={search_term_string}\"},\"query-input\":{\"@type\":\"PropertyValueSpecification\",\"valueRequired\":true,\"valueName\":\"search_term_string\"}}],\"inLanguage\":\"fr-FR\"},{\"@type\":\"Organization\",\"@id\":\"https:\\\/\\\/cogop.org\\\/#organization\",\"name\":\"Church of God of Prophecy\",\"alternateName\":\"COGOP\",\"url\":\"https:\\\/\\\/cogop.org\\\/\",\"logo\":{\"@type\":\"ImageObject\",\"inLanguage\":\"fr-FR\",\"@id\":\"https:\\\/\\\/cogop.org\\\/#\\\/schema\\\/logo\\\/image\\\/\",\"url\":\"https:\\\/\\\/cogop.org\\\/wp-content\\\/uploads\\\/2025\\\/01\\\/logo-cogop.webp\",\"contentUrl\":\"https:\\\/\\\/cogop.org\\\/wp-content\\\/uploads\\\/2025\\\/01\\\/logo-cogop.webp\",\"width\":500,\"height\":118,\"caption\":\"Church of God of Prophecy\"},\"image\":{\"@id\":\"https:\\\/\\\/cogop.org\\\/#\\\/schema\\\/logo\\\/image\\\/\"},\"sameAs\":[\"https:\\\/\\\/www.facebook.com\\\/cogop\",\"https:\\\/\\\/x.com\\\/cogop\",\"https:\\\/\\\/www.instagram.com\\\/cogoppics\\\/\",\"https:\\\/\\\/www.youtube.com\\\/@COGOPMedia\",\"https:\\\/\\\/open.spotify.com\\\/user\\\/g1d13yyaprw0wrr2woer8edyp?si=a32b364b555f4d4d\"]},{\"@type\":\"Person\",\"@id\":\"https:\\\/\\\/cogop.org\\\/#\\\/schema\\\/person\\\/6bfee56ce98d03b7d7dcd90594c4af6b\",\"name\":\"Charlie Scruggs\",\"image\":{\"@type\":\"ImageObject\",\"inLanguage\":\"fr-FR\",\"@id\":\"https:\\\/\\\/secure.gravatar.com\\\/avatar\\\/5c625851004478f5bd86245a070a2090fcb008cf91bfabf0162fca05d324663b?s=96&d=mm&r=g\",\"url\":\"https:\\\/\\\/secure.gravatar.com\\\/avatar\\\/5c625851004478f5bd86245a070a2090fcb008cf91bfabf0162fca05d324663b?s=96&d=mm&r=g\",\"contentUrl\":\"https:\\\/\\\/secure.gravatar.com\\\/avatar\\\/5c625851004478f5bd86245a070a2090fcb008cf91bfabf0162fca05d324663b?s=96&d=mm&r=g\",\"caption\":\"Charlie Scruggs\"}}]}<\/script>\n<!-- \/ Yoast SEO plugin. -->","yoast_head_json":{"title":"La parole vivant | COGOP","robots":{"index":"index","follow":"follow","max-snippet":"max-snippet:-1","max-image-preview":"max-image-preview:large","max-video-preview":"max-video-preview:-1"},"canonical":"https:\/\/cogop.org\/living-word\/","og_locale":"fr_FR","og_type":"article","og_title":"La parole vivant | COGOP","og_description":"De nombreux versets bibliques parlent de l\u2019autorit\u00e9 de la Parole de Dieu. Lorsque nous la proclamons avec foi, un poids, une substance et une lourdeur sont lib\u00e9r\u00e9s dans notre esprit et se manifestent dans notre vie. Les \u00c9critures proclam\u00e9es avec foi par l\u2019inspiration et la r\u00e9v\u00e9lation du Saint-Esprit sont soutenues par la Parole vivante, J\u00e9sus-Christ. [&hellip;]","og_url":"https:\/\/cogop.org\/living-word\/","og_site_name":"COGOP","article_publisher":"https:\/\/www.facebook.com\/cogop","article_published_time":"2025-09-17T08:00:38+00:00","og_image":[{"width":2560,"height":1920,"url":"https:\/\/cogop.org\/wp-content\/uploads\/2025\/09\/aaron-burden-TNlHf4m4gpI-unsplash-scaled.jpg","type":"image\/jpeg"}],"author":"Charlie Scruggs","twitter_card":"summary_large_image","twitter_creator":"@cogop","twitter_site":"@cogop","twitter_misc":{"\u00c9crit par":"Charlie Scruggs","Dur\u00e9e de lecture estim\u00e9e":"6 minutes"},"schema":{"@context":"https:\/\/schema.org","@graph":[{"@type":"Article","@id":"https:\/\/cogop.org\/living-word\/#article","isPartOf":{"@id":"https:\/\/cogop.org\/living-word\/"},"author":{"name":"Charlie Scruggs","@id":"https:\/\/cogop.org\/#\/schema\/person\/6bfee56ce98d03b7d7dcd90594c4af6b"},"headline":"La parole vivant","datePublished":"2025-09-17T08:00:38+00:00","mainEntityOfPage":{"@id":"https:\/\/cogop.org\/living-word\/"},"wordCount":1299,"publisher":{"@id":"https:\/\/cogop.org\/#organization"},"image":{"@id":"https:\/\/cogop.org\/living-word\/#primaryimage"},"thumbnailUrl":"https:\/\/cogop.org\/wp-content\/uploads\/2025\/09\/aaron-burden-TNlHf4m4gpI-unsplash-scaled.jpg","keywords":["Le Messager \u00e0 l'Aile Blanche"],"articleSection":["C'est mon histoire"],"inLanguage":"fr-FR"},{"@type":"WebPage","@id":"https:\/\/cogop.org\/living-word\/","url":"https:\/\/cogop.org\/living-word\/","name":"La parole vivant | COGOP","isPartOf":{"@id":"https:\/\/cogop.org\/#website"},"primaryImageOfPage":{"@id":"https:\/\/cogop.org\/living-word\/#primaryimage"},"image":{"@id":"https:\/\/cogop.org\/living-word\/#primaryimage"},"thumbnailUrl":"https:\/\/cogop.org\/wp-content\/uploads\/2025\/09\/aaron-burden-TNlHf4m4gpI-unsplash-scaled.jpg","datePublished":"2025-09-17T08:00:38+00:00","inLanguage":"fr-FR","potentialAction":[{"@type":"ReadAction","target":["https:\/\/cogop.org\/living-word\/"]}]},{"@type":"ImageObject","inLanguage":"fr-FR","@id":"https:\/\/cogop.org\/living-word\/#primaryimage","url":"https:\/\/cogop.org\/wp-content\/uploads\/2025\/09\/aaron-burden-TNlHf4m4gpI-unsplash-scaled.jpg","contentUrl":"https:\/\/cogop.org\/wp-content\/uploads\/2025\/09\/aaron-burden-TNlHf4m4gpI-unsplash-scaled.jpg","width":2560,"height":1920},{"@type":"BreadcrumbList","@id":"https:\/\/cogop.org\/living-word\/#breadcrumb","itemListElement":[{"@type":"ListItem","position":1,"name":"Home","item":"https:\/\/cogop.org\/"},{"@type":"ListItem","position":2,"name":"La parole vivant"}]},{"@type":"WebSite","@id":"https:\/\/cogop.org\/#website","url":"https:\/\/cogop.org\/","name":"Church of God of Prophecy","description":"Reconciling the World to Christ","publisher":{"@id":"https:\/\/cogop.org\/#organization"},"alternateName":"COGOP","potentialAction":[{"@type":"SearchAction","target":{"@type":"EntryPoint","urlTemplate":"https:\/\/cogop.org\/?s={search_term_string}"},"query-input":{"@type":"PropertyValueSpecification","valueRequired":true,"valueName":"search_term_string"}}],"inLanguage":"fr-FR"},{"@type":"Organization","@id":"https:\/\/cogop.org\/#organization","name":"Church of God of Prophecy","alternateName":"COGOP","url":"https:\/\/cogop.org\/","logo":{"@type":"ImageObject","inLanguage":"fr-FR","@id":"https:\/\/cogop.org\/#\/schema\/logo\/image\/","url":"https:\/\/cogop.org\/wp-content\/uploads\/2025\/01\/logo-cogop.webp","contentUrl":"https:\/\/cogop.org\/wp-content\/uploads\/2025\/01\/logo-cogop.webp","width":500,"height":118,"caption":"Church of God of Prophecy"},"image":{"@id":"https:\/\/cogop.org\/#\/schema\/logo\/image\/"},"sameAs":["https:\/\/www.facebook.com\/cogop","https:\/\/x.com\/cogop","https:\/\/www.instagram.com\/cogoppics\/","https:\/\/www.youtube.com\/@COGOPMedia","https:\/\/open.spotify.com\/user\/g1d13yyaprw0wrr2woer8edyp?si=a32b364b555f4d4d"]},{"@type":"Person","@id":"https:\/\/cogop.org\/#\/schema\/person\/6bfee56ce98d03b7d7dcd90594c4af6b","name":"Charlie Scruggs","image":{"@type":"ImageObject","inLanguage":"fr-FR","@id":"https:\/\/secure.gravatar.com\/avatar\/5c625851004478f5bd86245a070a2090fcb008cf91bfabf0162fca05d324663b?s=96&d=mm&r=g","url":"https:\/\/secure.gravatar.com\/avatar\/5c625851004478f5bd86245a070a2090fcb008cf91bfabf0162fca05d324663b?s=96&d=mm&r=g","contentUrl":"https:\/\/secure.gravatar.com\/avatar\/5c625851004478f5bd86245a070a2090fcb008cf91bfabf0162fca05d324663b?s=96&d=mm&r=g","caption":"Charlie Scruggs"}}]}},"_links":{"self":[{"href":"https:\/\/cogop.org\/fr\/wp-json\/wp\/v2\/posts\/28850","targetHints":{"allow":["GET"]}}],"collection":[{"href":"https:\/\/cogop.org\/fr\/wp-json\/wp\/v2\/posts"}],"about":[{"href":"https:\/\/cogop.org\/fr\/wp-json\/wp\/v2\/types\/post"}],"author":[{"embeddable":true,"href":"https:\/\/cogop.org\/fr\/wp-json\/wp\/v2\/users\/10"}],"replies":[{"embeddable":true,"href":"https:\/\/cogop.org\/fr\/wp-json\/wp\/v2\/comments?post=28850"}],"version-history":[{"count":1,"href":"https:\/\/cogop.org\/fr\/wp-json\/wp\/v2\/posts\/28850\/revisions"}],"predecessor-version":[{"id":28880,"href":"https:\/\/cogop.org\/fr\/wp-json\/wp\/v2\/posts\/28850\/revisions\/28880"}],"wp:featuredmedia":[{"embeddable":true,"href":"https:\/\/cogop.org\/fr\/wp-json\/wp\/v2\/media\/28613"}],"wp:attachment":[{"href":"https:\/\/cogop.org\/fr\/wp-json\/wp\/v2\/media?parent=28850"}],"wp:term":[{"taxonomy":"category","embeddable":true,"href":"https:\/\/cogop.org\/fr\/wp-json\/wp\/v2\/categories?post=28850"},{"taxonomy":"post_tag","embeddable":true,"href":"https:\/\/cogop.org\/fr\/wp-json\/wp\/v2\/tags?post=28850"}],"curies":[{"name":"wp","href":"https:\/\/api.w.org\/{rel}","templated":true}]}}