{"id":22486,"date":"2025-05-08T15:36:12","date_gmt":"2025-05-08T15:36:12","guid":{"rendered":"https:\/\/cogop.org\/le-seminaire-esprit-et-vie-recoit-une-sous-subvention-de-21-000-pour-le-renforcement-des-capacites\/"},"modified":"2025-07-01T16:58:16","modified_gmt":"2025-07-01T16:58:16","slug":"le-seminaire-esprit-et-vie-recoit-une-sous-subvention-de-21-000-pour-le-renforcement-des-capacites","status":"publish","type":"post","link":"https:\/\/cogop.org\/fr\/le-seminaire-esprit-et-vie-recoit-une-sous-subvention-de-21-000-pour-le-renforcement-des-capacites\/","title":{"rendered":"Le S\u00e9minaire Esprit et Vie re\u00e7oit une sous-subvention de 21 000 $ pour le renforcement des capacit\u00e9s"},"content":{"rendered":"\n<p>Le S\u00e9minaire Esprit et Vie a le plaisir d&rsquo;annoncer qu&rsquo;il a \u00e9t\u00e9 s\u00e9lectionn\u00e9 comme r\u00e9cipiendaire de la sous-subvention de renforcement des capacit\u00e9s de l&rsquo;Association pour l&rsquo;\u00e9ducation th\u00e9ologique hispanique (AETH), en partenariat avec le Garrett-Evangelical Theological Seminary. Le prix, d&rsquo;un montant total de 21 000 dollars, affirme l&rsquo;engagement continu du s\u00e9minaire envers l&rsquo;excellence th\u00e9ologique, la croissance institutionnelle et le rayonnement mondial. <\/p>\n\n<p>Dans leur lettre d&rsquo;attribution au s\u00e9minaire, l&rsquo;\u00e9quipe consultative AETH-Garrett a \u00e9crit que l&rsquo;\u00e9quipe \u00ab a \u00e9t\u00e9 extr\u00eamement impressionn\u00e9e par le travail de votre organisation et croit que la subvention sera utilis\u00e9e au profit de la communaut\u00e9 dans son ensemble. Cette reconnaissance t\u00e9moigne du d\u00e9vouement, du travail acharn\u00e9 et des talents exceptionnels de votre \u00e9quipe[&#8230;] La d\u00e9termination constante, la cr\u00e9ativit\u00e9 et la capacit\u00e9 \u00e0 surmonter les d\u00e9fis de votre programme vous ont toujours distingu\u00e9 \u00bb.<\/p>\n\n<p>Le programme quinquennal de renforcement des capacit\u00e9s est con\u00e7u pour renforcer les capacit\u00e9s administratives, p\u00e9dagogiques et op\u00e9rationnelles des instituts bibliques et des s\u00e9minaires. Les fonds de la sous-subvention peuvent \u00eatre utilis\u00e9s pour l&rsquo;\u00e9laboration de programmes d&rsquo;\u00e9tudes, la formation des instructeurs, la gouvernance du conseil d&rsquo;administration, les ressources de logiciels et de biblioth\u00e8ques, et la pr\u00e9paration \u00e0 la certification. Le S\u00e9minaire Esprit et Vie utilisera ce financement pour am\u00e9liorer son offre acad\u00e9mique, en particulier dans le domaine de l&rsquo;enseignement \u00e0 distance.  <\/p>\n\n<p>\u00ab Cette subvention est une grande b\u00e9n\u00e9diction pour le S\u00e9minaire Esprit et Vie \u00bb, a d\u00e9clar\u00e9 le Dr Michael Hern\u00e1ndez, pr\u00e9sident du S\u00e9minaire Esprit et Vie. \u00ab Les fonds de cette subvention seront utilis\u00e9s pour am\u00e9liorer la qualit\u00e9 de l&rsquo;enseignement que le SEV offre d\u00e9j\u00e0 et aideront le SEV \u00e0 \u00e9tendre sa port\u00e9e aux \u00e9tudiants \u00e0 travers les \u00c9tats-Unis. Le SEV exprime sa gratitude \u00e0 l&rsquo;AETH, au Garrett Evangelical Theological Seminary et au comit\u00e9 de traitement des subventions pour leurs efforts en faveur du renforcement des capacit\u00e9s des instituts bibliques. Le S\u00e9minaire Esprit et Vie est impatient de voir les cons\u00e9quences b\u00e9n\u00e9fiques qui seront tir\u00e9es de cet investissement important dans nos \u00e9tudiants. <\/p>\n\n<p>Le Dr Albert Murza, doyen acad\u00e9mique, a ajout\u00e9 : \u00ab Nous sommes reconnaissants envers AETH pour cette g\u00e9n\u00e9reuse subvention, qui am\u00e9liorera consid\u00e9rablement la qualit\u00e9 et la prestation de nos programmes d&rsquo;enseignement \u00e0 distance. Gr\u00e2ce \u00e0 ce financement, nous pouvons investir dans la production de conf\u00e9rences vid\u00e9o de haute qualit\u00e9, ce qui donnera \u00e0 notre corps professoral les bons outils pour cr\u00e9er du contenu attrayant et accessible. Nos \u00e9tudiants du monde entier m\u00e9ritent vraiment une exp\u00e9rience d&rsquo;apprentissage qui refl\u00e8te \u00e0 la fois l&rsquo;excellence acad\u00e9mique et l&rsquo;innovation \u00bb.<\/p>\n\n<p>Le S\u00e9minaire Esprit et Vie est enthousiasm\u00e9 par les opportunit\u00e9s que cet investissement offrira alors qu&rsquo;il continue d&rsquo;\u00e9quiper les dirigeants chr\u00e9tiens pour un minist\u00e8re efficace dans l&rsquo;\u00c9glise de Dieu de la Proph\u00e9tie et au-del\u00e0.<\/p>\n\n<p>Pour plus d&rsquo;informations sur le S\u00e9minaire Esprit et Vie, visitez <a href=\"http:\/\/www.spiritandlifeseminary.org\/\">www.spiritandlifeseminary.org<\/a> ou info@spiritandlifeseminary.org.<\/p>\n\n<p><\/p>\n","protected":false},"excerpt":{"rendered":"<p>Le s\u00e9minaire Esprit et Vie re\u00e7oit une subvention de 21 000 $ pour am\u00e9liorer les programmes d\u2019enseignement \u00e0 distance et de formation th\u00e9ologique.<\/p>\n","protected":false},"author":4,"featured_media":22371,"comment_status":"closed","ping_status":"open","sticky":false,"template":"","format":"standard","meta":{"_acf_changed":false,"_monsterinsights_skip_tracking":false,"_monsterinsights_sitenote_active":false,"_monsterinsights_sitenote_note":"","_monsterinsights_sitenote_category":0,"_uf_show_specific_survey":0,"_uf_disable_surveys":false,"footnotes":""},"categories":[318],"tags":[319],"class_list":["post-22486","post","type-post","status-publish","format-standard","has-post-thumbnail","hentry","category-seminaire-esprit-et-vie","tag-seminaire-esprit-et-vie"],"acf":[],"yoast_head":"<!-- This site is optimized with the Yoast SEO plugin v27.4 - https:\/\/yoast.com\/product\/yoast-seo-wordpress\/ -->\n<title>Le S\u00e9minaire Esprit et Vie re\u00e7oit une sous-subvention de 21 000 $ pour le renforcement des capacit\u00e9s | COGOP<\/title>\n<meta name=\"robots\" content=\"index, follow, max-snippet:-1, max-image-preview:large, max-video-preview:-1\" \/>\n<link rel=\"canonical\" href=\"https:\/\/cogop.org\/fr\/le-seminaire-esprit-et-vie-recoit-une-sous-subvention-de-21-000-pour-le-renforcement-des-capacites\/\" \/>\n<meta property=\"og:locale\" content=\"fr_FR\" \/>\n<meta property=\"og:type\" content=\"article\" \/>\n<meta property=\"og:title\" content=\"Le S\u00e9minaire Esprit et Vie re\u00e7oit une sous-subvention de 21 000 $ pour le renforcement des capacit\u00e9s\" \/>\n<meta property=\"og:description\" content=\"Le s\u00e9minaire Esprit et Vie re\u00e7oit une subvention de 21 000 $ pour am\u00e9liorer les programmes d\u2019enseignement \u00e0 distance et de formation th\u00e9ologique.\" \/>\n<meta property=\"og:url\" content=\"https:\/\/cogop.org\/fr\/le-seminaire-esprit-et-vie-recoit-une-sous-subvention-de-21-000-pour-le-renforcement-des-capacites\/\" \/>\n<meta property=\"og:site_name\" content=\"COGOP\" \/>\n<meta property=\"article:publisher\" content=\"https:\/\/www.facebook.com\/cogop\" \/>\n<meta property=\"article:published_time\" content=\"2025-05-08T15:36:12+00:00\" \/>\n<meta property=\"article:modified_time\" content=\"2025-07-01T16:58:16+00:00\" \/>\n<meta property=\"og:image\" content=\"https:\/\/cogop.org\/wp-content\/uploads\/2025\/05\/485970335_1199092555204890_800665790688077700_n-1024x577.webp\" \/>\n<meta name=\"author\" content=\"Shaun McKinley\" \/>\n<meta name=\"twitter:card\" content=\"summary_large_image\" \/>\n<meta name=\"twitter:title\" content=\"Le S\u00e9minaire Esprit et Vie re\u00e7oit une sous-subvention de 21 000 $ pour le renforcement des capacit\u00e9s\" \/>\n<meta name=\"twitter:description\" content=\"Le s\u00e9minaire Esprit et Vie re\u00e7oit une subvention de 21 000 $ pour am\u00e9liorer les programmes d\u2019enseignement \u00e0 distance et de formation th\u00e9ologique.\" \/>\n<meta name=\"twitter:image\" content=\"https:\/\/cogop.org\/wp-content\/uploads\/2025\/05\/485970335_1199092555204890_800665790688077700_n-1024x577.webp\" \/>\n<meta name=\"twitter:creator\" content=\"@cogop\" \/>\n<meta name=\"twitter:site\" content=\"@cogop\" \/>\n<meta name=\"twitter:label1\" content=\"\u00c9crit par\" \/>\n\t<meta name=\"twitter:data1\" content=\"Shaun McKinley\" \/>\n\t<meta name=\"twitter:label2\" content=\"Dur\u00e9e de lecture estim\u00e9e\" \/>\n\t<meta name=\"twitter:data2\" content=\"3 minutes\" \/>\n<script type=\"application\/ld+json\" class=\"yoast-schema-graph\">{\"@context\":\"https:\\\/\\\/schema.org\",\"@graph\":[{\"@type\":\"Article\",\"@id\":\"https:\\\/\\\/cogop.org\\\/fr\\\/le-seminaire-esprit-et-vie-recoit-une-sous-subvention-de-21-000-pour-le-renforcement-des-capacites\\\/#article\",\"isPartOf\":{\"@id\":\"https:\\\/\\\/cogop.org\\\/fr\\\/le-seminaire-esprit-et-vie-recoit-une-sous-subvention-de-21-000-pour-le-renforcement-des-capacites\\\/\"},\"author\":{\"name\":\"Shaun McKinley\",\"@id\":\"https:\\\/\\\/cogop.org\\\/#\\\/schema\\\/person\\\/4906c522c140e1fd84e28e3c17b3588d\"},\"headline\":\"Le S\u00e9minaire Esprit et Vie re\u00e7oit une sous-subvention de 21 000 $ pour le renforcement des capacit\u00e9s\",\"datePublished\":\"2025-05-08T15:36:12+00:00\",\"dateModified\":\"2025-07-01T16:58:16+00:00\",\"mainEntityOfPage\":{\"@id\":\"https:\\\/\\\/cogop.org\\\/fr\\\/le-seminaire-esprit-et-vie-recoit-une-sous-subvention-de-21-000-pour-le-renforcement-des-capacites\\\/\"},\"wordCount\":548,\"publisher\":{\"@id\":\"https:\\\/\\\/cogop.org\\\/#organization\"},\"image\":{\"@id\":\"https:\\\/\\\/cogop.org\\\/fr\\\/le-seminaire-esprit-et-vie-recoit-une-sous-subvention-de-21-000-pour-le-renforcement-des-capacites\\\/#primaryimage\"},\"thumbnailUrl\":\"https:\\\/\\\/cogop.org\\\/wp-content\\\/uploads\\\/2025\\\/05\\\/485970335_1199092555204890_800665790688077700_n.webp\",\"keywords\":[\"S\u00e9minaire Esprit et Vie\"],\"articleSection\":[\"S\u00e9minaire Esprit et Vie\"],\"inLanguage\":\"fr-FR\"},{\"@type\":\"WebPage\",\"@id\":\"https:\\\/\\\/cogop.org\\\/fr\\\/le-seminaire-esprit-et-vie-recoit-une-sous-subvention-de-21-000-pour-le-renforcement-des-capacites\\\/\",\"url\":\"https:\\\/\\\/cogop.org\\\/fr\\\/le-seminaire-esprit-et-vie-recoit-une-sous-subvention-de-21-000-pour-le-renforcement-des-capacites\\\/\",\"name\":\"Le S\u00e9minaire Esprit et Vie re\u00e7oit une sous-subvention de 21 000 $ pour le renforcement des capacit\u00e9s | COGOP\",\"isPartOf\":{\"@id\":\"https:\\\/\\\/cogop.org\\\/#website\"},\"primaryImageOfPage\":{\"@id\":\"https:\\\/\\\/cogop.org\\\/fr\\\/le-seminaire-esprit-et-vie-recoit-une-sous-subvention-de-21-000-pour-le-renforcement-des-capacites\\\/#primaryimage\"},\"image\":{\"@id\":\"https:\\\/\\\/cogop.org\\\/fr\\\/le-seminaire-esprit-et-vie-recoit-une-sous-subvention-de-21-000-pour-le-renforcement-des-capacites\\\/#primaryimage\"},\"thumbnailUrl\":\"https:\\\/\\\/cogop.org\\\/wp-content\\\/uploads\\\/2025\\\/05\\\/485970335_1199092555204890_800665790688077700_n.webp\",\"datePublished\":\"2025-05-08T15:36:12+00:00\",\"dateModified\":\"2025-07-01T16:58:16+00:00\",\"inLanguage\":\"fr-FR\",\"potentialAction\":[{\"@type\":\"ReadAction\",\"target\":[\"https:\\\/\\\/cogop.org\\\/fr\\\/le-seminaire-esprit-et-vie-recoit-une-sous-subvention-de-21-000-pour-le-renforcement-des-capacites\\\/\"]}]},{\"@type\":\"ImageObject\",\"inLanguage\":\"fr-FR\",\"@id\":\"https:\\\/\\\/cogop.org\\\/fr\\\/le-seminaire-esprit-et-vie-recoit-une-sous-subvention-de-21-000-pour-le-renforcement-des-capacites\\\/#primaryimage\",\"url\":\"https:\\\/\\\/cogop.org\\\/wp-content\\\/uploads\\\/2025\\\/05\\\/485970335_1199092555204890_800665790688077700_n.webp\",\"contentUrl\":\"https:\\\/\\\/cogop.org\\\/wp-content\\\/uploads\\\/2025\\\/05\\\/485970335_1199092555204890_800665790688077700_n.webp\",\"width\":2048,\"height\":1154},{\"@type\":\"BreadcrumbList\",\"@id\":\"https:\\\/\\\/cogop.org\\\/fr\\\/le-seminaire-esprit-et-vie-recoit-une-sous-subvention-de-21-000-pour-le-renforcement-des-capacites\\\/#breadcrumb\",\"itemListElement\":[{\"@type\":\"ListItem\",\"position\":1,\"name\":\"Home\",\"item\":\"https:\\\/\\\/cogop.org\\\/\"},{\"@type\":\"ListItem\",\"position\":2,\"name\":\"Le S\u00e9minaire Esprit et Vie re\u00e7oit une sous-subvention de 21 000 $ pour le renforcement des capacit\u00e9s\"}]},{\"@type\":\"WebSite\",\"@id\":\"https:\\\/\\\/cogop.org\\\/#website\",\"url\":\"https:\\\/\\\/cogop.org\\\/\",\"name\":\"Church of God of Prophecy\",\"description\":\"Reconciling the World to Christ\",\"publisher\":{\"@id\":\"https:\\\/\\\/cogop.org\\\/#organization\"},\"alternateName\":\"COGOP\",\"potentialAction\":[{\"@type\":\"SearchAction\",\"target\":{\"@type\":\"EntryPoint\",\"urlTemplate\":\"https:\\\/\\\/cogop.org\\\/?s={search_term_string}\"},\"query-input\":{\"@type\":\"PropertyValueSpecification\",\"valueRequired\":true,\"valueName\":\"search_term_string\"}}],\"inLanguage\":\"fr-FR\"},{\"@type\":\"Organization\",\"@id\":\"https:\\\/\\\/cogop.org\\\/#organization\",\"name\":\"Church of God of Prophecy\",\"alternateName\":\"COGOP\",\"url\":\"https:\\\/\\\/cogop.org\\\/\",\"logo\":{\"@type\":\"ImageObject\",\"inLanguage\":\"fr-FR\",\"@id\":\"https:\\\/\\\/cogop.org\\\/#\\\/schema\\\/logo\\\/image\\\/\",\"url\":\"https:\\\/\\\/cogop.org\\\/wp-content\\\/uploads\\\/2025\\\/01\\\/logo-cogop.webp\",\"contentUrl\":\"https:\\\/\\\/cogop.org\\\/wp-content\\\/uploads\\\/2025\\\/01\\\/logo-cogop.webp\",\"width\":500,\"height\":118,\"caption\":\"Church of God of Prophecy\"},\"image\":{\"@id\":\"https:\\\/\\\/cogop.org\\\/#\\\/schema\\\/logo\\\/image\\\/\"},\"sameAs\":[\"https:\\\/\\\/www.facebook.com\\\/cogop\",\"https:\\\/\\\/x.com\\\/cogop\",\"https:\\\/\\\/www.instagram.com\\\/cogoppics\\\/\",\"https:\\\/\\\/www.youtube.com\\\/@COGOPMedia\",\"https:\\\/\\\/open.spotify.com\\\/user\\\/g1d13yyaprw0wrr2woer8edyp?si=a32b364b555f4d4d\"]},{\"@type\":\"Person\",\"@id\":\"https:\\\/\\\/cogop.org\\\/#\\\/schema\\\/person\\\/4906c522c140e1fd84e28e3c17b3588d\",\"name\":\"Shaun McKinley\",\"image\":{\"@type\":\"ImageObject\",\"inLanguage\":\"fr-FR\",\"@id\":\"https:\\\/\\\/secure.gravatar.com\\\/avatar\\\/21e42617539b19957212750bc94d5e389cd3e64619510914f40b27e32d375e99?s=96&d=mm&r=g\",\"url\":\"https:\\\/\\\/secure.gravatar.com\\\/avatar\\\/21e42617539b19957212750bc94d5e389cd3e64619510914f40b27e32d375e99?s=96&d=mm&r=g\",\"contentUrl\":\"https:\\\/\\\/secure.gravatar.com\\\/avatar\\\/21e42617539b19957212750bc94d5e389cd3e64619510914f40b27e32d375e99?s=96&d=mm&r=g\",\"caption\":\"Shaun McKinley\"}}]}<\/script>\n<!-- \/ Yoast SEO plugin. -->","yoast_head_json":{"title":"Le S\u00e9minaire Esprit et Vie re\u00e7oit une sous-subvention de 21 000 $ pour le renforcement des capacit\u00e9s | COGOP","robots":{"index":"index","follow":"follow","max-snippet":"max-snippet:-1","max-image-preview":"max-image-preview:large","max-video-preview":"max-video-preview:-1"},"canonical":"https:\/\/cogop.org\/fr\/le-seminaire-esprit-et-vie-recoit-une-sous-subvention-de-21-000-pour-le-renforcement-des-capacites\/","og_locale":"fr_FR","og_type":"article","og_title":"Le S\u00e9minaire Esprit et Vie re\u00e7oit une sous-subvention de 21 000 $ pour le renforcement des capacit\u00e9s","og_description":"Le s\u00e9minaire Esprit et Vie re\u00e7oit une subvention de 21 000 $ pour am\u00e9liorer les programmes d\u2019enseignement \u00e0 distance et de formation th\u00e9ologique.","og_url":"https:\/\/cogop.org\/fr\/le-seminaire-esprit-et-vie-recoit-une-sous-subvention-de-21-000-pour-le-renforcement-des-capacites\/","og_site_name":"COGOP","article_publisher":"https:\/\/www.facebook.com\/cogop","article_published_time":"2025-05-08T15:36:12+00:00","article_modified_time":"2025-07-01T16:58:16+00:00","og_image":[{"url":"https:\/\/cogop.org\/wp-content\/uploads\/2025\/05\/485970335_1199092555204890_800665790688077700_n-1024x577.webp","type":"","width":"","height":""}],"author":"Shaun McKinley","twitter_card":"summary_large_image","twitter_title":"Le S\u00e9minaire Esprit et Vie re\u00e7oit une sous-subvention de 21 000 $ pour le renforcement des capacit\u00e9s","twitter_description":"Le s\u00e9minaire Esprit et Vie re\u00e7oit une subvention de 21 000 $ pour am\u00e9liorer les programmes d\u2019enseignement \u00e0 distance et de formation th\u00e9ologique.","twitter_image":"https:\/\/cogop.org\/wp-content\/uploads\/2025\/05\/485970335_1199092555204890_800665790688077700_n-1024x577.webp","twitter_creator":"@cogop","twitter_site":"@cogop","twitter_misc":{"\u00c9crit par":"Shaun McKinley","Dur\u00e9e de lecture estim\u00e9e":"3 minutes"},"schema":{"@context":"https:\/\/schema.org","@graph":[{"@type":"Article","@id":"https:\/\/cogop.org\/fr\/le-seminaire-esprit-et-vie-recoit-une-sous-subvention-de-21-000-pour-le-renforcement-des-capacites\/#article","isPartOf":{"@id":"https:\/\/cogop.org\/fr\/le-seminaire-esprit-et-vie-recoit-une-sous-subvention-de-21-000-pour-le-renforcement-des-capacites\/"},"author":{"name":"Shaun McKinley","@id":"https:\/\/cogop.org\/#\/schema\/person\/4906c522c140e1fd84e28e3c17b3588d"},"headline":"Le S\u00e9minaire Esprit et Vie re\u00e7oit une sous-subvention de 21 000 $ pour le renforcement des capacit\u00e9s","datePublished":"2025-05-08T15:36:12+00:00","dateModified":"2025-07-01T16:58:16+00:00","mainEntityOfPage":{"@id":"https:\/\/cogop.org\/fr\/le-seminaire-esprit-et-vie-recoit-une-sous-subvention-de-21-000-pour-le-renforcement-des-capacites\/"},"wordCount":548,"publisher":{"@id":"https:\/\/cogop.org\/#organization"},"image":{"@id":"https:\/\/cogop.org\/fr\/le-seminaire-esprit-et-vie-recoit-une-sous-subvention-de-21-000-pour-le-renforcement-des-capacites\/#primaryimage"},"thumbnailUrl":"https:\/\/cogop.org\/wp-content\/uploads\/2025\/05\/485970335_1199092555204890_800665790688077700_n.webp","keywords":["S\u00e9minaire Esprit et Vie"],"articleSection":["S\u00e9minaire Esprit et Vie"],"inLanguage":"fr-FR"},{"@type":"WebPage","@id":"https:\/\/cogop.org\/fr\/le-seminaire-esprit-et-vie-recoit-une-sous-subvention-de-21-000-pour-le-renforcement-des-capacites\/","url":"https:\/\/cogop.org\/fr\/le-seminaire-esprit-et-vie-recoit-une-sous-subvention-de-21-000-pour-le-renforcement-des-capacites\/","name":"Le S\u00e9minaire Esprit et Vie re\u00e7oit une sous-subvention de 21 000 $ pour le renforcement des capacit\u00e9s | COGOP","isPartOf":{"@id":"https:\/\/cogop.org\/#website"},"primaryImageOfPage":{"@id":"https:\/\/cogop.org\/fr\/le-seminaire-esprit-et-vie-recoit-une-sous-subvention-de-21-000-pour-le-renforcement-des-capacites\/#primaryimage"},"image":{"@id":"https:\/\/cogop.org\/fr\/le-seminaire-esprit-et-vie-recoit-une-sous-subvention-de-21-000-pour-le-renforcement-des-capacites\/#primaryimage"},"thumbnailUrl":"https:\/\/cogop.org\/wp-content\/uploads\/2025\/05\/485970335_1199092555204890_800665790688077700_n.webp","datePublished":"2025-05-08T15:36:12+00:00","dateModified":"2025-07-01T16:58:16+00:00","inLanguage":"fr-FR","potentialAction":[{"@type":"ReadAction","target":["https:\/\/cogop.org\/fr\/le-seminaire-esprit-et-vie-recoit-une-sous-subvention-de-21-000-pour-le-renforcement-des-capacites\/"]}]},{"@type":"ImageObject","inLanguage":"fr-FR","@id":"https:\/\/cogop.org\/fr\/le-seminaire-esprit-et-vie-recoit-une-sous-subvention-de-21-000-pour-le-renforcement-des-capacites\/#primaryimage","url":"https:\/\/cogop.org\/wp-content\/uploads\/2025\/05\/485970335_1199092555204890_800665790688077700_n.webp","contentUrl":"https:\/\/cogop.org\/wp-content\/uploads\/2025\/05\/485970335_1199092555204890_800665790688077700_n.webp","width":2048,"height":1154},{"@type":"BreadcrumbList","@id":"https:\/\/cogop.org\/fr\/le-seminaire-esprit-et-vie-recoit-une-sous-subvention-de-21-000-pour-le-renforcement-des-capacites\/#breadcrumb","itemListElement":[{"@type":"ListItem","position":1,"name":"Home","item":"https:\/\/cogop.org\/"},{"@type":"ListItem","position":2,"name":"Le S\u00e9minaire Esprit et Vie re\u00e7oit une sous-subvention de 21 000 $ pour le renforcement des capacit\u00e9s"}]},{"@type":"WebSite","@id":"https:\/\/cogop.org\/#website","url":"https:\/\/cogop.org\/","name":"Church of God of Prophecy","description":"Reconciling the World to Christ","publisher":{"@id":"https:\/\/cogop.org\/#organization"},"alternateName":"COGOP","potentialAction":[{"@type":"SearchAction","target":{"@type":"EntryPoint","urlTemplate":"https:\/\/cogop.org\/?s={search_term_string}"},"query-input":{"@type":"PropertyValueSpecification","valueRequired":true,"valueName":"search_term_string"}}],"inLanguage":"fr-FR"},{"@type":"Organization","@id":"https:\/\/cogop.org\/#organization","name":"Church of God of Prophecy","alternateName":"COGOP","url":"https:\/\/cogop.org\/","logo":{"@type":"ImageObject","inLanguage":"fr-FR","@id":"https:\/\/cogop.org\/#\/schema\/logo\/image\/","url":"https:\/\/cogop.org\/wp-content\/uploads\/2025\/01\/logo-cogop.webp","contentUrl":"https:\/\/cogop.org\/wp-content\/uploads\/2025\/01\/logo-cogop.webp","width":500,"height":118,"caption":"Church of God of Prophecy"},"image":{"@id":"https:\/\/cogop.org\/#\/schema\/logo\/image\/"},"sameAs":["https:\/\/www.facebook.com\/cogop","https:\/\/x.com\/cogop","https:\/\/www.instagram.com\/cogoppics\/","https:\/\/www.youtube.com\/@COGOPMedia","https:\/\/open.spotify.com\/user\/g1d13yyaprw0wrr2woer8edyp?si=a32b364b555f4d4d"]},{"@type":"Person","@id":"https:\/\/cogop.org\/#\/schema\/person\/4906c522c140e1fd84e28e3c17b3588d","name":"Shaun McKinley","image":{"@type":"ImageObject","inLanguage":"fr-FR","@id":"https:\/\/secure.gravatar.com\/avatar\/21e42617539b19957212750bc94d5e389cd3e64619510914f40b27e32d375e99?s=96&d=mm&r=g","url":"https:\/\/secure.gravatar.com\/avatar\/21e42617539b19957212750bc94d5e389cd3e64619510914f40b27e32d375e99?s=96&d=mm&r=g","contentUrl":"https:\/\/secure.gravatar.com\/avatar\/21e42617539b19957212750bc94d5e389cd3e64619510914f40b27e32d375e99?s=96&d=mm&r=g","caption":"Shaun McKinley"}}]}},"_links":{"self":[{"href":"https:\/\/cogop.org\/fr\/wp-json\/wp\/v2\/posts\/22486","targetHints":{"allow":["GET"]}}],"collection":[{"href":"https:\/\/cogop.org\/fr\/wp-json\/wp\/v2\/posts"}],"about":[{"href":"https:\/\/cogop.org\/fr\/wp-json\/wp\/v2\/types\/post"}],"author":[{"embeddable":true,"href":"https:\/\/cogop.org\/fr\/wp-json\/wp\/v2\/users\/4"}],"replies":[{"embeddable":true,"href":"https:\/\/cogop.org\/fr\/wp-json\/wp\/v2\/comments?post=22486"}],"version-history":[{"count":1,"href":"https:\/\/cogop.org\/fr\/wp-json\/wp\/v2\/posts\/22486\/revisions"}],"predecessor-version":[{"id":22487,"href":"https:\/\/cogop.org\/fr\/wp-json\/wp\/v2\/posts\/22486\/revisions\/22487"}],"wp:featuredmedia":[{"embeddable":true,"href":"https:\/\/cogop.org\/fr\/wp-json\/wp\/v2\/media\/22371"}],"wp:attachment":[{"href":"https:\/\/cogop.org\/fr\/wp-json\/wp\/v2\/media?parent=22486"}],"wp:term":[{"taxonomy":"category","embeddable":true,"href":"https:\/\/cogop.org\/fr\/wp-json\/wp\/v2\/categories?post=22486"},{"taxonomy":"post_tag","embeddable":true,"href":"https:\/\/cogop.org\/fr\/wp-json\/wp\/v2\/tags?post=22486"}],"curies":[{"name":"wp","href":"https:\/\/api.w.org\/{rel}","templated":true}]}}