{"id":22381,"date":"2025-05-08T13:24:54","date_gmt":"2025-05-08T13:24:54","guid":{"rendered":"https:\/\/cogop.org\/the-daughters-podcast-de-leglise-ijg-de-langen-allemagne-atteint-le-monde\/"},"modified":"2025-07-01T16:58:17","modified_gmt":"2025-07-01T16:58:17","slug":"the-daughters-podcast-de-leglise-ijg-de-langen-allemagne-atteint-le-monde","status":"publish","type":"post","link":"https:\/\/cogop.org\/fr\/the-daughters-podcast-de-leglise-ijg-de-langen-allemagne-atteint-le-monde\/","title":{"rendered":"The Daughters Podcast de l&rsquo;\u00e9glise IJG de Langen, Allemagne atteint le monde"},"content":{"rendered":"\n<p>En janvier 2021, quelque chose de puissant a commenc\u00e9 \u00e0 remuer le c\u0153ur des femmes de l&rsquo;\u00e9glise IJG (<em>Internationale Jesus Gemeinde<\/em>) de Langen, en Allemagne. \u00c0 la suite d&rsquo;un mouvement extraordinaire de Dieu &#8211; marqu\u00e9 par des gu\u00e9risons, des miracles, des d\u00e9livrances et un d\u00e9versement ind\u00e9niable du Saint-Esprit &#8211; le minist\u00e8re des femmes a senti une incitation divine :  <em>Ne gardez pas cela pour vous. T\u00e9moignez ! Sortez de derri\u00e8re les murs de votre \u00e9glise et dites-le \u00e0 tout le monde !  <\/em><\/p>\n\n<p>En janvier 2022, cet appel est devenu <em>The Daughters Podcast<\/em>, une plateforme guid\u00e9e par l&rsquo;Esprit, n\u00e9e pour partager des t\u00e9moignages r\u00e9els de ce que J\u00e9sus-Christ a fait dans la vie des femmes de notre \u00e9glise locale et au-del\u00e0.<\/p>\n\n<p>En f\u00e9vrier 2025, nous en sommes \u00e0 la sixi\u00e8me saison et nous sommes toujours \u00e9merveill\u00e9es par ce que Dieu a fait. Ce qui a commenc\u00e9 comme un effort de minist\u00e8re local est devenu une source internationale d&rsquo;encouragement. L&rsquo;un de nos \u00e9pisodes, qui portait sur les joies et les d\u00e9fis de la vie d&rsquo;une femme chr\u00e9tienne c\u00e9libataire, a \u00e9t\u00e9 \u00e9cout\u00e9 par pr\u00e8s de 60 000 personnes. Nous n&rsquo;aurions jamais pu imaginer un tel impact.   <\/p>\n\n<figure class=\"wp-block-image alignright size-large is-resized\"><img fetchpriority=\"high\" decoding=\"async\" width=\"1024\" height=\"329\" src=\"https:\/\/cogop.org\/wp-content\/uploads\/2025\/05\/Testify-Podcast-1024x329.bmp\" alt=\"\" class=\"wp-image-22337\" style=\"width:483px;height:auto\" srcset=\"https:\/\/cogop.org\/wp-content\/uploads\/2025\/05\/Testify-Podcast-1024x329.bmp 1024w, https:\/\/cogop.org\/wp-content\/uploads\/2025\/05\/Testify-Podcast-300x97.bmp 300w, https:\/\/cogop.org\/wp-content\/uploads\/2025\/05\/Testify-Podcast-768x247.bmp 768w, https:\/\/cogop.org\/wp-content\/uploads\/2025\/05\/Testify-Podcast-1536x494.bmp 1536w, https:\/\/cogop.org\/wp-content\/uploads\/2025\/05\/Testify-Podcast.bmp 1688w\" sizes=\"(max-width: 1024px) 100vw, 1024px\" \/><\/figure>\n\n<p>Le c\u0153ur de <em>The Daughters Podcast <\/em>est simple : renforcer le corps du Christ par des conversations ouvertes, honn\u00eates et remplies de l&rsquo;Esprit. Nos sujets vont de la pri\u00e8re \u00e0 la communion fraternelle, en passant par la marche en phase avec le Saint-Esprit, l&rsquo;\u00e9tude et la mise en pratique de la Parole de Dieu. La plupart des \u00e9pisodes mettent en sc\u00e8ne des femmes de notre propre communaut\u00e9 eccl\u00e9siale qui partagent des t\u00e9moignages puissants et personnels de transformation, de perc\u00e9e et d&rsquo;espoir.  <\/p>\n\n<p>Les fruits de ce travail ont \u00e9t\u00e9 extraordinaires. Nous avons re\u00e7u des t\u00e9moignages d&rsquo;auditeurs du monde entier qui ont \u00e9t\u00e9 touch\u00e9s, interpell\u00e9s et renouvel\u00e9s dans leur foi. De m\u00eame mani\u00e8re, certains se sont pr\u00e9sent\u00e9s \u00e0 nos cultes du dimanche, attir\u00e9s par les t\u00e9moignages qu&rsquo;ils ont entendus dans le podcast, demandant la pri\u00e8re et croyant \u00e0 un miracle de leur part.  <\/p>\n\n<p>Gr\u00e2ce \u00e0 ce podcast, nous avons pu constater que l&rsquo;\u00c9vangile touche toujours les gens l\u00e0 o\u00f9 ils se trouvent, que ce soit chez eux, dans leur voiture ou \u00e0 travers les continents. Chaque histoire, chaque \u00e9pisode est une offrande d&rsquo;espoir, une d\u00e9claration de la fid\u00e9lit\u00e9 de Dieu et une glorification continue de J\u00e9sus-Christ. <\/p>\n\n<p>Nous sommes incroyablement reconnaissants \u00e0 l&rsquo;\u00e9quipe d\u00e9vou\u00e9e et remplie de l&rsquo;Esprit qui se trouve derri\u00e8re <em>The Daughters Podcast<\/em>. Cette \u00e9quipe comprend Laurie Prentice, Daniela Esau, Ornella Pfaff, et Leena Loop, ainsi que notre inestimable \u00e9quipe technique, Mathias Esau et Julian Pfaff, qui s&rsquo;occupent des cam\u00e9ras, de l&rsquo;\u00e9clairage, du son, du montage et de la post-production &#8211; <em>tout cela b\u00e9n\u00e9volement<\/em>. <\/p>\n\n<p>Chaque \u00e9pisode est enregistr\u00e9 avec des c\u0153urs ouverts et abandonn\u00e9s \u00e0 l&rsquo;Esprit Saint. Nous ne travaillons pas \u00e0 partir de scripts, mais nous faisons confiance \u00e0 une conversation libre, sachant que le Seigneur insuffle toujours la vie dans ce qui est dit. Il s&rsquo;agit d&rsquo;un partenariat sacr\u00e9, et il est toujours pr\u00e9sent.  <\/p>\n\n<p>Nous sommes honor\u00e9s de servir de cette mani\u00e8re et nous rendons toute la gloire \u00e0 J\u00e9sus-Christ. Puisse ce t\u00e9moignage encourager d&rsquo;autres personnes \u00e0 se lancer, \u00e0 partager avec audace et \u00e0 faire confiance \u00e0 Dieu pour qu&rsquo;il prenne leur \u00ab oui \u00bb et atteigne des multitudes. \u00c0 lui toute la gloire !  <\/p>\n\n<p><strong>Liens:<\/strong><\/p>\n\n<p><a href=\"https:\/\/www.youtube.com\/@daughterspodcast3084\">YouTube<\/a> <\/p>\n\n<p><a href=\"http:\/\/instagram.com\/ijg_daughters\">Instagram  <\/a><\/p>\n\n<p><a href=\"http:\/\/open.spotify.com\/show\/0x4quq19j7CNyWsmrgVNnI?si=0032599204dc4cc7\">Spotify<\/a> <\/p>\n\n<p><a href=\"http:\/\/podcasts.apple.com\/de\/podcast\/daughters-podcast\/id1603271509\">Apple Podcast<\/a><\/p>\n\n<p>Lien vers l&rsquo;\u00e9glise locale : <a href=\"https:\/\/www.youtube.com\/%40ijglangen\">https:\/\/www.youtube.com\/@ijglangen<\/a>Ce podcast guid\u00e9 par l&rsquo;Esprit partage des t\u00e9moignages de vies transform\u00e9es, r\u00e9pandant l&rsquo;espoir depuis l&rsquo;Allemagne aux auditeurs du monde entier.<\/p>\n\n<p>&#8211; Rebecca Gilliland et l\u2019\u00e9quipe <em>The Daughters Podcast<\/em>, Publi\u00e9 dans le num\u00e9ro de mai 2025 du <em>Messager \u00e0 l&rsquo;Aile Blanche.<\/em><\/p>\n","protected":false},"excerpt":{"rendered":"<p>Ce podcast guid\u00e9 par l&rsquo;Esprit partage des t\u00e9moignages de vies transform\u00e9es, r\u00e9pandant l&rsquo;espoir depuis l&rsquo;Allemagne aux auditeurs du monde entier.<\/p>\n","protected":false},"author":4,"featured_media":22350,"comment_status":"closed","ping_status":"open","sticky":false,"template":"","format":"standard","meta":{"_acf_changed":false,"_monsterinsights_skip_tracking":false,"_monsterinsights_sitenote_active":false,"_monsterinsights_sitenote_note":"","_monsterinsights_sitenote_category":0,"_uf_show_specific_survey":0,"_uf_disable_surveys":false,"footnotes":""},"categories":[313,143],"tags":[307],"class_list":["post-22381","post","type-post","status-publish","format-standard","has-post-thumbnail","hentry","category-article","category-eurasie","tag-article"],"acf":[],"yoast_head":"<!-- This site is optimized with the Yoast SEO plugin v27.4 - https:\/\/yoast.com\/product\/yoast-seo-wordpress\/ -->\n<title>The Daughters Podcast de l&#039;\u00e9glise IJG de Langen, Allemagne atteint le monde | COGOP<\/title>\n<meta name=\"robots\" content=\"index, follow, max-snippet:-1, max-image-preview:large, max-video-preview:-1\" \/>\n<link rel=\"canonical\" href=\"https:\/\/cogop.org\/fr\/the-daughters-podcast-de-leglise-ijg-de-langen-allemagne-atteint-le-monde\/\" \/>\n<meta property=\"og:locale\" content=\"fr_FR\" \/>\n<meta property=\"og:type\" content=\"article\" \/>\n<meta property=\"og:title\" content=\"The Daughters Podcast de l&#039;\u00e9glise IJG de Langen, Allemagne atteint le monde\" \/>\n<meta property=\"og:description\" content=\"Ce podcast guid\u00e9 par l&#039;Esprit partage des t\u00e9moignages de vies transform\u00e9es, r\u00e9pandant l&#039;espoir depuis l&#039;Allemagne aux auditeurs du monde entier.\" \/>\n<meta property=\"og:url\" content=\"https:\/\/cogop.org\/fr\/the-daughters-podcast-de-leglise-ijg-de-langen-allemagne-atteint-le-monde\/\" \/>\n<meta property=\"og:site_name\" content=\"COGOP\" \/>\n<meta property=\"article:publisher\" content=\"https:\/\/www.facebook.com\/cogop\" \/>\n<meta property=\"article:published_time\" content=\"2025-05-08T13:24:54+00:00\" \/>\n<meta property=\"article:modified_time\" content=\"2025-07-01T16:58:17+00:00\" \/>\n<meta property=\"og:image\" content=\"https:\/\/cogop.org\/wp-content\/uploads\/2025\/05\/Testify-Podcast.webp\" \/>\n<meta name=\"author\" content=\"Shaun McKinley\" \/>\n<meta name=\"twitter:card\" content=\"summary_large_image\" \/>\n<meta name=\"twitter:title\" content=\"The Daughters Podcast de l&#039;\u00e9glise IJG de Langen, Allemagne atteint le monde\" \/>\n<meta name=\"twitter:description\" content=\"Ce podcast guid\u00e9 par l&#039;Esprit partage des t\u00e9moignages de vies transform\u00e9es, r\u00e9pandant l&#039;espoir depuis l&#039;Allemagne aux auditeurs du monde entier.\" \/>\n<meta name=\"twitter:image\" content=\"https:\/\/cogop.org\/wp-content\/uploads\/2025\/05\/Testify-Podcast.webp\" \/>\n<meta name=\"twitter:creator\" content=\"@cogop\" \/>\n<meta name=\"twitter:site\" content=\"@cogop\" \/>\n<meta name=\"twitter:label1\" content=\"\u00c9crit par\" \/>\n\t<meta name=\"twitter:data1\" content=\"Shaun McKinley\" \/>\n\t<meta name=\"twitter:label2\" content=\"Dur\u00e9e de lecture estim\u00e9e\" \/>\n\t<meta name=\"twitter:data2\" content=\"3 minutes\" \/>\n<script type=\"application\/ld+json\" class=\"yoast-schema-graph\">{\"@context\":\"https:\\\/\\\/schema.org\",\"@graph\":[{\"@type\":\"Article\",\"@id\":\"https:\\\/\\\/cogop.org\\\/fr\\\/the-daughters-podcast-de-leglise-ijg-de-langen-allemagne-atteint-le-monde\\\/#article\",\"isPartOf\":{\"@id\":\"https:\\\/\\\/cogop.org\\\/fr\\\/the-daughters-podcast-de-leglise-ijg-de-langen-allemagne-atteint-le-monde\\\/\"},\"author\":{\"name\":\"Shaun McKinley\",\"@id\":\"https:\\\/\\\/cogop.org\\\/#\\\/schema\\\/person\\\/4906c522c140e1fd84e28e3c17b3588d\"},\"headline\":\"The Daughters Podcast de l&rsquo;\u00e9glise IJG de Langen, Allemagne atteint le monde\",\"datePublished\":\"2025-05-08T13:24:54+00:00\",\"dateModified\":\"2025-07-01T16:58:17+00:00\",\"mainEntityOfPage\":{\"@id\":\"https:\\\/\\\/cogop.org\\\/fr\\\/the-daughters-podcast-de-leglise-ijg-de-langen-allemagne-atteint-le-monde\\\/\"},\"wordCount\":674,\"publisher\":{\"@id\":\"https:\\\/\\\/cogop.org\\\/#organization\"},\"image\":{\"@id\":\"https:\\\/\\\/cogop.org\\\/fr\\\/the-daughters-podcast-de-leglise-ijg-de-langen-allemagne-atteint-le-monde\\\/#primaryimage\"},\"thumbnailUrl\":\"https:\\\/\\\/cogop.org\\\/wp-content\\\/uploads\\\/2025\\\/05\\\/Testify-Podcast.webp\",\"keywords\":[\"Article\"],\"articleSection\":[\"Article\",\"Eurasie\"],\"inLanguage\":\"fr-FR\"},{\"@type\":\"WebPage\",\"@id\":\"https:\\\/\\\/cogop.org\\\/fr\\\/the-daughters-podcast-de-leglise-ijg-de-langen-allemagne-atteint-le-monde\\\/\",\"url\":\"https:\\\/\\\/cogop.org\\\/fr\\\/the-daughters-podcast-de-leglise-ijg-de-langen-allemagne-atteint-le-monde\\\/\",\"name\":\"The Daughters Podcast de l'\u00e9glise IJG de Langen, Allemagne atteint le monde | COGOP\",\"isPartOf\":{\"@id\":\"https:\\\/\\\/cogop.org\\\/#website\"},\"primaryImageOfPage\":{\"@id\":\"https:\\\/\\\/cogop.org\\\/fr\\\/the-daughters-podcast-de-leglise-ijg-de-langen-allemagne-atteint-le-monde\\\/#primaryimage\"},\"image\":{\"@id\":\"https:\\\/\\\/cogop.org\\\/fr\\\/the-daughters-podcast-de-leglise-ijg-de-langen-allemagne-atteint-le-monde\\\/#primaryimage\"},\"thumbnailUrl\":\"https:\\\/\\\/cogop.org\\\/wp-content\\\/uploads\\\/2025\\\/05\\\/Testify-Podcast.webp\",\"datePublished\":\"2025-05-08T13:24:54+00:00\",\"dateModified\":\"2025-07-01T16:58:17+00:00\",\"inLanguage\":\"fr-FR\",\"potentialAction\":[{\"@type\":\"ReadAction\",\"target\":[\"https:\\\/\\\/cogop.org\\\/fr\\\/the-daughters-podcast-de-leglise-ijg-de-langen-allemagne-atteint-le-monde\\\/\"]}]},{\"@type\":\"ImageObject\",\"inLanguage\":\"fr-FR\",\"@id\":\"https:\\\/\\\/cogop.org\\\/fr\\\/the-daughters-podcast-de-leglise-ijg-de-langen-allemagne-atteint-le-monde\\\/#primaryimage\",\"url\":\"https:\\\/\\\/cogop.org\\\/wp-content\\\/uploads\\\/2025\\\/05\\\/Testify-Podcast.webp\",\"contentUrl\":\"https:\\\/\\\/cogop.org\\\/wp-content\\\/uploads\\\/2025\\\/05\\\/Testify-Podcast.webp\",\"width\":1688,\"height\":543},{\"@type\":\"BreadcrumbList\",\"@id\":\"https:\\\/\\\/cogop.org\\\/fr\\\/the-daughters-podcast-de-leglise-ijg-de-langen-allemagne-atteint-le-monde\\\/#breadcrumb\",\"itemListElement\":[{\"@type\":\"ListItem\",\"position\":1,\"name\":\"Home\",\"item\":\"https:\\\/\\\/cogop.org\\\/\"},{\"@type\":\"ListItem\",\"position\":2,\"name\":\"The Daughters Podcast de l&#8217;\u00e9glise IJG de Langen, Allemagne atteint le monde\"}]},{\"@type\":\"WebSite\",\"@id\":\"https:\\\/\\\/cogop.org\\\/#website\",\"url\":\"https:\\\/\\\/cogop.org\\\/\",\"name\":\"Church of God of Prophecy\",\"description\":\"Reconciling the World to Christ\",\"publisher\":{\"@id\":\"https:\\\/\\\/cogop.org\\\/#organization\"},\"alternateName\":\"COGOP\",\"potentialAction\":[{\"@type\":\"SearchAction\",\"target\":{\"@type\":\"EntryPoint\",\"urlTemplate\":\"https:\\\/\\\/cogop.org\\\/?s={search_term_string}\"},\"query-input\":{\"@type\":\"PropertyValueSpecification\",\"valueRequired\":true,\"valueName\":\"search_term_string\"}}],\"inLanguage\":\"fr-FR\"},{\"@type\":\"Organization\",\"@id\":\"https:\\\/\\\/cogop.org\\\/#organization\",\"name\":\"Church of God of Prophecy\",\"alternateName\":\"COGOP\",\"url\":\"https:\\\/\\\/cogop.org\\\/\",\"logo\":{\"@type\":\"ImageObject\",\"inLanguage\":\"fr-FR\",\"@id\":\"https:\\\/\\\/cogop.org\\\/#\\\/schema\\\/logo\\\/image\\\/\",\"url\":\"https:\\\/\\\/cogop.org\\\/wp-content\\\/uploads\\\/2025\\\/01\\\/logo-cogop.webp\",\"contentUrl\":\"https:\\\/\\\/cogop.org\\\/wp-content\\\/uploads\\\/2025\\\/01\\\/logo-cogop.webp\",\"width\":500,\"height\":118,\"caption\":\"Church of God of Prophecy\"},\"image\":{\"@id\":\"https:\\\/\\\/cogop.org\\\/#\\\/schema\\\/logo\\\/image\\\/\"},\"sameAs\":[\"https:\\\/\\\/www.facebook.com\\\/cogop\",\"https:\\\/\\\/x.com\\\/cogop\",\"https:\\\/\\\/www.instagram.com\\\/cogoppics\\\/\",\"https:\\\/\\\/www.youtube.com\\\/@COGOPMedia\",\"https:\\\/\\\/open.spotify.com\\\/user\\\/g1d13yyaprw0wrr2woer8edyp?si=a32b364b555f4d4d\"]},{\"@type\":\"Person\",\"@id\":\"https:\\\/\\\/cogop.org\\\/#\\\/schema\\\/person\\\/4906c522c140e1fd84e28e3c17b3588d\",\"name\":\"Shaun McKinley\",\"image\":{\"@type\":\"ImageObject\",\"inLanguage\":\"fr-FR\",\"@id\":\"https:\\\/\\\/secure.gravatar.com\\\/avatar\\\/21e42617539b19957212750bc94d5e389cd3e64619510914f40b27e32d375e99?s=96&d=mm&r=g\",\"url\":\"https:\\\/\\\/secure.gravatar.com\\\/avatar\\\/21e42617539b19957212750bc94d5e389cd3e64619510914f40b27e32d375e99?s=96&d=mm&r=g\",\"contentUrl\":\"https:\\\/\\\/secure.gravatar.com\\\/avatar\\\/21e42617539b19957212750bc94d5e389cd3e64619510914f40b27e32d375e99?s=96&d=mm&r=g\",\"caption\":\"Shaun McKinley\"}}]}<\/script>\n<!-- \/ Yoast SEO plugin. -->","yoast_head_json":{"title":"The Daughters Podcast de l'\u00e9glise IJG de Langen, Allemagne atteint le monde | COGOP","robots":{"index":"index","follow":"follow","max-snippet":"max-snippet:-1","max-image-preview":"max-image-preview:large","max-video-preview":"max-video-preview:-1"},"canonical":"https:\/\/cogop.org\/fr\/the-daughters-podcast-de-leglise-ijg-de-langen-allemagne-atteint-le-monde\/","og_locale":"fr_FR","og_type":"article","og_title":"The Daughters Podcast de l'\u00e9glise IJG de Langen, Allemagne atteint le monde","og_description":"Ce podcast guid\u00e9 par l'Esprit partage des t\u00e9moignages de vies transform\u00e9es, r\u00e9pandant l'espoir depuis l'Allemagne aux auditeurs du monde entier.","og_url":"https:\/\/cogop.org\/fr\/the-daughters-podcast-de-leglise-ijg-de-langen-allemagne-atteint-le-monde\/","og_site_name":"COGOP","article_publisher":"https:\/\/www.facebook.com\/cogop","article_published_time":"2025-05-08T13:24:54+00:00","article_modified_time":"2025-07-01T16:58:17+00:00","og_image":[{"url":"https:\/\/cogop.org\/wp-content\/uploads\/2025\/05\/Testify-Podcast.webp","type":"","width":"","height":""}],"author":"Shaun McKinley","twitter_card":"summary_large_image","twitter_title":"The Daughters Podcast de l'\u00e9glise IJG de Langen, Allemagne atteint le monde","twitter_description":"Ce podcast guid\u00e9 par l'Esprit partage des t\u00e9moignages de vies transform\u00e9es, r\u00e9pandant l'espoir depuis l'Allemagne aux auditeurs du monde entier.","twitter_image":"https:\/\/cogop.org\/wp-content\/uploads\/2025\/05\/Testify-Podcast.webp","twitter_creator":"@cogop","twitter_site":"@cogop","twitter_misc":{"\u00c9crit par":"Shaun McKinley","Dur\u00e9e de lecture estim\u00e9e":"3 minutes"},"schema":{"@context":"https:\/\/schema.org","@graph":[{"@type":"Article","@id":"https:\/\/cogop.org\/fr\/the-daughters-podcast-de-leglise-ijg-de-langen-allemagne-atteint-le-monde\/#article","isPartOf":{"@id":"https:\/\/cogop.org\/fr\/the-daughters-podcast-de-leglise-ijg-de-langen-allemagne-atteint-le-monde\/"},"author":{"name":"Shaun McKinley","@id":"https:\/\/cogop.org\/#\/schema\/person\/4906c522c140e1fd84e28e3c17b3588d"},"headline":"The Daughters Podcast de l&rsquo;\u00e9glise IJG de Langen, Allemagne atteint le monde","datePublished":"2025-05-08T13:24:54+00:00","dateModified":"2025-07-01T16:58:17+00:00","mainEntityOfPage":{"@id":"https:\/\/cogop.org\/fr\/the-daughters-podcast-de-leglise-ijg-de-langen-allemagne-atteint-le-monde\/"},"wordCount":674,"publisher":{"@id":"https:\/\/cogop.org\/#organization"},"image":{"@id":"https:\/\/cogop.org\/fr\/the-daughters-podcast-de-leglise-ijg-de-langen-allemagne-atteint-le-monde\/#primaryimage"},"thumbnailUrl":"https:\/\/cogop.org\/wp-content\/uploads\/2025\/05\/Testify-Podcast.webp","keywords":["Article"],"articleSection":["Article","Eurasie"],"inLanguage":"fr-FR"},{"@type":"WebPage","@id":"https:\/\/cogop.org\/fr\/the-daughters-podcast-de-leglise-ijg-de-langen-allemagne-atteint-le-monde\/","url":"https:\/\/cogop.org\/fr\/the-daughters-podcast-de-leglise-ijg-de-langen-allemagne-atteint-le-monde\/","name":"The Daughters Podcast de l'\u00e9glise IJG de Langen, Allemagne atteint le monde | COGOP","isPartOf":{"@id":"https:\/\/cogop.org\/#website"},"primaryImageOfPage":{"@id":"https:\/\/cogop.org\/fr\/the-daughters-podcast-de-leglise-ijg-de-langen-allemagne-atteint-le-monde\/#primaryimage"},"image":{"@id":"https:\/\/cogop.org\/fr\/the-daughters-podcast-de-leglise-ijg-de-langen-allemagne-atteint-le-monde\/#primaryimage"},"thumbnailUrl":"https:\/\/cogop.org\/wp-content\/uploads\/2025\/05\/Testify-Podcast.webp","datePublished":"2025-05-08T13:24:54+00:00","dateModified":"2025-07-01T16:58:17+00:00","inLanguage":"fr-FR","potentialAction":[{"@type":"ReadAction","target":["https:\/\/cogop.org\/fr\/the-daughters-podcast-de-leglise-ijg-de-langen-allemagne-atteint-le-monde\/"]}]},{"@type":"ImageObject","inLanguage":"fr-FR","@id":"https:\/\/cogop.org\/fr\/the-daughters-podcast-de-leglise-ijg-de-langen-allemagne-atteint-le-monde\/#primaryimage","url":"https:\/\/cogop.org\/wp-content\/uploads\/2025\/05\/Testify-Podcast.webp","contentUrl":"https:\/\/cogop.org\/wp-content\/uploads\/2025\/05\/Testify-Podcast.webp","width":1688,"height":543},{"@type":"BreadcrumbList","@id":"https:\/\/cogop.org\/fr\/the-daughters-podcast-de-leglise-ijg-de-langen-allemagne-atteint-le-monde\/#breadcrumb","itemListElement":[{"@type":"ListItem","position":1,"name":"Home","item":"https:\/\/cogop.org\/"},{"@type":"ListItem","position":2,"name":"The Daughters Podcast de l&#8217;\u00e9glise IJG de Langen, Allemagne atteint le monde"}]},{"@type":"WebSite","@id":"https:\/\/cogop.org\/#website","url":"https:\/\/cogop.org\/","name":"Church of God of Prophecy","description":"Reconciling the World to Christ","publisher":{"@id":"https:\/\/cogop.org\/#organization"},"alternateName":"COGOP","potentialAction":[{"@type":"SearchAction","target":{"@type":"EntryPoint","urlTemplate":"https:\/\/cogop.org\/?s={search_term_string}"},"query-input":{"@type":"PropertyValueSpecification","valueRequired":true,"valueName":"search_term_string"}}],"inLanguage":"fr-FR"},{"@type":"Organization","@id":"https:\/\/cogop.org\/#organization","name":"Church of God of Prophecy","alternateName":"COGOP","url":"https:\/\/cogop.org\/","logo":{"@type":"ImageObject","inLanguage":"fr-FR","@id":"https:\/\/cogop.org\/#\/schema\/logo\/image\/","url":"https:\/\/cogop.org\/wp-content\/uploads\/2025\/01\/logo-cogop.webp","contentUrl":"https:\/\/cogop.org\/wp-content\/uploads\/2025\/01\/logo-cogop.webp","width":500,"height":118,"caption":"Church of God of Prophecy"},"image":{"@id":"https:\/\/cogop.org\/#\/schema\/logo\/image\/"},"sameAs":["https:\/\/www.facebook.com\/cogop","https:\/\/x.com\/cogop","https:\/\/www.instagram.com\/cogoppics\/","https:\/\/www.youtube.com\/@COGOPMedia","https:\/\/open.spotify.com\/user\/g1d13yyaprw0wrr2woer8edyp?si=a32b364b555f4d4d"]},{"@type":"Person","@id":"https:\/\/cogop.org\/#\/schema\/person\/4906c522c140e1fd84e28e3c17b3588d","name":"Shaun McKinley","image":{"@type":"ImageObject","inLanguage":"fr-FR","@id":"https:\/\/secure.gravatar.com\/avatar\/21e42617539b19957212750bc94d5e389cd3e64619510914f40b27e32d375e99?s=96&d=mm&r=g","url":"https:\/\/secure.gravatar.com\/avatar\/21e42617539b19957212750bc94d5e389cd3e64619510914f40b27e32d375e99?s=96&d=mm&r=g","contentUrl":"https:\/\/secure.gravatar.com\/avatar\/21e42617539b19957212750bc94d5e389cd3e64619510914f40b27e32d375e99?s=96&d=mm&r=g","caption":"Shaun McKinley"}}]}},"_links":{"self":[{"href":"https:\/\/cogop.org\/fr\/wp-json\/wp\/v2\/posts\/22381","targetHints":{"allow":["GET"]}}],"collection":[{"href":"https:\/\/cogop.org\/fr\/wp-json\/wp\/v2\/posts"}],"about":[{"href":"https:\/\/cogop.org\/fr\/wp-json\/wp\/v2\/types\/post"}],"author":[{"embeddable":true,"href":"https:\/\/cogop.org\/fr\/wp-json\/wp\/v2\/users\/4"}],"replies":[{"embeddable":true,"href":"https:\/\/cogop.org\/fr\/wp-json\/wp\/v2\/comments?post=22381"}],"version-history":[{"count":1,"href":"https:\/\/cogop.org\/fr\/wp-json\/wp\/v2\/posts\/22381\/revisions"}],"predecessor-version":[{"id":22382,"href":"https:\/\/cogop.org\/fr\/wp-json\/wp\/v2\/posts\/22381\/revisions\/22382"}],"wp:featuredmedia":[{"embeddable":true,"href":"https:\/\/cogop.org\/fr\/wp-json\/wp\/v2\/media\/22350"}],"wp:attachment":[{"href":"https:\/\/cogop.org\/fr\/wp-json\/wp\/v2\/media?parent=22381"}],"wp:term":[{"taxonomy":"category","embeddable":true,"href":"https:\/\/cogop.org\/fr\/wp-json\/wp\/v2\/categories?post=22381"},{"taxonomy":"post_tag","embeddable":true,"href":"https:\/\/cogop.org\/fr\/wp-json\/wp\/v2\/tags?post=22381"}],"curies":[{"name":"wp","href":"https:\/\/api.w.org\/{rel}","templated":true}]}}