{"id":14971,"date":"2025-01-17T19:37:02","date_gmt":"2025-01-17T19:37:02","guid":{"rendered":"https:\/\/cogop.org\/la-reconciliation-rendue-possible-par-le-saint-esprit\/"},"modified":"2025-03-17T11:54:08","modified_gmt":"2025-03-17T11:54:08","slug":"la-reconciliation-rendue-possible-par-le-saint-esprit","status":"publish","type":"post","link":"https:\/\/cogop.org\/fr\/la-reconciliation-rendue-possible-par-le-saint-esprit\/","title":{"rendered":"La r\u00e9conciliation rendue possible par le Saint-Esprit"},"content":{"rendered":"\n<p>Au cours de l\u2019\u00e9t\u00e9, j\u2019ai eu le privil\u00e8ge d\u2019assister \u00e0 plusieurs congr\u00e8s et conf\u00e9rences aux niveaux national, r\u00e9gional et international. J\u2019ai eu l\u2019occasion de participer \u00e0 ces r\u00e9unions au fil des ans, car j\u2019ai occup\u00e9 certaines fonctions dans les bureaux internationaux. L\u2019exp\u00e9rience a toujours b\u00e9ni ma vie et mon cheminement spirituel en tant que membre de la famille de l\u2019\u00c9glise de Dieu de la Proph\u00e9tie, alors que nous sommes inform\u00e9s et c\u00e9l\u00e9brons l\u2019\u0153uvre de Dieu parmi nous. Cependant, cet \u00e9t\u00e9 m\u2019a offert une reconqu\u00eate exceptionnelle dans la pr\u00e9sence et la puissance du Saint-Esprit.    <\/p>\n\n<p>L\u2019un des \u00e9l\u00e9ments cl\u00e9s de chacune de ces r\u00e9unions \u00e9tait le t\u00e9moignage de ceux qui se sont r\u00e9concili\u00e9s avec Christ et qui ont re\u00e7u la puissance de l\u2019\u0153uvre du Saint-Esprit parmi nous. \u00c0 chaque session, au fur et \u00e0 mesure que le minist\u00e8re avan\u00e7ait et que les invitations \u00e0 la pri\u00e8re \u00e9taient faites, ceux qui \u00e9taient pr\u00e9sents pour la communion et \u00e9ventuellement l\u2019observation ont \u00e9t\u00e9 touch\u00e9s d\u2019une mani\u00e8re qui les a amen\u00e9s \u00e0 chercher des exp\u00e9riences de renouveau, rafra\u00eechissantes et spirituellement revitalisantes. Nous nous r\u00e9jouissions dans les \u0153uvres de salut, la sanctification, les remplissages du Saint-Esprit, les gu\u00e9risons miraculeuses et le contact avec le surnaturel dans l\u2019appel au minist\u00e8re.   <\/p>\n\n<p>Alors que nous pr\u00e9parons et attendons ce genre d\u2019exp\u00e9riences de conversion dans des conf\u00e9rences, des camps, des retraites, des r\u00e9veils et des minist\u00e8res de proximit\u00e9 qui sont con\u00e7us pour les r\u00e9ponses \u00e9vang\u00e9liques, je ne me souviens pas d\u2019une \u00ab saison des conventions \u00bb o\u00f9 nous avons vu les explosions spirituelles extr\u00eames qui ont conduit les gens \u00e0 courir vers l\u2019autel pour se r\u00e9concilier avec le Christ. <\/p>\n\n<p>Beaucoup de ceux qui sont venus \u00e0 Christ ont r\u00e9pondu \u00e0 l\u2019invitation \u00e0 la pr\u00e9sence du Saint-Esprit par le culte. Bien que la plupart des s\u00e9ances de culte contiennent de nombreuses vari\u00e9t\u00e9s et styles de musique \u2014 souvent des chansons qui sont bien connues et utilis\u00e9es dans les minist\u00e8res de l\u2019\u00e9glise locale \u2014, l\u2019intensit\u00e9 du c\u0153ur du culte est devenue un conduit ouvert pour le travail d\u2019autonomisation de l\u2019Esprit Saint attirant les \u00e2mes au Christ. Lors d\u2019un congr\u00e8s, presque toutes les invitations contenaient une r\u00e9ponse salvatrice. Nous avons vu la puissance de Dieu habiter la louange de son peuple (Psaume 22:3).   <\/p>\n\n<p>Un autre outil puissant utilis\u00e9 lors de ces r\u00e9unions \u00e9tait le t\u00e9moignage. \u00c0 chaque session des conventions, les t\u00e9moignages remplis de l\u2019Esprit et dirig\u00e9s par l\u2019Esprit ont donn\u00e9 le pouvoir \u00e0 ceux qui avaient besoin du salut et des \u0153uvres miraculeuses de venir s\u2019engager avec Dieu et son dessein et son plan. On m\u2019a rappel\u00e9 \u00e0 plusieurs reprises l\u2019encouragement que nous sommes faits vainqueurs par le sang de l\u2019Agneau et la parole de notre t\u00e9moignage (Apocalypse 12:11).   <\/p>\n\n<p>Les conventions sont peut-\u00eatre devenues connues pour la pr\u00e9dication ointe de la Parole de Dieu. Cette saison semble avoir fourni une explosion de la pr\u00e9sence puissante du Saint-Esprit \u00e0 l\u2019\u0153uvre pour faire conna\u00eetre le pouvoir et le but de Dieu par la pr\u00e9dication de sa Parole. On nous rappelle que la Parole de Dieu est vivante et active selon H\u00e9breux 4:12, plus tranchante que n\u2019importe quelle \u00e9p\u00e9e \u00e0 double tranchant &#8230; p\u00e9n\u00e9trant m\u00eame \u00e0 la division de l\u2019\u00e2me et de l\u2019esprit, des articulations et de la moelle&#8230; juger les pens\u00e9es et les attitudes du c\u0153ur. J\u2019ai pu l&rsquo;observer lorsqu&rsquo;un discours annuel de l\u2019\u00e9v\u00eaque d\u2019\u00e9tat a amen\u00e9 plus que la moiti\u00e9 des participants \u00e0 l\u2019autel au d\u00e9but du message qui \u00e9tait plus qu\u2019une heure long. Ils sont rest\u00e9s et ont m\u00eame boug\u00e9 pendant que l\u2019\u00e9v\u00eaque d\u2019\u00e9tat se d\u00e9pla\u00e7ait sous l\u2019onction. J\u2019ai vu des visiteurs qui avaient err\u00e9 en venant \u00e0 un autel de pri\u00e8re cherchant de l\u2019aide pour accepter Christ comme Sauveur. Lors d\u2019une autre r\u00e9union, j\u2019ai vu des personnes ayant resist\u00e9es au Seigneur se diriger vers la pri\u00e8re pendant la livraison de la Parole.       <\/p>\n\n<p>Je ne crois pas qu\u2019aucune des \u0153uvres miraculeuses que j\u2019ai vues et dans lesquelles je suis devenu un participant actif et receveur de telles effusions se soit produite par hasard. Je crois que dans beaucoup de ces r\u00e9unions au cours de l\u2019\u00e9t\u00e9, il y avait une dynamique calcul\u00e9e de la pri\u00e8re qui a baign\u00e9 chaque expression de l\u2019occasion pour nous tous d\u2019\u00eatre r\u00e9concili\u00e9s avec le Christ et de devenir les agents de la r\u00e9conciliation habilit\u00e9s par le Saint-Esprit. Pendant de nombreuses ann\u00e9es, j\u2019ai compris que le v\u00e9ritable travail du minist\u00e8re est la pri\u00e8re. Toute action de minist\u00e8re en exprimant l\u2019appel de l\u2019\u00c9vangile doit \u00eatre pr\u00e9c\u00e9d\u00e9e, rendue possible et facilit\u00e9e par la pri\u00e8re.    <\/p>\n\n<p>Dans \u00c9ph\u00e9siens 3:14-21, nous trouvons une pri\u00e8re pour l\u2019autonomisation spirituelle de vivre et d\u2019accomplir l\u2019appel \u00e0 cette \u0153uvre du Saint-Esprit en nous et par notre interm\u00e9diaire : <\/p>\n\n<p>A cause de cela, je fl\u00e9chis les genoux devant le P\u00e8re, duquel tire son nom toute famille dans les cieux et sur la terre, afin qu\u2019il vous donne, selon la richesse de sa gloire, d\u2019\u00eatre puissamment fortifi\u00e9s par son Esprit dans l\u2019homme int\u00e9rieur, en sorte que Christ habite dans vos c\u0153urs par la foi; afin qu\u2019\u00e9tant enracin\u00e9s et fond\u00e9s dans l\u2019amour, vous puissiez comprendre avec tous les saints quelle est la largeur, la longueur, la profondeur et la hauteur, et conna\u00eetre l\u2019amour de Christ, qui surpasse toute connaissance, en sorte que vous soyez remplis jusqu\u2019\u00e0 toute la pl\u00e9nitude de Dieu. Or, \u00e0 celui qui peut faire, par la puissance qui agit en nous, infiniment au-del\u00e0 de tout ce que nous demandons ou pensons, \u00e0 lui soit la gloire dans l\u2019\u00c9glise et en J\u00e9sus-Christ, dans toutes les g\u00e9n\u00e9rations, aux si\u00e8cles des si\u00e8cles ! Amen !  <\/p>\n\n<p>Cette pri\u00e8re exprime le c\u0153ur m\u00eame de Dieu pour nous. C\u2019est une pri\u00e8re qui nous encourage \u00e0 mieux le conna\u00eetre. Dans cette pri\u00e8re, Dieu nous donne ses propres ressources, dont nous apprenons qu\u2019elles ne connaissent pas de limites \u2014 <em>qu\u2019il vous accorderait, selon les richesses de sa gloire&#8230;<\/em> C\u2019est une pri\u00e8re qui nous conduit \u00e0 la connaissance et \u00e0 la compr\u00e9hension de l\u2019amour de Dieu pour le monde et \u00e0 \u00eatre remplis de sa pl\u00e9nitude. C\u2019est la pri\u00e8re qui cherche son surabondante habilitation pour \u00eatre pleinement \u00e0 l\u2019\u0153uvre en nous et par nous dans nos relations quotidiennes et notre minist\u00e8re.    <\/p>\n\n<p>En ce temps de minist\u00e8re o\u00f9 nous sommes appel\u00e9s \u00e0 rejoindre la vague de r\u00e9conciliation du monde avec le Christ par la puissance du Saint-Esprit, permettez-moi l\u2019occasion d\u2019adorer, le t\u00e9moignage, la Parole et l\u2019exp\u00e9rience de la pri\u00e8re dont je suis un t\u00e9moin actif ; c\u2019est l\u00e0 l\u2019\u0153uvre de son Esprit. Notre pri\u00e8re est que vous soyez b\u00e9nis et stimul\u00e9s \u00e0 mesure que vous avancez dans les pages suivantes de nouvelles et de t\u00e9moignages sur l\u2019avancement encourageant de l\u2019\u00c9vangile du Christ dans le monde entier. <\/p>\n\n<p><\/p>\n","protected":false},"excerpt":{"rendered":"<p>Cet \u00e9t\u00e9, des vies ont \u00e9t\u00e9 transform\u00e9es par le culte, les t\u00e9moignages et la puissance du Saint-Esprit.<\/p>\n","protected":false},"author":1,"featured_media":14972,"comment_status":"open","ping_status":"open","sticky":false,"template":"","format":"standard","meta":{"_acf_changed":false,"_monsterinsights_skip_tracking":false,"_monsterinsights_sitenote_active":false,"_monsterinsights_sitenote_note":"","_monsterinsights_sitenote_category":0,"_uf_show_specific_survey":0,"_uf_disable_surveys":false,"footnotes":""},"categories":[155,274],"tags":[],"class_list":["post-14971","post","type-post","status-publish","format-standard","has-post-thumbnail","hentry","category-inspiration-fr","category-le-messager-a-laile-blanche"],"acf":[],"yoast_head":"<!-- This site is optimized with the Yoast SEO plugin v27.4 - https:\/\/yoast.com\/product\/yoast-seo-wordpress\/ -->\n<title>La r\u00e9conciliation rendue possible par le Saint-Esprit | COGOP<\/title>\n<meta name=\"robots\" content=\"index, follow, max-snippet:-1, max-image-preview:large, max-video-preview:-1\" \/>\n<link rel=\"canonical\" href=\"https:\/\/cogop.org\/fr\/la-reconciliation-rendue-possible-par-le-saint-esprit\/\" \/>\n<meta property=\"og:locale\" content=\"fr_FR\" \/>\n<meta property=\"og:type\" content=\"article\" \/>\n<meta property=\"og:title\" content=\"La r\u00e9conciliation rendue possible par le Saint-Esprit | COGOP\" \/>\n<meta property=\"og:description\" content=\"Cet \u00e9t\u00e9, des vies ont \u00e9t\u00e9 transform\u00e9es par le culte, les t\u00e9moignages et la puissance du Saint-Esprit.\" \/>\n<meta property=\"og:url\" content=\"https:\/\/cogop.org\/fr\/la-reconciliation-rendue-possible-par-le-saint-esprit\/\" \/>\n<meta property=\"og:site_name\" content=\"COGOP\" \/>\n<meta property=\"article:publisher\" content=\"https:\/\/www.facebook.com\/cogop\" \/>\n<meta property=\"article:published_time\" content=\"2025-01-17T19:37:02+00:00\" \/>\n<meta property=\"article:modified_time\" content=\"2025-03-17T11:54:08+00:00\" \/>\n<meta property=\"og:image\" content=\"https:\/\/cogop.org\/wp-content\/uploads\/2025\/01\/40.png\" \/>\n\t<meta property=\"og:image:width\" content=\"1200\" \/>\n\t<meta property=\"og:image:height\" content=\"630\" \/>\n\t<meta property=\"og:image:type\" content=\"image\/png\" \/>\n<meta name=\"author\" content=\"admin\" \/>\n<meta name=\"twitter:card\" content=\"summary_large_image\" \/>\n<meta name=\"twitter:creator\" content=\"@cogop\" \/>\n<meta name=\"twitter:site\" content=\"@cogop\" \/>\n<meta name=\"twitter:label1\" content=\"\u00c9crit par\" \/>\n\t<meta name=\"twitter:data1\" content=\"admin\" \/>\n\t<meta name=\"twitter:label2\" content=\"Dur\u00e9e de lecture estim\u00e9e\" \/>\n\t<meta name=\"twitter:data2\" content=\"6 minutes\" \/>\n<script type=\"application\/ld+json\" class=\"yoast-schema-graph\">{\"@context\":\"https:\\\/\\\/schema.org\",\"@graph\":[{\"@type\":\"Article\",\"@id\":\"https:\\\/\\\/cogop.org\\\/fr\\\/la-reconciliation-rendue-possible-par-le-saint-esprit\\\/#article\",\"isPartOf\":{\"@id\":\"https:\\\/\\\/cogop.org\\\/fr\\\/la-reconciliation-rendue-possible-par-le-saint-esprit\\\/\"},\"author\":{\"name\":\"admin\",\"@id\":\"https:\\\/\\\/cogop.org\\\/#\\\/schema\\\/person\\\/9c52a85a4cb4c9e9b0a8682790636464\"},\"headline\":\"La r\u00e9conciliation rendue possible par le Saint-Esprit\",\"datePublished\":\"2025-01-17T19:37:02+00:00\",\"dateModified\":\"2025-03-17T11:54:08+00:00\",\"mainEntityOfPage\":{\"@id\":\"https:\\\/\\\/cogop.org\\\/fr\\\/la-reconciliation-rendue-possible-par-le-saint-esprit\\\/\"},\"wordCount\":1280,\"commentCount\":0,\"publisher\":{\"@id\":\"https:\\\/\\\/cogop.org\\\/#organization\"},\"image\":{\"@id\":\"https:\\\/\\\/cogop.org\\\/fr\\\/la-reconciliation-rendue-possible-par-le-saint-esprit\\\/#primaryimage\"},\"thumbnailUrl\":\"https:\\\/\\\/cogop.org\\\/wp-content\\\/uploads\\\/2025\\\/01\\\/40.png\",\"articleSection\":[\"Inspiration\",\"Le Messager \u00e0 l\u2019Aile Blanche\"],\"inLanguage\":\"fr-FR\",\"potentialAction\":[{\"@type\":\"CommentAction\",\"name\":\"Comment\",\"target\":[\"https:\\\/\\\/cogop.org\\\/fr\\\/la-reconciliation-rendue-possible-par-le-saint-esprit\\\/#respond\"]}]},{\"@type\":\"WebPage\",\"@id\":\"https:\\\/\\\/cogop.org\\\/fr\\\/la-reconciliation-rendue-possible-par-le-saint-esprit\\\/\",\"url\":\"https:\\\/\\\/cogop.org\\\/fr\\\/la-reconciliation-rendue-possible-par-le-saint-esprit\\\/\",\"name\":\"La r\u00e9conciliation rendue possible par le Saint-Esprit | COGOP\",\"isPartOf\":{\"@id\":\"https:\\\/\\\/cogop.org\\\/#website\"},\"primaryImageOfPage\":{\"@id\":\"https:\\\/\\\/cogop.org\\\/fr\\\/la-reconciliation-rendue-possible-par-le-saint-esprit\\\/#primaryimage\"},\"image\":{\"@id\":\"https:\\\/\\\/cogop.org\\\/fr\\\/la-reconciliation-rendue-possible-par-le-saint-esprit\\\/#primaryimage\"},\"thumbnailUrl\":\"https:\\\/\\\/cogop.org\\\/wp-content\\\/uploads\\\/2025\\\/01\\\/40.png\",\"datePublished\":\"2025-01-17T19:37:02+00:00\",\"dateModified\":\"2025-03-17T11:54:08+00:00\",\"inLanguage\":\"fr-FR\",\"potentialAction\":[{\"@type\":\"ReadAction\",\"target\":[\"https:\\\/\\\/cogop.org\\\/fr\\\/la-reconciliation-rendue-possible-par-le-saint-esprit\\\/\"]}]},{\"@type\":\"ImageObject\",\"inLanguage\":\"fr-FR\",\"@id\":\"https:\\\/\\\/cogop.org\\\/fr\\\/la-reconciliation-rendue-possible-par-le-saint-esprit\\\/#primaryimage\",\"url\":\"https:\\\/\\\/cogop.org\\\/wp-content\\\/uploads\\\/2025\\\/01\\\/40.png\",\"contentUrl\":\"https:\\\/\\\/cogop.org\\\/wp-content\\\/uploads\\\/2025\\\/01\\\/40.png\",\"width\":1200,\"height\":630},{\"@type\":\"BreadcrumbList\",\"@id\":\"https:\\\/\\\/cogop.org\\\/fr\\\/la-reconciliation-rendue-possible-par-le-saint-esprit\\\/#breadcrumb\",\"itemListElement\":[{\"@type\":\"ListItem\",\"position\":1,\"name\":\"Home\",\"item\":\"https:\\\/\\\/cogop.org\\\/\"},{\"@type\":\"ListItem\",\"position\":2,\"name\":\"La r\u00e9conciliation rendue possible par le Saint-Esprit\"}]},{\"@type\":\"WebSite\",\"@id\":\"https:\\\/\\\/cogop.org\\\/#website\",\"url\":\"https:\\\/\\\/cogop.org\\\/\",\"name\":\"Church of God of Prophecy\",\"description\":\"Reconciling the World to Christ\",\"publisher\":{\"@id\":\"https:\\\/\\\/cogop.org\\\/#organization\"},\"alternateName\":\"COGOP\",\"potentialAction\":[{\"@type\":\"SearchAction\",\"target\":{\"@type\":\"EntryPoint\",\"urlTemplate\":\"https:\\\/\\\/cogop.org\\\/?s={search_term_string}\"},\"query-input\":{\"@type\":\"PropertyValueSpecification\",\"valueRequired\":true,\"valueName\":\"search_term_string\"}}],\"inLanguage\":\"fr-FR\"},{\"@type\":\"Organization\",\"@id\":\"https:\\\/\\\/cogop.org\\\/#organization\",\"name\":\"Church of God of Prophecy\",\"alternateName\":\"COGOP\",\"url\":\"https:\\\/\\\/cogop.org\\\/\",\"logo\":{\"@type\":\"ImageObject\",\"inLanguage\":\"fr-FR\",\"@id\":\"https:\\\/\\\/cogop.org\\\/#\\\/schema\\\/logo\\\/image\\\/\",\"url\":\"https:\\\/\\\/cogop.org\\\/wp-content\\\/uploads\\\/2025\\\/01\\\/logo-cogop.webp\",\"contentUrl\":\"https:\\\/\\\/cogop.org\\\/wp-content\\\/uploads\\\/2025\\\/01\\\/logo-cogop.webp\",\"width\":500,\"height\":118,\"caption\":\"Church of God of Prophecy\"},\"image\":{\"@id\":\"https:\\\/\\\/cogop.org\\\/#\\\/schema\\\/logo\\\/image\\\/\"},\"sameAs\":[\"https:\\\/\\\/www.facebook.com\\\/cogop\",\"https:\\\/\\\/x.com\\\/cogop\",\"https:\\\/\\\/www.instagram.com\\\/cogoppics\\\/\",\"https:\\\/\\\/www.youtube.com\\\/@COGOPMedia\",\"https:\\\/\\\/open.spotify.com\\\/user\\\/g1d13yyaprw0wrr2woer8edyp?si=a32b364b555f4d4d\"]},{\"@type\":\"Person\",\"@id\":\"https:\\\/\\\/cogop.org\\\/#\\\/schema\\\/person\\\/9c52a85a4cb4c9e9b0a8682790636464\",\"name\":\"admin\",\"image\":{\"@type\":\"ImageObject\",\"inLanguage\":\"fr-FR\",\"@id\":\"https:\\\/\\\/secure.gravatar.com\\\/avatar\\\/312296194ff37b03570e8edebe274c85caa2c35b54a78e156b0ef99e4ac5953d?s=96&d=mm&r=g\",\"url\":\"https:\\\/\\\/secure.gravatar.com\\\/avatar\\\/312296194ff37b03570e8edebe274c85caa2c35b54a78e156b0ef99e4ac5953d?s=96&d=mm&r=g\",\"contentUrl\":\"https:\\\/\\\/secure.gravatar.com\\\/avatar\\\/312296194ff37b03570e8edebe274c85caa2c35b54a78e156b0ef99e4ac5953d?s=96&d=mm&r=g\",\"caption\":\"admin\"},\"sameAs\":[\"https:\\\/\\\/cogop.org\"]}]}<\/script>\n<!-- \/ Yoast SEO plugin. -->","yoast_head_json":{"title":"La r\u00e9conciliation rendue possible par le Saint-Esprit | COGOP","robots":{"index":"index","follow":"follow","max-snippet":"max-snippet:-1","max-image-preview":"max-image-preview:large","max-video-preview":"max-video-preview:-1"},"canonical":"https:\/\/cogop.org\/fr\/la-reconciliation-rendue-possible-par-le-saint-esprit\/","og_locale":"fr_FR","og_type":"article","og_title":"La r\u00e9conciliation rendue possible par le Saint-Esprit | COGOP","og_description":"Cet \u00e9t\u00e9, des vies ont \u00e9t\u00e9 transform\u00e9es par le culte, les t\u00e9moignages et la puissance du Saint-Esprit.","og_url":"https:\/\/cogop.org\/fr\/la-reconciliation-rendue-possible-par-le-saint-esprit\/","og_site_name":"COGOP","article_publisher":"https:\/\/www.facebook.com\/cogop","article_published_time":"2025-01-17T19:37:02+00:00","article_modified_time":"2025-03-17T11:54:08+00:00","og_image":[{"width":1200,"height":630,"url":"https:\/\/cogop.org\/wp-content\/uploads\/2025\/01\/40.png","type":"image\/png"}],"author":"admin","twitter_card":"summary_large_image","twitter_creator":"@cogop","twitter_site":"@cogop","twitter_misc":{"\u00c9crit par":"admin","Dur\u00e9e de lecture estim\u00e9e":"6 minutes"},"schema":{"@context":"https:\/\/schema.org","@graph":[{"@type":"Article","@id":"https:\/\/cogop.org\/fr\/la-reconciliation-rendue-possible-par-le-saint-esprit\/#article","isPartOf":{"@id":"https:\/\/cogop.org\/fr\/la-reconciliation-rendue-possible-par-le-saint-esprit\/"},"author":{"name":"admin","@id":"https:\/\/cogop.org\/#\/schema\/person\/9c52a85a4cb4c9e9b0a8682790636464"},"headline":"La r\u00e9conciliation rendue possible par le Saint-Esprit","datePublished":"2025-01-17T19:37:02+00:00","dateModified":"2025-03-17T11:54:08+00:00","mainEntityOfPage":{"@id":"https:\/\/cogop.org\/fr\/la-reconciliation-rendue-possible-par-le-saint-esprit\/"},"wordCount":1280,"commentCount":0,"publisher":{"@id":"https:\/\/cogop.org\/#organization"},"image":{"@id":"https:\/\/cogop.org\/fr\/la-reconciliation-rendue-possible-par-le-saint-esprit\/#primaryimage"},"thumbnailUrl":"https:\/\/cogop.org\/wp-content\/uploads\/2025\/01\/40.png","articleSection":["Inspiration","Le Messager \u00e0 l\u2019Aile Blanche"],"inLanguage":"fr-FR","potentialAction":[{"@type":"CommentAction","name":"Comment","target":["https:\/\/cogop.org\/fr\/la-reconciliation-rendue-possible-par-le-saint-esprit\/#respond"]}]},{"@type":"WebPage","@id":"https:\/\/cogop.org\/fr\/la-reconciliation-rendue-possible-par-le-saint-esprit\/","url":"https:\/\/cogop.org\/fr\/la-reconciliation-rendue-possible-par-le-saint-esprit\/","name":"La r\u00e9conciliation rendue possible par le Saint-Esprit | COGOP","isPartOf":{"@id":"https:\/\/cogop.org\/#website"},"primaryImageOfPage":{"@id":"https:\/\/cogop.org\/fr\/la-reconciliation-rendue-possible-par-le-saint-esprit\/#primaryimage"},"image":{"@id":"https:\/\/cogop.org\/fr\/la-reconciliation-rendue-possible-par-le-saint-esprit\/#primaryimage"},"thumbnailUrl":"https:\/\/cogop.org\/wp-content\/uploads\/2025\/01\/40.png","datePublished":"2025-01-17T19:37:02+00:00","dateModified":"2025-03-17T11:54:08+00:00","inLanguage":"fr-FR","potentialAction":[{"@type":"ReadAction","target":["https:\/\/cogop.org\/fr\/la-reconciliation-rendue-possible-par-le-saint-esprit\/"]}]},{"@type":"ImageObject","inLanguage":"fr-FR","@id":"https:\/\/cogop.org\/fr\/la-reconciliation-rendue-possible-par-le-saint-esprit\/#primaryimage","url":"https:\/\/cogop.org\/wp-content\/uploads\/2025\/01\/40.png","contentUrl":"https:\/\/cogop.org\/wp-content\/uploads\/2025\/01\/40.png","width":1200,"height":630},{"@type":"BreadcrumbList","@id":"https:\/\/cogop.org\/fr\/la-reconciliation-rendue-possible-par-le-saint-esprit\/#breadcrumb","itemListElement":[{"@type":"ListItem","position":1,"name":"Home","item":"https:\/\/cogop.org\/"},{"@type":"ListItem","position":2,"name":"La r\u00e9conciliation rendue possible par le Saint-Esprit"}]},{"@type":"WebSite","@id":"https:\/\/cogop.org\/#website","url":"https:\/\/cogop.org\/","name":"Church of God of Prophecy","description":"Reconciling the World to Christ","publisher":{"@id":"https:\/\/cogop.org\/#organization"},"alternateName":"COGOP","potentialAction":[{"@type":"SearchAction","target":{"@type":"EntryPoint","urlTemplate":"https:\/\/cogop.org\/?s={search_term_string}"},"query-input":{"@type":"PropertyValueSpecification","valueRequired":true,"valueName":"search_term_string"}}],"inLanguage":"fr-FR"},{"@type":"Organization","@id":"https:\/\/cogop.org\/#organization","name":"Church of God of Prophecy","alternateName":"COGOP","url":"https:\/\/cogop.org\/","logo":{"@type":"ImageObject","inLanguage":"fr-FR","@id":"https:\/\/cogop.org\/#\/schema\/logo\/image\/","url":"https:\/\/cogop.org\/wp-content\/uploads\/2025\/01\/logo-cogop.webp","contentUrl":"https:\/\/cogop.org\/wp-content\/uploads\/2025\/01\/logo-cogop.webp","width":500,"height":118,"caption":"Church of God of Prophecy"},"image":{"@id":"https:\/\/cogop.org\/#\/schema\/logo\/image\/"},"sameAs":["https:\/\/www.facebook.com\/cogop","https:\/\/x.com\/cogop","https:\/\/www.instagram.com\/cogoppics\/","https:\/\/www.youtube.com\/@COGOPMedia","https:\/\/open.spotify.com\/user\/g1d13yyaprw0wrr2woer8edyp?si=a32b364b555f4d4d"]},{"@type":"Person","@id":"https:\/\/cogop.org\/#\/schema\/person\/9c52a85a4cb4c9e9b0a8682790636464","name":"admin","image":{"@type":"ImageObject","inLanguage":"fr-FR","@id":"https:\/\/secure.gravatar.com\/avatar\/312296194ff37b03570e8edebe274c85caa2c35b54a78e156b0ef99e4ac5953d?s=96&d=mm&r=g","url":"https:\/\/secure.gravatar.com\/avatar\/312296194ff37b03570e8edebe274c85caa2c35b54a78e156b0ef99e4ac5953d?s=96&d=mm&r=g","contentUrl":"https:\/\/secure.gravatar.com\/avatar\/312296194ff37b03570e8edebe274c85caa2c35b54a78e156b0ef99e4ac5953d?s=96&d=mm&r=g","caption":"admin"},"sameAs":["https:\/\/cogop.org"]}]}},"_links":{"self":[{"href":"https:\/\/cogop.org\/fr\/wp-json\/wp\/v2\/posts\/14971","targetHints":{"allow":["GET"]}}],"collection":[{"href":"https:\/\/cogop.org\/fr\/wp-json\/wp\/v2\/posts"}],"about":[{"href":"https:\/\/cogop.org\/fr\/wp-json\/wp\/v2\/types\/post"}],"author":[{"embeddable":true,"href":"https:\/\/cogop.org\/fr\/wp-json\/wp\/v2\/users\/1"}],"replies":[{"embeddable":true,"href":"https:\/\/cogop.org\/fr\/wp-json\/wp\/v2\/comments?post=14971"}],"version-history":[{"count":3,"href":"https:\/\/cogop.org\/fr\/wp-json\/wp\/v2\/posts\/14971\/revisions"}],"predecessor-version":[{"id":15738,"href":"https:\/\/cogop.org\/fr\/wp-json\/wp\/v2\/posts\/14971\/revisions\/15738"}],"wp:featuredmedia":[{"embeddable":true,"href":"https:\/\/cogop.org\/fr\/wp-json\/wp\/v2\/media\/14972"}],"wp:attachment":[{"href":"https:\/\/cogop.org\/fr\/wp-json\/wp\/v2\/media?parent=14971"}],"wp:term":[{"taxonomy":"category","embeddable":true,"href":"https:\/\/cogop.org\/fr\/wp-json\/wp\/v2\/categories?post=14971"},{"taxonomy":"post_tag","embeddable":true,"href":"https:\/\/cogop.org\/fr\/wp-json\/wp\/v2\/tags?post=14971"}],"curies":[{"name":"wp","href":"https:\/\/api.w.org\/{rel}","templated":true}]}}