{"id":12758,"date":"2025-03-11T15:34:02","date_gmt":"2025-03-11T15:34:02","guid":{"rendered":"https:\/\/cogop.org\/mise-a-jour-a-propos-du-ministere-en-ukraine\/"},"modified":"2025-03-17T11:55:41","modified_gmt":"2025-03-17T11:55:41","slug":"mise-a-jour-a-propos-du-ministere-en-ukraine","status":"publish","type":"post","link":"https:\/\/cogop.org\/fr\/mise-a-jour-a-propos-du-ministere-en-ukraine\/","title":{"rendered":"Mise \u00e0 jour \u00e0 propos du minist\u00e8re en Ukraine"},"content":{"rendered":"\n<p>Malgr\u00e9 la d\u00e9vastation caus\u00e9e par une guerre \u00e0 grande \u00e9chelle qui dure depuis plus de 1000 jours, l\u2019\u00c9glise de Dieu de la Proph\u00e9tie en Ukraine continue d\u2019exp\u00e9rimenter le mouvement miraculeux de Dieu au sein de ses \u00e9glises, de ses communaut\u00e9s et de ses foyers. Nos pasteurs et nos membres vivent chaque jour sous la menace des bombes et des bombardements, sans acc\u00e8s \u00e0 l\u2019eau et \u00e0 l\u2019\u00e9lectricit\u00e9, et avec la p\u00e9nurie de nourriture et de produits de premi\u00e8re n\u00e9cessit\u00e9. Ils ont d\u00fb \u00e9vacuer et s\u2019\u00e9loigner des zones dangereuses. Ils ont m\u00eame perdu des \u00eatres chers \u00e0 cause de cette guerre. Pourtant, malgr\u00e9 tout le chaos et l\u2019agitation qui l\u2019entourent, l\u2019\u00c9glise grandit et prosp\u00e8re m\u00eame.    <\/p>\n\n<p>R\u00e9cemment, l\u2019une de nos \u00e9glises a perdu la propri\u00e9t\u00e9 qu\u2019elle louait et o\u00f9 se tenaient les cultes. Mais Dieu a tout orchestr\u00e9 de telle sorte qu\u2019elle dispose d\u00e9sormais d\u2019un b\u00e2timent plus grand pour le m\u00eame prix que l\u2019ancien. Dans une autre ville, notre \u00e9glise a organis\u00e9 un service d\u2019\u00e9vang\u00e9lisation pour les enfants et de nombreuses familles ont entendu l\u2019\u00c9vangile pour la premi\u00e8re fois. La jeunesse ukrainienne a pu assister \u00e0 la Conf\u00e9rence europ\u00e9enne de la jeunesse l\u2019ann\u00e9e derni\u00e8re, et nos pasteurs continuent de se rencontrer pour des formations au minist\u00e8re. Nous remercions Dieu de ce que, au fur et \u00e0 mesure que les \u00e9glises locales servent leurs communaut\u00e9s, des personnes viennent \u00e0 Christ et deviennent membres de notre famille.    <\/p>\n\n<figure class=\"wp-block-gallery has-nested-images columns-default is-cropped wp-block-gallery-1 is-layout-flex wp-block-gallery-is-layout-flex\">\n<figure class=\"wp-block-image size-large\"><img fetchpriority=\"high\" decoding=\"async\" width=\"1024\" height=\"782\" data-id=\"11323\" src=\"https:\/\/cogop.org\/wp-content\/uploads\/2025\/03\/Ukraine-2-1024x782.png\" alt=\"\" class=\"wp-image-11323\" srcset=\"https:\/\/cogop.org\/wp-content\/uploads\/2025\/03\/Ukraine-2-1024x782.png 1024w, https:\/\/cogop.org\/wp-content\/uploads\/2025\/03\/Ukraine-2-300x229.png 300w, https:\/\/cogop.org\/wp-content\/uploads\/2025\/03\/Ukraine-2-768x586.png 768w, https:\/\/cogop.org\/wp-content\/uploads\/2025\/03\/Ukraine-2.png 1458w\" sizes=\"(max-width: 1024px) 100vw, 1024px\" \/><\/figure>\n\n\n\n<figure class=\"wp-block-image size-large\"><img decoding=\"async\" width=\"1024\" height=\"832\" data-id=\"11326\" src=\"https:\/\/cogop.org\/wp-content\/uploads\/2025\/03\/Ukraine-3-1024x832.png\" alt=\"\" class=\"wp-image-11326\" srcset=\"https:\/\/cogop.org\/wp-content\/uploads\/2025\/03\/Ukraine-3-1024x832.png 1024w, https:\/\/cogop.org\/wp-content\/uploads\/2025\/03\/Ukraine-3-300x244.png 300w, https:\/\/cogop.org\/wp-content\/uploads\/2025\/03\/Ukraine-3-768x624.png 768w, https:\/\/cogop.org\/wp-content\/uploads\/2025\/03\/Ukraine-3.png 1059w\" sizes=\"(max-width: 1024px) 100vw, 1024px\" \/><\/figure>\n\n\n\n<figure class=\"wp-block-image size-large\"><img decoding=\"async\" width=\"997\" height=\"1024\" data-id=\"11329\" src=\"https:\/\/cogop.org\/wp-content\/uploads\/2025\/03\/Ukraine-4-997x1024.png\" alt=\"\" class=\"wp-image-11329\" srcset=\"https:\/\/cogop.org\/wp-content\/uploads\/2025\/03\/Ukraine-4-997x1024.png 997w, https:\/\/cogop.org\/wp-content\/uploads\/2025\/03\/Ukraine-4-292x300.png 292w, https:\/\/cogop.org\/wp-content\/uploads\/2025\/03\/Ukraine-4-768x789.png 768w, https:\/\/cogop.org\/wp-content\/uploads\/2025\/03\/Ukraine-4.png 1076w\" sizes=\"(max-width: 997px) 100vw, 997px\" \/><\/figure>\n\n\n\n<figure class=\"wp-block-image size-large\"><img loading=\"lazy\" decoding=\"async\" width=\"1024\" height=\"798\" data-id=\"11332\" src=\"https:\/\/cogop.org\/wp-content\/uploads\/2025\/03\/Ukraine-1-1024x798.png\" alt=\"\" class=\"wp-image-11332\" srcset=\"https:\/\/cogop.org\/wp-content\/uploads\/2025\/03\/Ukraine-1-1024x798.png 1024w, https:\/\/cogop.org\/wp-content\/uploads\/2025\/03\/Ukraine-1-300x234.png 300w, https:\/\/cogop.org\/wp-content\/uploads\/2025\/03\/Ukraine-1-768x599.png 768w, https:\/\/cogop.org\/wp-content\/uploads\/2025\/03\/Ukraine-1.png 1171w\" sizes=\"(max-width: 1024px) 100vw, 1024px\" \/><\/figure>\n<\/figure>\n","protected":false},"excerpt":{"rendered":"<p>L&rsquo;EDP d&rsquo;Ukraine partage des histoires puissantes de foi, de r\u00e9silience et de miracles au milieu de l\u2019adversit\u00e9, faisant briller la lumi\u00e8re dans les moments les plus sombres.<\/p>\n","protected":false},"author":4,"featured_media":11327,"comment_status":"open","ping_status":"open","sticky":false,"template":"","format":"standard","meta":{"_acf_changed":false,"_monsterinsights_skip_tracking":false,"_monsterinsights_sitenote_active":false,"_monsterinsights_sitenote_note":"","_monsterinsights_sitenote_category":0,"_uf_show_specific_survey":0,"_uf_disable_surveys":false,"footnotes":""},"categories":[143],"tags":[144],"class_list":["post-12758","post","type-post","status-publish","format-standard","has-post-thumbnail","hentry","category-eurasie","tag-eurasie"],"acf":[],"yoast_head":"<!-- This site is optimized with the Yoast SEO plugin v27.4 - https:\/\/yoast.com\/product\/yoast-seo-wordpress\/ -->\n<title>Mise \u00e0 jour \u00e0 propos du minist\u00e8re en Ukraine | COGOP<\/title>\n<meta name=\"robots\" content=\"index, follow, max-snippet:-1, max-image-preview:large, max-video-preview:-1\" \/>\n<link rel=\"canonical\" href=\"https:\/\/cogop.org\/fr\/mise-a-jour-a-propos-du-ministere-en-ukraine\/\" \/>\n<meta property=\"og:locale\" content=\"fr_FR\" \/>\n<meta property=\"og:type\" content=\"article\" \/>\n<meta property=\"og:title\" content=\"Mise \u00e0 jour \u00e0 propos du minist\u00e8re en Ukraine | COGOP\" \/>\n<meta property=\"og:description\" content=\"L&#039;EDP d&#039;Ukraine partage des histoires puissantes de foi, de r\u00e9silience et de miracles au milieu de l\u2019adversit\u00e9, faisant briller la lumi\u00e8re dans les moments les plus sombres.\" \/>\n<meta property=\"og:url\" content=\"https:\/\/cogop.org\/fr\/mise-a-jour-a-propos-du-ministere-en-ukraine\/\" \/>\n<meta property=\"og:site_name\" content=\"COGOP\" \/>\n<meta property=\"article:publisher\" content=\"https:\/\/www.facebook.com\/cogop\" \/>\n<meta property=\"article:published_time\" content=\"2025-03-11T15:34:02+00:00\" \/>\n<meta property=\"article:modified_time\" content=\"2025-03-17T11:55:41+00:00\" \/>\n<meta property=\"og:image\" content=\"https:\/\/cogop.org\/wp-content\/uploads\/2025\/03\/Ukraine-3.png\" \/>\n\t<meta property=\"og:image:width\" content=\"1059\" \/>\n\t<meta property=\"og:image:height\" content=\"860\" \/>\n\t<meta property=\"og:image:type\" content=\"image\/png\" \/>\n<meta name=\"author\" content=\"Shaun McKinley\" \/>\n<meta name=\"twitter:card\" content=\"summary_large_image\" \/>\n<meta name=\"twitter:creator\" content=\"@cogop\" \/>\n<meta name=\"twitter:site\" content=\"@cogop\" \/>\n<meta name=\"twitter:label1\" content=\"\u00c9crit par\" \/>\n\t<meta name=\"twitter:data1\" content=\"Shaun McKinley\" \/>\n\t<meta name=\"twitter:label2\" content=\"Dur\u00e9e de lecture estim\u00e9e\" \/>\n\t<meta name=\"twitter:data2\" content=\"1 minute\" \/>\n<script type=\"application\/ld+json\" class=\"yoast-schema-graph\">{\"@context\":\"https:\\\/\\\/schema.org\",\"@graph\":[{\"@type\":\"Article\",\"@id\":\"https:\\\/\\\/cogop.org\\\/fr\\\/mise-a-jour-a-propos-du-ministere-en-ukraine\\\/#article\",\"isPartOf\":{\"@id\":\"https:\\\/\\\/cogop.org\\\/fr\\\/mise-a-jour-a-propos-du-ministere-en-ukraine\\\/\"},\"author\":{\"name\":\"Shaun McKinley\",\"@id\":\"https:\\\/\\\/cogop.org\\\/#\\\/schema\\\/person\\\/4906c522c140e1fd84e28e3c17b3588d\"},\"headline\":\"Mise \u00e0 jour \u00e0 propos du minist\u00e8re en Ukraine\",\"datePublished\":\"2025-03-11T15:34:02+00:00\",\"dateModified\":\"2025-03-17T11:55:41+00:00\",\"mainEntityOfPage\":{\"@id\":\"https:\\\/\\\/cogop.org\\\/fr\\\/mise-a-jour-a-propos-du-ministere-en-ukraine\\\/\"},\"wordCount\":274,\"commentCount\":0,\"publisher\":{\"@id\":\"https:\\\/\\\/cogop.org\\\/#organization\"},\"image\":{\"@id\":\"https:\\\/\\\/cogop.org\\\/fr\\\/mise-a-jour-a-propos-du-ministere-en-ukraine\\\/#primaryimage\"},\"thumbnailUrl\":\"https:\\\/\\\/cogop.org\\\/wp-content\\\/uploads\\\/2025\\\/03\\\/Ukraine-3.png\",\"keywords\":[\"Eurasie\"],\"articleSection\":[\"Eurasie\"],\"inLanguage\":\"fr-FR\",\"potentialAction\":[{\"@type\":\"CommentAction\",\"name\":\"Comment\",\"target\":[\"https:\\\/\\\/cogop.org\\\/fr\\\/mise-a-jour-a-propos-du-ministere-en-ukraine\\\/#respond\"]}]},{\"@type\":\"WebPage\",\"@id\":\"https:\\\/\\\/cogop.org\\\/fr\\\/mise-a-jour-a-propos-du-ministere-en-ukraine\\\/\",\"url\":\"https:\\\/\\\/cogop.org\\\/fr\\\/mise-a-jour-a-propos-du-ministere-en-ukraine\\\/\",\"name\":\"Mise \u00e0 jour \u00e0 propos du minist\u00e8re en Ukraine | COGOP\",\"isPartOf\":{\"@id\":\"https:\\\/\\\/cogop.org\\\/#website\"},\"primaryImageOfPage\":{\"@id\":\"https:\\\/\\\/cogop.org\\\/fr\\\/mise-a-jour-a-propos-du-ministere-en-ukraine\\\/#primaryimage\"},\"image\":{\"@id\":\"https:\\\/\\\/cogop.org\\\/fr\\\/mise-a-jour-a-propos-du-ministere-en-ukraine\\\/#primaryimage\"},\"thumbnailUrl\":\"https:\\\/\\\/cogop.org\\\/wp-content\\\/uploads\\\/2025\\\/03\\\/Ukraine-3.png\",\"datePublished\":\"2025-03-11T15:34:02+00:00\",\"dateModified\":\"2025-03-17T11:55:41+00:00\",\"inLanguage\":\"fr-FR\",\"potentialAction\":[{\"@type\":\"ReadAction\",\"target\":[\"https:\\\/\\\/cogop.org\\\/fr\\\/mise-a-jour-a-propos-du-ministere-en-ukraine\\\/\"]}]},{\"@type\":\"ImageObject\",\"inLanguage\":\"fr-FR\",\"@id\":\"https:\\\/\\\/cogop.org\\\/fr\\\/mise-a-jour-a-propos-du-ministere-en-ukraine\\\/#primaryimage\",\"url\":\"https:\\\/\\\/cogop.org\\\/wp-content\\\/uploads\\\/2025\\\/03\\\/Ukraine-3.png\",\"contentUrl\":\"https:\\\/\\\/cogop.org\\\/wp-content\\\/uploads\\\/2025\\\/03\\\/Ukraine-3.png\",\"width\":1059,\"height\":860},{\"@type\":\"BreadcrumbList\",\"@id\":\"https:\\\/\\\/cogop.org\\\/fr\\\/mise-a-jour-a-propos-du-ministere-en-ukraine\\\/#breadcrumb\",\"itemListElement\":[{\"@type\":\"ListItem\",\"position\":1,\"name\":\"Home\",\"item\":\"https:\\\/\\\/cogop.org\\\/\"},{\"@type\":\"ListItem\",\"position\":2,\"name\":\"Mise \u00e0 jour \u00e0 propos du minist\u00e8re en Ukraine\"}]},{\"@type\":\"WebSite\",\"@id\":\"https:\\\/\\\/cogop.org\\\/#website\",\"url\":\"https:\\\/\\\/cogop.org\\\/\",\"name\":\"Church of God of Prophecy\",\"description\":\"Reconciling the World to Christ\",\"publisher\":{\"@id\":\"https:\\\/\\\/cogop.org\\\/#organization\"},\"alternateName\":\"COGOP\",\"potentialAction\":[{\"@type\":\"SearchAction\",\"target\":{\"@type\":\"EntryPoint\",\"urlTemplate\":\"https:\\\/\\\/cogop.org\\\/?s={search_term_string}\"},\"query-input\":{\"@type\":\"PropertyValueSpecification\",\"valueRequired\":true,\"valueName\":\"search_term_string\"}}],\"inLanguage\":\"fr-FR\"},{\"@type\":\"Organization\",\"@id\":\"https:\\\/\\\/cogop.org\\\/#organization\",\"name\":\"Church of God of Prophecy\",\"alternateName\":\"COGOP\",\"url\":\"https:\\\/\\\/cogop.org\\\/\",\"logo\":{\"@type\":\"ImageObject\",\"inLanguage\":\"fr-FR\",\"@id\":\"https:\\\/\\\/cogop.org\\\/#\\\/schema\\\/logo\\\/image\\\/\",\"url\":\"https:\\\/\\\/cogop.org\\\/wp-content\\\/uploads\\\/2025\\\/01\\\/logo-cogop.webp\",\"contentUrl\":\"https:\\\/\\\/cogop.org\\\/wp-content\\\/uploads\\\/2025\\\/01\\\/logo-cogop.webp\",\"width\":500,\"height\":118,\"caption\":\"Church of God of Prophecy\"},\"image\":{\"@id\":\"https:\\\/\\\/cogop.org\\\/#\\\/schema\\\/logo\\\/image\\\/\"},\"sameAs\":[\"https:\\\/\\\/www.facebook.com\\\/cogop\",\"https:\\\/\\\/x.com\\\/cogop\",\"https:\\\/\\\/www.instagram.com\\\/cogoppics\\\/\",\"https:\\\/\\\/www.youtube.com\\\/@COGOPMedia\",\"https:\\\/\\\/open.spotify.com\\\/user\\\/g1d13yyaprw0wrr2woer8edyp?si=a32b364b555f4d4d\"]},{\"@type\":\"Person\",\"@id\":\"https:\\\/\\\/cogop.org\\\/#\\\/schema\\\/person\\\/4906c522c140e1fd84e28e3c17b3588d\",\"name\":\"Shaun McKinley\",\"image\":{\"@type\":\"ImageObject\",\"inLanguage\":\"fr-FR\",\"@id\":\"https:\\\/\\\/secure.gravatar.com\\\/avatar\\\/21e42617539b19957212750bc94d5e389cd3e64619510914f40b27e32d375e99?s=96&d=mm&r=g\",\"url\":\"https:\\\/\\\/secure.gravatar.com\\\/avatar\\\/21e42617539b19957212750bc94d5e389cd3e64619510914f40b27e32d375e99?s=96&d=mm&r=g\",\"contentUrl\":\"https:\\\/\\\/secure.gravatar.com\\\/avatar\\\/21e42617539b19957212750bc94d5e389cd3e64619510914f40b27e32d375e99?s=96&d=mm&r=g\",\"caption\":\"Shaun McKinley\"}}]}<\/script>\n<!-- \/ Yoast SEO plugin. -->","yoast_head_json":{"title":"Mise \u00e0 jour \u00e0 propos du minist\u00e8re en Ukraine | COGOP","robots":{"index":"index","follow":"follow","max-snippet":"max-snippet:-1","max-image-preview":"max-image-preview:large","max-video-preview":"max-video-preview:-1"},"canonical":"https:\/\/cogop.org\/fr\/mise-a-jour-a-propos-du-ministere-en-ukraine\/","og_locale":"fr_FR","og_type":"article","og_title":"Mise \u00e0 jour \u00e0 propos du minist\u00e8re en Ukraine | COGOP","og_description":"L'EDP d'Ukraine partage des histoires puissantes de foi, de r\u00e9silience et de miracles au milieu de l\u2019adversit\u00e9, faisant briller la lumi\u00e8re dans les moments les plus sombres.","og_url":"https:\/\/cogop.org\/fr\/mise-a-jour-a-propos-du-ministere-en-ukraine\/","og_site_name":"COGOP","article_publisher":"https:\/\/www.facebook.com\/cogop","article_published_time":"2025-03-11T15:34:02+00:00","article_modified_time":"2025-03-17T11:55:41+00:00","og_image":[{"width":1059,"height":860,"url":"https:\/\/cogop.org\/wp-content\/uploads\/2025\/03\/Ukraine-3.png","type":"image\/png"}],"author":"Shaun McKinley","twitter_card":"summary_large_image","twitter_creator":"@cogop","twitter_site":"@cogop","twitter_misc":{"\u00c9crit par":"Shaun McKinley","Dur\u00e9e de lecture estim\u00e9e":"1 minute"},"schema":{"@context":"https:\/\/schema.org","@graph":[{"@type":"Article","@id":"https:\/\/cogop.org\/fr\/mise-a-jour-a-propos-du-ministere-en-ukraine\/#article","isPartOf":{"@id":"https:\/\/cogop.org\/fr\/mise-a-jour-a-propos-du-ministere-en-ukraine\/"},"author":{"name":"Shaun McKinley","@id":"https:\/\/cogop.org\/#\/schema\/person\/4906c522c140e1fd84e28e3c17b3588d"},"headline":"Mise \u00e0 jour \u00e0 propos du minist\u00e8re en Ukraine","datePublished":"2025-03-11T15:34:02+00:00","dateModified":"2025-03-17T11:55:41+00:00","mainEntityOfPage":{"@id":"https:\/\/cogop.org\/fr\/mise-a-jour-a-propos-du-ministere-en-ukraine\/"},"wordCount":274,"commentCount":0,"publisher":{"@id":"https:\/\/cogop.org\/#organization"},"image":{"@id":"https:\/\/cogop.org\/fr\/mise-a-jour-a-propos-du-ministere-en-ukraine\/#primaryimage"},"thumbnailUrl":"https:\/\/cogop.org\/wp-content\/uploads\/2025\/03\/Ukraine-3.png","keywords":["Eurasie"],"articleSection":["Eurasie"],"inLanguage":"fr-FR","potentialAction":[{"@type":"CommentAction","name":"Comment","target":["https:\/\/cogop.org\/fr\/mise-a-jour-a-propos-du-ministere-en-ukraine\/#respond"]}]},{"@type":"WebPage","@id":"https:\/\/cogop.org\/fr\/mise-a-jour-a-propos-du-ministere-en-ukraine\/","url":"https:\/\/cogop.org\/fr\/mise-a-jour-a-propos-du-ministere-en-ukraine\/","name":"Mise \u00e0 jour \u00e0 propos du minist\u00e8re en Ukraine | COGOP","isPartOf":{"@id":"https:\/\/cogop.org\/#website"},"primaryImageOfPage":{"@id":"https:\/\/cogop.org\/fr\/mise-a-jour-a-propos-du-ministere-en-ukraine\/#primaryimage"},"image":{"@id":"https:\/\/cogop.org\/fr\/mise-a-jour-a-propos-du-ministere-en-ukraine\/#primaryimage"},"thumbnailUrl":"https:\/\/cogop.org\/wp-content\/uploads\/2025\/03\/Ukraine-3.png","datePublished":"2025-03-11T15:34:02+00:00","dateModified":"2025-03-17T11:55:41+00:00","inLanguage":"fr-FR","potentialAction":[{"@type":"ReadAction","target":["https:\/\/cogop.org\/fr\/mise-a-jour-a-propos-du-ministere-en-ukraine\/"]}]},{"@type":"ImageObject","inLanguage":"fr-FR","@id":"https:\/\/cogop.org\/fr\/mise-a-jour-a-propos-du-ministere-en-ukraine\/#primaryimage","url":"https:\/\/cogop.org\/wp-content\/uploads\/2025\/03\/Ukraine-3.png","contentUrl":"https:\/\/cogop.org\/wp-content\/uploads\/2025\/03\/Ukraine-3.png","width":1059,"height":860},{"@type":"BreadcrumbList","@id":"https:\/\/cogop.org\/fr\/mise-a-jour-a-propos-du-ministere-en-ukraine\/#breadcrumb","itemListElement":[{"@type":"ListItem","position":1,"name":"Home","item":"https:\/\/cogop.org\/"},{"@type":"ListItem","position":2,"name":"Mise \u00e0 jour \u00e0 propos du minist\u00e8re en Ukraine"}]},{"@type":"WebSite","@id":"https:\/\/cogop.org\/#website","url":"https:\/\/cogop.org\/","name":"Church of God of Prophecy","description":"Reconciling the World to Christ","publisher":{"@id":"https:\/\/cogop.org\/#organization"},"alternateName":"COGOP","potentialAction":[{"@type":"SearchAction","target":{"@type":"EntryPoint","urlTemplate":"https:\/\/cogop.org\/?s={search_term_string}"},"query-input":{"@type":"PropertyValueSpecification","valueRequired":true,"valueName":"search_term_string"}}],"inLanguage":"fr-FR"},{"@type":"Organization","@id":"https:\/\/cogop.org\/#organization","name":"Church of God of Prophecy","alternateName":"COGOP","url":"https:\/\/cogop.org\/","logo":{"@type":"ImageObject","inLanguage":"fr-FR","@id":"https:\/\/cogop.org\/#\/schema\/logo\/image\/","url":"https:\/\/cogop.org\/wp-content\/uploads\/2025\/01\/logo-cogop.webp","contentUrl":"https:\/\/cogop.org\/wp-content\/uploads\/2025\/01\/logo-cogop.webp","width":500,"height":118,"caption":"Church of God of Prophecy"},"image":{"@id":"https:\/\/cogop.org\/#\/schema\/logo\/image\/"},"sameAs":["https:\/\/www.facebook.com\/cogop","https:\/\/x.com\/cogop","https:\/\/www.instagram.com\/cogoppics\/","https:\/\/www.youtube.com\/@COGOPMedia","https:\/\/open.spotify.com\/user\/g1d13yyaprw0wrr2woer8edyp?si=a32b364b555f4d4d"]},{"@type":"Person","@id":"https:\/\/cogop.org\/#\/schema\/person\/4906c522c140e1fd84e28e3c17b3588d","name":"Shaun McKinley","image":{"@type":"ImageObject","inLanguage":"fr-FR","@id":"https:\/\/secure.gravatar.com\/avatar\/21e42617539b19957212750bc94d5e389cd3e64619510914f40b27e32d375e99?s=96&d=mm&r=g","url":"https:\/\/secure.gravatar.com\/avatar\/21e42617539b19957212750bc94d5e389cd3e64619510914f40b27e32d375e99?s=96&d=mm&r=g","contentUrl":"https:\/\/secure.gravatar.com\/avatar\/21e42617539b19957212750bc94d5e389cd3e64619510914f40b27e32d375e99?s=96&d=mm&r=g","caption":"Shaun McKinley"}}]}},"_links":{"self":[{"href":"https:\/\/cogop.org\/fr\/wp-json\/wp\/v2\/posts\/12758","targetHints":{"allow":["GET"]}}],"collection":[{"href":"https:\/\/cogop.org\/fr\/wp-json\/wp\/v2\/posts"}],"about":[{"href":"https:\/\/cogop.org\/fr\/wp-json\/wp\/v2\/types\/post"}],"author":[{"embeddable":true,"href":"https:\/\/cogop.org\/fr\/wp-json\/wp\/v2\/users\/4"}],"replies":[{"embeddable":true,"href":"https:\/\/cogop.org\/fr\/wp-json\/wp\/v2\/comments?post=12758"}],"version-history":[{"count":2,"href":"https:\/\/cogop.org\/fr\/wp-json\/wp\/v2\/posts\/12758\/revisions"}],"predecessor-version":[{"id":15740,"href":"https:\/\/cogop.org\/fr\/wp-json\/wp\/v2\/posts\/12758\/revisions\/15740"}],"wp:featuredmedia":[{"embeddable":true,"href":"https:\/\/cogop.org\/fr\/wp-json\/wp\/v2\/media\/11327"}],"wp:attachment":[{"href":"https:\/\/cogop.org\/fr\/wp-json\/wp\/v2\/media?parent=12758"}],"wp:term":[{"taxonomy":"category","embeddable":true,"href":"https:\/\/cogop.org\/fr\/wp-json\/wp\/v2\/categories?post=12758"},{"taxonomy":"post_tag","embeddable":true,"href":"https:\/\/cogop.org\/fr\/wp-json\/wp\/v2\/tags?post=12758"}],"curies":[{"name":"wp","href":"https:\/\/api.w.org\/{rel}","templated":true}]}}