{"id":12503,"date":"2025-03-11T19:25:11","date_gmt":"2025-03-11T19:25:11","guid":{"rendered":"https:\/\/cogop.org\/impact-de-la-mission-en-amerique-du-sud-croissance-discipulat-et-implantation-deglises\/"},"modified":"2025-07-01T16:58:45","modified_gmt":"2025-07-01T16:58:45","slug":"impact-de-la-mission-en-amerique-du-sud-croissance-discipulat-et-implantation-deglises","status":"publish","type":"post","link":"https:\/\/cogop.org\/fr\/impact-de-la-mission-en-amerique-du-sud-croissance-discipulat-et-implantation-deglises\/","title":{"rendered":"Impact de la mission en Am\u00e9rique du Sud : croissance, discipulat et implantation d&rsquo;\u00e9glises"},"content":{"rendered":"\n<h2 class=\"wp-block-heading\"><strong>Des nouvelles de notre \u00e9glise au Br\u00e9sil<\/strong><\/h2>\n\n<p><strong>Bahia<\/strong><\/p>\n\n<p>Du 15 au 18 novembre 2024, la Convention r\u00e9gionale de l\u2019\u00c9glise de Dieu de la Proph\u00e9tie dans l\u2019\u00c9tat de Bahia s\u2019est d\u00e9roul\u00e9e dans la ville de C\u00e2ndido Sales avec une participation moyenne de deux cents personnes par jour. La convention avait pour th\u00e8me \u00ab Appel\u00e9 \u00bb. Parmi les invit\u00e9s sp\u00e9ciaux figuraient le directeur continental du d\u00e9partement d\u2019implantation d\u2019\u00e9glises de l\u2019\u00c9glise de Dieu de la Proph\u00e9tie en Am\u00e9rique du Sud, Francisco Lopez Paz, et le repr\u00e9sentant du R\u00e9seau de Multiplication, Lu\u00eds Eduardo Pinz\u00f3n. Des messages et des enseignements puissants bas\u00e9s sur le th\u00e8me ont \u00e9t\u00e9 donn\u00e9s tout au long de la convention. Le samedi 17 novembre, une marche d\u2019\u00e9vang\u00e9lisation a \u00e9t\u00e9 organis\u00e9e \u00e0 travers la ville, touchant le c\u0153ur de plusieurs personnes de la communaut\u00e9. \u00c0 la fin de la convention, plus de 15 fr\u00e8res ont rencontr\u00e9 le directeur continental de l\u2019implantation d\u2019\u00e9glises afin de recevoir des instructions strat\u00e9giques pour d\u00e9marrer un nouveau point de pr\u00e9dication dans la r\u00e9gion.     <\/p>\n\n<p><strong>Cear\u00e1 <\/strong><\/p>\n\n<p>La premi\u00e8re \u00e9glise de l\u2019EDP de Cear\u00e1 a \u00e9t\u00e9 implant\u00e9e \u00e0 la fin de l\u2019ann\u00e9e 2017. Depuis lors, l\u2019\u00e9glise de Cear\u00e1 a progress\u00e9 et a connu une croissance \u00e9norme avec quatre \u00e9glises organis\u00e9es et sept missions, dont certaines sont presque pr\u00eates \u00e0 \u00eatre organis\u00e9es.  <\/p>\n\n<p>Du 29 novembre au 1er d\u00e9cembre 2024, la premi\u00e8re convention r\u00e9gionale de l\u2019\u00c9glise de Dieu de la Proph\u00e9tie dans l\u2019\u00c9tat a eu lieu dans la ville de Varjota (Cear\u00e1) et a rassembl\u00e9 environ deux cent trente participants. La convention a adopt\u00e9 le th\u00e8me \u00ab En mission \u00bb, bas\u00e9 sur Matthieu 28, et a accueilli des invit\u00e9s sp\u00e9ciaux tels que Hernandes Fernandes Filho (\u00c9v\u00eaque National de l\u2019EDP du Br\u00e9sil), Francisco Lopez Paz (Directeur Continental du D\u00e9partement d\u2019Implantation d\u2019\u00c9glise pour l\u2019EDP d\u2019Am\u00e9rique du Sud), et Luis Eduardo Pinz\u00f3n et Gizele de Oliveira (tous deux du R\u00e9seau de Multiplication). L\u2019\u00e9v\u00e9nement a eu un impact sur de nombreuses vies et a marqu\u00e9 l\u2019\u00c9tat de Cear\u00e1.  <\/p>\n\n<p><strong>Le projet Sert\u00e3o de l&rsquo;EDP <\/strong><\/p>\n\n<p>L\u2019arri\u00e8re-pays du Cear\u00e1 est l\u2019une des r\u00e9gions les plus difficiles et les plus riches sur le plan culturel du Br\u00e9sil. Situ\u00e9 dans le nord-est semi-aride, le sert\u00e3o est confront\u00e9 \u00e0 des conditions climatiques d\u00e9favorables, en particulier \u00e0 de longues p\u00e9riodes de s\u00e9cheresse et de p\u00e9nurie d\u2019eau, qui affectent directement l\u2019\u00e9conomie, l\u2019agriculture et la qualit\u00e9 de vie de la population. Avec une culture religieuse catholique profond\u00e9ment enracin\u00e9e, il est facile de trouver dans cet \u00c9tat de petites communaut\u00e9s qui n\u2019ont m\u00eame pas une seule \u00e9glise \u00e9vang\u00e9lique. R\u00e9cemment, l\u2019EDP du Br\u00e9sil a atteint une communaut\u00e9 d\u2019environ 3 000 personnes et a \u00e9tabli la premi\u00e8re \u00e9glise \u00e9vang\u00e9lique dans cette r\u00e9gion. La proposition du projet Sert\u00e3o de l\u2019EDP est d\u2019offrir, en plus de la parole de r\u00e9conciliation, des paniers de nourriture, un projet d\u2019activit\u00e9s sportives et une formation pour les travailleurs de la r\u00e9gion. Lors de la convention, nous avons re\u00e7u un don d\u2019une moto pour faciliter l\u2019\u00e9vang\u00e9lisation dans cette communaut\u00e9. Priez pour le projet Sert\u00e3o-Cear\u00e1 de l\u2019EDP !      <\/p>\n\n<p><strong>Minas Gerais<\/strong><\/p>\n\n<p>La convention r\u00e9gionale de l\u2019\u00c9glise de Dieu de la Proph\u00e9tie \u00e0 Minas Gerais a eu lieu du 17 au 19 janvier sur le site de la Pousada do Rei, situ\u00e9e dans la municipalit\u00e9 de Sarzedo (Minas Gerais), en pr\u00e9sence d\u2019environ deux cents personnes. Le th\u00e8me de la convention \u00e9tait \u00ab Appel\u00e9s \u00e0 la saintet\u00e9 \u00bb, soulignant l\u2019importance d\u2019une vie sainte \u00e0 des fins missionnaires pour r\u00e9concilier la cr\u00e9ation et l\u2019humanit\u00e9 avec J\u00e9sus-Christ. Des messages puissants et divers enseignements ont \u00e9t\u00e9 partag\u00e9s sur la base du th\u00e8me central.   <\/p>\n\n<figure class=\"wp-block-gallery has-nested-images columns-default is-cropped wp-block-gallery-1 is-layout-flex wp-block-gallery-is-layout-flex\">\n<figure class=\"wp-block-image size-large\"><img fetchpriority=\"high\" decoding=\"async\" width=\"1024\" height=\"768\" data-id=\"12027\" src=\"https:\/\/cogop.org\/wp-content\/uploads\/2025\/03\/Brazil-Bahia-3-1024x768.jpeg\" alt=\"\" class=\"wp-image-12027\" srcset=\"https:\/\/cogop.org\/wp-content\/uploads\/2025\/03\/Brazil-Bahia-3-1024x768.jpeg 1024w, https:\/\/cogop.org\/wp-content\/uploads\/2025\/03\/Brazil-Bahia-3-300x225.jpeg 300w, https:\/\/cogop.org\/wp-content\/uploads\/2025\/03\/Brazil-Bahia-3-768x576.jpeg 768w, https:\/\/cogop.org\/wp-content\/uploads\/2025\/03\/Brazil-Bahia-3.jpeg 1280w\" sizes=\"(max-width: 1024px) 100vw, 1024px\" \/><\/figure>\n\n\n\n<figure class=\"wp-block-image size-large\"><img decoding=\"async\" width=\"1024\" height=\"768\" data-id=\"12034\" src=\"https:\/\/cogop.org\/wp-content\/uploads\/2025\/03\/Brazil-Bahia-4-1024x768.jpeg\" alt=\"\" class=\"wp-image-12034\" srcset=\"https:\/\/cogop.org\/wp-content\/uploads\/2025\/03\/Brazil-Bahia-4-1024x768.jpeg 1024w, https:\/\/cogop.org\/wp-content\/uploads\/2025\/03\/Brazil-Bahia-4-300x225.jpeg 300w, https:\/\/cogop.org\/wp-content\/uploads\/2025\/03\/Brazil-Bahia-4-768x576.jpeg 768w, https:\/\/cogop.org\/wp-content\/uploads\/2025\/03\/Brazil-Bahia-4.jpeg 1280w\" sizes=\"(max-width: 1024px) 100vw, 1024px\" \/><\/figure>\n\n\n\n<figure class=\"wp-block-image size-large\"><img decoding=\"async\" width=\"1024\" height=\"768\" data-id=\"12023\" src=\"https:\/\/cogop.org\/wp-content\/uploads\/2025\/03\/Brazil-Bahia-5-1024x768.jpeg\" alt=\"\" class=\"wp-image-12023\" srcset=\"https:\/\/cogop.org\/wp-content\/uploads\/2025\/03\/Brazil-Bahia-5-1024x768.jpeg 1024w, https:\/\/cogop.org\/wp-content\/uploads\/2025\/03\/Brazil-Bahia-5-300x225.jpeg 300w, https:\/\/cogop.org\/wp-content\/uploads\/2025\/03\/Brazil-Bahia-5-768x576.jpeg 768w, https:\/\/cogop.org\/wp-content\/uploads\/2025\/03\/Brazil-Bahia-5.jpeg 1280w\" sizes=\"(max-width: 1024px) 100vw, 1024px\" \/><\/figure>\n\n\n\n<figure class=\"wp-block-image size-large\"><img loading=\"lazy\" decoding=\"async\" width=\"1024\" height=\"460\" data-id=\"12025\" src=\"https:\/\/cogop.org\/wp-content\/uploads\/2025\/03\/Brazil-Bahia-6-1024x460.jpeg\" alt=\"\" class=\"wp-image-12025\" srcset=\"https:\/\/cogop.org\/wp-content\/uploads\/2025\/03\/Brazil-Bahia-6-1024x460.jpeg 1024w, https:\/\/cogop.org\/wp-content\/uploads\/2025\/03\/Brazil-Bahia-6-300x135.jpeg 300w, https:\/\/cogop.org\/wp-content\/uploads\/2025\/03\/Brazil-Bahia-6-768x345.jpeg 768w, https:\/\/cogop.org\/wp-content\/uploads\/2025\/03\/Brazil-Bahia-6.jpeg 1280w\" sizes=\"(max-width: 1024px) 100vw, 1024px\" \/><\/figure>\n\n\n\n<figure class=\"wp-block-image size-large\"><img loading=\"lazy\" decoding=\"async\" width=\"768\" height=\"1024\" data-id=\"12032\" src=\"https:\/\/cogop.org\/wp-content\/uploads\/2025\/03\/Brazil-Bahia-7-768x1024.jpeg\" alt=\"\" class=\"wp-image-12032\" srcset=\"https:\/\/cogop.org\/wp-content\/uploads\/2025\/03\/Brazil-Bahia-7-768x1024.jpeg 768w, https:\/\/cogop.org\/wp-content\/uploads\/2025\/03\/Brazil-Bahia-7-225x300.jpeg 225w, https:\/\/cogop.org\/wp-content\/uploads\/2025\/03\/Brazil-Bahia-7.jpeg 960w\" sizes=\"(max-width: 768px) 100vw, 768px\" \/><\/figure>\n\n\n\n<figure class=\"wp-block-image size-large\"><img loading=\"lazy\" decoding=\"async\" width=\"768\" height=\"1024\" data-id=\"12060\" src=\"https:\/\/cogop.org\/wp-content\/uploads\/2025\/03\/Brazil-Bahia-8-768x1024.jpeg\" alt=\"\" class=\"wp-image-12060\" srcset=\"https:\/\/cogop.org\/wp-content\/uploads\/2025\/03\/Brazil-Bahia-8-768x1024.jpeg 768w, https:\/\/cogop.org\/wp-content\/uploads\/2025\/03\/Brazil-Bahia-8-225x300.jpeg 225w, https:\/\/cogop.org\/wp-content\/uploads\/2025\/03\/Brazil-Bahia-8-1152x1536.jpeg 1152w, https:\/\/cogop.org\/wp-content\/uploads\/2025\/03\/Brazil-Bahia-8-1536x2048.jpeg 1536w, https:\/\/cogop.org\/wp-content\/uploads\/2025\/03\/Brazil-Bahia-8-scaled.jpeg 1920w\" sizes=\"(max-width: 768px) 100vw, 768px\" \/><\/figure>\n\n\n\n<figure class=\"wp-block-image size-large\"><img loading=\"lazy\" decoding=\"async\" width=\"1024\" height=\"768\" data-id=\"12053\" src=\"https:\/\/cogop.org\/wp-content\/uploads\/2025\/03\/Brazil-Ceara-1-1024x768.jpeg\" alt=\"\" class=\"wp-image-12053\" srcset=\"https:\/\/cogop.org\/wp-content\/uploads\/2025\/03\/Brazil-Ceara-1-1024x768.jpeg 1024w, https:\/\/cogop.org\/wp-content\/uploads\/2025\/03\/Brazil-Ceara-1-300x225.jpeg 300w, https:\/\/cogop.org\/wp-content\/uploads\/2025\/03\/Brazil-Ceara-1-768x576.jpeg 768w, https:\/\/cogop.org\/wp-content\/uploads\/2025\/03\/Brazil-Ceara-1-1536x1152.jpeg 1536w, https:\/\/cogop.org\/wp-content\/uploads\/2025\/03\/Brazil-Ceara-1-2048x1536.jpeg 2048w\" sizes=\"(max-width: 1024px) 100vw, 1024px\" \/><\/figure>\n\n\n\n<figure class=\"wp-block-image size-large\"><img loading=\"lazy\" decoding=\"async\" width=\"1024\" height=\"768\" data-id=\"12044\" src=\"https:\/\/cogop.org\/wp-content\/uploads\/2025\/03\/Brazil-Ceara-2-1024x768.jpeg\" alt=\"\" class=\"wp-image-12044\" srcset=\"https:\/\/cogop.org\/wp-content\/uploads\/2025\/03\/Brazil-Ceara-2-1024x768.jpeg 1024w, https:\/\/cogop.org\/wp-content\/uploads\/2025\/03\/Brazil-Ceara-2-300x225.jpeg 300w, https:\/\/cogop.org\/wp-content\/uploads\/2025\/03\/Brazil-Ceara-2-768x576.jpeg 768w, https:\/\/cogop.org\/wp-content\/uploads\/2025\/03\/Brazil-Ceara-2-1536x1152.jpeg 1536w, https:\/\/cogop.org\/wp-content\/uploads\/2025\/03\/Brazil-Ceara-2-2048x1536.jpeg 2048w\" sizes=\"(max-width: 1024px) 100vw, 1024px\" \/><\/figure>\n\n\n\n<figure class=\"wp-block-image size-large\"><img loading=\"lazy\" decoding=\"async\" width=\"1024\" height=\"768\" data-id=\"12038\" src=\"https:\/\/cogop.org\/wp-content\/uploads\/2025\/03\/Brazil-Ceara-3-1024x768.jpeg\" alt=\"\" class=\"wp-image-12038\" srcset=\"https:\/\/cogop.org\/wp-content\/uploads\/2025\/03\/Brazil-Ceara-3-1024x768.jpeg 1024w, https:\/\/cogop.org\/wp-content\/uploads\/2025\/03\/Brazil-Ceara-3-300x225.jpeg 300w, https:\/\/cogop.org\/wp-content\/uploads\/2025\/03\/Brazil-Ceara-3-768x576.jpeg 768w, https:\/\/cogop.org\/wp-content\/uploads\/2025\/03\/Brazil-Ceara-3-1536x1152.jpeg 1536w, https:\/\/cogop.org\/wp-content\/uploads\/2025\/03\/Brazil-Ceara-3-2048x1536.jpeg 2048w\" sizes=\"(max-width: 1024px) 100vw, 1024px\" \/><\/figure>\n\n\n\n<figure class=\"wp-block-image size-large\"><img loading=\"lazy\" decoding=\"async\" width=\"768\" height=\"1024\" data-id=\"12046\" src=\"https:\/\/cogop.org\/wp-content\/uploads\/2025\/03\/Brazil-Ceara-4-768x1024.jpeg\" alt=\"\" class=\"wp-image-12046\" srcset=\"https:\/\/cogop.org\/wp-content\/uploads\/2025\/03\/Brazil-Ceara-4-768x1024.jpeg 768w, https:\/\/cogop.org\/wp-content\/uploads\/2025\/03\/Brazil-Ceara-4-225x300.jpeg 225w, https:\/\/cogop.org\/wp-content\/uploads\/2025\/03\/Brazil-Ceara-4-1152x1536.jpeg 1152w, https:\/\/cogop.org\/wp-content\/uploads\/2025\/03\/Brazil-Ceara-4-1536x2048.jpeg 1536w, https:\/\/cogop.org\/wp-content\/uploads\/2025\/03\/Brazil-Ceara-4-scaled.jpeg 1920w\" sizes=\"(max-width: 768px) 100vw, 768px\" \/><\/figure>\n\n\n\n<figure class=\"wp-block-image size-large\"><img loading=\"lazy\" decoding=\"async\" width=\"768\" height=\"1024\" data-id=\"12050\" src=\"https:\/\/cogop.org\/wp-content\/uploads\/2025\/03\/Brazil-Ceara-5-768x1024.jpeg\" alt=\"\" class=\"wp-image-12050\" srcset=\"https:\/\/cogop.org\/wp-content\/uploads\/2025\/03\/Brazil-Ceara-5-768x1024.jpeg 768w, https:\/\/cogop.org\/wp-content\/uploads\/2025\/03\/Brazil-Ceara-5-225x300.jpeg 225w, https:\/\/cogop.org\/wp-content\/uploads\/2025\/03\/Brazil-Ceara-5-1152x1536.jpeg 1152w, https:\/\/cogop.org\/wp-content\/uploads\/2025\/03\/Brazil-Ceara-5-1536x2048.jpeg 1536w, https:\/\/cogop.org\/wp-content\/uploads\/2025\/03\/Brazil-Ceara-5-scaled.jpeg 1920w\" sizes=\"(max-width: 768px) 100vw, 768px\" \/><\/figure>\n\n\n\n<figure class=\"wp-block-image size-large\"><img loading=\"lazy\" decoding=\"async\" width=\"1024\" height=\"768\" data-id=\"12059\" src=\"https:\/\/cogop.org\/wp-content\/uploads\/2025\/03\/Brazil-Ceara-6-1024x768.jpeg\" alt=\"\" class=\"wp-image-12059\" srcset=\"https:\/\/cogop.org\/wp-content\/uploads\/2025\/03\/Brazil-Ceara-6-1024x768.jpeg 1024w, https:\/\/cogop.org\/wp-content\/uploads\/2025\/03\/Brazil-Ceara-6-300x225.jpeg 300w, https:\/\/cogop.org\/wp-content\/uploads\/2025\/03\/Brazil-Ceara-6-768x576.jpeg 768w, https:\/\/cogop.org\/wp-content\/uploads\/2025\/03\/Brazil-Ceara-6-1536x1152.jpeg 1536w, https:\/\/cogop.org\/wp-content\/uploads\/2025\/03\/Brazil-Ceara-6-2048x1536.jpeg 2048w\" sizes=\"(max-width: 1024px) 100vw, 1024px\" \/><\/figure>\n\n\n\n<figure class=\"wp-block-image size-large\"><img loading=\"lazy\" decoding=\"async\" width=\"1024\" height=\"768\" data-id=\"12054\" src=\"https:\/\/cogop.org\/wp-content\/uploads\/2025\/03\/Brazil-Ceara-7-1024x768.jpeg\" alt=\"\" class=\"wp-image-12054\" srcset=\"https:\/\/cogop.org\/wp-content\/uploads\/2025\/03\/Brazil-Ceara-7-1024x768.jpeg 1024w, https:\/\/cogop.org\/wp-content\/uploads\/2025\/03\/Brazil-Ceara-7-300x225.jpeg 300w, https:\/\/cogop.org\/wp-content\/uploads\/2025\/03\/Brazil-Ceara-7-768x576.jpeg 768w, https:\/\/cogop.org\/wp-content\/uploads\/2025\/03\/Brazil-Ceara-7-1536x1152.jpeg 1536w, https:\/\/cogop.org\/wp-content\/uploads\/2025\/03\/Brazil-Ceara-7-2048x1536.jpeg 2048w\" sizes=\"(max-width: 1024px) 100vw, 1024px\" \/><\/figure>\n\n\n\n<figure class=\"wp-block-image size-large\"><img loading=\"lazy\" decoding=\"async\" width=\"768\" height=\"1024\" data-id=\"12041\" src=\"https:\/\/cogop.org\/wp-content\/uploads\/2025\/03\/Brazil-Ceara-8-768x1024.jpeg\" alt=\"\" class=\"wp-image-12041\" srcset=\"https:\/\/cogop.org\/wp-content\/uploads\/2025\/03\/Brazil-Ceara-8-768x1024.jpeg 768w, https:\/\/cogop.org\/wp-content\/uploads\/2025\/03\/Brazil-Ceara-8-225x300.jpeg 225w, https:\/\/cogop.org\/wp-content\/uploads\/2025\/03\/Brazil-Ceara-8-1152x1536.jpeg 1152w, https:\/\/cogop.org\/wp-content\/uploads\/2025\/03\/Brazil-Ceara-8-1536x2048.jpeg 1536w, https:\/\/cogop.org\/wp-content\/uploads\/2025\/03\/Brazil-Ceara-8-scaled.jpeg 1920w\" sizes=\"(max-width: 768px) 100vw, 768px\" \/><\/figure>\n<\/figure>\n\n<h2 class=\"wp-block-heading\"><strong>Camp national de la jeunesse de l&rsquo;\u00c9quateur<\/strong><\/h2>\n\n<p>Au cours du mois d\u2019octobre, l\u2019\u00c9quateur a c\u00e9l\u00e9br\u00e9 son camp national de jeunes sur le th\u00e8me \u00ab Plus de toi, Dieu, moins de moi \u00bb. Le camp comprenait<br\/>300 jeunes adultes et adolescents. L\u2019objectif de cet \u00e9v\u00e9nement \u00e9tait de rester attentif \u00e0 ce que J\u00e9sus r\u00e8gne dans nos vies, comme le mentionnent les paroles de Jean 3:30. Au cours du camp, des th\u00e8mes tels que \u00ab D\u00e9couvrir mon identit\u00e9 en Dieu \u00bb et \u00ab Vivre avec intention \u00bb ont \u00e9t\u00e9 abord\u00e9s. Des ateliers ont \u00e9galement \u00e9t\u00e9 organis\u00e9s pour les jeunes couples mari\u00e9s sur la mani\u00e8re d\u2019appliquer la devise du camp dans le mariage. Les campeurs ont v\u00e9cu des moments de profonde connexion spirituelle et ont vu la gloire de Dieu \u00e0 travers le culte, les r\u00e9flexions et la dynamique de groupe. Ce camp a non seulement renforc\u00e9 la foi des campeurs, mais il a \u00e9galement favoris\u00e9 un sens de la communaut\u00e9 et de l\u2019engagement parmi les participants.      <\/p>\n\n<p>Nous remercions Dieu pour ses b\u00e9n\u00e9dictions et l\u2019effusion de son Esprit, qui ont fait de cette exp\u00e9rience une rencontre transformatrice qui a renforc\u00e9 la foi et la communaut\u00e9 parmi les participants.<\/p>\n\n<figure class=\"wp-block-gallery has-nested-images columns-default is-cropped wp-block-gallery-2 is-layout-flex wp-block-gallery-is-layout-flex\">\n<figure class=\"wp-block-image size-large\"><img loading=\"lazy\" decoding=\"async\" width=\"1024\" height=\"683\" data-id=\"12008\" src=\"https:\/\/cogop.org\/wp-content\/uploads\/2025\/03\/Ecuador-1-1024x683.jpg\" alt=\"\" class=\"wp-image-12008\" srcset=\"https:\/\/cogop.org\/wp-content\/uploads\/2025\/03\/Ecuador-1-1024x683.jpg 1024w, https:\/\/cogop.org\/wp-content\/uploads\/2025\/03\/Ecuador-1-300x200.jpg 300w, https:\/\/cogop.org\/wp-content\/uploads\/2025\/03\/Ecuador-1-768x512.jpg 768w, https:\/\/cogop.org\/wp-content\/uploads\/2025\/03\/Ecuador-1-1536x1024.jpg 1536w, https:\/\/cogop.org\/wp-content\/uploads\/2025\/03\/Ecuador-1.jpg 1980w\" sizes=\"(max-width: 1024px) 100vw, 1024px\" \/><\/figure>\n\n\n\n<figure class=\"wp-block-image size-large\"><img loading=\"lazy\" decoding=\"async\" width=\"1024\" height=\"683\" data-id=\"12012\" src=\"https:\/\/cogop.org\/wp-content\/uploads\/2025\/03\/Ecuador-2-1024x683.jpg\" alt=\"\" class=\"wp-image-12012\" srcset=\"https:\/\/cogop.org\/wp-content\/uploads\/2025\/03\/Ecuador-2-1024x683.jpg 1024w, https:\/\/cogop.org\/wp-content\/uploads\/2025\/03\/Ecuador-2-300x200.jpg 300w, https:\/\/cogop.org\/wp-content\/uploads\/2025\/03\/Ecuador-2-768x512.jpg 768w, https:\/\/cogop.org\/wp-content\/uploads\/2025\/03\/Ecuador-2-1536x1024.jpg 1536w, https:\/\/cogop.org\/wp-content\/uploads\/2025\/03\/Ecuador-2.jpg 1980w\" sizes=\"(max-width: 1024px) 100vw, 1024px\" \/><\/figure>\n\n\n\n<figure class=\"wp-block-image size-large\"><img loading=\"lazy\" decoding=\"async\" width=\"1024\" height=\"683\" data-id=\"12014\" src=\"https:\/\/cogop.org\/wp-content\/uploads\/2025\/03\/Ecuador-3-1024x683.jpg\" alt=\"\" class=\"wp-image-12014\" srcset=\"https:\/\/cogop.org\/wp-content\/uploads\/2025\/03\/Ecuador-3-1024x683.jpg 1024w, https:\/\/cogop.org\/wp-content\/uploads\/2025\/03\/Ecuador-3-300x200.jpg 300w, https:\/\/cogop.org\/wp-content\/uploads\/2025\/03\/Ecuador-3-768x512.jpg 768w, https:\/\/cogop.org\/wp-content\/uploads\/2025\/03\/Ecuador-3-1536x1024.jpg 1536w, https:\/\/cogop.org\/wp-content\/uploads\/2025\/03\/Ecuador-3.jpg 1980w\" sizes=\"(max-width: 1024px) 100vw, 1024px\" \/><\/figure>\n\n\n\n<figure class=\"wp-block-image size-large\"><img loading=\"lazy\" decoding=\"async\" width=\"1024\" height=\"845\" data-id=\"12011\" src=\"https:\/\/cogop.org\/wp-content\/uploads\/2025\/03\/Ecuador-4-1024x845.jpg\" alt=\"\" class=\"wp-image-12011\" srcset=\"https:\/\/cogop.org\/wp-content\/uploads\/2025\/03\/Ecuador-4-1024x845.jpg 1024w, https:\/\/cogop.org\/wp-content\/uploads\/2025\/03\/Ecuador-4-300x248.jpg 300w, https:\/\/cogop.org\/wp-content\/uploads\/2025\/03\/Ecuador-4-768x634.jpg 768w, https:\/\/cogop.org\/wp-content\/uploads\/2025\/03\/Ecuador-4.jpg 1134w\" sizes=\"(max-width: 1024px) 100vw, 1024px\" \/><\/figure>\n<\/figure>\n\n<h2 class=\"wp-block-heading\"><strong>Convention nationale de l&rsquo;Uruguay<\/strong><\/h2>\n\n<p>En novembre, nous avons organis\u00e9 la convention nationale de l\u2019Uruguay, marquant la transition de l\u2019\u00e9v\u00eaque national Sergio Garcia, qui a servi pendant plus d\u2019une d\u00e9cennie. Au cours de la convention, l\u2019\u00e9v\u00eaque Garcia a pu transmettre le manteau \u00e0 l\u2019\u00e9v\u00eaque Marco Antonio Benavides. <br\/> <br\/>Pour faire nos adieux \u00e0 notre estim\u00e9 \u00e9v\u00eaque Sergio et \u00e0 son \u00e9pouse, Susana Garcia, nous avons invit\u00e9 tous les \u00e9v\u00eaques nationaux d\u2019Am\u00e9rique du Sud \u00e0 assister, \u00e0 participer et \u00e0 exercer leur minist\u00e8re pendant la convention. En outre, nous voulions passer du temps avec la famille Garc\u00eda. <br\/> <br\/>Au cours de la convention, chaque \u00e9v\u00eaque national a eu l\u2019occasion d\u2019exercer son minist\u00e8re avec autorit\u00e9 aupr\u00e8s de notre \u00c9glise en Uruguay et de faire ses adieux \u00e0 l\u2019\u00e9v\u00eaque Sergio Garcia et \u00e0 son \u00e9pouse. Nous avons \u00e9galement accueilli officiellement l\u2019\u00e9v\u00eaque Marco Antonio Benavides et son \u00e9pouse, Marcela. <br\/> <br\/>Nous continuons \u00e0 prier pour l\u2019\u00e9v\u00eaque Garcia, qui est actuellement en mauvaise sant\u00e9. Nous prions \u00e9galement pour la famille Benavides, cherchant la direction de Dieu pour leur permettre de poursuivre le travail de transformation au sein de notre \u00c9glise en Uruguay. Enfin, nous tenons \u00e0 remercier sinc\u00e8rement la famille Garcia pour sa bienveillance et son amour envers nous tous.  <\/p>\n\n<h2 class=\"wp-block-heading\"><strong>Convention des ministres de Bolivie 2024<\/strong><\/h2>\n\n<p>Du 3 au 5 d\u00e9cembre, environ 300 personnes, dont des \u00e9v\u00eaques, des ministres, des pasteurs, des directeurs nationaux et des invit\u00e9s sp\u00e9ciaux, se sont r\u00e9unis \u00e0 Yacuiba, en Bolivie. Le rassemblement s\u2019est caract\u00e9ris\u00e9 par un temps de louange profond, de communion avec l\u2019Esprit Saint et de partage de la Parole de Dieu. <br\/> <br\/>Le th\u00e8me central de l\u2019\u00e9v\u00e9nement \u00e9tait l\u2019imp\u00e9ratif de r\u00e9conciliation du monde avec Christ. Le plan op\u00e9rationnel biennal, pr\u00e9sent\u00e9 par le superviseur r\u00e9gional, s\u2019articule autour de trois axes principaux :<br\/>&#8211; L\u2019\u00e9vang\u00e9lisation intentionnelle<br\/>&#8211; La formation de disciples relationnels<br\/>&#8211; L\u2019implantation d\u2019\u00e9glises<br\/><br\/>Nous exprimons notre gratitude \u00e0 Dieu pour l\u2019occasion qui nous est donn\u00e9e d\u2019\u00eatre t\u00e9moins des progr\u00e8s tangibles de l\u2019\u0153uvre en Bolivie. <\/p>\n\n<p>Merci de continuer \u00e0 prier pour la Bolivie, car nous pr\u00e9voyons d\u2019\u00e9tablir 500 nouvelles \u00e9glises d\u2019ici 2030.<\/p>\n\n<figure class=\"wp-block-gallery has-nested-images columns-default is-cropped wp-block-gallery-3 is-layout-flex wp-block-gallery-is-layout-flex\">\n<figure class=\"wp-block-image size-large\"><img loading=\"lazy\" decoding=\"async\" width=\"768\" height=\"1024\" data-id=\"11981\" src=\"https:\/\/cogop.org\/wp-content\/uploads\/2025\/03\/Bolivia-2-768x1024.jpg\" alt=\"\" class=\"wp-image-11981\" srcset=\"https:\/\/cogop.org\/wp-content\/uploads\/2025\/03\/Bolivia-2-768x1024.jpg 768w, https:\/\/cogop.org\/wp-content\/uploads\/2025\/03\/Bolivia-2-225x300.jpg 225w, https:\/\/cogop.org\/wp-content\/uploads\/2025\/03\/Bolivia-2.jpg 936w\" sizes=\"(max-width: 768px) 100vw, 768px\" \/><\/figure>\n\n\n\n<figure class=\"wp-block-image size-large\"><img loading=\"lazy\" decoding=\"async\" width=\"1024\" height=\"308\" data-id=\"11980\" src=\"https:\/\/cogop.org\/wp-content\/uploads\/2025\/03\/Bolivia-1-1024x308.jpg\" alt=\"\" class=\"wp-image-11980\" srcset=\"https:\/\/cogop.org\/wp-content\/uploads\/2025\/03\/Bolivia-1-1024x308.jpg 1024w, https:\/\/cogop.org\/wp-content\/uploads\/2025\/03\/Bolivia-1-300x90.jpg 300w, https:\/\/cogop.org\/wp-content\/uploads\/2025\/03\/Bolivia-1-768x231.jpg 768w, https:\/\/cogop.org\/wp-content\/uploads\/2025\/03\/Bolivia-1.jpg 1398w\" sizes=\"(max-width: 1024px) 100vw, 1024px\" \/><\/figure>\n<\/figure>\n\n<h2 class=\"wp-block-heading\"><strong>Convention nationale des ministres de l&rsquo;Argentine<\/strong><\/h2>\n\n<p>Du 5 au 8 d\u00e9cembre 2024, nous avons tenu notre convention minist\u00e9rielle au Cine Teatro Espa\u00f1ol dans la ville de Roque Saenz Pe\u00f1a, dans la province de Chaco. Notre th\u00e8me \u00e9tait \u00ab Le leadership au service des autres \u00bb. L\u2019\u00e9v\u00eaque Gabriel Vidal et le Dr Elias Rodriguez, instructeur au Centre de Formation Biblique (CFB), ont partag\u00e9 la pr\u00e9dication et les formations de la conf\u00e9rence, qui ont \u00e9t\u00e9 tr\u00e8s inspirantes et une grande b\u00e9n\u00e9diction pour le leadership en Argentine. Les 352 personnes pr\u00e9sentes \u00e9taient des pasteurs et des responsables de l\u2019\u00c9glise de Dieu de la Proph\u00e9tie en Argentine. Nous avons encourag\u00e9 les processus d\u2019implantation d\u2019\u00e9glises, la formation th\u00e9ologique, les minist\u00e8res f\u00e9minins et les minist\u00e8res interg\u00e9n\u00e9rationnels (enfants, adolescents et jeunes). Nous remercions le Seigneur pour ce temps d\u2019harmonie et de communion entre les responsables. Nous commen\u00e7ons une nouvelle ann\u00e9e avec de grandes attentes quant \u00e0 ce que le Seigneur fera dans notre pays.      <\/p>\n\n<figure class=\"wp-block-gallery has-nested-images columns-default is-cropped wp-block-gallery-4 is-layout-flex wp-block-gallery-is-layout-flex\">\n<figure class=\"wp-block-image size-large\"><img loading=\"lazy\" decoding=\"async\" width=\"684\" height=\"1024\" data-id=\"11958\" src=\"https:\/\/cogop.org\/wp-content\/uploads\/2025\/03\/Argentina-1-684x1024.jpg\" alt=\"\" class=\"wp-image-11958\" srcset=\"https:\/\/cogop.org\/wp-content\/uploads\/2025\/03\/Argentina-1-684x1024.jpg 684w, https:\/\/cogop.org\/wp-content\/uploads\/2025\/03\/Argentina-1-200x300.jpg 200w, https:\/\/cogop.org\/wp-content\/uploads\/2025\/03\/Argentina-1-768x1149.jpg 768w, https:\/\/cogop.org\/wp-content\/uploads\/2025\/03\/Argentina-1.jpg 866w\" sizes=\"(max-width: 684px) 100vw, 684px\" \/><\/figure>\n\n\n\n<figure class=\"wp-block-image size-large\"><img loading=\"lazy\" decoding=\"async\" width=\"772\" height=\"1024\" data-id=\"11954\" src=\"https:\/\/cogop.org\/wp-content\/uploads\/2025\/03\/Argentina-2-772x1024.jpg\" alt=\"\" class=\"wp-image-11954\" srcset=\"https:\/\/cogop.org\/wp-content\/uploads\/2025\/03\/Argentina-2-772x1024.jpg 772w, https:\/\/cogop.org\/wp-content\/uploads\/2025\/03\/Argentina-2-226x300.jpg 226w, https:\/\/cogop.org\/wp-content\/uploads\/2025\/03\/Argentina-2-768x1019.jpg 768w, https:\/\/cogop.org\/wp-content\/uploads\/2025\/03\/Argentina-2.jpg 888w\" sizes=\"(max-width: 772px) 100vw, 772px\" \/><\/figure>\n\n\n\n<figure class=\"wp-block-image size-large\"><img loading=\"lazy\" decoding=\"async\" width=\"733\" height=\"1024\" data-id=\"11963\" src=\"https:\/\/cogop.org\/wp-content\/uploads\/2025\/03\/Argentina-3-733x1024.jpg\" alt=\"\" class=\"wp-image-11963\" srcset=\"https:\/\/cogop.org\/wp-content\/uploads\/2025\/03\/Argentina-3-733x1024.jpg 733w, https:\/\/cogop.org\/wp-content\/uploads\/2025\/03\/Argentina-3-215x300.jpg 215w, https:\/\/cogop.org\/wp-content\/uploads\/2025\/03\/Argentina-3-768x1073.jpg 768w, https:\/\/cogop.org\/wp-content\/uploads\/2025\/03\/Argentina-3.jpg 890w\" sizes=\"(max-width: 733px) 100vw, 733px\" \/><\/figure>\n\n\n\n<figure class=\"wp-block-image size-large\"><img loading=\"lazy\" decoding=\"async\" width=\"731\" height=\"1024\" data-id=\"11965\" src=\"https:\/\/cogop.org\/wp-content\/uploads\/2025\/03\/Argentina-4-731x1024.jpg\" alt=\"\" class=\"wp-image-11965\" srcset=\"https:\/\/cogop.org\/wp-content\/uploads\/2025\/03\/Argentina-4-731x1024.jpg 731w, https:\/\/cogop.org\/wp-content\/uploads\/2025\/03\/Argentina-4-214x300.jpg 214w, https:\/\/cogop.org\/wp-content\/uploads\/2025\/03\/Argentina-4-768x1075.jpg 768w, https:\/\/cogop.org\/wp-content\/uploads\/2025\/03\/Argentina-4.jpg 890w\" sizes=\"(max-width: 731px) 100vw, 731px\" \/><\/figure>\n\n\n\n<figure class=\"wp-block-image size-large\"><img loading=\"lazy\" decoding=\"async\" width=\"1024\" height=\"684\" data-id=\"11969\" src=\"https:\/\/cogop.org\/wp-content\/uploads\/2025\/03\/Argentina-5-1024x684.jpg\" alt=\"\" class=\"wp-image-11969\" srcset=\"https:\/\/cogop.org\/wp-content\/uploads\/2025\/03\/Argentina-5-1024x684.jpg 1024w, https:\/\/cogop.org\/wp-content\/uploads\/2025\/03\/Argentina-5-300x200.jpg 300w, https:\/\/cogop.org\/wp-content\/uploads\/2025\/03\/Argentina-5-768x513.jpg 768w, https:\/\/cogop.org\/wp-content\/uploads\/2025\/03\/Argentina-5.jpg 1296w\" sizes=\"(max-width: 1024px) 100vw, 1024px\" \/><\/figure>\n\n\n\n<figure class=\"wp-block-image size-large\"><img loading=\"lazy\" decoding=\"async\" width=\"1024\" height=\"684\" data-id=\"11957\" src=\"https:\/\/cogop.org\/wp-content\/uploads\/2025\/03\/Argentina-6-1024x684.jpg\" alt=\"\" class=\"wp-image-11957\" srcset=\"https:\/\/cogop.org\/wp-content\/uploads\/2025\/03\/Argentina-6-1024x684.jpg 1024w, https:\/\/cogop.org\/wp-content\/uploads\/2025\/03\/Argentina-6-300x200.jpg 300w, https:\/\/cogop.org\/wp-content\/uploads\/2025\/03\/Argentina-6-768x513.jpg 768w, https:\/\/cogop.org\/wp-content\/uploads\/2025\/03\/Argentina-6.jpg 1296w\" sizes=\"(max-width: 1024px) 100vw, 1024px\" \/><\/figure>\n\n\n\n<figure class=\"wp-block-image size-large\"><img loading=\"lazy\" decoding=\"async\" width=\"1024\" height=\"683\" data-id=\"11972\" src=\"https:\/\/cogop.org\/wp-content\/uploads\/2025\/03\/Argentina-8-1024x683.jpg\" alt=\"\" class=\"wp-image-11972\" srcset=\"https:\/\/cogop.org\/wp-content\/uploads\/2025\/03\/Argentina-8-1024x683.jpg 1024w, https:\/\/cogop.org\/wp-content\/uploads\/2025\/03\/Argentina-8-300x200.jpg 300w, https:\/\/cogop.org\/wp-content\/uploads\/2025\/03\/Argentina-8-768x512.jpg 768w, https:\/\/cogop.org\/wp-content\/uploads\/2025\/03\/Argentina-8.jpg 1296w\" sizes=\"(max-width: 1024px) 100vw, 1024px\" \/><\/figure>\n<\/figure>\n","protected":false},"excerpt":{"rendered":"<p>Explorer les efforts missionnaires de l\u2019Am\u00e9rique du Sud \u2013 croissance de l\u2019\u00e9glise, conventions, minist\u00e8re des jeunes et \u00e9vang\u00e9lisation \u2013 pour faire progresser la mission \u00e9vang\u00e9lique de l\u2019\u00c9glise de Dieu de la Proph\u00e9tie.<\/p>\n","protected":false},"author":4,"featured_media":12024,"comment_status":"open","ping_status":"open","sticky":false,"template":"","format":"standard","meta":{"_acf_changed":false,"_monsterinsights_skip_tracking":false,"_monsterinsights_sitenote_active":false,"_monsterinsights_sitenote_note":"","_monsterinsights_sitenote_category":0,"_uf_show_specific_survey":0,"_uf_disable_surveys":false,"footnotes":""},"categories":[125],"tags":[126],"class_list":["post-12503","post","type-post","status-publish","format-standard","has-post-thumbnail","hentry","category-amerique-du-sud-fr","tag-amerique-du-sud"],"acf":[],"yoast_head":"<!-- This site is optimized with the Yoast SEO plugin v27.4 - https:\/\/yoast.com\/product\/yoast-seo-wordpress\/ -->\n<title>Impact de la mission en Am\u00e9rique du Sud : croissance, discipulat et implantation d&#039;\u00e9glises | COGOP<\/title>\n<meta name=\"robots\" content=\"index, follow, max-snippet:-1, max-image-preview:large, max-video-preview:-1\" \/>\n<link rel=\"canonical\" href=\"https:\/\/cogop.org\/fr\/impact-de-la-mission-en-amerique-du-sud-croissance-discipulat-et-implantation-deglises\/\" \/>\n<meta property=\"og:locale\" content=\"fr_FR\" \/>\n<meta property=\"og:type\" content=\"article\" \/>\n<meta property=\"og:title\" content=\"Impact de la mission en Am\u00e9rique du Sud : croissance, discipulat et implantation d&#039;\u00e9glises | COGOP\" \/>\n<meta property=\"og:description\" content=\"Explorer les efforts missionnaires de l\u2019Am\u00e9rique du Sud \u2013 croissance de l\u2019\u00e9glise, conventions, minist\u00e8re des jeunes et \u00e9vang\u00e9lisation \u2013 pour faire progresser la mission \u00e9vang\u00e9lique de l\u2019\u00c9glise de Dieu de la Proph\u00e9tie.\" \/>\n<meta property=\"og:url\" content=\"https:\/\/cogop.org\/fr\/impact-de-la-mission-en-amerique-du-sud-croissance-discipulat-et-implantation-deglises\/\" \/>\n<meta property=\"og:site_name\" content=\"COGOP\" \/>\n<meta property=\"article:publisher\" content=\"https:\/\/www.facebook.com\/cogop\" \/>\n<meta property=\"article:published_time\" content=\"2025-03-11T19:25:11+00:00\" \/>\n<meta property=\"article:modified_time\" content=\"2025-07-01T16:58:45+00:00\" \/>\n<meta property=\"og:image\" content=\"https:\/\/cogop.org\/wp-content\/uploads\/2025\/03\/Brazil-Bahia-5.jpeg\" \/>\n\t<meta property=\"og:image:width\" content=\"1280\" \/>\n\t<meta property=\"og:image:height\" content=\"960\" \/>\n\t<meta property=\"og:image:type\" content=\"image\/jpeg\" \/>\n<meta name=\"author\" content=\"Shaun McKinley\" \/>\n<meta name=\"twitter:card\" content=\"summary_large_image\" \/>\n<meta name=\"twitter:creator\" content=\"@cogop\" \/>\n<meta name=\"twitter:site\" content=\"@cogop\" \/>\n<meta name=\"twitter:label1\" content=\"\u00c9crit par\" \/>\n\t<meta name=\"twitter:data1\" content=\"Shaun McKinley\" \/>\n\t<meta name=\"twitter:label2\" content=\"Dur\u00e9e de lecture estim\u00e9e\" \/>\n\t<meta name=\"twitter:data2\" content=\"7 minutes\" \/>\n<script type=\"application\/ld+json\" class=\"yoast-schema-graph\">{\"@context\":\"https:\\\/\\\/schema.org\",\"@graph\":[{\"@type\":\"Article\",\"@id\":\"https:\\\/\\\/cogop.org\\\/fr\\\/impact-de-la-mission-en-amerique-du-sud-croissance-discipulat-et-implantation-deglises\\\/#article\",\"isPartOf\":{\"@id\":\"https:\\\/\\\/cogop.org\\\/fr\\\/impact-de-la-mission-en-amerique-du-sud-croissance-discipulat-et-implantation-deglises\\\/\"},\"author\":{\"name\":\"Shaun McKinley\",\"@id\":\"https:\\\/\\\/cogop.org\\\/#\\\/schema\\\/person\\\/4906c522c140e1fd84e28e3c17b3588d\"},\"headline\":\"Impact de la mission en Am\u00e9rique du Sud : croissance, discipulat et implantation d&rsquo;\u00e9glises\",\"datePublished\":\"2025-03-11T19:25:11+00:00\",\"dateModified\":\"2025-07-01T16:58:45+00:00\",\"mainEntityOfPage\":{\"@id\":\"https:\\\/\\\/cogop.org\\\/fr\\\/impact-de-la-mission-en-amerique-du-sud-croissance-discipulat-et-implantation-deglises\\\/\"},\"wordCount\":1453,\"commentCount\":0,\"publisher\":{\"@id\":\"https:\\\/\\\/cogop.org\\\/#organization\"},\"image\":{\"@id\":\"https:\\\/\\\/cogop.org\\\/fr\\\/impact-de-la-mission-en-amerique-du-sud-croissance-discipulat-et-implantation-deglises\\\/#primaryimage\"},\"thumbnailUrl\":\"https:\\\/\\\/cogop.org\\\/wp-content\\\/uploads\\\/2025\\\/03\\\/Brazil-Bahia-5.jpeg\",\"keywords\":[\"Am\u00e9rique du Sud\"],\"articleSection\":[\"Am\u00e9rique du Sud\"],\"inLanguage\":\"fr-FR\",\"potentialAction\":[{\"@type\":\"CommentAction\",\"name\":\"Comment\",\"target\":[\"https:\\\/\\\/cogop.org\\\/fr\\\/impact-de-la-mission-en-amerique-du-sud-croissance-discipulat-et-implantation-deglises\\\/#respond\"]}]},{\"@type\":\"WebPage\",\"@id\":\"https:\\\/\\\/cogop.org\\\/fr\\\/impact-de-la-mission-en-amerique-du-sud-croissance-discipulat-et-implantation-deglises\\\/\",\"url\":\"https:\\\/\\\/cogop.org\\\/fr\\\/impact-de-la-mission-en-amerique-du-sud-croissance-discipulat-et-implantation-deglises\\\/\",\"name\":\"Impact de la mission en Am\u00e9rique du Sud : croissance, discipulat et implantation d'\u00e9glises | COGOP\",\"isPartOf\":{\"@id\":\"https:\\\/\\\/cogop.org\\\/#website\"},\"primaryImageOfPage\":{\"@id\":\"https:\\\/\\\/cogop.org\\\/fr\\\/impact-de-la-mission-en-amerique-du-sud-croissance-discipulat-et-implantation-deglises\\\/#primaryimage\"},\"image\":{\"@id\":\"https:\\\/\\\/cogop.org\\\/fr\\\/impact-de-la-mission-en-amerique-du-sud-croissance-discipulat-et-implantation-deglises\\\/#primaryimage\"},\"thumbnailUrl\":\"https:\\\/\\\/cogop.org\\\/wp-content\\\/uploads\\\/2025\\\/03\\\/Brazil-Bahia-5.jpeg\",\"datePublished\":\"2025-03-11T19:25:11+00:00\",\"dateModified\":\"2025-07-01T16:58:45+00:00\",\"inLanguage\":\"fr-FR\",\"potentialAction\":[{\"@type\":\"ReadAction\",\"target\":[\"https:\\\/\\\/cogop.org\\\/fr\\\/impact-de-la-mission-en-amerique-du-sud-croissance-discipulat-et-implantation-deglises\\\/\"]}]},{\"@type\":\"ImageObject\",\"inLanguage\":\"fr-FR\",\"@id\":\"https:\\\/\\\/cogop.org\\\/fr\\\/impact-de-la-mission-en-amerique-du-sud-croissance-discipulat-et-implantation-deglises\\\/#primaryimage\",\"url\":\"https:\\\/\\\/cogop.org\\\/wp-content\\\/uploads\\\/2025\\\/03\\\/Brazil-Bahia-5.jpeg\",\"contentUrl\":\"https:\\\/\\\/cogop.org\\\/wp-content\\\/uploads\\\/2025\\\/03\\\/Brazil-Bahia-5.jpeg\",\"width\":1280,\"height\":960},{\"@type\":\"BreadcrumbList\",\"@id\":\"https:\\\/\\\/cogop.org\\\/fr\\\/impact-de-la-mission-en-amerique-du-sud-croissance-discipulat-et-implantation-deglises\\\/#breadcrumb\",\"itemListElement\":[{\"@type\":\"ListItem\",\"position\":1,\"name\":\"Home\",\"item\":\"https:\\\/\\\/cogop.org\\\/\"},{\"@type\":\"ListItem\",\"position\":2,\"name\":\"Impact de la mission en Am\u00e9rique du Sud : croissance, discipulat et implantation d&#8217;\u00e9glises\"}]},{\"@type\":\"WebSite\",\"@id\":\"https:\\\/\\\/cogop.org\\\/#website\",\"url\":\"https:\\\/\\\/cogop.org\\\/\",\"name\":\"Church of God of Prophecy\",\"description\":\"Reconciling the World to Christ\",\"publisher\":{\"@id\":\"https:\\\/\\\/cogop.org\\\/#organization\"},\"alternateName\":\"COGOP\",\"potentialAction\":[{\"@type\":\"SearchAction\",\"target\":{\"@type\":\"EntryPoint\",\"urlTemplate\":\"https:\\\/\\\/cogop.org\\\/?s={search_term_string}\"},\"query-input\":{\"@type\":\"PropertyValueSpecification\",\"valueRequired\":true,\"valueName\":\"search_term_string\"}}],\"inLanguage\":\"fr-FR\"},{\"@type\":\"Organization\",\"@id\":\"https:\\\/\\\/cogop.org\\\/#organization\",\"name\":\"Church of God of Prophecy\",\"alternateName\":\"COGOP\",\"url\":\"https:\\\/\\\/cogop.org\\\/\",\"logo\":{\"@type\":\"ImageObject\",\"inLanguage\":\"fr-FR\",\"@id\":\"https:\\\/\\\/cogop.org\\\/#\\\/schema\\\/logo\\\/image\\\/\",\"url\":\"https:\\\/\\\/cogop.org\\\/wp-content\\\/uploads\\\/2025\\\/01\\\/logo-cogop.webp\",\"contentUrl\":\"https:\\\/\\\/cogop.org\\\/wp-content\\\/uploads\\\/2025\\\/01\\\/logo-cogop.webp\",\"width\":500,\"height\":118,\"caption\":\"Church of God of Prophecy\"},\"image\":{\"@id\":\"https:\\\/\\\/cogop.org\\\/#\\\/schema\\\/logo\\\/image\\\/\"},\"sameAs\":[\"https:\\\/\\\/www.facebook.com\\\/cogop\",\"https:\\\/\\\/x.com\\\/cogop\",\"https:\\\/\\\/www.instagram.com\\\/cogoppics\\\/\",\"https:\\\/\\\/www.youtube.com\\\/@COGOPMedia\",\"https:\\\/\\\/open.spotify.com\\\/user\\\/g1d13yyaprw0wrr2woer8edyp?si=a32b364b555f4d4d\"]},{\"@type\":\"Person\",\"@id\":\"https:\\\/\\\/cogop.org\\\/#\\\/schema\\\/person\\\/4906c522c140e1fd84e28e3c17b3588d\",\"name\":\"Shaun McKinley\",\"image\":{\"@type\":\"ImageObject\",\"inLanguage\":\"fr-FR\",\"@id\":\"https:\\\/\\\/secure.gravatar.com\\\/avatar\\\/21e42617539b19957212750bc94d5e389cd3e64619510914f40b27e32d375e99?s=96&d=mm&r=g\",\"url\":\"https:\\\/\\\/secure.gravatar.com\\\/avatar\\\/21e42617539b19957212750bc94d5e389cd3e64619510914f40b27e32d375e99?s=96&d=mm&r=g\",\"contentUrl\":\"https:\\\/\\\/secure.gravatar.com\\\/avatar\\\/21e42617539b19957212750bc94d5e389cd3e64619510914f40b27e32d375e99?s=96&d=mm&r=g\",\"caption\":\"Shaun McKinley\"}}]}<\/script>\n<!-- \/ Yoast SEO plugin. -->","yoast_head_json":{"title":"Impact de la mission en Am\u00e9rique du Sud : croissance, discipulat et implantation d'\u00e9glises | COGOP","robots":{"index":"index","follow":"follow","max-snippet":"max-snippet:-1","max-image-preview":"max-image-preview:large","max-video-preview":"max-video-preview:-1"},"canonical":"https:\/\/cogop.org\/fr\/impact-de-la-mission-en-amerique-du-sud-croissance-discipulat-et-implantation-deglises\/","og_locale":"fr_FR","og_type":"article","og_title":"Impact de la mission en Am\u00e9rique du Sud : croissance, discipulat et implantation d'\u00e9glises | COGOP","og_description":"Explorer les efforts missionnaires de l\u2019Am\u00e9rique du Sud \u2013 croissance de l\u2019\u00e9glise, conventions, minist\u00e8re des jeunes et \u00e9vang\u00e9lisation \u2013 pour faire progresser la mission \u00e9vang\u00e9lique de l\u2019\u00c9glise de Dieu de la Proph\u00e9tie.","og_url":"https:\/\/cogop.org\/fr\/impact-de-la-mission-en-amerique-du-sud-croissance-discipulat-et-implantation-deglises\/","og_site_name":"COGOP","article_publisher":"https:\/\/www.facebook.com\/cogop","article_published_time":"2025-03-11T19:25:11+00:00","article_modified_time":"2025-07-01T16:58:45+00:00","og_image":[{"width":1280,"height":960,"url":"https:\/\/cogop.org\/wp-content\/uploads\/2025\/03\/Brazil-Bahia-5.jpeg","type":"image\/jpeg"}],"author":"Shaun McKinley","twitter_card":"summary_large_image","twitter_creator":"@cogop","twitter_site":"@cogop","twitter_misc":{"\u00c9crit par":"Shaun McKinley","Dur\u00e9e de lecture estim\u00e9e":"7 minutes"},"schema":{"@context":"https:\/\/schema.org","@graph":[{"@type":"Article","@id":"https:\/\/cogop.org\/fr\/impact-de-la-mission-en-amerique-du-sud-croissance-discipulat-et-implantation-deglises\/#article","isPartOf":{"@id":"https:\/\/cogop.org\/fr\/impact-de-la-mission-en-amerique-du-sud-croissance-discipulat-et-implantation-deglises\/"},"author":{"name":"Shaun McKinley","@id":"https:\/\/cogop.org\/#\/schema\/person\/4906c522c140e1fd84e28e3c17b3588d"},"headline":"Impact de la mission en Am\u00e9rique du Sud : croissance, discipulat et implantation d&rsquo;\u00e9glises","datePublished":"2025-03-11T19:25:11+00:00","dateModified":"2025-07-01T16:58:45+00:00","mainEntityOfPage":{"@id":"https:\/\/cogop.org\/fr\/impact-de-la-mission-en-amerique-du-sud-croissance-discipulat-et-implantation-deglises\/"},"wordCount":1453,"commentCount":0,"publisher":{"@id":"https:\/\/cogop.org\/#organization"},"image":{"@id":"https:\/\/cogop.org\/fr\/impact-de-la-mission-en-amerique-du-sud-croissance-discipulat-et-implantation-deglises\/#primaryimage"},"thumbnailUrl":"https:\/\/cogop.org\/wp-content\/uploads\/2025\/03\/Brazil-Bahia-5.jpeg","keywords":["Am\u00e9rique du Sud"],"articleSection":["Am\u00e9rique du Sud"],"inLanguage":"fr-FR","potentialAction":[{"@type":"CommentAction","name":"Comment","target":["https:\/\/cogop.org\/fr\/impact-de-la-mission-en-amerique-du-sud-croissance-discipulat-et-implantation-deglises\/#respond"]}]},{"@type":"WebPage","@id":"https:\/\/cogop.org\/fr\/impact-de-la-mission-en-amerique-du-sud-croissance-discipulat-et-implantation-deglises\/","url":"https:\/\/cogop.org\/fr\/impact-de-la-mission-en-amerique-du-sud-croissance-discipulat-et-implantation-deglises\/","name":"Impact de la mission en Am\u00e9rique du Sud : croissance, discipulat et implantation d'\u00e9glises | COGOP","isPartOf":{"@id":"https:\/\/cogop.org\/#website"},"primaryImageOfPage":{"@id":"https:\/\/cogop.org\/fr\/impact-de-la-mission-en-amerique-du-sud-croissance-discipulat-et-implantation-deglises\/#primaryimage"},"image":{"@id":"https:\/\/cogop.org\/fr\/impact-de-la-mission-en-amerique-du-sud-croissance-discipulat-et-implantation-deglises\/#primaryimage"},"thumbnailUrl":"https:\/\/cogop.org\/wp-content\/uploads\/2025\/03\/Brazil-Bahia-5.jpeg","datePublished":"2025-03-11T19:25:11+00:00","dateModified":"2025-07-01T16:58:45+00:00","inLanguage":"fr-FR","potentialAction":[{"@type":"ReadAction","target":["https:\/\/cogop.org\/fr\/impact-de-la-mission-en-amerique-du-sud-croissance-discipulat-et-implantation-deglises\/"]}]},{"@type":"ImageObject","inLanguage":"fr-FR","@id":"https:\/\/cogop.org\/fr\/impact-de-la-mission-en-amerique-du-sud-croissance-discipulat-et-implantation-deglises\/#primaryimage","url":"https:\/\/cogop.org\/wp-content\/uploads\/2025\/03\/Brazil-Bahia-5.jpeg","contentUrl":"https:\/\/cogop.org\/wp-content\/uploads\/2025\/03\/Brazil-Bahia-5.jpeg","width":1280,"height":960},{"@type":"BreadcrumbList","@id":"https:\/\/cogop.org\/fr\/impact-de-la-mission-en-amerique-du-sud-croissance-discipulat-et-implantation-deglises\/#breadcrumb","itemListElement":[{"@type":"ListItem","position":1,"name":"Home","item":"https:\/\/cogop.org\/"},{"@type":"ListItem","position":2,"name":"Impact de la mission en Am\u00e9rique du Sud : croissance, discipulat et implantation d&#8217;\u00e9glises"}]},{"@type":"WebSite","@id":"https:\/\/cogop.org\/#website","url":"https:\/\/cogop.org\/","name":"Church of God of Prophecy","description":"Reconciling the World to Christ","publisher":{"@id":"https:\/\/cogop.org\/#organization"},"alternateName":"COGOP","potentialAction":[{"@type":"SearchAction","target":{"@type":"EntryPoint","urlTemplate":"https:\/\/cogop.org\/?s={search_term_string}"},"query-input":{"@type":"PropertyValueSpecification","valueRequired":true,"valueName":"search_term_string"}}],"inLanguage":"fr-FR"},{"@type":"Organization","@id":"https:\/\/cogop.org\/#organization","name":"Church of God of Prophecy","alternateName":"COGOP","url":"https:\/\/cogop.org\/","logo":{"@type":"ImageObject","inLanguage":"fr-FR","@id":"https:\/\/cogop.org\/#\/schema\/logo\/image\/","url":"https:\/\/cogop.org\/wp-content\/uploads\/2025\/01\/logo-cogop.webp","contentUrl":"https:\/\/cogop.org\/wp-content\/uploads\/2025\/01\/logo-cogop.webp","width":500,"height":118,"caption":"Church of God of Prophecy"},"image":{"@id":"https:\/\/cogop.org\/#\/schema\/logo\/image\/"},"sameAs":["https:\/\/www.facebook.com\/cogop","https:\/\/x.com\/cogop","https:\/\/www.instagram.com\/cogoppics\/","https:\/\/www.youtube.com\/@COGOPMedia","https:\/\/open.spotify.com\/user\/g1d13yyaprw0wrr2woer8edyp?si=a32b364b555f4d4d"]},{"@type":"Person","@id":"https:\/\/cogop.org\/#\/schema\/person\/4906c522c140e1fd84e28e3c17b3588d","name":"Shaun McKinley","image":{"@type":"ImageObject","inLanguage":"fr-FR","@id":"https:\/\/secure.gravatar.com\/avatar\/21e42617539b19957212750bc94d5e389cd3e64619510914f40b27e32d375e99?s=96&d=mm&r=g","url":"https:\/\/secure.gravatar.com\/avatar\/21e42617539b19957212750bc94d5e389cd3e64619510914f40b27e32d375e99?s=96&d=mm&r=g","contentUrl":"https:\/\/secure.gravatar.com\/avatar\/21e42617539b19957212750bc94d5e389cd3e64619510914f40b27e32d375e99?s=96&d=mm&r=g","caption":"Shaun McKinley"}}]}},"_links":{"self":[{"href":"https:\/\/cogop.org\/fr\/wp-json\/wp\/v2\/posts\/12503","targetHints":{"allow":["GET"]}}],"collection":[{"href":"https:\/\/cogop.org\/fr\/wp-json\/wp\/v2\/posts"}],"about":[{"href":"https:\/\/cogop.org\/fr\/wp-json\/wp\/v2\/types\/post"}],"author":[{"embeddable":true,"href":"https:\/\/cogop.org\/fr\/wp-json\/wp\/v2\/users\/4"}],"replies":[{"embeddable":true,"href":"https:\/\/cogop.org\/fr\/wp-json\/wp\/v2\/comments?post=12503"}],"version-history":[{"count":2,"href":"https:\/\/cogop.org\/fr\/wp-json\/wp\/v2\/posts\/12503\/revisions"}],"predecessor-version":[{"id":15742,"href":"https:\/\/cogop.org\/fr\/wp-json\/wp\/v2\/posts\/12503\/revisions\/15742"}],"wp:featuredmedia":[{"embeddable":true,"href":"https:\/\/cogop.org\/fr\/wp-json\/wp\/v2\/media\/12024"}],"wp:attachment":[{"href":"https:\/\/cogop.org\/fr\/wp-json\/wp\/v2\/media?parent=12503"}],"wp:term":[{"taxonomy":"category","embeddable":true,"href":"https:\/\/cogop.org\/fr\/wp-json\/wp\/v2\/categories?post=12503"},{"taxonomy":"post_tag","embeddable":true,"href":"https:\/\/cogop.org\/fr\/wp-json\/wp\/v2\/tags?post=12503"}],"curies":[{"name":"wp","href":"https:\/\/api.w.org\/{rel}","templated":true}]}}