{"id":31784,"date":"2026-01-08T08:00:47","date_gmt":"2026-01-08T08:00:47","guid":{"rendered":"https:\/\/cogop.org\/?p=31784"},"modified":"2026-01-08T08:00:47","modified_gmt":"2026-01-08T08:00:47","slug":"un-concierto-de-oracion","status":"publish","type":"post","link":"https:\/\/cogop.org\/es\/un-concierto-de-oracion\/","title":{"rendered":"Un concierto de oraci\u00f3n"},"content":{"rendered":"<p>\u00bfQu\u00e9 le viene a la mente cuando piensa en un concierto? Si es un amante de la m\u00fasica como yo, probablemente piense en una presentaci\u00f3n musical de un artista famoso. Sin embargo, la palabra <i>\u201cconcierto\u201d<\/i> tambi\u00e9n indica acuerdo, armon\u00eda o unidad. Puede referirse a una combinaci\u00f3n de personas o cosas que trabajan en armon\u00eda y al un\u00edsono hacia un objetivo. Por lo tanto, la oraci\u00f3n concertada puede definirse como un grupo de personas que oran en armon\u00eda de prop\u00f3sito, unidas por el mismo objetivo y de acuerdo en la oraci\u00f3n.    <\/p>\n<p>Momentos antes de que una orquesta comience su concierto, se oye una cacofon\u00eda de sonidos, una combinaci\u00f3n desagradable de tonos fuertes y discordantes, mientras los distintos m\u00fasicos calientan sus instrumentos para asegurarse de que est\u00e1n afinados. Sin embargo, para el director y los verdaderos m\u00fasicos, esto es algo hermoso. Significa que algo bueno est\u00e1 por comenzar. Y, de hecho, \u00a1es as\u00ed!   <\/p>\n<p>Muchos de los grandes avivamientos del siglo XVIII fueron el resultado de conciertos de oraci\u00f3n. Este concepto se origin\u00f3 en 1744 en Escocia. Un grupo de ministros hicieron un pacto para reunirse semanalmente para elevar \u201cs\u00faplicas extraordinarias unidas a Dios\u201d. 1 Uno de los grandes predicadores del siglo XVIII, Jonathan Edwards, \u201chizo un llamado urgente animando a las reuniones para la oraci\u00f3n extraordinaria, conocidas como \u2018conciertos de oraci\u00f3n\u02bc\u201d. 2 La pr\u00e1ctica se extendi\u00f3 a las iglesias bautistas y otras denominaciones.  <span class=\"Apple-converted-space\"> <\/span><\/p>\n<p>Al crecer en el hogar de un pastor pentecostal, nunca comprend\u00ed la importancia y el significado de un concierto de oraci\u00f3n, esos momentos en los que la congregaci\u00f3n de una iglesia ora en voz alta. Para m\u00ed era algo normal porque as\u00ed es como sol\u00edamos orar en la iglesia. Los que inclu\u00edan programas de las convenciones enumeraban el orden del servicio siempre como \u201cConcierto de oraci\u00f3n, dirigida por [nombre]\u201d.  <\/p>\n<p>Hasta mucho m\u00e1s tarde en mi vida, cuando entr\u00e9 en contacto con otras formas de culto, no era consciente de que esta forma particular de oraci\u00f3n fuera algo fuera de lo normal. Solo entonces, cuando escuch\u00e9 comentarios cr\u00edticos de personas \u201cajenas\u201d a la iglesia, me di cuenta de lo diferente e inusual que les parec\u00eda orar juntos en voz alta en un servicio religioso. Las cr\u00edticas expresadas inclu\u00edan comentarios como \u201c\u00bfC\u00f3mo puede Dios o\u00edr con tanta gente orando al mismo tiempo?\u201d o \u201c\u00a1A m\u00ed me parece una confusi\u00f3n!\u201d. Sin embargo, se podr\u00eda considerar lo siguiente: cualquier domingo por la ma\u00f1ana, hay miles de personas en miles de iglesias orando individualmente, quiz\u00e1 al mismo tiempo. \u00a1Sabemos que Dios escucha cada oraci\u00f3n! La oraci\u00f3n conjunta no es m\u00e1s confusa para Dios que la gente que orando al mismo tiempo pero en lugares diferentes.     <\/p>\n<p>Muchas culturas de todo el mundo participan en esta pr\u00e1ctica, a veces <\/p>\n<p>Un amigo m\u00edo lo expres\u00f3 de esta manera: \u201cHoy en d\u00eda, la oraci\u00f3n es muy a menudo individual, lo cual entiendo y puedo apreciar. Pero me encanta la buena y antigua oraci\u00f3n pentecostal, en la que todos son libres de entregar sus pasiones a Dios simult\u00e1neamente, y las personas pueden inspirarse unas a otras mientras oran\u201d.<\/p>\n<p>A fin de cuentas, hay muchas formas de orar. Lo que le importa a Dios es que lo hagamos. Pero dame un concierto de oraci\u00f3n a la antigua, en la que los santos ponen manos a la obra, clamando juntos a Dios por un avivamiento, \u00a1eso s\u00ed que me gusta! De nuestros labios a los o\u00eddos de Dios, la oraci\u00f3n es inspiradora, fortalece la fe, anima&#8230; \u00a1y es m\u00fasica para mis o\u00eddos!   <\/p>\n<p>\u201cY ellos, habi\u00e9ndolo o\u00eddo, alzaron un\u00e1nimes la voz a Dios\u00bb. Hechos 4:24<\/p>\n<p>\u201cY o\u00ed como la voz de una gran multitud, como el estruendo de muchas aguas, y como la voz de grandes truenos, que dec\u00eda: \u00a1Aleluya, porque el Se\u00f1or nuestro Dios Todopoderoso reina!\u201d. Apocalipsis 19:6<span class=\"Apple-converted-space\"> <\/span><\/p>\n<p>_________________________<\/p>\n<p>[1] Thomas J. Nettles, \u201cConcerts of Prayer,\u201d Monergism, accedido en diciembre de 2025, https:\/\/www.monergism.com\/concerts-prayer.<span class=\"Apple-converted-space\"> <\/span><\/p>\n<p>[2] Nettles, \u201cConcert of Prayer.\u201d<\/p>\n<p>[3] Scott D. MacDonald, \u201cDoes Acts 4:23\u201331 Support the Practice of Simultaneous Prayer?,\u201d <i>Themelios <\/i>47, no. 1 (abril de 2022), The Gospel Coalition, https:\/\/www.thegospelcoalition.org\/themelios\/article\/does-acts-423-31-support-the-practice-of-simultaneous-prayer\/.<\/p>\n<p>[4] Diana L. Hynson, \u201cLearning the Practice of Walking with Christ,\u201d citado en MacDonald, \u201cDoes Acts 4:23\u201331 Support the Practice of Simultaneous Prayer?\u201d<\/p>\n","protected":false},"excerpt":{"rendered":"<p>\u00bfQu\u00e9 le viene a la mente cuando piensa en un concierto? Si es un amante de la m\u00fasica como yo, probablemente piense en una presentaci\u00f3n musical de un artista famoso. Sin embargo, la palabra \u201cconcierto\u201d tambi\u00e9n indica acuerdo, armon\u00eda o unidad. Puede referirse a una combinaci\u00f3n de personas o cosas que trabajan en armon\u00eda y [&hellip;]<\/p>\n","protected":false},"author":10,"featured_media":31783,"comment_status":"closed","ping_status":"open","sticky":false,"template":"","format":"standard","meta":{"_acf_changed":false,"_monsterinsights_skip_tracking":false,"_monsterinsights_sitenote_active":false,"_monsterinsights_sitenote_note":"","_monsterinsights_sitenote_category":0,"_uf_show_specific_survey":0,"_uf_disable_surveys":false,"footnotes":""},"categories":[382],"tags":[202],"class_list":["post-31784","post","type-post","status-publish","format-standard","has-post-thumbnail","hentry","category-perspectiva-pentecostal","tag-mensajero-ala-blanca"],"acf":[],"yoast_head":"<!-- This site is optimized with the Yoast SEO plugin v27.4 - https:\/\/yoast.com\/product\/yoast-seo-wordpress\/ -->\n<title>Un concierto de oraci\u00f3n | COGOP<\/title>\n<meta name=\"robots\" content=\"index, follow, max-snippet:-1, max-image-preview:large, max-video-preview:-1\" \/>\n<link rel=\"canonical\" href=\"https:\/\/cogop.org\/concert-of-prayer\/\" \/>\n<meta property=\"og:locale\" content=\"es_ES\" \/>\n<meta property=\"og:type\" content=\"article\" \/>\n<meta property=\"og:title\" content=\"Un concierto de oraci\u00f3n | COGOP\" \/>\n<meta property=\"og:description\" content=\"\u00bfQu\u00e9 le viene a la mente cuando piensa en un concierto? Si es un amante de la m\u00fasica como yo, probablemente piense en una presentaci\u00f3n musical de un artista famoso. Sin embargo, la palabra \u201cconcierto\u201d tambi\u00e9n indica acuerdo, armon\u00eda o unidad. Puede referirse a una combinaci\u00f3n de personas o cosas que trabajan en armon\u00eda y [&hellip;]\" \/>\n<meta property=\"og:url\" content=\"https:\/\/cogop.org\/concert-of-prayer\/\" \/>\n<meta property=\"og:site_name\" content=\"COGOP\" \/>\n<meta property=\"article:publisher\" content=\"https:\/\/www.facebook.com\/cogop\" \/>\n<meta property=\"article:published_time\" content=\"2026-01-08T08:00:47+00:00\" \/>\n<meta property=\"og:image\" content=\"https:\/\/cogop.org\/wp-content\/uploads\/2026\/01\/IZ9_2383-1024x683.jpg\" \/>\n\t<meta property=\"og:image:width\" content=\"1024\" \/>\n\t<meta property=\"og:image:height\" content=\"683\" \/>\n\t<meta property=\"og:image:type\" content=\"image\/jpeg\" \/>\n<meta name=\"author\" content=\"Charlie Scruggs\" \/>\n<meta name=\"twitter:card\" content=\"summary_large_image\" \/>\n<meta name=\"twitter:creator\" content=\"@cogop\" \/>\n<meta name=\"twitter:site\" content=\"@cogop\" \/>\n<meta name=\"twitter:label1\" content=\"Escrito por\" \/>\n\t<meta name=\"twitter:data1\" content=\"Charlie Scruggs\" \/>\n\t<meta name=\"twitter:label2\" content=\"Tiempo de lectura\" \/>\n\t<meta name=\"twitter:data2\" content=\"4 minutos\" \/>\n<script type=\"application\/ld+json\" class=\"yoast-schema-graph\">{\"@context\":\"https:\\\/\\\/schema.org\",\"@graph\":[{\"@type\":\"Article\",\"@id\":\"https:\\\/\\\/cogop.org\\\/concert-of-prayer\\\/#article\",\"isPartOf\":{\"@id\":\"https:\\\/\\\/cogop.org\\\/concert-of-prayer\\\/\"},\"author\":{\"name\":\"Charlie Scruggs\",\"@id\":\"https:\\\/\\\/cogop.org\\\/#\\\/schema\\\/person\\\/6bfee56ce98d03b7d7dcd90594c4af6b\"},\"headline\":\"Un concierto de oraci\u00f3n\",\"datePublished\":\"2026-01-08T08:00:47+00:00\",\"mainEntityOfPage\":{\"@id\":\"https:\\\/\\\/cogop.org\\\/concert-of-prayer\\\/\"},\"wordCount\":751,\"publisher\":{\"@id\":\"https:\\\/\\\/cogop.org\\\/#organization\"},\"image\":{\"@id\":\"https:\\\/\\\/cogop.org\\\/concert-of-prayer\\\/#primaryimage\"},\"thumbnailUrl\":\"https:\\\/\\\/cogop.org\\\/wp-content\\\/uploads\\\/2026\\\/01\\\/IZ9_2383.jpg\",\"keywords\":[\"Mensajero Ala Blanca\"],\"articleSection\":[\"Perspectiva Pentecostal\"],\"inLanguage\":\"es\"},{\"@type\":\"WebPage\",\"@id\":\"https:\\\/\\\/cogop.org\\\/concert-of-prayer\\\/\",\"url\":\"https:\\\/\\\/cogop.org\\\/concert-of-prayer\\\/\",\"name\":\"Un concierto de oraci\u00f3n | COGOP\",\"isPartOf\":{\"@id\":\"https:\\\/\\\/cogop.org\\\/#website\"},\"primaryImageOfPage\":{\"@id\":\"https:\\\/\\\/cogop.org\\\/concert-of-prayer\\\/#primaryimage\"},\"image\":{\"@id\":\"https:\\\/\\\/cogop.org\\\/concert-of-prayer\\\/#primaryimage\"},\"thumbnailUrl\":\"https:\\\/\\\/cogop.org\\\/wp-content\\\/uploads\\\/2026\\\/01\\\/IZ9_2383.jpg\",\"datePublished\":\"2026-01-08T08:00:47+00:00\",\"inLanguage\":\"es\",\"potentialAction\":[{\"@type\":\"ReadAction\",\"target\":[\"https:\\\/\\\/cogop.org\\\/concert-of-prayer\\\/\"]}]},{\"@type\":\"ImageObject\",\"inLanguage\":\"es\",\"@id\":\"https:\\\/\\\/cogop.org\\\/concert-of-prayer\\\/#primaryimage\",\"url\":\"https:\\\/\\\/cogop.org\\\/wp-content\\\/uploads\\\/2026\\\/01\\\/IZ9_2383.jpg\",\"contentUrl\":\"https:\\\/\\\/cogop.org\\\/wp-content\\\/uploads\\\/2026\\\/01\\\/IZ9_2383.jpg\",\"width\":8256,\"height\":5504},{\"@type\":\"BreadcrumbList\",\"@id\":\"https:\\\/\\\/cogop.org\\\/concert-of-prayer\\\/#breadcrumb\",\"itemListElement\":[{\"@type\":\"ListItem\",\"position\":1,\"name\":\"Home\",\"item\":\"https:\\\/\\\/cogop.org\\\/\"},{\"@type\":\"ListItem\",\"position\":2,\"name\":\"Un concierto de oraci\u00f3n\"}]},{\"@type\":\"WebSite\",\"@id\":\"https:\\\/\\\/cogop.org\\\/#website\",\"url\":\"https:\\\/\\\/cogop.org\\\/\",\"name\":\"Church of God of Prophecy\",\"description\":\"Reconciling the World to Christ\",\"publisher\":{\"@id\":\"https:\\\/\\\/cogop.org\\\/#organization\"},\"alternateName\":\"COGOP\",\"potentialAction\":[{\"@type\":\"SearchAction\",\"target\":{\"@type\":\"EntryPoint\",\"urlTemplate\":\"https:\\\/\\\/cogop.org\\\/?s={search_term_string}\"},\"query-input\":{\"@type\":\"PropertyValueSpecification\",\"valueRequired\":true,\"valueName\":\"search_term_string\"}}],\"inLanguage\":\"es\"},{\"@type\":\"Organization\",\"@id\":\"https:\\\/\\\/cogop.org\\\/#organization\",\"name\":\"Church of God of Prophecy\",\"alternateName\":\"COGOP\",\"url\":\"https:\\\/\\\/cogop.org\\\/\",\"logo\":{\"@type\":\"ImageObject\",\"inLanguage\":\"es\",\"@id\":\"https:\\\/\\\/cogop.org\\\/#\\\/schema\\\/logo\\\/image\\\/\",\"url\":\"https:\\\/\\\/cogop.org\\\/wp-content\\\/uploads\\\/2025\\\/01\\\/logo-cogop.webp\",\"contentUrl\":\"https:\\\/\\\/cogop.org\\\/wp-content\\\/uploads\\\/2025\\\/01\\\/logo-cogop.webp\",\"width\":500,\"height\":118,\"caption\":\"Church of God of Prophecy\"},\"image\":{\"@id\":\"https:\\\/\\\/cogop.org\\\/#\\\/schema\\\/logo\\\/image\\\/\"},\"sameAs\":[\"https:\\\/\\\/www.facebook.com\\\/cogop\",\"https:\\\/\\\/x.com\\\/cogop\",\"https:\\\/\\\/www.instagram.com\\\/cogoppics\\\/\",\"https:\\\/\\\/www.youtube.com\\\/@COGOPMedia\",\"https:\\\/\\\/open.spotify.com\\\/user\\\/g1d13yyaprw0wrr2woer8edyp?si=a32b364b555f4d4d\"]},{\"@type\":\"Person\",\"@id\":\"https:\\\/\\\/cogop.org\\\/#\\\/schema\\\/person\\\/6bfee56ce98d03b7d7dcd90594c4af6b\",\"name\":\"Charlie Scruggs\",\"image\":{\"@type\":\"ImageObject\",\"inLanguage\":\"es\",\"@id\":\"https:\\\/\\\/secure.gravatar.com\\\/avatar\\\/5c625851004478f5bd86245a070a2090fcb008cf91bfabf0162fca05d324663b?s=96&d=mm&r=g\",\"url\":\"https:\\\/\\\/secure.gravatar.com\\\/avatar\\\/5c625851004478f5bd86245a070a2090fcb008cf91bfabf0162fca05d324663b?s=96&d=mm&r=g\",\"contentUrl\":\"https:\\\/\\\/secure.gravatar.com\\\/avatar\\\/5c625851004478f5bd86245a070a2090fcb008cf91bfabf0162fca05d324663b?s=96&d=mm&r=g\",\"caption\":\"Charlie Scruggs\"}}]}<\/script>\n<!-- \/ Yoast SEO plugin. -->","yoast_head_json":{"title":"Un concierto de oraci\u00f3n | COGOP","robots":{"index":"index","follow":"follow","max-snippet":"max-snippet:-1","max-image-preview":"max-image-preview:large","max-video-preview":"max-video-preview:-1"},"canonical":"https:\/\/cogop.org\/concert-of-prayer\/","og_locale":"es_ES","og_type":"article","og_title":"Un concierto de oraci\u00f3n | COGOP","og_description":"\u00bfQu\u00e9 le viene a la mente cuando piensa en un concierto? Si es un amante de la m\u00fasica como yo, probablemente piense en una presentaci\u00f3n musical de un artista famoso. Sin embargo, la palabra \u201cconcierto\u201d tambi\u00e9n indica acuerdo, armon\u00eda o unidad. Puede referirse a una combinaci\u00f3n de personas o cosas que trabajan en armon\u00eda y [&hellip;]","og_url":"https:\/\/cogop.org\/concert-of-prayer\/","og_site_name":"COGOP","article_publisher":"https:\/\/www.facebook.com\/cogop","article_published_time":"2026-01-08T08:00:47+00:00","og_image":[{"width":1024,"height":683,"url":"https:\/\/cogop.org\/wp-content\/uploads\/2026\/01\/IZ9_2383-1024x683.jpg","type":"image\/jpeg"}],"author":"Charlie Scruggs","twitter_card":"summary_large_image","twitter_creator":"@cogop","twitter_site":"@cogop","twitter_misc":{"Escrito por":"Charlie Scruggs","Tiempo de lectura":"4 minutos"},"schema":{"@context":"https:\/\/schema.org","@graph":[{"@type":"Article","@id":"https:\/\/cogop.org\/concert-of-prayer\/#article","isPartOf":{"@id":"https:\/\/cogop.org\/concert-of-prayer\/"},"author":{"name":"Charlie Scruggs","@id":"https:\/\/cogop.org\/#\/schema\/person\/6bfee56ce98d03b7d7dcd90594c4af6b"},"headline":"Un concierto de oraci\u00f3n","datePublished":"2026-01-08T08:00:47+00:00","mainEntityOfPage":{"@id":"https:\/\/cogop.org\/concert-of-prayer\/"},"wordCount":751,"publisher":{"@id":"https:\/\/cogop.org\/#organization"},"image":{"@id":"https:\/\/cogop.org\/concert-of-prayer\/#primaryimage"},"thumbnailUrl":"https:\/\/cogop.org\/wp-content\/uploads\/2026\/01\/IZ9_2383.jpg","keywords":["Mensajero Ala Blanca"],"articleSection":["Perspectiva Pentecostal"],"inLanguage":"es"},{"@type":"WebPage","@id":"https:\/\/cogop.org\/concert-of-prayer\/","url":"https:\/\/cogop.org\/concert-of-prayer\/","name":"Un concierto de oraci\u00f3n | COGOP","isPartOf":{"@id":"https:\/\/cogop.org\/#website"},"primaryImageOfPage":{"@id":"https:\/\/cogop.org\/concert-of-prayer\/#primaryimage"},"image":{"@id":"https:\/\/cogop.org\/concert-of-prayer\/#primaryimage"},"thumbnailUrl":"https:\/\/cogop.org\/wp-content\/uploads\/2026\/01\/IZ9_2383.jpg","datePublished":"2026-01-08T08:00:47+00:00","inLanguage":"es","potentialAction":[{"@type":"ReadAction","target":["https:\/\/cogop.org\/concert-of-prayer\/"]}]},{"@type":"ImageObject","inLanguage":"es","@id":"https:\/\/cogop.org\/concert-of-prayer\/#primaryimage","url":"https:\/\/cogop.org\/wp-content\/uploads\/2026\/01\/IZ9_2383.jpg","contentUrl":"https:\/\/cogop.org\/wp-content\/uploads\/2026\/01\/IZ9_2383.jpg","width":8256,"height":5504},{"@type":"BreadcrumbList","@id":"https:\/\/cogop.org\/concert-of-prayer\/#breadcrumb","itemListElement":[{"@type":"ListItem","position":1,"name":"Home","item":"https:\/\/cogop.org\/"},{"@type":"ListItem","position":2,"name":"Un concierto de oraci\u00f3n"}]},{"@type":"WebSite","@id":"https:\/\/cogop.org\/#website","url":"https:\/\/cogop.org\/","name":"Church of God of Prophecy","description":"Reconciling the World to Christ","publisher":{"@id":"https:\/\/cogop.org\/#organization"},"alternateName":"COGOP","potentialAction":[{"@type":"SearchAction","target":{"@type":"EntryPoint","urlTemplate":"https:\/\/cogop.org\/?s={search_term_string}"},"query-input":{"@type":"PropertyValueSpecification","valueRequired":true,"valueName":"search_term_string"}}],"inLanguage":"es"},{"@type":"Organization","@id":"https:\/\/cogop.org\/#organization","name":"Church of God of Prophecy","alternateName":"COGOP","url":"https:\/\/cogop.org\/","logo":{"@type":"ImageObject","inLanguage":"es","@id":"https:\/\/cogop.org\/#\/schema\/logo\/image\/","url":"https:\/\/cogop.org\/wp-content\/uploads\/2025\/01\/logo-cogop.webp","contentUrl":"https:\/\/cogop.org\/wp-content\/uploads\/2025\/01\/logo-cogop.webp","width":500,"height":118,"caption":"Church of God of Prophecy"},"image":{"@id":"https:\/\/cogop.org\/#\/schema\/logo\/image\/"},"sameAs":["https:\/\/www.facebook.com\/cogop","https:\/\/x.com\/cogop","https:\/\/www.instagram.com\/cogoppics\/","https:\/\/www.youtube.com\/@COGOPMedia","https:\/\/open.spotify.com\/user\/g1d13yyaprw0wrr2woer8edyp?si=a32b364b555f4d4d"]},{"@type":"Person","@id":"https:\/\/cogop.org\/#\/schema\/person\/6bfee56ce98d03b7d7dcd90594c4af6b","name":"Charlie Scruggs","image":{"@type":"ImageObject","inLanguage":"es","@id":"https:\/\/secure.gravatar.com\/avatar\/5c625851004478f5bd86245a070a2090fcb008cf91bfabf0162fca05d324663b?s=96&d=mm&r=g","url":"https:\/\/secure.gravatar.com\/avatar\/5c625851004478f5bd86245a070a2090fcb008cf91bfabf0162fca05d324663b?s=96&d=mm&r=g","contentUrl":"https:\/\/secure.gravatar.com\/avatar\/5c625851004478f5bd86245a070a2090fcb008cf91bfabf0162fca05d324663b?s=96&d=mm&r=g","caption":"Charlie Scruggs"}}]}},"_links":{"self":[{"href":"https:\/\/cogop.org\/es\/wp-json\/wp\/v2\/posts\/31784","targetHints":{"allow":["GET"]}}],"collection":[{"href":"https:\/\/cogop.org\/es\/wp-json\/wp\/v2\/posts"}],"about":[{"href":"https:\/\/cogop.org\/es\/wp-json\/wp\/v2\/types\/post"}],"author":[{"embeddable":true,"href":"https:\/\/cogop.org\/es\/wp-json\/wp\/v2\/users\/10"}],"replies":[{"embeddable":true,"href":"https:\/\/cogop.org\/es\/wp-json\/wp\/v2\/comments?post=31784"}],"version-history":[{"count":1,"href":"https:\/\/cogop.org\/es\/wp-json\/wp\/v2\/posts\/31784\/revisions"}],"predecessor-version":[{"id":31953,"href":"https:\/\/cogop.org\/es\/wp-json\/wp\/v2\/posts\/31784\/revisions\/31953"}],"wp:featuredmedia":[{"embeddable":true,"href":"https:\/\/cogop.org\/es\/wp-json\/wp\/v2\/media\/31783"}],"wp:attachment":[{"href":"https:\/\/cogop.org\/es\/wp-json\/wp\/v2\/media?parent=31784"}],"wp:term":[{"taxonomy":"category","embeddable":true,"href":"https:\/\/cogop.org\/es\/wp-json\/wp\/v2\/categories?post=31784"},{"taxonomy":"post_tag","embeddable":true,"href":"https:\/\/cogop.org\/es\/wp-json\/wp\/v2\/tags?post=31784"}],"curies":[{"name":"wp","href":"https:\/\/api.w.org\/{rel}","templated":true}]}}