{"id":31707,"date":"2025-12-24T08:00:31","date_gmt":"2025-12-24T08:00:31","guid":{"rendered":"https:\/\/cogop.org\/?p=31707"},"modified":"2025-12-24T08:00:31","modified_gmt":"2025-12-24T08:00:31","slug":"equilibrar-la-vida-familiar-y-el-ministerio","status":"publish","type":"post","link":"https:\/\/cogop.org\/es\/equilibrar-la-vida-familiar-y-el-ministerio\/","title":{"rendered":"Equilibrar la vida familiar y el ministerio"},"content":{"rendered":"<p>LA MESA DEL PASTOR<span class=\"Apple-converted-space\"> <\/span><\/p>\n<p>Desde 1998, Janet y yo somos los pastores principales de la [iglesia] Bethesda Worship Center en Sheridan, Wyoming. Durante ese tiempo, ten\u00edamos tres hijos, que ahora son todos adultos. Estoy seguro de que la din\u00e1mica laboral y familiar de cada uno es un poco distinta a la m\u00eda, pero la mayor\u00eda de nosotros nos podemos identificar con la dificultad que tenemos de querer \u2018equilibrar nuestro tiempo\u2019. Una cosa que todos tenemos en com\u00fan es la cantidad de tiempo que tenemos en un d\u00eda: todos disponemos de 24 horas. La diferencia entre nosotros es c\u00f3mo empleamos ese tiempo.    <span class=\"Apple-converted-space\"> <\/span><\/p>\n<p>He aprendido que tener una \u2018vida equilibrada\u2019 es pr\u00e1cticamente inalcanzable. Si busco administrar mi tiempo, o equilibrarlo, usualmente suelo decepcionar a los que me rodean y termino sinti\u00e9ndome culpable. As\u00ed que, \u00a1he dejado de intentarlo! Antes bien, he hallado paz al enfocarme m\u00e1s en identificar y vivir cada \u2018temporada\u2019. El sabio Salom\u00f3n dijo: \u201cHay una temporada para todo, un tiempo para cada actividad bajo el cielo\u201d (Eclesiast\u00e9s 3:1 NTV).    <span class=\"Apple-converted-space\"> <\/span><\/p>\n<p>Cuando cri\u00e1bamos a nuestros hijos, yo trabajaba como pastor a tiempo completo. Janet trabajaba a tiempo completo como ama de casa. Tras unos d\u00edas decepcionantes tratando de reorganizar su agenda por situaciones con los ni\u00f1os, una amiga la anim\u00f3 y le dijo: \u2018Esto es solo una temporada\u2019. \u00a1Y as\u00ed fue! Conforme nuestros hijos crecieron, hemos vivido diferentes temporadas en todos los aspectos de la vida. Ahora procuro vivir cada temporada y no me at\u00f3 a la frustrante tarea de querer \u2018equilibrar\u2019 cada d\u00eda. El vers\u00edculo de Eclesiast\u00e9s es solo una de las varias referencias b\u00edblicas que hablan de las temporadas de la vida.      <span class=\"Apple-converted-space\"> <\/span><\/p>\n<p>Estoy aprendiendo lo importante que es <b>reconocer<\/b> la temporada de la vida en la que me encuentro, y lo esencial que es <b>comunic\u00e1rsela<\/b> a la gente que me rodea. Por ejemplo, en algunas temporadas, he necesitado pasar m\u00e1s tiempo con mi familia. En otras, he tenido que estar m\u00e1s tiempo en la iglesia. Y tambi\u00e9n hay otras en las que es necesario hacer una pausa para recargar energ\u00edas y renovarse personalmente.   <span class=\"Apple-converted-space\"> <\/span><\/p>\n<p>Reconocer una temporada no es dif\u00edcil para m\u00ed; el reto es dejar que esa temporada <b>termine y comience una nueva<\/b>. \u00a1Nuestras temporadas deben cambiar! Quedarse siempre en la casa con la familia, no es una temporada; esa es la opci\u00f3n que escoge una persona para vivir su vida. Del mismo modo, si todo lo que uno hace cada semana es trabajar, eso tampoco es una temporada; ese es un estilo vida.  <span class=\"Apple-converted-space\"> <\/span><\/p>\n<p>Adem\u00e1s de reconocer la temporada en la que uno se encuentra, tambi\u00e9n es importante comunic\u00e1rselo de forma <b>intencionada<\/b> a las personas necesarias. Mientras nuestros hijos crec\u00edan, hubo \u00e9pocas en las que tuve que decirles que estar\u00eda menos tiempo en casa (por varios d\u00edas) porque la iglesia me necesitaba. No les consult\u00e9 para estar m\u00e1s tiempo en la iglesia, pero les expliqu\u00e9 por qu\u00e9 era necesario y les ped\u00ed que me bendijeran en esa temporada.  <span class=\"Apple-converted-space\"> <\/span><\/p>\n<p>De igual forma, aprend\u00ed a comunicarme m\u00e1s deliberadamente con nuestra familia de la iglesia. Cuando es necesario, les informo en qu\u00e9 temporada me encuentro. (Cuando la iglesia era m\u00e1s peque\u00f1a, se lo hac\u00eda saber a toda la congregaci\u00f3n). Pero hora que hemos crecido, le informo al personal y a los l\u00edderes). Si necesito tomar tiempo para estar con mi esposa e hijos debido a una reciente agenda de la iglesia bastante ajetreada, no busco el permiso de la iglesia, simplemente les informo del porqu\u00e9 y les pido que me bendigan en esa temporada. He descubierto que esto es sano para ambas familias \u2014mi esposa e hijos y la familia de la iglesia. He observado que este ejemplo ha ayudado al personal y a los l\u00edderes de la iglesia; ahora est\u00e1n imitando esta pr\u00e1ctica, lo cual los ha fortalecido a ellos y tambi\u00e9n a sus familias. Esto, a su vez, ha fomentado una congregaci\u00f3n pr\u00f3spera.       <span class=\"Apple-converted-space\"> <\/span><\/p>\n<p>Aunque las temporadas est\u00e1n hechas para cambiar, el <b>prop\u00f3sito<\/b> es consistente. Por lo tanto, el prop\u00f3sito es mayor que las temporadas. [En mi vida] procuro ver cu\u00e1l es el prop\u00f3sito de Dios y c\u00f3mo puedo glorificarlo m\u00e1s en la responsabilidad que tenga que desempe\u00f1ar durante cada temporada. [Por ejemplo], si asisto a un evento familiar, ruego que Dios sea glorificado a trav\u00e9s de mi presencia en ese lugar. Si proveo para una necesidad a trav\u00e9s de la iglesia, mi oraci\u00f3n es que Dios sea glorificado a trav\u00e9s de mi presencia all\u00ed tambi\u00e9n.    <span class=\"Apple-converted-space\"> <\/span><\/p>\n<p>[Personalmente] utilizo una agenda como herramienta pr\u00e1ctica para identificar la \u2018temporada\u2019 en la que me encuentro actualmente en mi vida y planificar deliberadamente los cambios futuros. Me ayuda a establecer prioridades porque me obliga a preguntarme: \u201c\u00bfD\u00f3nde debo estar hoy porque no puedo enviar a nadie m\u00e1s?\u201d Estos eventos pueden ser conciertos, fiestas de cumplea\u00f1os y aniversarios, adem\u00e1s de funerales y bodas, y preparar talleres de capacitaci\u00f3n, por nombrar algunos. Realmente me tomo el tiempo para anotar todos estos eventos en mi calendario y en la agenda de citas de la oficina. Cada vez que planifico mis d\u00edas, semanas y meses, siento la necesidad de buscar la gu\u00eda espiritual y planificar cuidadosamente.    <span class=\"Apple-converted-space\"> <\/span><\/p>\n<p>Por supuesto, ha habido ocasiones en las que no he podido cumplir con las expectativas de un miembro de la iglesia porque ten\u00eda planes familiares, y en otras ocasiones, he decepcionado a mi familia por no estar con ellos porque he tenido que cumplir con mis compromisos con la iglesia. \u00a1He hecho las paces con eso! La comunicaci\u00f3n efectiva me ayuda a mantener una presencia balanceada tanto en mi familia como en la iglesia.  <span class=\"Apple-converted-space\"> <\/span><\/p>\n<p>El reto ante usted es que identifique en qu\u00e9 temporada se encuentra en este momento y qui\u00e9n deber\u00eda saberlo. Le animo a que <b>comunique<\/b> esa respuesta a las personas necesarias. Por \u00faltimo, ruego [a Dios] que viva con un gran <b>prop\u00f3sito<\/b>. Recuerde que el prop\u00f3sito de Dios para su vida es m\u00e1s grande que su temporada actual. Si le glorifica en cada temporada, cumplir\u00e1 Sus prop\u00f3sitos para usted en esta vida. \u00a1En \u00faltima instancia, nuestro prop\u00f3sito es siempre glorificar a nuestro gran Dios!     <span class=\"Apple-converted-space\"> <\/span><\/p>\n","protected":false},"excerpt":{"rendered":"<p>LA MESA DEL PASTOR Desde 1998, Janet y yo somos los pastores principales de la [iglesia] Bethesda Worship Center en Sheridan, Wyoming. Durante ese tiempo, ten\u00edamos tres hijos, que ahora son todos adultos. Estoy seguro de que la din\u00e1mica laboral y familiar de cada uno es un poco distinta a la m\u00eda, pero la mayor\u00eda [&hellip;]<\/p>\n","protected":false},"author":10,"featured_media":31706,"comment_status":"closed","ping_status":"open","sticky":false,"template":"","format":"standard","meta":{"_acf_changed":false,"_monsterinsights_skip_tracking":false,"_monsterinsights_sitenote_active":false,"_monsterinsights_sitenote_note":"","_monsterinsights_sitenote_category":0,"_uf_show_specific_survey":0,"_uf_disable_surveys":false,"footnotes":""},"categories":[356],"tags":[202],"class_list":["post-31707","post","type-post","status-publish","format-standard","has-post-thumbnail","hentry","category-la-mesa-del-pastor","tag-mensajero-ala-blanca"],"acf":[],"yoast_head":"<!-- This site is optimized with the Yoast SEO plugin v27.4 - https:\/\/yoast.com\/product\/yoast-seo-wordpress\/ -->\n<title>Equilibrar la vida familiar y el ministerio | COGOP<\/title>\n<meta name=\"robots\" content=\"index, follow, max-snippet:-1, max-image-preview:large, max-video-preview:-1\" \/>\n<link rel=\"canonical\" href=\"https:\/\/cogop.org\/balancing-family-life-and-ministry\/\" \/>\n<meta property=\"og:locale\" content=\"es_ES\" \/>\n<meta property=\"og:type\" content=\"article\" \/>\n<meta property=\"og:title\" content=\"Equilibrar la vida familiar y el ministerio | COGOP\" \/>\n<meta property=\"og:description\" content=\"LA MESA DEL PASTOR Desde 1998, Janet y yo somos los pastores principales de la [iglesia] Bethesda Worship Center en Sheridan, Wyoming. Durante ese tiempo, ten\u00edamos tres hijos, que ahora son todos adultos. Estoy seguro de que la din\u00e1mica laboral y familiar de cada uno es un poco distinta a la m\u00eda, pero la mayor\u00eda [&hellip;]\" \/>\n<meta property=\"og:url\" content=\"https:\/\/cogop.org\/balancing-family-life-and-ministry\/\" \/>\n<meta property=\"og:site_name\" content=\"COGOP\" \/>\n<meta property=\"article:publisher\" content=\"https:\/\/www.facebook.com\/cogop\" \/>\n<meta property=\"article:published_time\" content=\"2025-12-24T08:00:31+00:00\" \/>\n<meta property=\"og:image\" content=\"https:\/\/cogop.org\/wp-content\/uploads\/2025\/12\/569213743_1281800993981236_8812091269883517876_n.jpg\" \/>\n\t<meta property=\"og:image:width\" content=\"1080\" \/>\n\t<meta property=\"og:image:height\" content=\"1350\" \/>\n\t<meta property=\"og:image:type\" content=\"image\/jpeg\" \/>\n<meta name=\"author\" content=\"Charlie Scruggs\" \/>\n<meta name=\"twitter:card\" content=\"summary_large_image\" \/>\n<meta name=\"twitter:creator\" content=\"@cogop\" \/>\n<meta name=\"twitter:site\" content=\"@cogop\" \/>\n<meta name=\"twitter:label1\" content=\"Escrito por\" \/>\n\t<meta name=\"twitter:data1\" content=\"Charlie Scruggs\" \/>\n\t<meta name=\"twitter:label2\" content=\"Tiempo de lectura\" \/>\n\t<meta name=\"twitter:data2\" content=\"5 minutos\" \/>\n<script type=\"application\/ld+json\" class=\"yoast-schema-graph\">{\"@context\":\"https:\\\/\\\/schema.org\",\"@graph\":[{\"@type\":\"Article\",\"@id\":\"https:\\\/\\\/cogop.org\\\/balancing-family-life-and-ministry\\\/#article\",\"isPartOf\":{\"@id\":\"https:\\\/\\\/cogop.org\\\/balancing-family-life-and-ministry\\\/\"},\"author\":{\"name\":\"Charlie Scruggs\",\"@id\":\"https:\\\/\\\/cogop.org\\\/#\\\/schema\\\/person\\\/6bfee56ce98d03b7d7dcd90594c4af6b\"},\"headline\":\"Equilibrar la vida familiar y el ministerio\",\"datePublished\":\"2025-12-24T08:00:31+00:00\",\"mainEntityOfPage\":{\"@id\":\"https:\\\/\\\/cogop.org\\\/balancing-family-life-and-ministry\\\/\"},\"wordCount\":1083,\"publisher\":{\"@id\":\"https:\\\/\\\/cogop.org\\\/#organization\"},\"image\":{\"@id\":\"https:\\\/\\\/cogop.org\\\/balancing-family-life-and-ministry\\\/#primaryimage\"},\"thumbnailUrl\":\"https:\\\/\\\/cogop.org\\\/wp-content\\\/uploads\\\/2025\\\/12\\\/569213743_1281800993981236_8812091269883517876_n.jpg\",\"keywords\":[\"Mensajero Ala Blanca\"],\"articleSection\":[\"La mesa del pastor\"],\"inLanguage\":\"es\"},{\"@type\":\"WebPage\",\"@id\":\"https:\\\/\\\/cogop.org\\\/balancing-family-life-and-ministry\\\/\",\"url\":\"https:\\\/\\\/cogop.org\\\/balancing-family-life-and-ministry\\\/\",\"name\":\"Equilibrar la vida familiar y el ministerio | COGOP\",\"isPartOf\":{\"@id\":\"https:\\\/\\\/cogop.org\\\/#website\"},\"primaryImageOfPage\":{\"@id\":\"https:\\\/\\\/cogop.org\\\/balancing-family-life-and-ministry\\\/#primaryimage\"},\"image\":{\"@id\":\"https:\\\/\\\/cogop.org\\\/balancing-family-life-and-ministry\\\/#primaryimage\"},\"thumbnailUrl\":\"https:\\\/\\\/cogop.org\\\/wp-content\\\/uploads\\\/2025\\\/12\\\/569213743_1281800993981236_8812091269883517876_n.jpg\",\"datePublished\":\"2025-12-24T08:00:31+00:00\",\"inLanguage\":\"es\",\"potentialAction\":[{\"@type\":\"ReadAction\",\"target\":[\"https:\\\/\\\/cogop.org\\\/balancing-family-life-and-ministry\\\/\"]}]},{\"@type\":\"ImageObject\",\"inLanguage\":\"es\",\"@id\":\"https:\\\/\\\/cogop.org\\\/balancing-family-life-and-ministry\\\/#primaryimage\",\"url\":\"https:\\\/\\\/cogop.org\\\/wp-content\\\/uploads\\\/2025\\\/12\\\/569213743_1281800993981236_8812091269883517876_n.jpg\",\"contentUrl\":\"https:\\\/\\\/cogop.org\\\/wp-content\\\/uploads\\\/2025\\\/12\\\/569213743_1281800993981236_8812091269883517876_n.jpg\",\"width\":1080,\"height\":1350},{\"@type\":\"BreadcrumbList\",\"@id\":\"https:\\\/\\\/cogop.org\\\/balancing-family-life-and-ministry\\\/#breadcrumb\",\"itemListElement\":[{\"@type\":\"ListItem\",\"position\":1,\"name\":\"Home\",\"item\":\"https:\\\/\\\/cogop.org\\\/\"},{\"@type\":\"ListItem\",\"position\":2,\"name\":\"Equilibrar la vida familiar y el ministerio\"}]},{\"@type\":\"WebSite\",\"@id\":\"https:\\\/\\\/cogop.org\\\/#website\",\"url\":\"https:\\\/\\\/cogop.org\\\/\",\"name\":\"Church of God of Prophecy\",\"description\":\"Reconciling the World to Christ\",\"publisher\":{\"@id\":\"https:\\\/\\\/cogop.org\\\/#organization\"},\"alternateName\":\"COGOP\",\"potentialAction\":[{\"@type\":\"SearchAction\",\"target\":{\"@type\":\"EntryPoint\",\"urlTemplate\":\"https:\\\/\\\/cogop.org\\\/?s={search_term_string}\"},\"query-input\":{\"@type\":\"PropertyValueSpecification\",\"valueRequired\":true,\"valueName\":\"search_term_string\"}}],\"inLanguage\":\"es\"},{\"@type\":\"Organization\",\"@id\":\"https:\\\/\\\/cogop.org\\\/#organization\",\"name\":\"Church of God of Prophecy\",\"alternateName\":\"COGOP\",\"url\":\"https:\\\/\\\/cogop.org\\\/\",\"logo\":{\"@type\":\"ImageObject\",\"inLanguage\":\"es\",\"@id\":\"https:\\\/\\\/cogop.org\\\/#\\\/schema\\\/logo\\\/image\\\/\",\"url\":\"https:\\\/\\\/cogop.org\\\/wp-content\\\/uploads\\\/2025\\\/01\\\/logo-cogop.webp\",\"contentUrl\":\"https:\\\/\\\/cogop.org\\\/wp-content\\\/uploads\\\/2025\\\/01\\\/logo-cogop.webp\",\"width\":500,\"height\":118,\"caption\":\"Church of God of Prophecy\"},\"image\":{\"@id\":\"https:\\\/\\\/cogop.org\\\/#\\\/schema\\\/logo\\\/image\\\/\"},\"sameAs\":[\"https:\\\/\\\/www.facebook.com\\\/cogop\",\"https:\\\/\\\/x.com\\\/cogop\",\"https:\\\/\\\/www.instagram.com\\\/cogoppics\\\/\",\"https:\\\/\\\/www.youtube.com\\\/@COGOPMedia\",\"https:\\\/\\\/open.spotify.com\\\/user\\\/g1d13yyaprw0wrr2woer8edyp?si=a32b364b555f4d4d\"]},{\"@type\":\"Person\",\"@id\":\"https:\\\/\\\/cogop.org\\\/#\\\/schema\\\/person\\\/6bfee56ce98d03b7d7dcd90594c4af6b\",\"name\":\"Charlie Scruggs\",\"image\":{\"@type\":\"ImageObject\",\"inLanguage\":\"es\",\"@id\":\"https:\\\/\\\/secure.gravatar.com\\\/avatar\\\/5c625851004478f5bd86245a070a2090fcb008cf91bfabf0162fca05d324663b?s=96&d=mm&r=g\",\"url\":\"https:\\\/\\\/secure.gravatar.com\\\/avatar\\\/5c625851004478f5bd86245a070a2090fcb008cf91bfabf0162fca05d324663b?s=96&d=mm&r=g\",\"contentUrl\":\"https:\\\/\\\/secure.gravatar.com\\\/avatar\\\/5c625851004478f5bd86245a070a2090fcb008cf91bfabf0162fca05d324663b?s=96&d=mm&r=g\",\"caption\":\"Charlie Scruggs\"}}]}<\/script>\n<!-- \/ Yoast SEO plugin. -->","yoast_head_json":{"title":"Equilibrar la vida familiar y el ministerio | COGOP","robots":{"index":"index","follow":"follow","max-snippet":"max-snippet:-1","max-image-preview":"max-image-preview:large","max-video-preview":"max-video-preview:-1"},"canonical":"https:\/\/cogop.org\/balancing-family-life-and-ministry\/","og_locale":"es_ES","og_type":"article","og_title":"Equilibrar la vida familiar y el ministerio | COGOP","og_description":"LA MESA DEL PASTOR Desde 1998, Janet y yo somos los pastores principales de la [iglesia] Bethesda Worship Center en Sheridan, Wyoming. Durante ese tiempo, ten\u00edamos tres hijos, que ahora son todos adultos. Estoy seguro de que la din\u00e1mica laboral y familiar de cada uno es un poco distinta a la m\u00eda, pero la mayor\u00eda [&hellip;]","og_url":"https:\/\/cogop.org\/balancing-family-life-and-ministry\/","og_site_name":"COGOP","article_publisher":"https:\/\/www.facebook.com\/cogop","article_published_time":"2025-12-24T08:00:31+00:00","og_image":[{"width":1080,"height":1350,"url":"https:\/\/cogop.org\/wp-content\/uploads\/2025\/12\/569213743_1281800993981236_8812091269883517876_n.jpg","type":"image\/jpeg"}],"author":"Charlie Scruggs","twitter_card":"summary_large_image","twitter_creator":"@cogop","twitter_site":"@cogop","twitter_misc":{"Escrito por":"Charlie Scruggs","Tiempo de lectura":"5 minutos"},"schema":{"@context":"https:\/\/schema.org","@graph":[{"@type":"Article","@id":"https:\/\/cogop.org\/balancing-family-life-and-ministry\/#article","isPartOf":{"@id":"https:\/\/cogop.org\/balancing-family-life-and-ministry\/"},"author":{"name":"Charlie Scruggs","@id":"https:\/\/cogop.org\/#\/schema\/person\/6bfee56ce98d03b7d7dcd90594c4af6b"},"headline":"Equilibrar la vida familiar y el ministerio","datePublished":"2025-12-24T08:00:31+00:00","mainEntityOfPage":{"@id":"https:\/\/cogop.org\/balancing-family-life-and-ministry\/"},"wordCount":1083,"publisher":{"@id":"https:\/\/cogop.org\/#organization"},"image":{"@id":"https:\/\/cogop.org\/balancing-family-life-and-ministry\/#primaryimage"},"thumbnailUrl":"https:\/\/cogop.org\/wp-content\/uploads\/2025\/12\/569213743_1281800993981236_8812091269883517876_n.jpg","keywords":["Mensajero Ala Blanca"],"articleSection":["La mesa del pastor"],"inLanguage":"es"},{"@type":"WebPage","@id":"https:\/\/cogop.org\/balancing-family-life-and-ministry\/","url":"https:\/\/cogop.org\/balancing-family-life-and-ministry\/","name":"Equilibrar la vida familiar y el ministerio | COGOP","isPartOf":{"@id":"https:\/\/cogop.org\/#website"},"primaryImageOfPage":{"@id":"https:\/\/cogop.org\/balancing-family-life-and-ministry\/#primaryimage"},"image":{"@id":"https:\/\/cogop.org\/balancing-family-life-and-ministry\/#primaryimage"},"thumbnailUrl":"https:\/\/cogop.org\/wp-content\/uploads\/2025\/12\/569213743_1281800993981236_8812091269883517876_n.jpg","datePublished":"2025-12-24T08:00:31+00:00","inLanguage":"es","potentialAction":[{"@type":"ReadAction","target":["https:\/\/cogop.org\/balancing-family-life-and-ministry\/"]}]},{"@type":"ImageObject","inLanguage":"es","@id":"https:\/\/cogop.org\/balancing-family-life-and-ministry\/#primaryimage","url":"https:\/\/cogop.org\/wp-content\/uploads\/2025\/12\/569213743_1281800993981236_8812091269883517876_n.jpg","contentUrl":"https:\/\/cogop.org\/wp-content\/uploads\/2025\/12\/569213743_1281800993981236_8812091269883517876_n.jpg","width":1080,"height":1350},{"@type":"BreadcrumbList","@id":"https:\/\/cogop.org\/balancing-family-life-and-ministry\/#breadcrumb","itemListElement":[{"@type":"ListItem","position":1,"name":"Home","item":"https:\/\/cogop.org\/"},{"@type":"ListItem","position":2,"name":"Equilibrar la vida familiar y el ministerio"}]},{"@type":"WebSite","@id":"https:\/\/cogop.org\/#website","url":"https:\/\/cogop.org\/","name":"Church of God of Prophecy","description":"Reconciling the World to Christ","publisher":{"@id":"https:\/\/cogop.org\/#organization"},"alternateName":"COGOP","potentialAction":[{"@type":"SearchAction","target":{"@type":"EntryPoint","urlTemplate":"https:\/\/cogop.org\/?s={search_term_string}"},"query-input":{"@type":"PropertyValueSpecification","valueRequired":true,"valueName":"search_term_string"}}],"inLanguage":"es"},{"@type":"Organization","@id":"https:\/\/cogop.org\/#organization","name":"Church of God of Prophecy","alternateName":"COGOP","url":"https:\/\/cogop.org\/","logo":{"@type":"ImageObject","inLanguage":"es","@id":"https:\/\/cogop.org\/#\/schema\/logo\/image\/","url":"https:\/\/cogop.org\/wp-content\/uploads\/2025\/01\/logo-cogop.webp","contentUrl":"https:\/\/cogop.org\/wp-content\/uploads\/2025\/01\/logo-cogop.webp","width":500,"height":118,"caption":"Church of God of Prophecy"},"image":{"@id":"https:\/\/cogop.org\/#\/schema\/logo\/image\/"},"sameAs":["https:\/\/www.facebook.com\/cogop","https:\/\/x.com\/cogop","https:\/\/www.instagram.com\/cogoppics\/","https:\/\/www.youtube.com\/@COGOPMedia","https:\/\/open.spotify.com\/user\/g1d13yyaprw0wrr2woer8edyp?si=a32b364b555f4d4d"]},{"@type":"Person","@id":"https:\/\/cogop.org\/#\/schema\/person\/6bfee56ce98d03b7d7dcd90594c4af6b","name":"Charlie Scruggs","image":{"@type":"ImageObject","inLanguage":"es","@id":"https:\/\/secure.gravatar.com\/avatar\/5c625851004478f5bd86245a070a2090fcb008cf91bfabf0162fca05d324663b?s=96&d=mm&r=g","url":"https:\/\/secure.gravatar.com\/avatar\/5c625851004478f5bd86245a070a2090fcb008cf91bfabf0162fca05d324663b?s=96&d=mm&r=g","contentUrl":"https:\/\/secure.gravatar.com\/avatar\/5c625851004478f5bd86245a070a2090fcb008cf91bfabf0162fca05d324663b?s=96&d=mm&r=g","caption":"Charlie Scruggs"}}]}},"_links":{"self":[{"href":"https:\/\/cogop.org\/es\/wp-json\/wp\/v2\/posts\/31707","targetHints":{"allow":["GET"]}}],"collection":[{"href":"https:\/\/cogop.org\/es\/wp-json\/wp\/v2\/posts"}],"about":[{"href":"https:\/\/cogop.org\/es\/wp-json\/wp\/v2\/types\/post"}],"author":[{"embeddable":true,"href":"https:\/\/cogop.org\/es\/wp-json\/wp\/v2\/users\/10"}],"replies":[{"embeddable":true,"href":"https:\/\/cogop.org\/es\/wp-json\/wp\/v2\/comments?post=31707"}],"version-history":[{"count":1,"href":"https:\/\/cogop.org\/es\/wp-json\/wp\/v2\/posts\/31707\/revisions"}],"predecessor-version":[{"id":31725,"href":"https:\/\/cogop.org\/es\/wp-json\/wp\/v2\/posts\/31707\/revisions\/31725"}],"wp:featuredmedia":[{"embeddable":true,"href":"https:\/\/cogop.org\/es\/wp-json\/wp\/v2\/media\/31706"}],"wp:attachment":[{"href":"https:\/\/cogop.org\/es\/wp-json\/wp\/v2\/media?parent=31707"}],"wp:term":[{"taxonomy":"category","embeddable":true,"href":"https:\/\/cogop.org\/es\/wp-json\/wp\/v2\/categories?post=31707"},{"taxonomy":"post_tag","embeddable":true,"href":"https:\/\/cogop.org\/es\/wp-json\/wp\/v2\/tags?post=31707"}],"curies":[{"name":"wp","href":"https:\/\/api.w.org\/{rel}","templated":true}]}}