{"id":31230,"date":"2025-11-18T08:00:47","date_gmt":"2025-11-18T08:00:47","guid":{"rendered":"https:\/\/cogop.org\/noticias-de-ecuador\/"},"modified":"2025-11-18T08:00:47","modified_gmt":"2025-11-18T08:00:47","slug":"noticias-de-ecuador","status":"publish","type":"post","link":"https:\/\/cogop.org\/es\/noticias-de-ecuador\/","title":{"rendered":"Noticias de Ecuador"},"content":{"rendered":"<p><b>Antecedentes<\/b><\/p>\n<p>Hasta 2016, Quito era la \u00fanica capital de Sudam\u00e9rica sin presencia de la Iglesia de Dios de la Profec\u00eda (IDP). Adem\u00e1s, la ciudad ha sido hist\u00f3ricamente un terreno dif\u00edcil para el avance del evangelio. Por eso, la apertura de la Iglesia en ese a\u00f1o fue un logro significativo. Desde su fundaci\u00f3n, la iglesia ha permanecido firme a pesar de muchas dificultades, como la pandemia y los escasos recursos, que dificultan atender compromisos permanentes como el pago de arriendo durante todos estos a\u00f1os.   <\/p>\n<p><b>Proyecto<\/b><\/p>\n<p>Dada la experiencia acumulada, los logros alcanzados y el claro llamado misional, el pastor local de la IDP en Quito ha tomado la iniciativa de emprender el proyecto de adquisici\u00f3n de un terreno y construcci\u00f3n de un templo propio. Desde el a\u00f1o 2023, la iglesia ha trabajado incansablemente para alcanzar esta meta a trav\u00e9s de actividades de recaudaci\u00f3n, oraciones comunitarias y alianzas estrat\u00e9gicas. <\/p>\n<p>La finalizaci\u00f3n de este proyecto no solo representa la realizaci\u00f3n de uno de los anhelos m\u00e1s profundos de la comunidad, sino tambi\u00e9n la edificaci\u00f3n de un basti\u00f3n para la obra evangelizadora y misionera en Quito. Tener un espacio propio permitir\u00e1 fortalecer la identidad congregacional, ampliar el alcance de las actividades ministeriales y consolidar la presencia de la IDP en una ciudad, una regi\u00f3n y un pa\u00eds donde la expansi\u00f3n del evangelio a\u00fan enfrenta m\u00faltiples desaf\u00edos. <\/p>\n<p><b>Logros<\/b><\/p>\n<p>A pesar de las limitaci\u00f3n, la IDP Quito ha demostrado crecimiento y compromiso:<\/p>\n<p><b>Crecimiento congregaciona<\/b>l: Luego de la pandemia, se pas\u00f3 de 12 disc\u00edpulos a 35 miembros activos, con una asistencia promedio de 50 personas.<\/p>\n<p><b>Expansi\u00f3n misional<\/b>: Se han establecido dos puntos de plantaci\u00f3n.<\/p>\n<p><b>Punto de plantaci\u00f3n<\/b><\/p>\n<p><b>Campamento El\u00edas<\/b>: Ubicado en los valles de Quito, dentro de una comunidad sin presencia de iglesias evang\u00e9licas. Este lugar representa una gran oportunidad para establecer el reino de Dios y responder a una necesidad espiritual evidente. <\/p>\n<p><b>Nuevo Ecuador<\/b>: Situado en el norte de la ciudad, en uno de los barrios m\u00e1s deprimidos socioecon\u00f3micamente. La necesidad de una iglesia en este sector es imperante, pues la presencia de la IDP puede significar esperanza, transformaci\u00f3n y luz espiritual en medio de la adversidad.<\/p>\n<p>Cont\u00e1ctenos para m\u00e1s informaci\u00f3n al:<\/p>\n<p>N\u00famero telef\u00f3nico: +593-9866-4180<\/p>\n<p>Correo electr\u00f3nico: idpquito@gmail.com<\/p>\n<p>Facebook: https:\/\/www.facebook.com\/share\/1EMu1mwGx4\/<\/p>\n<p>\u201cNo nos cansemos, pues, de hacer bien; porque a su tiempo segaremos, si no desmayamos\u201d. G\u00e1latas 6:9<\/p>\n<p>&nbsp;<\/p>\n<p><b>Informe de la convenci\u00f3n nacional en Ecuador<span class=\"Apple-converted-space\"> <\/span><\/b><\/p>\n<p><b>Guayaquil, 7 agosto de 2025<span class=\"Apple-converted-space\"> <\/span><\/b><\/p>\n<p>S\u00edrvase el presente para dar cuenta de nuestra convenci\u00f3n nacional n\u00famero 32 que se celebr\u00f3 los d\u00edas 28 y 29 en el mes de junio del presente a\u00f1o con un aforo de m\u00e1s de 1,500 miembros e invitados. Contamos con la presencia de nuestro obispo principal Tim Coalter y el presb\u00edtero de Sudam\u00e9rica Gabriel El\u00edas Vidal. Tambi\u00e9n contamos con la participaci\u00f3n de Gers\u00f3n Barrag\u00e1n, l\u00edder nacional de j\u00f3venes de la Iglesia de Dios. Nos gozamos con la participaci\u00f3n de nuestros invitados. Durante la celebraci\u00f3n se destac\u00f3 el tema de la pre-convenci\u00f3n, dado una semana antes sobre el proyecto 100\/30 que estima alcanzar 100 iglesias para el a\u00f1o 2030. Asimismo se presentaron los informes de los ministerios nacionales, as\u00ed como los nombramientos de cada pastor, sembradores obreros y l\u00edderes nacionales, y concluimos con una oraci\u00f3n de agradecimiento a Dios por los logros alcanzados y por los nuevos proyectos a desarrollar con la ayuda de Dios estos pr\u00f3ximos a\u00f1os. Queremos agradecerle a cada uno de los compa\u00f1eros en la cosecha por su apoyo en las oraciones y su ayuda econ\u00f3mica para seguir avanzando con la obra en nuestro pa\u00eds.     <span class=\"Apple-converted-space\"> <\/span><\/p>\n<p>Benjam\u00edn Aldana<span class=\"Apple-converted-space\"> <\/span><\/p>\n<p>Obispo nacional<\/p>\n","protected":false},"excerpt":{"rendered":"<p>Antecedentes Hasta 2016, Quito era la \u00fanica capital de Sudam\u00e9rica sin presencia de la Iglesia de Dios de la Profec\u00eda (IDP). Adem\u00e1s, la ciudad ha sido hist\u00f3ricamente un terreno dif\u00edcil para el avance del evangelio. Por eso, la apertura de la Iglesia en ese a\u00f1o fue un logro significativo. Desde su fundaci\u00f3n, la iglesia ha [&hellip;]<\/p>\n","protected":false},"author":10,"featured_media":31229,"comment_status":"closed","ping_status":"open","sticky":false,"template":"","format":"standard","meta":{"_acf_changed":false,"_monsterinsights_skip_tracking":false,"_monsterinsights_sitenote_active":false,"_monsterinsights_sitenote_note":"","_monsterinsights_sitenote_category":0,"_uf_show_specific_survey":0,"_uf_disable_surveys":false,"footnotes":""},"categories":[405],"tags":[202],"class_list":["post-31230","post","type-post","status-publish","format-standard","has-post-thumbnail","hentry","category-conexiones","tag-mensajero-ala-blanca"],"acf":[],"yoast_head":"<!-- This site is optimized with the Yoast SEO plugin v27.4 - https:\/\/yoast.com\/product\/yoast-seo-wordpress\/ -->\n<title>Noticias de Ecuador | COGOP<\/title>\n<meta name=\"robots\" content=\"index, follow, max-snippet:-1, max-image-preview:large, max-video-preview:-1\" \/>\n<link rel=\"canonical\" href=\"https:\/\/cogop.org\/es\/noticias-de-ecuador\/\" \/>\n<meta property=\"og:locale\" content=\"es_ES\" \/>\n<meta property=\"og:type\" content=\"article\" \/>\n<meta property=\"og:title\" content=\"Noticias de Ecuador | COGOP\" \/>\n<meta property=\"og:description\" content=\"Antecedentes Hasta 2016, Quito era la \u00fanica capital de Sudam\u00e9rica sin presencia de la Iglesia de Dios de la Profec\u00eda (IDP). Adem\u00e1s, la ciudad ha sido hist\u00f3ricamente un terreno dif\u00edcil para el avance del evangelio. Por eso, la apertura de la Iglesia en ese a\u00f1o fue un logro significativo. Desde su fundaci\u00f3n, la iglesia ha [&hellip;]\" \/>\n<meta property=\"og:url\" content=\"https:\/\/cogop.org\/es\/noticias-de-ecuador\/\" \/>\n<meta property=\"og:site_name\" content=\"COGOP\" \/>\n<meta property=\"article:publisher\" content=\"https:\/\/www.facebook.com\/cogop\" \/>\n<meta property=\"article:published_time\" content=\"2025-11-18T08:00:47+00:00\" \/>\n<meta property=\"og:image\" content=\"https:\/\/cogop.org\/wp-content\/uploads\/2025\/11\/Picture1.jpg\" \/>\n\t<meta property=\"og:image:width\" content=\"1338\" \/>\n\t<meta property=\"og:image:height\" content=\"1005\" \/>\n\t<meta property=\"og:image:type\" content=\"image\/jpeg\" \/>\n<meta name=\"author\" content=\"Charlie Scruggs\" \/>\n<meta name=\"twitter:card\" content=\"summary_large_image\" \/>\n<meta name=\"twitter:creator\" content=\"@cogop\" \/>\n<meta name=\"twitter:site\" content=\"@cogop\" \/>\n<meta name=\"twitter:label1\" content=\"Escrito por\" \/>\n\t<meta name=\"twitter:data1\" content=\"Charlie Scruggs\" \/>\n\t<meta name=\"twitter:label2\" content=\"Tiempo de lectura\" \/>\n\t<meta name=\"twitter:data2\" content=\"3 minutos\" \/>\n<script type=\"application\/ld+json\" class=\"yoast-schema-graph\">{\"@context\":\"https:\\\/\\\/schema.org\",\"@graph\":[{\"@type\":\"Article\",\"@id\":\"https:\\\/\\\/cogop.org\\\/es\\\/noticias-de-ecuador\\\/#article\",\"isPartOf\":{\"@id\":\"https:\\\/\\\/cogop.org\\\/es\\\/noticias-de-ecuador\\\/\"},\"author\":{\"name\":\"Charlie Scruggs\",\"@id\":\"https:\\\/\\\/cogop.org\\\/#\\\/schema\\\/person\\\/6bfee56ce98d03b7d7dcd90594c4af6b\"},\"headline\":\"Noticias de Ecuador\",\"datePublished\":\"2025-11-18T08:00:47+00:00\",\"mainEntityOfPage\":{\"@id\":\"https:\\\/\\\/cogop.org\\\/es\\\/noticias-de-ecuador\\\/\"},\"wordCount\":653,\"publisher\":{\"@id\":\"https:\\\/\\\/cogop.org\\\/#organization\"},\"image\":{\"@id\":\"https:\\\/\\\/cogop.org\\\/es\\\/noticias-de-ecuador\\\/#primaryimage\"},\"thumbnailUrl\":\"https:\\\/\\\/cogop.org\\\/wp-content\\\/uploads\\\/2025\\\/11\\\/Picture1.jpg\",\"keywords\":[\"Mensajero Ala Blanca\"],\"articleSection\":[\"Conexiones\"],\"inLanguage\":\"es\"},{\"@type\":\"WebPage\",\"@id\":\"https:\\\/\\\/cogop.org\\\/es\\\/noticias-de-ecuador\\\/\",\"url\":\"https:\\\/\\\/cogop.org\\\/es\\\/noticias-de-ecuador\\\/\",\"name\":\"Noticias de Ecuador | COGOP\",\"isPartOf\":{\"@id\":\"https:\\\/\\\/cogop.org\\\/#website\"},\"primaryImageOfPage\":{\"@id\":\"https:\\\/\\\/cogop.org\\\/es\\\/noticias-de-ecuador\\\/#primaryimage\"},\"image\":{\"@id\":\"https:\\\/\\\/cogop.org\\\/es\\\/noticias-de-ecuador\\\/#primaryimage\"},\"thumbnailUrl\":\"https:\\\/\\\/cogop.org\\\/wp-content\\\/uploads\\\/2025\\\/11\\\/Picture1.jpg\",\"datePublished\":\"2025-11-18T08:00:47+00:00\",\"inLanguage\":\"es\",\"potentialAction\":[{\"@type\":\"ReadAction\",\"target\":[\"https:\\\/\\\/cogop.org\\\/es\\\/noticias-de-ecuador\\\/\"]}]},{\"@type\":\"ImageObject\",\"inLanguage\":\"es\",\"@id\":\"https:\\\/\\\/cogop.org\\\/es\\\/noticias-de-ecuador\\\/#primaryimage\",\"url\":\"https:\\\/\\\/cogop.org\\\/wp-content\\\/uploads\\\/2025\\\/11\\\/Picture1.jpg\",\"contentUrl\":\"https:\\\/\\\/cogop.org\\\/wp-content\\\/uploads\\\/2025\\\/11\\\/Picture1.jpg\",\"width\":1338,\"height\":1005},{\"@type\":\"BreadcrumbList\",\"@id\":\"https:\\\/\\\/cogop.org\\\/es\\\/noticias-de-ecuador\\\/#breadcrumb\",\"itemListElement\":[{\"@type\":\"ListItem\",\"position\":1,\"name\":\"Home\",\"item\":\"https:\\\/\\\/cogop.org\\\/\"},{\"@type\":\"ListItem\",\"position\":2,\"name\":\"Noticias de Ecuador\"}]},{\"@type\":\"WebSite\",\"@id\":\"https:\\\/\\\/cogop.org\\\/#website\",\"url\":\"https:\\\/\\\/cogop.org\\\/\",\"name\":\"Church of God of Prophecy\",\"description\":\"Reconciling the World to Christ\",\"publisher\":{\"@id\":\"https:\\\/\\\/cogop.org\\\/#organization\"},\"alternateName\":\"COGOP\",\"potentialAction\":[{\"@type\":\"SearchAction\",\"target\":{\"@type\":\"EntryPoint\",\"urlTemplate\":\"https:\\\/\\\/cogop.org\\\/?s={search_term_string}\"},\"query-input\":{\"@type\":\"PropertyValueSpecification\",\"valueRequired\":true,\"valueName\":\"search_term_string\"}}],\"inLanguage\":\"es\"},{\"@type\":\"Organization\",\"@id\":\"https:\\\/\\\/cogop.org\\\/#organization\",\"name\":\"Church of God of Prophecy\",\"alternateName\":\"COGOP\",\"url\":\"https:\\\/\\\/cogop.org\\\/\",\"logo\":{\"@type\":\"ImageObject\",\"inLanguage\":\"es\",\"@id\":\"https:\\\/\\\/cogop.org\\\/#\\\/schema\\\/logo\\\/image\\\/\",\"url\":\"https:\\\/\\\/cogop.org\\\/wp-content\\\/uploads\\\/2025\\\/01\\\/logo-cogop.webp\",\"contentUrl\":\"https:\\\/\\\/cogop.org\\\/wp-content\\\/uploads\\\/2025\\\/01\\\/logo-cogop.webp\",\"width\":500,\"height\":118,\"caption\":\"Church of God of Prophecy\"},\"image\":{\"@id\":\"https:\\\/\\\/cogop.org\\\/#\\\/schema\\\/logo\\\/image\\\/\"},\"sameAs\":[\"https:\\\/\\\/www.facebook.com\\\/cogop\",\"https:\\\/\\\/x.com\\\/cogop\",\"https:\\\/\\\/www.instagram.com\\\/cogoppics\\\/\",\"https:\\\/\\\/www.youtube.com\\\/@COGOPMedia\",\"https:\\\/\\\/open.spotify.com\\\/user\\\/g1d13yyaprw0wrr2woer8edyp?si=a32b364b555f4d4d\"]},{\"@type\":\"Person\",\"@id\":\"https:\\\/\\\/cogop.org\\\/#\\\/schema\\\/person\\\/6bfee56ce98d03b7d7dcd90594c4af6b\",\"name\":\"Charlie Scruggs\",\"image\":{\"@type\":\"ImageObject\",\"inLanguage\":\"es\",\"@id\":\"https:\\\/\\\/secure.gravatar.com\\\/avatar\\\/5c625851004478f5bd86245a070a2090fcb008cf91bfabf0162fca05d324663b?s=96&d=mm&r=g\",\"url\":\"https:\\\/\\\/secure.gravatar.com\\\/avatar\\\/5c625851004478f5bd86245a070a2090fcb008cf91bfabf0162fca05d324663b?s=96&d=mm&r=g\",\"contentUrl\":\"https:\\\/\\\/secure.gravatar.com\\\/avatar\\\/5c625851004478f5bd86245a070a2090fcb008cf91bfabf0162fca05d324663b?s=96&d=mm&r=g\",\"caption\":\"Charlie Scruggs\"}}]}<\/script>\n<!-- \/ Yoast SEO plugin. -->","yoast_head_json":{"title":"Noticias de Ecuador | COGOP","robots":{"index":"index","follow":"follow","max-snippet":"max-snippet:-1","max-image-preview":"max-image-preview:large","max-video-preview":"max-video-preview:-1"},"canonical":"https:\/\/cogop.org\/es\/noticias-de-ecuador\/","og_locale":"es_ES","og_type":"article","og_title":"Noticias de Ecuador | COGOP","og_description":"Antecedentes Hasta 2016, Quito era la \u00fanica capital de Sudam\u00e9rica sin presencia de la Iglesia de Dios de la Profec\u00eda (IDP). Adem\u00e1s, la ciudad ha sido hist\u00f3ricamente un terreno dif\u00edcil para el avance del evangelio. Por eso, la apertura de la Iglesia en ese a\u00f1o fue un logro significativo. Desde su fundaci\u00f3n, la iglesia ha [&hellip;]","og_url":"https:\/\/cogop.org\/es\/noticias-de-ecuador\/","og_site_name":"COGOP","article_publisher":"https:\/\/www.facebook.com\/cogop","article_published_time":"2025-11-18T08:00:47+00:00","og_image":[{"width":1338,"height":1005,"url":"https:\/\/cogop.org\/wp-content\/uploads\/2025\/11\/Picture1.jpg","type":"image\/jpeg"}],"author":"Charlie Scruggs","twitter_card":"summary_large_image","twitter_creator":"@cogop","twitter_site":"@cogop","twitter_misc":{"Escrito por":"Charlie Scruggs","Tiempo de lectura":"3 minutos"},"schema":{"@context":"https:\/\/schema.org","@graph":[{"@type":"Article","@id":"https:\/\/cogop.org\/es\/noticias-de-ecuador\/#article","isPartOf":{"@id":"https:\/\/cogop.org\/es\/noticias-de-ecuador\/"},"author":{"name":"Charlie Scruggs","@id":"https:\/\/cogop.org\/#\/schema\/person\/6bfee56ce98d03b7d7dcd90594c4af6b"},"headline":"Noticias de Ecuador","datePublished":"2025-11-18T08:00:47+00:00","mainEntityOfPage":{"@id":"https:\/\/cogop.org\/es\/noticias-de-ecuador\/"},"wordCount":653,"publisher":{"@id":"https:\/\/cogop.org\/#organization"},"image":{"@id":"https:\/\/cogop.org\/es\/noticias-de-ecuador\/#primaryimage"},"thumbnailUrl":"https:\/\/cogop.org\/wp-content\/uploads\/2025\/11\/Picture1.jpg","keywords":["Mensajero Ala Blanca"],"articleSection":["Conexiones"],"inLanguage":"es"},{"@type":"WebPage","@id":"https:\/\/cogop.org\/es\/noticias-de-ecuador\/","url":"https:\/\/cogop.org\/es\/noticias-de-ecuador\/","name":"Noticias de Ecuador | COGOP","isPartOf":{"@id":"https:\/\/cogop.org\/#website"},"primaryImageOfPage":{"@id":"https:\/\/cogop.org\/es\/noticias-de-ecuador\/#primaryimage"},"image":{"@id":"https:\/\/cogop.org\/es\/noticias-de-ecuador\/#primaryimage"},"thumbnailUrl":"https:\/\/cogop.org\/wp-content\/uploads\/2025\/11\/Picture1.jpg","datePublished":"2025-11-18T08:00:47+00:00","inLanguage":"es","potentialAction":[{"@type":"ReadAction","target":["https:\/\/cogop.org\/es\/noticias-de-ecuador\/"]}]},{"@type":"ImageObject","inLanguage":"es","@id":"https:\/\/cogop.org\/es\/noticias-de-ecuador\/#primaryimage","url":"https:\/\/cogop.org\/wp-content\/uploads\/2025\/11\/Picture1.jpg","contentUrl":"https:\/\/cogop.org\/wp-content\/uploads\/2025\/11\/Picture1.jpg","width":1338,"height":1005},{"@type":"BreadcrumbList","@id":"https:\/\/cogop.org\/es\/noticias-de-ecuador\/#breadcrumb","itemListElement":[{"@type":"ListItem","position":1,"name":"Home","item":"https:\/\/cogop.org\/"},{"@type":"ListItem","position":2,"name":"Noticias de Ecuador"}]},{"@type":"WebSite","@id":"https:\/\/cogop.org\/#website","url":"https:\/\/cogop.org\/","name":"Church of God of Prophecy","description":"Reconciling the World to Christ","publisher":{"@id":"https:\/\/cogop.org\/#organization"},"alternateName":"COGOP","potentialAction":[{"@type":"SearchAction","target":{"@type":"EntryPoint","urlTemplate":"https:\/\/cogop.org\/?s={search_term_string}"},"query-input":{"@type":"PropertyValueSpecification","valueRequired":true,"valueName":"search_term_string"}}],"inLanguage":"es"},{"@type":"Organization","@id":"https:\/\/cogop.org\/#organization","name":"Church of God of Prophecy","alternateName":"COGOP","url":"https:\/\/cogop.org\/","logo":{"@type":"ImageObject","inLanguage":"es","@id":"https:\/\/cogop.org\/#\/schema\/logo\/image\/","url":"https:\/\/cogop.org\/wp-content\/uploads\/2025\/01\/logo-cogop.webp","contentUrl":"https:\/\/cogop.org\/wp-content\/uploads\/2025\/01\/logo-cogop.webp","width":500,"height":118,"caption":"Church of God of Prophecy"},"image":{"@id":"https:\/\/cogop.org\/#\/schema\/logo\/image\/"},"sameAs":["https:\/\/www.facebook.com\/cogop","https:\/\/x.com\/cogop","https:\/\/www.instagram.com\/cogoppics\/","https:\/\/www.youtube.com\/@COGOPMedia","https:\/\/open.spotify.com\/user\/g1d13yyaprw0wrr2woer8edyp?si=a32b364b555f4d4d"]},{"@type":"Person","@id":"https:\/\/cogop.org\/#\/schema\/person\/6bfee56ce98d03b7d7dcd90594c4af6b","name":"Charlie Scruggs","image":{"@type":"ImageObject","inLanguage":"es","@id":"https:\/\/secure.gravatar.com\/avatar\/5c625851004478f5bd86245a070a2090fcb008cf91bfabf0162fca05d324663b?s=96&d=mm&r=g","url":"https:\/\/secure.gravatar.com\/avatar\/5c625851004478f5bd86245a070a2090fcb008cf91bfabf0162fca05d324663b?s=96&d=mm&r=g","contentUrl":"https:\/\/secure.gravatar.com\/avatar\/5c625851004478f5bd86245a070a2090fcb008cf91bfabf0162fca05d324663b?s=96&d=mm&r=g","caption":"Charlie Scruggs"}}]}},"_links":{"self":[{"href":"https:\/\/cogop.org\/es\/wp-json\/wp\/v2\/posts\/31230","targetHints":{"allow":["GET"]}}],"collection":[{"href":"https:\/\/cogop.org\/es\/wp-json\/wp\/v2\/posts"}],"about":[{"href":"https:\/\/cogop.org\/es\/wp-json\/wp\/v2\/types\/post"}],"author":[{"embeddable":true,"href":"https:\/\/cogop.org\/es\/wp-json\/wp\/v2\/users\/10"}],"replies":[{"embeddable":true,"href":"https:\/\/cogop.org\/es\/wp-json\/wp\/v2\/comments?post=31230"}],"version-history":[{"count":0,"href":"https:\/\/cogop.org\/es\/wp-json\/wp\/v2\/posts\/31230\/revisions"}],"wp:featuredmedia":[{"embeddable":true,"href":"https:\/\/cogop.org\/es\/wp-json\/wp\/v2\/media\/31229"}],"wp:attachment":[{"href":"https:\/\/cogop.org\/es\/wp-json\/wp\/v2\/media?parent=31230"}],"wp:term":[{"taxonomy":"category","embeddable":true,"href":"https:\/\/cogop.org\/es\/wp-json\/wp\/v2\/categories?post=31230"},{"taxonomy":"post_tag","embeddable":true,"href":"https:\/\/cogop.org\/es\/wp-json\/wp\/v2\/tags?post=31230"}],"curies":[{"name":"wp","href":"https:\/\/api.w.org\/{rel}","templated":true}]}}