{"id":30416,"date":"2025-10-14T08:00:56","date_gmt":"2025-10-14T08:00:56","guid":{"rendered":"https:\/\/cogop.org\/islas-del-caribe-y-del-oceano-atlantico\/"},"modified":"2025-10-14T15:19:51","modified_gmt":"2025-10-14T15:19:51","slug":"islas-del-caribe-y-del-oceano-atlantico-2","status":"publish","type":"post","link":"https:\/\/cogop.org\/es\/islas-del-caribe-y-del-oceano-atlantico-2\/","title":{"rendered":"Islas del Caribe y del Oc\u00e9ano Atl\u00e1ntico"},"content":{"rendered":"<p><b>Las Bahamas<\/b><\/p>\n<p><b><i>\u201cAma a tu pr\u00f3jimo\u201d<\/i><\/b><\/p>\n<p>Mateo 22:39 dice: \u201cAmar\u00e1s a tu pr\u00f3jimo como a ti mismo\u201d. Este mandato viene del Antiguo Testamento, precisamente de Lev\u00edtico 19:18, que dice, \u201cNo te vengar\u00e1s, ni guardar\u00e1s rencor a los hijos de tu pueblo, sino amar\u00e1s a tu pr\u00f3jimo como a ti mismo. Yo Jehov\u00e1\u201d. <span class=\"Apple-converted-space\"> <\/span><\/p>\n<p>La pregunta \u201c\u00bfqui\u00e9n es mi pr\u00f3jimo?\u201d sigue siendo relevante hoy en d\u00eda. Amar a nuestro pr\u00f3jimo es m\u00e1s que simplemente amar a aquellos que son como nosotros o que [rec\u00edprocamente] pueden amarnos. Nuestro pr\u00f3jimo son todas aquellas personas que nos rodean a quienes podemos llegar con el amor y la bondad de Dios, y cuyas vidas podemos bendecir con nuestros tesoros o palabras de aliento.  <span class=\"Apple-converted-space\"> <\/span><\/p>\n<p>Dios nos llam\u00f3 a amar a todos los que se cruzan en nuestro camino. Jes\u00fas dijo, \u201cAmad a vuestros enemigos, bendecid a los que os maldicen, haced bien a los que os aborrecen, y orad por los que os ultrajan y os persiguen; para que se\u00e1is hijos de vuestro Padre que est\u00e1 en los cielos\u201d. <\/p>\n<p>El mi\u00e9rcoles, 30 de julio de 2025, nuestros hermanos y hermanas de toda la Mancomunidad de las Bahamas participaron de la iniciativa \u201cAma a tu pr\u00f3jimo\u201d, declarada por el obispo nacional Woodley C. Thompson, y adoptada a nivel nacional por el primer ministro de las Bahamas, Philip Edward Davis, K. C.<span class=\"Apple-converted-space\"> <\/span><\/p>\n<p>Stephen Dean, director general de Renovaci\u00f3n Urbana, comparti\u00f3 lo siguiente sobre la iniciativa \u201cAma a tu pr\u00f3jimo\u201d:<\/p>\n<p>Es un gran privilegio para m\u00ed estar aqu\u00ed en nombre de la oficina de Renovaci\u00f3n Urbana para representar lo que considero uno de los programas de intervenci\u00f3n social m\u00e1s ambiciosos que podr\u00edamos emprender, en colaboraci\u00f3n con la iglesia. Nos complace alinear nuestros recursos con la Iglesia de Dios de la Profec\u00eda, ya que compartimos el compromiso colectivo de fomentar mejores comunidades, lugares m\u00e1s seguros en los que todas las personas puedan prosperar. <span class=\"Apple-converted-space\"> <\/span><\/p>\n<p>Por lo tanto, a trav\u00e9s de nuestra colaboraci\u00f3n, utilizaremos este programa para abordar las necesidades de diversos grupos sociales, incluidos nuestros j\u00f3venes, adultos, ni\u00f1os y personas mayores, prestando especial atenci\u00f3n a aquellos que se enfrentan a circunstancias desfavorecidas.<span class=\"Apple-converted-space\"> <\/span><\/p>\n<p>[La oficina de] Renovaci\u00f3n Urbana participar\u00e1 de manera activa. Nuestros a\u00f1os de experiencia en programas de intervenci\u00f3n social, nos ha llevado a observar que la ra\u00edz de los problemas de nuestra comunidad se deriva de una ausencia total de amor mutuo, y creemos que este [programa] es la soluci\u00f3n oportuna. Creemos que, al final, traer\u00e1 grandes beneficios. Es una forma de unir nuevamente a nuestras comunidades. Me complace de que esto no sea un evento de un solo d\u00eda, sino de un evento a largo plazo, y creemos que al final veremos los beneficios.    <\/p>\n<p>[Nos complace anunciar] que a trav\u00e9s del archipi\u00e9lago, los miembros participaron en actos de generosidad, desde preparar y compartir desayunos y almuerzos, hasta cubrir gastos en gasolineras y supermercados, donar bienes esenciales y dinero.<span class=\"Apple-converted-space\"> <\/span><\/p>\n<p>Nos sentimos emocionados de poder compartirles esta maravillosa iniciativa y proyecto que continuar\u00e1 desarroll\u00e1ndose durante todo el a\u00f1o. Tambi\u00e9n [aprovechamos] para hacerles una invitaci\u00f3n a simplemente hacer un acto de bondad a cualquier persona que est\u00e9 cerca de ustedes. Puede ser el vecino de al lado, una persona en la fila del supermercado, cualquiera que est\u00e9 cerca de usted \u2014simplemente haga algo bueno. A trav\u00e9s de estos actos de bondad compartimos el amor de Cristo.   <\/p>\n<p>G\u00e1latas 5:14 nos recuerda: \u201cPorque toda la ley en esta sola palabra se cumple: Amar\u00e1s a tu pr\u00f3jimo como a ti mismo\u201d.<\/p>\n<p><a href=\"https:\/\/vimeo.com\/1124055589\"><b>VIDEO DE LAS BAHAMAS &#8211; <\/b><b>\u00abAMA A TU PR\u00d3JIMO\u00bb<\/b><\/a><\/p>\n<p>&nbsp;<\/p>\n<p><b>Islas de Sotavento<\/b><\/p>\n<p><b><i>\u201cRestaurados y no avergonzados\u201d<\/i><\/b><\/p>\n<p>La Iglesia de Dios de la Profec\u00eda celebr\u00f3 su 65\u00aa convenci\u00f3n regional bienal para las Islas de Sotavento, Dominica y las Antillas Francesas. La convenci\u00f3n, celebrada del 17 al 20 de julio, fue organizada por el obispo regional Dr. Samuel Daniel y la primera dama Malita Daniel, bajo el tema \u201c\u00a1Restaurados y no avergonzados!\u201d (Joel 2:25-27). M\u00e1s de 400 delegados de toda la regi\u00f3n \u2013incluidos San Crist\u00f3bal, Nieves, San Mart\u00edn, Antigua, Montserrat, Dominica y Guadalupevolaron para participar de un fin de semana lleno de hermandad y renovaci\u00f3n espiritual.  <\/p>\n<p>La noche de apertura comenz\u00f3 con un maravilloso desfile de banderas de las Islas de Sotavento portadas por j\u00f3venes, y la bandera de la iglesia enfrente. Tras la bienvenida oficial y [palabras] de agradecimiento, el obispo regional y moderador, el obispo Dr. Samuel Daniel, declar\u00f3 inaugurada la convenci\u00f3n. [El programa] continu\u00f3 con saludos especiales, un din\u00e1mico tiempo de adoraci\u00f3n y una prof\u00e9tica interpretaci\u00f3n de saxof\u00f3n a cargo del invitado, el pastor Adeniyi Adams, de Maryland. El pastor Adams dijo enf\u00e1ticamente que antes de la restauraci\u00f3n debe haber avivamiento y reconciliaci\u00f3n. El servicio de la noche concluy\u00f3 con un mensaje ungido titulado, \u201cLa espera ha terminado\u201d de la ministra Esther Chouloute, quien es una l\u00edder de adoraci\u00f3n reconocida internacionalmente, ha hecho grabaciones, es autora y escritora proveniente de la Iglesia El Bronx en Nueva York. Ella ofreci\u00f3 tres principios clave del reino para superar los obst\u00e1culos personales que vengan a la vida: \u00a1ARREPENT\u00cdOS, VOLVED Y RESTITUID! La noche concluy\u00f3 con un solemne llamado al altar, en el que varias personas fueron liberadas, salvadas y restauradas.      <\/p>\n<p>El viernes por la ma\u00f1ana se realizaron de manera simult\u00e1nea dos sesiones motivadoras. Una para todos los pastores y ministros, dirigida por el presb\u00edtero general del Caribe, el Dr. Clayton Martin. La siguiente para las mujeres, dirigida por la Dra. Sonia Martin. Ambas sesiones fueron refrescantes y una bendici\u00f3n para todos los asistentes.   <\/p>\n<p>La segunda noche comenz\u00f3 con el moderador, el obispo Dr. Melroy Meade, presentando un melodioso himno congregacional. [El programa] continu\u00f3 con una bienvenida, palabras de reconocimiento, un segmento especial sobre la labor del Ministerio de Damas en toda la regi\u00f3n y saludos especiales de varios supervisores de distrito. Despu\u00e9s de un emocionante tiempo de adoraci\u00f3n lleno del Esp\u00edritu Santo y una interpretaci\u00f3n de saxof\u00f3n poderosa por el pastor Adams, la ministra Chouloute predic\u00f3 un mensaje edificante bajo el tema \u201c\u00a1Con Dios, todo es posible!\u201d En su predicaci\u00f3n destac\u00f3 tres razones por las cuales Dios dice que todo es posible y puede restaurar los a\u00f1os perdidos. Estas sencillas, pero poderosas y alentadoras claves fueron: \u00a1DIOS ES!, \u00a1DIOS PUEDE!, \u00a1DIOS LO HAR\u00c1!    <\/p>\n<p>El s\u00e1bado por la ma\u00f1ana se llev\u00f3 a cabo la conferencia de negocios de la 65\u00aa convenci\u00f3n regional bienal. Fue presidida por el obispo Daniel, quien comparti\u00f3 unas palabras alentadoras de apertura y cont\u00f3 con la participaci\u00f3n de todos los supervisores de distrito y delegados de cada isla. [Acto seguido], la ministra Marilyn BartlettRichardson (tesorera) present\u00f3 un informe financiero meticulosamente detallado correspondiente al per\u00edodo entre octubre de 2024 y junio de 2025. Luego, tras presentar un aviso de reconocimiento, el comit\u00e9 regional de la convenci\u00f3n pas\u00f3 a presentar tres nuevas propuestas de convenci\u00f3n a la plataforma.   <\/p>\n<p>El s\u00e1bado por la tarde, los delegados se apoderaron de las calles de The Valley con un emocionante e inolvidable evento que estuvo saturado de una adoraci\u00f3n extraordinaria, oraciones inspiradoras, compa\u00f1erismo y diversi\u00f3n. \u00bfQu\u00e9 ser\u00eda un evento caribe\u00f1o sin c\u00e1nticos, alabanza y danza de principio a fin? Todas las islas de la regi\u00f3n fueron orgullosamente representadas en las calles de Anguila. La celebraci\u00f3n continu\u00f3 por la noche con un festival de alabanza juvenil, lleno de excelentes representaciones de talentos y habilidades especiales para la gloria de Dios. J\u00f3venes de toda la regi\u00f3n ministraron con una selecci\u00f3n de c\u00e1nticos, danzas, poemas e instrumentos, incluyendo tambores met\u00e1licos.      <span class=\"Apple-converted-space\"> <\/span><\/p>\n<p>Luego por la noche, tras cantar, la ministra Chouloute present\u00f3 el tema de su mensaje de esperanza y victoria: \u201c\u00a1Dios tiene un plan mejor para ti!\u201d (Jerem\u00edas 29:11). Con una palabra especial para los j\u00f3venes, habl\u00f3 sobre el plan maravilloso de Dios y Su deseo de libertar y restaurar. Cuando termin\u00f3 de predicar, el altar se llen\u00f3 de muchos j\u00f3venes derramando sus corazones ante Dios, recibiendo salvaci\u00f3n, liberaci\u00f3n, sanidad y renovaci\u00f3n. La noche termin\u00f3 con j\u00f3venes y adultos deleit\u00e1ndose de la dulce presencia de Dios, siendo restaurados y sin avergonzarse del evangelio.   <span class=\"Apple-converted-space\"> <\/span><\/p>\n<p>La ma\u00f1ana del domingo comenz\u00f3 con una poderosa alabanza y adoraci\u00f3n, seguida de saludos especiales de los supervisores de distrito y un segmento especial que destac\u00f3 el Ministerio de Ni\u00f1os en la regi\u00f3n. Luego, el presb\u00edtero general de las Islas del Caribe y del Oc\u00e9ano Atl\u00e1ntico, el obispo Dr. Clayton Martin, pronunci\u00f3 unas palabras motivadoras. [Acto seguido], se recolect\u00f3 una ofrenda de amor para los obispos y se hicieron algunas presentaciones especiales. El obispo regional, el Dr. Samuel Daniel, predic\u00f3 bajo el tema \u201cPreparaci\u00f3n para la restauraci\u00f3n\u201d. En su mensaje enfatiz\u00f3 la necesidad de un avivamiento en la regi\u00f3n y dijo que las oraciones fervientes y eficaces lo har\u00edan posible. Se efectuaron nuevos nombramientos para la regi\u00f3n, seguido de unas palabras finales y se dio por terminada la convenci\u00f3n.   <\/p>\n<p>La Convenci\u00f3n Regional de las Islas de Sotavento centr\u00f3 su atenci\u00f3n en aspectos como <b>el compa\u00f1erismo, la restauraci\u00f3n, la salvaci\u00f3n y el crecimiento personal<\/b>. Los asistentes salieron de este evento lleno del Esp\u00edritu sinti\u00e9ndose restaurados y alentados, con la comunidad eclesi\u00e1stica fortalecida por las experiencias compartidas. <\/p>\n<p>&nbsp;<\/p>\n<p><b>Trinidad y Tobago<\/b><\/p>\n<p><b><i>\u201cEn la misi\u00f3n por Su Esp\u00edritu\u201d<\/i><\/b><\/p>\n<p>La Iglesia de Dios de la Profec\u00eda en Trinidad y Tobago celebr\u00f3 su 59\u00aa Convenci\u00f3n Nacional del 24 al 27 de julio en el Centro de Conferencias Grand Marquis, Chaguanas. El tema de la convenci\u00f3n, \u201cEn la misi\u00f3n por Su Esp\u00edritu\u201d perme\u00f3 la ministraci\u00f3n durante todo el fin de semana en la adoraci\u00f3n, oraci\u00f3n y [exposici\u00f3n de] la Palabra. <span class=\"Apple-converted-space\"> <\/span><\/p>\n<p>Entre los delegados distinguidos que asistieron estaban el presb\u00edtero general de las Islas del Caribe y del Oc\u00e9ano Atl\u00e1ntico, el obispo Dr. Clayton Martin y su esposa, la Dra. Sonia Martin, el Dr. Leroy Greenaway (obispo regional del Noreste en EE.UU.) y su esposa. Ambos obispos compartieron sermones oportunos y llenos del Esp\u00edritu que conmovi\u00f3 a los asistentes. De hecho, la gloria de Dios (la shekina) se manifest\u00f3 en cada sesi\u00f3n.   <\/p>\n<p>Los supervisores de los distritos Sur, Central y Norte \u2014los obispos Michael Ramkhelawan, Anslem Serrette y Emanuel Goberdhan, respectivamente, presentaron sus reportes. Ellos destacaron c\u00f3mo va el progreso de las iglesias locales, las nuevas misiones y las muchas almas que fueron bautizadas en agua. <\/p>\n<p>La Orquesta de Acero de la IDP de Trinidad y Tobago estuvo encargada de la m\u00fasica especial, trayendo un tiempo \u00fanico y poderoso de alabanzas en cada d\u00eda de la convenci\u00f3n.<\/p>\n<p>En adici\u00f3n, el s\u00e1bado de la convenci\u00f3n, se present\u00f3 un panel informativo de discusi\u00f3n, el cual dio \u00e9nfasis a cerrar la brecha entre las generaciones (adultos y j\u00f3venes) en el ministerio. Esta discusi\u00f3n tambi\u00e9n destac\u00f3 la importancia de tener mentores, unidad y pasar la batuta para asegurar que la obra contin\u00fae. <\/p>\n<p>Uno de los sermones sobresalientes fue presentado por el nuevo obispo nacional que fue nombrado, el obispo Elvis Williams, el domingo de la convenci\u00f3n. Ciertamente fue un reto din\u00e1mico y ungido a las iglesias caminar en amor y unidad para avanzar el reino de Dios. El reto de ganar las almas perdidas a cualquier costo fue un punto de \u00e9nfasis, y se reafirmaron los valores centrales de la oraci\u00f3n, el desarrollo del liderazgo, la cosecha, la mayordom\u00eda b\u00edblica y el servicio.  <\/p>\n<p>Ciertamente es urgente y necesario que las iglesias en Trinidad y Tobago sigan \u201c<b><br \/>\n  <span class=\"Apple-converted-space\">en la misi\u00f3n por Su Esp\u00edritu<\/span><br \/>\n<\/b>\u201d. <\/p>\n","protected":false},"excerpt":{"rendered":"<p>Las Bahamas \u201cAma a tu pr\u00f3jimo\u201d Mateo 22:39 dice: \u201cAmar\u00e1s a tu pr\u00f3jimo como a ti mismo\u201d. Este mandato viene del Antiguo Testamento, precisamente de Lev\u00edtico 19:18, que dice, \u201cNo te vengar\u00e1s, ni guardar\u00e1s rencor a los hijos de tu pueblo, sino amar\u00e1s a tu pr\u00f3jimo como a ti mismo. Yo Jehov\u00e1\u201d. La pregunta \u201c\u00bfqui\u00e9n [&hellip;]<\/p>\n","protected":false},"author":10,"featured_media":30365,"comment_status":"closed","ping_status":"open","sticky":false,"template":"","format":"standard","meta":{"_acf_changed":false,"_monsterinsights_skip_tracking":false,"_monsterinsights_sitenote_active":false,"_monsterinsights_sitenote_note":"","_monsterinsights_sitenote_category":0,"_uf_show_specific_survey":0,"_uf_disable_surveys":false,"footnotes":""},"categories":[163],"tags":[154],"class_list":["post-30416","post","type-post","status-publish","format-standard","has-post-thumbnail","hentry","category-misiones-mundiales","tag-islas-del-caribe-y-del-oceano-atlantico"],"acf":[],"yoast_head":"<!-- This site is optimized with the Yoast SEO plugin v27.4 - https:\/\/yoast.com\/product\/yoast-seo-wordpress\/ -->\n<title>Islas del Caribe y del Oc\u00e9ano Atl\u00e1ntico | COGOP<\/title>\n<meta name=\"robots\" content=\"index, follow, max-snippet:-1, max-image-preview:large, max-video-preview:-1\" \/>\n<link rel=\"canonical\" href=\"https:\/\/cogop.org\/es\/islas-del-caribe-y-del-oceano-atlantico-2\/\" \/>\n<meta property=\"og:locale\" content=\"es_ES\" \/>\n<meta property=\"og:type\" content=\"article\" \/>\n<meta property=\"og:title\" content=\"Islas del Caribe y del Oc\u00e9ano Atl\u00e1ntico | COGOP\" \/>\n<meta property=\"og:description\" content=\"Las Bahamas \u201cAma a tu pr\u00f3jimo\u201d Mateo 22:39 dice: \u201cAmar\u00e1s a tu pr\u00f3jimo como a ti mismo\u201d. Este mandato viene del Antiguo Testamento, precisamente de Lev\u00edtico 19:18, que dice, \u201cNo te vengar\u00e1s, ni guardar\u00e1s rencor a los hijos de tu pueblo, sino amar\u00e1s a tu pr\u00f3jimo como a ti mismo. Yo Jehov\u00e1\u201d. La pregunta \u201c\u00bfqui\u00e9n [&hellip;]\" \/>\n<meta property=\"og:url\" content=\"https:\/\/cogop.org\/es\/islas-del-caribe-y-del-oceano-atlantico-2\/\" \/>\n<meta property=\"og:site_name\" content=\"COGOP\" \/>\n<meta property=\"article:publisher\" content=\"https:\/\/www.facebook.com\/cogop\" \/>\n<meta property=\"article:published_time\" content=\"2025-10-14T08:00:56+00:00\" \/>\n<meta property=\"article:modified_time\" content=\"2025-10-14T15:19:51+00:00\" \/>\n<meta property=\"og:image\" content=\"https:\/\/cogop.org\/wp-content\/uploads\/2025\/10\/IMG-20250903-WA0039.jpg\" \/>\n\t<meta property=\"og:image:width\" content=\"1280\" \/>\n\t<meta property=\"og:image:height\" content=\"854\" \/>\n\t<meta property=\"og:image:type\" content=\"image\/jpeg\" \/>\n<meta name=\"author\" content=\"Charlie Scruggs\" \/>\n<meta name=\"twitter:card\" content=\"summary_large_image\" \/>\n<meta name=\"twitter:creator\" content=\"@cogop\" \/>\n<meta name=\"twitter:site\" content=\"@cogop\" \/>\n<meta name=\"twitter:label1\" content=\"Escrito por\" \/>\n\t<meta name=\"twitter:data1\" content=\"Charlie Scruggs\" \/>\n\t<meta name=\"twitter:label2\" content=\"Tiempo de lectura\" \/>\n\t<meta name=\"twitter:data2\" content=\"10 minutos\" \/>\n<script type=\"application\/ld+json\" class=\"yoast-schema-graph\">{\"@context\":\"https:\\\/\\\/schema.org\",\"@graph\":[{\"@type\":\"Article\",\"@id\":\"https:\\\/\\\/cogop.org\\\/es\\\/islas-del-caribe-y-del-oceano-atlantico-2\\\/#article\",\"isPartOf\":{\"@id\":\"https:\\\/\\\/cogop.org\\\/es\\\/islas-del-caribe-y-del-oceano-atlantico-2\\\/\"},\"author\":{\"name\":\"Charlie Scruggs\",\"@id\":\"https:\\\/\\\/cogop.org\\\/#\\\/schema\\\/person\\\/6bfee56ce98d03b7d7dcd90594c4af6b\"},\"headline\":\"Islas del Caribe y del Oc\u00e9ano Atl\u00e1ntico\",\"datePublished\":\"2025-10-14T08:00:56+00:00\",\"dateModified\":\"2025-10-14T15:19:51+00:00\",\"mainEntityOfPage\":{\"@id\":\"https:\\\/\\\/cogop.org\\\/es\\\/islas-del-caribe-y-del-oceano-atlantico-2\\\/\"},\"wordCount\":2024,\"publisher\":{\"@id\":\"https:\\\/\\\/cogop.org\\\/#organization\"},\"image\":{\"@id\":\"https:\\\/\\\/cogop.org\\\/es\\\/islas-del-caribe-y-del-oceano-atlantico-2\\\/#primaryimage\"},\"thumbnailUrl\":\"https:\\\/\\\/cogop.org\\\/wp-content\\\/uploads\\\/2025\\\/10\\\/IMG-20250903-WA0039.jpg\",\"keywords\":[\"Islas del Caribe y del Oc\u00e9ano Atl\u00e1ntico\"],\"articleSection\":[\"Misiones Mundiales\"],\"inLanguage\":\"es\"},{\"@type\":\"WebPage\",\"@id\":\"https:\\\/\\\/cogop.org\\\/es\\\/islas-del-caribe-y-del-oceano-atlantico-2\\\/\",\"url\":\"https:\\\/\\\/cogop.org\\\/es\\\/islas-del-caribe-y-del-oceano-atlantico-2\\\/\",\"name\":\"Islas del Caribe y del Oc\u00e9ano Atl\u00e1ntico | COGOP\",\"isPartOf\":{\"@id\":\"https:\\\/\\\/cogop.org\\\/#website\"},\"primaryImageOfPage\":{\"@id\":\"https:\\\/\\\/cogop.org\\\/es\\\/islas-del-caribe-y-del-oceano-atlantico-2\\\/#primaryimage\"},\"image\":{\"@id\":\"https:\\\/\\\/cogop.org\\\/es\\\/islas-del-caribe-y-del-oceano-atlantico-2\\\/#primaryimage\"},\"thumbnailUrl\":\"https:\\\/\\\/cogop.org\\\/wp-content\\\/uploads\\\/2025\\\/10\\\/IMG-20250903-WA0039.jpg\",\"datePublished\":\"2025-10-14T08:00:56+00:00\",\"dateModified\":\"2025-10-14T15:19:51+00:00\",\"inLanguage\":\"es\",\"potentialAction\":[{\"@type\":\"ReadAction\",\"target\":[\"https:\\\/\\\/cogop.org\\\/es\\\/islas-del-caribe-y-del-oceano-atlantico-2\\\/\"]}]},{\"@type\":\"ImageObject\",\"inLanguage\":\"es\",\"@id\":\"https:\\\/\\\/cogop.org\\\/es\\\/islas-del-caribe-y-del-oceano-atlantico-2\\\/#primaryimage\",\"url\":\"https:\\\/\\\/cogop.org\\\/wp-content\\\/uploads\\\/2025\\\/10\\\/IMG-20250903-WA0039.jpg\",\"contentUrl\":\"https:\\\/\\\/cogop.org\\\/wp-content\\\/uploads\\\/2025\\\/10\\\/IMG-20250903-WA0039.jpg\",\"width\":1280,\"height\":854},{\"@type\":\"BreadcrumbList\",\"@id\":\"https:\\\/\\\/cogop.org\\\/es\\\/islas-del-caribe-y-del-oceano-atlantico-2\\\/#breadcrumb\",\"itemListElement\":[{\"@type\":\"ListItem\",\"position\":1,\"name\":\"Home\",\"item\":\"https:\\\/\\\/cogop.org\\\/\"},{\"@type\":\"ListItem\",\"position\":2,\"name\":\"Islas del Caribe y del Oc\u00e9ano Atl\u00e1ntico\"}]},{\"@type\":\"WebSite\",\"@id\":\"https:\\\/\\\/cogop.org\\\/#website\",\"url\":\"https:\\\/\\\/cogop.org\\\/\",\"name\":\"Church of God of Prophecy\",\"description\":\"Reconciling the World to Christ\",\"publisher\":{\"@id\":\"https:\\\/\\\/cogop.org\\\/#organization\"},\"alternateName\":\"COGOP\",\"potentialAction\":[{\"@type\":\"SearchAction\",\"target\":{\"@type\":\"EntryPoint\",\"urlTemplate\":\"https:\\\/\\\/cogop.org\\\/?s={search_term_string}\"},\"query-input\":{\"@type\":\"PropertyValueSpecification\",\"valueRequired\":true,\"valueName\":\"search_term_string\"}}],\"inLanguage\":\"es\"},{\"@type\":\"Organization\",\"@id\":\"https:\\\/\\\/cogop.org\\\/#organization\",\"name\":\"Church of God of Prophecy\",\"alternateName\":\"COGOP\",\"url\":\"https:\\\/\\\/cogop.org\\\/\",\"logo\":{\"@type\":\"ImageObject\",\"inLanguage\":\"es\",\"@id\":\"https:\\\/\\\/cogop.org\\\/#\\\/schema\\\/logo\\\/image\\\/\",\"url\":\"https:\\\/\\\/cogop.org\\\/wp-content\\\/uploads\\\/2025\\\/01\\\/logo-cogop.webp\",\"contentUrl\":\"https:\\\/\\\/cogop.org\\\/wp-content\\\/uploads\\\/2025\\\/01\\\/logo-cogop.webp\",\"width\":500,\"height\":118,\"caption\":\"Church of God of Prophecy\"},\"image\":{\"@id\":\"https:\\\/\\\/cogop.org\\\/#\\\/schema\\\/logo\\\/image\\\/\"},\"sameAs\":[\"https:\\\/\\\/www.facebook.com\\\/cogop\",\"https:\\\/\\\/x.com\\\/cogop\",\"https:\\\/\\\/www.instagram.com\\\/cogoppics\\\/\",\"https:\\\/\\\/www.youtube.com\\\/@COGOPMedia\",\"https:\\\/\\\/open.spotify.com\\\/user\\\/g1d13yyaprw0wrr2woer8edyp?si=a32b364b555f4d4d\"]},{\"@type\":\"Person\",\"@id\":\"https:\\\/\\\/cogop.org\\\/#\\\/schema\\\/person\\\/6bfee56ce98d03b7d7dcd90594c4af6b\",\"name\":\"Charlie Scruggs\",\"image\":{\"@type\":\"ImageObject\",\"inLanguage\":\"es\",\"@id\":\"https:\\\/\\\/secure.gravatar.com\\\/avatar\\\/5c625851004478f5bd86245a070a2090fcb008cf91bfabf0162fca05d324663b?s=96&d=mm&r=g\",\"url\":\"https:\\\/\\\/secure.gravatar.com\\\/avatar\\\/5c625851004478f5bd86245a070a2090fcb008cf91bfabf0162fca05d324663b?s=96&d=mm&r=g\",\"contentUrl\":\"https:\\\/\\\/secure.gravatar.com\\\/avatar\\\/5c625851004478f5bd86245a070a2090fcb008cf91bfabf0162fca05d324663b?s=96&d=mm&r=g\",\"caption\":\"Charlie Scruggs\"}}]}<\/script>\n<!-- \/ Yoast SEO plugin. -->","yoast_head_json":{"title":"Islas del Caribe y del Oc\u00e9ano Atl\u00e1ntico | COGOP","robots":{"index":"index","follow":"follow","max-snippet":"max-snippet:-1","max-image-preview":"max-image-preview:large","max-video-preview":"max-video-preview:-1"},"canonical":"https:\/\/cogop.org\/es\/islas-del-caribe-y-del-oceano-atlantico-2\/","og_locale":"es_ES","og_type":"article","og_title":"Islas del Caribe y del Oc\u00e9ano Atl\u00e1ntico | COGOP","og_description":"Las Bahamas \u201cAma a tu pr\u00f3jimo\u201d Mateo 22:39 dice: \u201cAmar\u00e1s a tu pr\u00f3jimo como a ti mismo\u201d. Este mandato viene del Antiguo Testamento, precisamente de Lev\u00edtico 19:18, que dice, \u201cNo te vengar\u00e1s, ni guardar\u00e1s rencor a los hijos de tu pueblo, sino amar\u00e1s a tu pr\u00f3jimo como a ti mismo. Yo Jehov\u00e1\u201d. La pregunta \u201c\u00bfqui\u00e9n [&hellip;]","og_url":"https:\/\/cogop.org\/es\/islas-del-caribe-y-del-oceano-atlantico-2\/","og_site_name":"COGOP","article_publisher":"https:\/\/www.facebook.com\/cogop","article_published_time":"2025-10-14T08:00:56+00:00","article_modified_time":"2025-10-14T15:19:51+00:00","og_image":[{"width":1280,"height":854,"url":"https:\/\/cogop.org\/wp-content\/uploads\/2025\/10\/IMG-20250903-WA0039.jpg","type":"image\/jpeg"}],"author":"Charlie Scruggs","twitter_card":"summary_large_image","twitter_creator":"@cogop","twitter_site":"@cogop","twitter_misc":{"Escrito por":"Charlie Scruggs","Tiempo de lectura":"10 minutos"},"schema":{"@context":"https:\/\/schema.org","@graph":[{"@type":"Article","@id":"https:\/\/cogop.org\/es\/islas-del-caribe-y-del-oceano-atlantico-2\/#article","isPartOf":{"@id":"https:\/\/cogop.org\/es\/islas-del-caribe-y-del-oceano-atlantico-2\/"},"author":{"name":"Charlie Scruggs","@id":"https:\/\/cogop.org\/#\/schema\/person\/6bfee56ce98d03b7d7dcd90594c4af6b"},"headline":"Islas del Caribe y del Oc\u00e9ano Atl\u00e1ntico","datePublished":"2025-10-14T08:00:56+00:00","dateModified":"2025-10-14T15:19:51+00:00","mainEntityOfPage":{"@id":"https:\/\/cogop.org\/es\/islas-del-caribe-y-del-oceano-atlantico-2\/"},"wordCount":2024,"publisher":{"@id":"https:\/\/cogop.org\/#organization"},"image":{"@id":"https:\/\/cogop.org\/es\/islas-del-caribe-y-del-oceano-atlantico-2\/#primaryimage"},"thumbnailUrl":"https:\/\/cogop.org\/wp-content\/uploads\/2025\/10\/IMG-20250903-WA0039.jpg","keywords":["Islas del Caribe y del Oc\u00e9ano Atl\u00e1ntico"],"articleSection":["Misiones Mundiales"],"inLanguage":"es"},{"@type":"WebPage","@id":"https:\/\/cogop.org\/es\/islas-del-caribe-y-del-oceano-atlantico-2\/","url":"https:\/\/cogop.org\/es\/islas-del-caribe-y-del-oceano-atlantico-2\/","name":"Islas del Caribe y del Oc\u00e9ano Atl\u00e1ntico | COGOP","isPartOf":{"@id":"https:\/\/cogop.org\/#website"},"primaryImageOfPage":{"@id":"https:\/\/cogop.org\/es\/islas-del-caribe-y-del-oceano-atlantico-2\/#primaryimage"},"image":{"@id":"https:\/\/cogop.org\/es\/islas-del-caribe-y-del-oceano-atlantico-2\/#primaryimage"},"thumbnailUrl":"https:\/\/cogop.org\/wp-content\/uploads\/2025\/10\/IMG-20250903-WA0039.jpg","datePublished":"2025-10-14T08:00:56+00:00","dateModified":"2025-10-14T15:19:51+00:00","inLanguage":"es","potentialAction":[{"@type":"ReadAction","target":["https:\/\/cogop.org\/es\/islas-del-caribe-y-del-oceano-atlantico-2\/"]}]},{"@type":"ImageObject","inLanguage":"es","@id":"https:\/\/cogop.org\/es\/islas-del-caribe-y-del-oceano-atlantico-2\/#primaryimage","url":"https:\/\/cogop.org\/wp-content\/uploads\/2025\/10\/IMG-20250903-WA0039.jpg","contentUrl":"https:\/\/cogop.org\/wp-content\/uploads\/2025\/10\/IMG-20250903-WA0039.jpg","width":1280,"height":854},{"@type":"BreadcrumbList","@id":"https:\/\/cogop.org\/es\/islas-del-caribe-y-del-oceano-atlantico-2\/#breadcrumb","itemListElement":[{"@type":"ListItem","position":1,"name":"Home","item":"https:\/\/cogop.org\/"},{"@type":"ListItem","position":2,"name":"Islas del Caribe y del Oc\u00e9ano Atl\u00e1ntico"}]},{"@type":"WebSite","@id":"https:\/\/cogop.org\/#website","url":"https:\/\/cogop.org\/","name":"Church of God of Prophecy","description":"Reconciling the World to Christ","publisher":{"@id":"https:\/\/cogop.org\/#organization"},"alternateName":"COGOP","potentialAction":[{"@type":"SearchAction","target":{"@type":"EntryPoint","urlTemplate":"https:\/\/cogop.org\/?s={search_term_string}"},"query-input":{"@type":"PropertyValueSpecification","valueRequired":true,"valueName":"search_term_string"}}],"inLanguage":"es"},{"@type":"Organization","@id":"https:\/\/cogop.org\/#organization","name":"Church of God of Prophecy","alternateName":"COGOP","url":"https:\/\/cogop.org\/","logo":{"@type":"ImageObject","inLanguage":"es","@id":"https:\/\/cogop.org\/#\/schema\/logo\/image\/","url":"https:\/\/cogop.org\/wp-content\/uploads\/2025\/01\/logo-cogop.webp","contentUrl":"https:\/\/cogop.org\/wp-content\/uploads\/2025\/01\/logo-cogop.webp","width":500,"height":118,"caption":"Church of God of Prophecy"},"image":{"@id":"https:\/\/cogop.org\/#\/schema\/logo\/image\/"},"sameAs":["https:\/\/www.facebook.com\/cogop","https:\/\/x.com\/cogop","https:\/\/www.instagram.com\/cogoppics\/","https:\/\/www.youtube.com\/@COGOPMedia","https:\/\/open.spotify.com\/user\/g1d13yyaprw0wrr2woer8edyp?si=a32b364b555f4d4d"]},{"@type":"Person","@id":"https:\/\/cogop.org\/#\/schema\/person\/6bfee56ce98d03b7d7dcd90594c4af6b","name":"Charlie Scruggs","image":{"@type":"ImageObject","inLanguage":"es","@id":"https:\/\/secure.gravatar.com\/avatar\/5c625851004478f5bd86245a070a2090fcb008cf91bfabf0162fca05d324663b?s=96&d=mm&r=g","url":"https:\/\/secure.gravatar.com\/avatar\/5c625851004478f5bd86245a070a2090fcb008cf91bfabf0162fca05d324663b?s=96&d=mm&r=g","contentUrl":"https:\/\/secure.gravatar.com\/avatar\/5c625851004478f5bd86245a070a2090fcb008cf91bfabf0162fca05d324663b?s=96&d=mm&r=g","caption":"Charlie Scruggs"}}]}},"_links":{"self":[{"href":"https:\/\/cogop.org\/es\/wp-json\/wp\/v2\/posts\/30416","targetHints":{"allow":["GET"]}}],"collection":[{"href":"https:\/\/cogop.org\/es\/wp-json\/wp\/v2\/posts"}],"about":[{"href":"https:\/\/cogop.org\/es\/wp-json\/wp\/v2\/types\/post"}],"author":[{"embeddable":true,"href":"https:\/\/cogop.org\/es\/wp-json\/wp\/v2\/users\/10"}],"replies":[{"embeddable":true,"href":"https:\/\/cogop.org\/es\/wp-json\/wp\/v2\/comments?post=30416"}],"version-history":[{"count":1,"href":"https:\/\/cogop.org\/es\/wp-json\/wp\/v2\/posts\/30416\/revisions"}],"predecessor-version":[{"id":30417,"href":"https:\/\/cogop.org\/es\/wp-json\/wp\/v2\/posts\/30416\/revisions\/30417"}],"wp:featuredmedia":[{"embeddable":true,"href":"https:\/\/cogop.org\/es\/wp-json\/wp\/v2\/media\/30365"}],"wp:attachment":[{"href":"https:\/\/cogop.org\/es\/wp-json\/wp\/v2\/media?parent=30416"}],"wp:term":[{"taxonomy":"category","embeddable":true,"href":"https:\/\/cogop.org\/es\/wp-json\/wp\/v2\/categories?post=30416"},{"taxonomy":"post_tag","embeddable":true,"href":"https:\/\/cogop.org\/es\/wp-json\/wp\/v2\/tags?post=30416"}],"curies":[{"name":"wp","href":"https:\/\/api.w.org\/{rel}","templated":true}]}}