{"id":30408,"date":"2025-10-20T08:00:54","date_gmt":"2025-10-20T08:00:54","guid":{"rendered":"https:\/\/cogop.org\/?p=30408"},"modified":"2025-10-20T08:00:54","modified_gmt":"2025-10-20T08:00:54","slug":"eurasia-y-el-oriente-medio-impulso-misionero-de-octubre","status":"publish","type":"post","link":"https:\/\/cogop.org\/es\/eurasia-y-el-oriente-medio-impulso-misionero-de-octubre\/","title":{"rendered":"Eurasia y el Oriente Medio: Impulso Misionero de Octubre"},"content":{"rendered":"<p>Eurasia y el Oriente Medio tuvieron un verano repleto de convenciones, eventos, retiros de familias y campamentos. A pesar de las dos guerras que se libran en nuestra regi\u00f3n y de las muchas tensiones religiosas y pol\u00edticas, agradecemos a Dios por todo lo que est\u00e1 haciendo. A continuaci\u00f3n, algunos testimonios de nuestras naciones:  <\/p>\n<p><b>Azerbaiy\u00e1n<\/b><\/p>\n<p>El pastor Jeyhun y su familia viven en un pa\u00eds musulm\u00e1n donde predicar el evangelio no es una labor f\u00e1cil. Sin embargo, este verano tuvieron la oportunidad de organizar un campamento para ni\u00f1os donde se predic\u00f3 la Palabra de Dios. Ruego sus continuas oraciones por \u00e9l y su familia. Les comparto su testimonio personal:   <\/p>\n<p>\u00a1Saludos! Del 2 al 5 de junio, nuestro grupo de j\u00f3venes tuvo un campamento en la regi\u00f3n de Gusar (a 180 km de Bak\u00fa). M\u00e1s de cincuenta personas participaron en el campamento, incluidos diez l\u00edderes y m\u00e1s de cuarenta ni\u00f1os. Esper\u00e1bamos unos treinta ni\u00f1os, pero asistieron m\u00e1s de cuarenta. Algunos de los ni\u00f1os eran de familias musulmanas. El campamento fue muy interesante; entre sus actividades hubo algunos juegos, comunicaci\u00f3n, testimonios de salvaci\u00f3n, ense\u00f1anzas b\u00edblicas e historias acerca de Jes\u00fas. Varios ni\u00f1os hicieron una oraci\u00f3n de arrepentimiento. Despu\u00e9s del campamento, el equipo de l\u00edderes contin\u00faa en contacto con ellos a trav\u00e9s de plataformas en l\u00ednea.       <\/p>\n<p><b>Ucrania<\/b><\/p>\n<p>Este verano, la directora nacional de j\u00f3venes, Irina y su esposo, junto con un gran equipo organizaron con \u00e9xito un campamento de j\u00f3venes con una asistencia de m\u00e1s de setenta personas. A pesar de las dif\u00edciles condiciones de viaje provocadas por la guerra, incluyendo carreteras da\u00f1adas y las constantes alertas de bombardeos, el Se\u00f1or nos guard\u00f3. Servimos a un Dios que es siempre fiel. Los j\u00f3venes llegaron, durmieron en tiendas de campa\u00f1as, hicieron manualidades y practicaron kayak. Tambi\u00e9n participaron de talleres espirituales y servicios llenos del Esp\u00edritu Santo que aumentaron su fe, y ocho adolescentes entregaron sus vidas a Cristo.     <\/p>\n<p>A pesar de los desaf\u00edos, nuestras iglesias, l\u00edderes y pastores sirven con incansable pasi\u00f3n y entrega. Han dedicado sus vidas a servir a las iglesias, comunidades y a alcanzar a los perdidos. El avivamiento ha comenzado en Ucrania. Rogamos sus continuas oraciones por nuestras iglesias y familias, y por la paz y protecci\u00f3n en esta regi\u00f3n.    <\/p>\n<p><b>Bulgaria<\/b><\/p>\n<p>Reciban un saludo afectuoso desde Bulgaria.<\/p>\n<p>Agradecemos su apoyo financiero y espiritual a favor de nuestra naci\u00f3n durante los \u00faltimos meses. A continuaci\u00f3n compartimos un informe sobre nuestras actividades durante este per\u00edodo. <\/p>\n<ul>\n<li><b>Bautismos en agua para nuevos miembros. <\/b>Los bautismos son en las iglesias y en el r\u00edo Danubio. La meta de la iglesia es ganar nuevas almas para el reino de Dios. Si las iglesias cuentan con un bautisterio, all\u00ed se bautizan a los nuevos creyentes. Si no, como suele ser el caso de las iglesias peque\u00f1as, los pastores los bautizan en los r\u00edos.   <\/li>\n<li><b>Evangelismo al aire libre.<\/b> Durante la primavera y el verano, el tiempo es c\u00e1lido, as\u00ed que se realizaron muchos cultos de evangelismo al aire libre en la aldea de Lehchevo, el pueblo de Lom y en otras localidades.  <\/li>\n<li><b>Reuniones de mujeres en Slivo Pole y Rousse.<\/b> En marzo, celebramos el D\u00eda de la Mujer con reuniones especiales que fueron de gran bendici\u00f3n para todas las mujeres que asistieron.  <\/li>\n<li><b>Celebraci\u00f3n de la Semana Santa en todas las IDP de Bulgaria. <\/b>Se organizaron programas para ni\u00f1os y j\u00f3venes, que incluyeron tiempos de adoraci\u00f3n, danza y obras de teatro. En Lom se present\u00f3 una obra de teatro sobre la crucifixi\u00f3n de Jes\u00fas que conmovi\u00f3 profundamente a muchos de los que presenciaron el drama por primera vez.  <\/li>\n<li><b>Regalos para los ni\u00f1os pobres de nuestra regi\u00f3n. <\/b>En las aldeas hay muchos ni\u00f1os que viven al borde de la pobreza. Tuvimos la oportunidad de repartirles regalos y compartirles la historia de la resurrecci\u00f3n de Jes\u00fas. Fue de gran bendici\u00f3n para ellos. <\/li>\n<\/ul>\n<p><b>Conferencia de pastores. <\/b>A principios de mayo, la iglesia madre de Rousse llev\u00f3 a cabo una conferencia de pastores dirigida por el presb\u00edtero general, el obispo Clayton Endecott. Esta conferencia marc\u00f3 el tercer m\u00f3dulo de estudios, y los pastores de la Iglesia de Dios de la Profec\u00eda en Bulgaria contin\u00faan prepar\u00e1ndose para proclamar el evangelio. El ambiente fue maravilloso y bendecido.  <\/p>\n<p><b>Seminario sobre los dones espirituales y el crecimiento espiritual. <\/b>El 10 de mayo se realiz\u00f3 un buen seminario sobre los dones y el crecimiento espiritual. Participaron creyentes de todas las denominaciones en nuestra ciudad. <\/p>\n<p><b>Lectura p\u00fablica de la Biblia. <\/b>El 24 de mayo es un d\u00eda para conmemorar la creaci\u00f3n del alfabeto b\u00falgaro por dos hermanos, Cirilo y Metodio. Por segunda ocasi\u00f3n en Rousse, con el permiso del alcalde y la participaci\u00f3n de todas las iglesias del pueblo, se realiz\u00f3 esta lectura de la Biblia. Las condiciones climatol\u00f3gicas no fueron tan favorables \u2013estuvo lloviendo\u2013 pero a pesar de todo, muchas personas asistieron a la actividad.  <\/p>\n<p><b>Servicios de j\u00f3venes. <\/b>Nuevos j\u00f3venes est\u00e1n a\u00f1adi\u00e9ndose a la IDP en nuestra regi\u00f3n. En Rousse, el ministerio est\u00e1 prosperando y el n\u00famero de adolescentes que asisten a los servicios va en aumento. <\/p>\n<p><b>Renovaci\u00f3n de dos salones en Rousse. <\/b>El verano es un buen tiempo para hacer renovaciones, pero no contamos con los fondos. El techo de todo el edificio necesita reparaci\u00f3n. <\/p>\n<p><b>Nuestras necesidades:<\/b><\/p>\n<p>\u00a1Por la paz en Ucrania, Israel y el mundo!<\/p>\n<p>Por la proclamaci\u00f3n del evangelio en todas las aldeas y pueblos de nuestra naci\u00f3n, para que cada d\u00eda m\u00e1s personas se unan a las iglesias.<\/p>\n<p>Apoyo financiero para la reparaci\u00f3n del techo del edificio de la iglesia madre en Rousse. Este techo est\u00e1 en muy mal estado y, cuando llueve, el agua cae sobre el p\u00falpito.  <\/p>\n<p>Apoyo [financiero] para la reparaci\u00f3n de la casa para el ministerio de ni\u00f1os en Vetovo. La iglesia tiene muchos ni\u00f1os, pero no hay suficiente espacio para ellos, porque solo hay un sal\u00f3n grande para los servicios. Cuenta con una casa peque\u00f1a, pero necesita ser reparada en su totalidad.  <\/p>\n<p>A nombre de todos los pastores de la IDP en Bulgaria, expresamos nuestro profundo agradecimiento por toda su ayuda financiera para el ministerio en nuestra naci\u00f3n. Contin\u00faen orando por nuestras necesidades espirituales y financieras. <\/p>\n<p>Obispo nacional Darin Ivanov<\/p>\n<p><b>Espa\u00f1a y Portugal<\/b><\/p>\n<p>\u201cAs\u00ed, pues, t\u00e9ngannos los hombres por servidores de Cristo, y administradores de los misterios de Dios. Ahora bien, se requiere de los administradores, que cada uno sea hallado fiel\u201d. (1 Corintios 4:1, 2)<\/p>\n<p>Estamos en el octavo mes del a\u00f1o 2025, un a\u00f1o en el que nos hemos aferrado a la fe, pidiendo a Dios que nos ayude a ser una iglesia <b>impulsada por el Esp\u00edritu Santo y centrada en un ministerio de excelencia<\/b>. Durante los \u00faltimos tres a\u00f1os, el Se\u00f1or ha dirigido nuestro camino a trav\u00e9s de diversos puntos importantes que han transformado nuestras vidas y reforzado nuestra labor. El crecimiento que estamos viendo nos anima a seguir adelante con corazones renovados, nuevas fuerzas y una visi\u00f3n de restauraci\u00f3n. Abrazamos la promesa de Isa\u00edas 61:3, 4:  <span class=\"Apple-converted-space\"> <\/span><\/p>\n<p>\u201c\u2026a ordenar que a los afligidos de Sion se les d\u00e9 gloria en lugar de ceniza, \u00f3leo de gozo en lugar de luto, manto de alegr\u00eda en lugar del esp\u00edritu angustiado; y ser\u00e1n llamados \u00e1rboles de justicia, plant\u00edo de Jehov\u00e1, para gloria suya. Reedificar\u00e1n las ruinas antiguas, y levantar\u00e1n los asolamientos primeros, y restaurar\u00e1n las ciudades arruinadas, los escombros de muchas generaciones\u201d. <\/p>\n<p><b>Espa\u00f1a<\/b><\/p>\n<p>Tiene una <b>membres\u00eda de 586 personas<\/b> y contamos con: <\/p>\n<ul>\n<li><b>Siete iglesias organizadas<\/b> \u2013 Elche, Vireyamat (Barcelona), Su Presencia (Barcelona), Vallecas, Madrid, Zaragoza, Mallorca y Valencia<\/li>\n<li>Cinco misiones organizadas \u2013 Su Presencia (Madrid), Donostia (Pa\u00eds Vasco), Figueres (Catalu\u00f1a), Gerona (Catalu\u00f1a) y Baza (Andaluc\u00eda)<\/li>\n<li><b>Tres grupos en proceso de ser organizados \u2013<\/b> Alicante, Monz\u00f3n (Arag\u00f3n) y Adonai (Barcelona)<\/li>\n<li><b>Tres campos misioneros en hogares \u2013 <\/b>Toledo, Alcal\u00e1 de Henares y Sevilla<\/li>\n<li><b>Posible apertura \u2013 <\/b>Murcia Centro<\/li>\n<\/ul>\n<p>Cuatro a\u00f1os atr\u00e1s, Espa\u00f1a ten\u00eda nueve puntos de predicaci\u00f3n y <b>200 miembros<\/b>; hoy, para la gloria de Dios, tenemos <b>18 puntos de predicaci\u00f3n y 586 miembros<\/b>, sin contar a los nuevos convertidos y amigos de la fe. Continuamos trabajando en la <b>legalizaci\u00f3n de los templos,<\/b> la <b>b\u00fasqueda de nuevos espacios<\/b> y la evangelizaci\u00f3n a trav\u00e9s de la <b>Asociaci\u00f3n La Mesa y El Camino<\/b>. Tras nuestros esfuerzos de evangelismo en Murcia Centro, una pareja abri\u00f3 las puertas de su hogar y hemos comenzado a discipularlos. El <b>pastor Carlos Mendoza<\/b> est\u00e1 supervisando el proceso.  <\/p>\n<p><a href=\"https:\/\/vimeo.com\/1124177549?autoplay=1&amp;muted=1&amp;stream_id=Y2xpcHN8MzQzMjEwOTF8aWQ6ZGVzY3xbXQ%3D%3D\"><b>VIDEO DE ESPA\u00d1A<\/b><\/a><\/p>\n<p>&nbsp;<\/p>\n<p><b>Portugal<\/b><\/p>\n<p>La iglesia en Portugal se mantiene firme con <b>veintinueve miembros activos<\/b> y un \u00e9nfasis s\u00f3lido en el discipulado:<\/p>\n<ul>\n<li><b>Fundamentos: Programa de Formaci\u00f3n del Ministro (PFM)<\/b> tiene <b>17 estudiantes en<\/b> <b>l\u00ednea y 11 presenciales.<\/b><\/li>\n<li>En mayo, el obispo Hernandes Fernandes (de Brasil) imparti\u00f3 el curso \u201cLa vida personal del ministro\u201d.<span class=\"Apple-converted-space\"> <\/span><\/li>\n<li>Agradecemos profundamente al <b>pastor Ramanh Moreira<\/b> y a su esposa, <b>Renata<\/b>, por su fiel colaboraci\u00f3n en el sostenimiento de la obra y el avance de nuestra visi\u00f3n misionera.<\/li>\n<\/ul>\n<p>&nbsp;<\/p>\n<p><b>Con\u00e9ctate<\/b><\/p>\n<p>Cada dos a\u00f1os celebramos una conferencia de j\u00f3venes para las naciones de Eurasia y el Oriente Medio. Europa vive tiempos dif\u00edciles. El impacto que las guerras han causado en nuestras naciones, corazones, iglesias, econom\u00eda y fronteras es grave. Todo esto dificult\u00f3 en gran manera la planificaci\u00f3n de nuestra conferencia de j\u00f3venes bianual; pero cuanto m\u00e1s grandes son los obst\u00e1culos, mayor es el impacto de las grandes bendiciones de Dios.    <\/p>\n<p>Nos complace compartir que 380 personas de diecisiete naciones se reunieron para adorar a Jesucristo. Nuestro programa y servicios fueron interpretados en ocho idiomas. A nombre del Ministerio de J\u00f3venes de Eurasia y el Oriente Medio, honramos y expresamos nuestra gratitud al director internacional del Ministerio de J\u00f3venes, el obispo Kirk Rising, quien dedic\u00f3 tiempo, ministr\u00f3 y dirigi\u00f3 la conferencia junto con nuestro equipo. Sus oraciones, motivaci\u00f3n y amor hicieron que este evento fuera posible a pesar de los grandes desaf\u00edos en el camino. Asimismo, honramos a nuestro presb\u00edtero general, el obispo Endecott y a su esposa, la hermana Wanda, quienes invirtieron financiera y espiritualmente para ayudar a la pr\u00f3xima generaci\u00f3n de siervos en Europa.    <\/p>\n<p>Es una bendici\u00f3n servir junto a este ministerio generacional, y estamos agradecidos de poder llamar a todos familia, ya que servimos a un Dios que obra a trav\u00e9s de cada generaci\u00f3n. \u201cBusqu\u00e9 a Jehov\u00e1, y \u00e9l me oy\u00f3\u2026\u201d (Salmo 34:4).  <\/p>\n<p>Una vez m\u00e1s este a\u00f1o, jovencitos y j\u00f3venes adultos fueron llamados al ministerio, vidas fueron salvadas, muchos fueron llenos del Esp\u00edritu Santo, otros [recibieron] sanidad, y la lista de testimonios de esta conferencia contin\u00faa.<\/p>\n<p>Adem\u00e1s de nuestro \u00e9nfasis para j\u00f3venes, tuvimos el privilegio de trabajar con las l\u00edderes del Ministerio de Ni\u00f1os, Joy Hensley y Rebekka Leuschner; ambas dieron clases para equipar a nuevos l\u00edderes.<\/p>\n<p>\u201cLev\u00e1ntate, resplandece; porque ha venido tu luz, y la gloria de Jehov\u00e1 ha nacido sobre ti\u201d. (Isa\u00edas 60:1). \u00a1Lev\u00e1ntate, pr\u00f3xima generaci\u00f3n de Europa, porque la gloria del Se\u00f1or resplandece sobre ti! Ay\u00fadenos a orar para que esta nueva generaci\u00f3n se prepare para cumplir el prop\u00f3sito de Dios y se \u201clevante\u201d [para dar testimonio de] nuestro Salvador.  <\/p>\n<p>Nuestros servicios fueron transmitidos por YouTube. Vea los videos en: <span class=\"Apple-converted-space\"> <\/span><\/p>\n<p>https:\/\/www.youtube.com\/@YMCOGOPEU\/streams.<\/p>\n<p>https:\/\/www.youtube.com\/@YMCOGOPEU\/streams.<\/p>\n<p>Tessa y Jo Dietze<span class=\"Apple-converted-space\"> <\/span><\/p>\n<p>YM Wider Europe and Middle East<span class=\"Apple-converted-space\"> <\/span><\/p>\n","protected":false},"excerpt":{"rendered":"<p>Eurasia y el Oriente Medio tuvieron un verano repleto de convenciones, eventos, retiros de familias y campamentos. A pesar de las dos guerras que se libran en nuestra regi\u00f3n y de las muchas tensiones religiosas y pol\u00edticas, agradecemos a Dios por todo lo que est\u00e1 haciendo. A continuaci\u00f3n, algunos testimonios de nuestras naciones: Azerbaiy\u00e1n El [&hellip;]<\/p>\n","protected":false},"author":10,"featured_media":30390,"comment_status":"closed","ping_status":"open","sticky":false,"template":"","format":"standard","meta":{"_acf_changed":false,"_monsterinsights_skip_tracking":false,"_monsterinsights_sitenote_active":false,"_monsterinsights_sitenote_note":"","_monsterinsights_sitenote_category":0,"_uf_show_specific_survey":0,"_uf_disable_surveys":false,"footnotes":""},"categories":[163],"tags":[117],"class_list":["post-30408","post","type-post","status-publish","format-standard","has-post-thumbnail","hentry","category-misiones-mundiales","tag-eurasia-y-el-oriente-medio"],"acf":[],"yoast_head":"<!-- This site is optimized with the Yoast SEO plugin v27.4 - https:\/\/yoast.com\/product\/yoast-seo-wordpress\/ -->\n<title>Eurasia y el Oriente Medio: Impulso Misionero de Octubre | COGOP<\/title>\n<meta name=\"robots\" content=\"index, follow, max-snippet:-1, max-image-preview:large, max-video-preview:-1\" \/>\n<link rel=\"canonical\" href=\"https:\/\/cogop.org\/wider-europe-and-middle-east-october-mission-drive\/\" \/>\n<meta property=\"og:locale\" content=\"es_ES\" \/>\n<meta property=\"og:type\" content=\"article\" \/>\n<meta property=\"og:title\" content=\"Eurasia y el Oriente Medio: Impulso Misionero de Octubre | COGOP\" \/>\n<meta property=\"og:description\" content=\"Eurasia y el Oriente Medio tuvieron un verano repleto de convenciones, eventos, retiros de familias y campamentos. A pesar de las dos guerras que se libran en nuestra regi\u00f3n y de las muchas tensiones religiosas y pol\u00edticas, agradecemos a Dios por todo lo que est\u00e1 haciendo. A continuaci\u00f3n, algunos testimonios de nuestras naciones: Azerbaiy\u00e1n El [&hellip;]\" \/>\n<meta property=\"og:url\" content=\"https:\/\/cogop.org\/wider-europe-and-middle-east-october-mission-drive\/\" \/>\n<meta property=\"og:site_name\" content=\"COGOP\" \/>\n<meta property=\"article:publisher\" content=\"https:\/\/www.facebook.com\/cogop\" \/>\n<meta property=\"article:published_time\" content=\"2025-10-20T08:00:54+00:00\" \/>\n<meta property=\"og:image\" content=\"https:\/\/cogop.org\/wp-content\/uploads\/2025\/10\/DSC00084-2-scaled.jpg\" \/>\n\t<meta property=\"og:image:width\" content=\"2560\" \/>\n\t<meta property=\"og:image:height\" content=\"1707\" \/>\n\t<meta property=\"og:image:type\" content=\"image\/jpeg\" \/>\n<meta name=\"author\" content=\"Charlie Scruggs\" \/>\n<meta name=\"twitter:card\" content=\"summary_large_image\" \/>\n<meta name=\"twitter:creator\" content=\"@cogop\" \/>\n<meta name=\"twitter:site\" content=\"@cogop\" \/>\n<meta name=\"twitter:label1\" content=\"Escrito por\" \/>\n\t<meta name=\"twitter:data1\" content=\"Charlie Scruggs\" \/>\n\t<meta name=\"twitter:label2\" content=\"Tiempo de lectura\" \/>\n\t<meta name=\"twitter:data2\" content=\"10 minutos\" \/>\n<script type=\"application\/ld+json\" class=\"yoast-schema-graph\">{\"@context\":\"https:\\\/\\\/schema.org\",\"@graph\":[{\"@type\":\"Article\",\"@id\":\"https:\\\/\\\/cogop.org\\\/wider-europe-and-middle-east-october-mission-drive\\\/#article\",\"isPartOf\":{\"@id\":\"https:\\\/\\\/cogop.org\\\/wider-europe-and-middle-east-october-mission-drive\\\/\"},\"author\":{\"name\":\"Charlie Scruggs\",\"@id\":\"https:\\\/\\\/cogop.org\\\/#\\\/schema\\\/person\\\/6bfee56ce98d03b7d7dcd90594c4af6b\"},\"headline\":\"Eurasia y el Oriente Medio: Impulso Misionero de Octubre\",\"datePublished\":\"2025-10-20T08:00:54+00:00\",\"mainEntityOfPage\":{\"@id\":\"https:\\\/\\\/cogop.org\\\/wider-europe-and-middle-east-october-mission-drive\\\/\"},\"wordCount\":1994,\"publisher\":{\"@id\":\"https:\\\/\\\/cogop.org\\\/#organization\"},\"image\":{\"@id\":\"https:\\\/\\\/cogop.org\\\/wider-europe-and-middle-east-october-mission-drive\\\/#primaryimage\"},\"thumbnailUrl\":\"https:\\\/\\\/cogop.org\\\/wp-content\\\/uploads\\\/2025\\\/10\\\/DSC00084-2-scaled.jpg\",\"keywords\":[\"Eurasia Y El Oriente Medio\"],\"articleSection\":[\"Misiones Mundiales\"],\"inLanguage\":\"es\"},{\"@type\":\"WebPage\",\"@id\":\"https:\\\/\\\/cogop.org\\\/wider-europe-and-middle-east-october-mission-drive\\\/\",\"url\":\"https:\\\/\\\/cogop.org\\\/wider-europe-and-middle-east-october-mission-drive\\\/\",\"name\":\"Eurasia y el Oriente Medio: Impulso Misionero de Octubre | COGOP\",\"isPartOf\":{\"@id\":\"https:\\\/\\\/cogop.org\\\/#website\"},\"primaryImageOfPage\":{\"@id\":\"https:\\\/\\\/cogop.org\\\/wider-europe-and-middle-east-october-mission-drive\\\/#primaryimage\"},\"image\":{\"@id\":\"https:\\\/\\\/cogop.org\\\/wider-europe-and-middle-east-october-mission-drive\\\/#primaryimage\"},\"thumbnailUrl\":\"https:\\\/\\\/cogop.org\\\/wp-content\\\/uploads\\\/2025\\\/10\\\/DSC00084-2-scaled.jpg\",\"datePublished\":\"2025-10-20T08:00:54+00:00\",\"inLanguage\":\"es\",\"potentialAction\":[{\"@type\":\"ReadAction\",\"target\":[\"https:\\\/\\\/cogop.org\\\/wider-europe-and-middle-east-october-mission-drive\\\/\"]}]},{\"@type\":\"ImageObject\",\"inLanguage\":\"es\",\"@id\":\"https:\\\/\\\/cogop.org\\\/wider-europe-and-middle-east-october-mission-drive\\\/#primaryimage\",\"url\":\"https:\\\/\\\/cogop.org\\\/wp-content\\\/uploads\\\/2025\\\/10\\\/DSC00084-2-scaled.jpg\",\"contentUrl\":\"https:\\\/\\\/cogop.org\\\/wp-content\\\/uploads\\\/2025\\\/10\\\/DSC00084-2-scaled.jpg\",\"width\":2560,\"height\":1707},{\"@type\":\"BreadcrumbList\",\"@id\":\"https:\\\/\\\/cogop.org\\\/wider-europe-and-middle-east-october-mission-drive\\\/#breadcrumb\",\"itemListElement\":[{\"@type\":\"ListItem\",\"position\":1,\"name\":\"Home\",\"item\":\"https:\\\/\\\/cogop.org\\\/\"},{\"@type\":\"ListItem\",\"position\":2,\"name\":\"Eurasia y el Oriente Medio: Impulso Misionero de Octubre\"}]},{\"@type\":\"WebSite\",\"@id\":\"https:\\\/\\\/cogop.org\\\/#website\",\"url\":\"https:\\\/\\\/cogop.org\\\/\",\"name\":\"Church of God of Prophecy\",\"description\":\"Reconciling the World to Christ\",\"publisher\":{\"@id\":\"https:\\\/\\\/cogop.org\\\/#organization\"},\"alternateName\":\"COGOP\",\"potentialAction\":[{\"@type\":\"SearchAction\",\"target\":{\"@type\":\"EntryPoint\",\"urlTemplate\":\"https:\\\/\\\/cogop.org\\\/?s={search_term_string}\"},\"query-input\":{\"@type\":\"PropertyValueSpecification\",\"valueRequired\":true,\"valueName\":\"search_term_string\"}}],\"inLanguage\":\"es\"},{\"@type\":\"Organization\",\"@id\":\"https:\\\/\\\/cogop.org\\\/#organization\",\"name\":\"Church of God of Prophecy\",\"alternateName\":\"COGOP\",\"url\":\"https:\\\/\\\/cogop.org\\\/\",\"logo\":{\"@type\":\"ImageObject\",\"inLanguage\":\"es\",\"@id\":\"https:\\\/\\\/cogop.org\\\/#\\\/schema\\\/logo\\\/image\\\/\",\"url\":\"https:\\\/\\\/cogop.org\\\/wp-content\\\/uploads\\\/2025\\\/01\\\/logo-cogop.webp\",\"contentUrl\":\"https:\\\/\\\/cogop.org\\\/wp-content\\\/uploads\\\/2025\\\/01\\\/logo-cogop.webp\",\"width\":500,\"height\":118,\"caption\":\"Church of God of Prophecy\"},\"image\":{\"@id\":\"https:\\\/\\\/cogop.org\\\/#\\\/schema\\\/logo\\\/image\\\/\"},\"sameAs\":[\"https:\\\/\\\/www.facebook.com\\\/cogop\",\"https:\\\/\\\/x.com\\\/cogop\",\"https:\\\/\\\/www.instagram.com\\\/cogoppics\\\/\",\"https:\\\/\\\/www.youtube.com\\\/@COGOPMedia\",\"https:\\\/\\\/open.spotify.com\\\/user\\\/g1d13yyaprw0wrr2woer8edyp?si=a32b364b555f4d4d\"]},{\"@type\":\"Person\",\"@id\":\"https:\\\/\\\/cogop.org\\\/#\\\/schema\\\/person\\\/6bfee56ce98d03b7d7dcd90594c4af6b\",\"name\":\"Charlie Scruggs\",\"image\":{\"@type\":\"ImageObject\",\"inLanguage\":\"es\",\"@id\":\"https:\\\/\\\/secure.gravatar.com\\\/avatar\\\/5c625851004478f5bd86245a070a2090fcb008cf91bfabf0162fca05d324663b?s=96&d=mm&r=g\",\"url\":\"https:\\\/\\\/secure.gravatar.com\\\/avatar\\\/5c625851004478f5bd86245a070a2090fcb008cf91bfabf0162fca05d324663b?s=96&d=mm&r=g\",\"contentUrl\":\"https:\\\/\\\/secure.gravatar.com\\\/avatar\\\/5c625851004478f5bd86245a070a2090fcb008cf91bfabf0162fca05d324663b?s=96&d=mm&r=g\",\"caption\":\"Charlie Scruggs\"}}]}<\/script>\n<!-- \/ Yoast SEO plugin. -->","yoast_head_json":{"title":"Eurasia y el Oriente Medio: Impulso Misionero de Octubre | COGOP","robots":{"index":"index","follow":"follow","max-snippet":"max-snippet:-1","max-image-preview":"max-image-preview:large","max-video-preview":"max-video-preview:-1"},"canonical":"https:\/\/cogop.org\/wider-europe-and-middle-east-october-mission-drive\/","og_locale":"es_ES","og_type":"article","og_title":"Eurasia y el Oriente Medio: Impulso Misionero de Octubre | COGOP","og_description":"Eurasia y el Oriente Medio tuvieron un verano repleto de convenciones, eventos, retiros de familias y campamentos. A pesar de las dos guerras que se libran en nuestra regi\u00f3n y de las muchas tensiones religiosas y pol\u00edticas, agradecemos a Dios por todo lo que est\u00e1 haciendo. A continuaci\u00f3n, algunos testimonios de nuestras naciones: Azerbaiy\u00e1n El [&hellip;]","og_url":"https:\/\/cogop.org\/wider-europe-and-middle-east-october-mission-drive\/","og_site_name":"COGOP","article_publisher":"https:\/\/www.facebook.com\/cogop","article_published_time":"2025-10-20T08:00:54+00:00","og_image":[{"width":2560,"height":1707,"url":"https:\/\/cogop.org\/wp-content\/uploads\/2025\/10\/DSC00084-2-scaled.jpg","type":"image\/jpeg"}],"author":"Charlie Scruggs","twitter_card":"summary_large_image","twitter_creator":"@cogop","twitter_site":"@cogop","twitter_misc":{"Escrito por":"Charlie Scruggs","Tiempo de lectura":"10 minutos"},"schema":{"@context":"https:\/\/schema.org","@graph":[{"@type":"Article","@id":"https:\/\/cogop.org\/wider-europe-and-middle-east-october-mission-drive\/#article","isPartOf":{"@id":"https:\/\/cogop.org\/wider-europe-and-middle-east-october-mission-drive\/"},"author":{"name":"Charlie Scruggs","@id":"https:\/\/cogop.org\/#\/schema\/person\/6bfee56ce98d03b7d7dcd90594c4af6b"},"headline":"Eurasia y el Oriente Medio: Impulso Misionero de Octubre","datePublished":"2025-10-20T08:00:54+00:00","mainEntityOfPage":{"@id":"https:\/\/cogop.org\/wider-europe-and-middle-east-october-mission-drive\/"},"wordCount":1994,"publisher":{"@id":"https:\/\/cogop.org\/#organization"},"image":{"@id":"https:\/\/cogop.org\/wider-europe-and-middle-east-october-mission-drive\/#primaryimage"},"thumbnailUrl":"https:\/\/cogop.org\/wp-content\/uploads\/2025\/10\/DSC00084-2-scaled.jpg","keywords":["Eurasia Y El Oriente Medio"],"articleSection":["Misiones Mundiales"],"inLanguage":"es"},{"@type":"WebPage","@id":"https:\/\/cogop.org\/wider-europe-and-middle-east-october-mission-drive\/","url":"https:\/\/cogop.org\/wider-europe-and-middle-east-october-mission-drive\/","name":"Eurasia y el Oriente Medio: Impulso Misionero de Octubre | COGOP","isPartOf":{"@id":"https:\/\/cogop.org\/#website"},"primaryImageOfPage":{"@id":"https:\/\/cogop.org\/wider-europe-and-middle-east-october-mission-drive\/#primaryimage"},"image":{"@id":"https:\/\/cogop.org\/wider-europe-and-middle-east-october-mission-drive\/#primaryimage"},"thumbnailUrl":"https:\/\/cogop.org\/wp-content\/uploads\/2025\/10\/DSC00084-2-scaled.jpg","datePublished":"2025-10-20T08:00:54+00:00","inLanguage":"es","potentialAction":[{"@type":"ReadAction","target":["https:\/\/cogop.org\/wider-europe-and-middle-east-october-mission-drive\/"]}]},{"@type":"ImageObject","inLanguage":"es","@id":"https:\/\/cogop.org\/wider-europe-and-middle-east-october-mission-drive\/#primaryimage","url":"https:\/\/cogop.org\/wp-content\/uploads\/2025\/10\/DSC00084-2-scaled.jpg","contentUrl":"https:\/\/cogop.org\/wp-content\/uploads\/2025\/10\/DSC00084-2-scaled.jpg","width":2560,"height":1707},{"@type":"BreadcrumbList","@id":"https:\/\/cogop.org\/wider-europe-and-middle-east-october-mission-drive\/#breadcrumb","itemListElement":[{"@type":"ListItem","position":1,"name":"Home","item":"https:\/\/cogop.org\/"},{"@type":"ListItem","position":2,"name":"Eurasia y el Oriente Medio: Impulso Misionero de Octubre"}]},{"@type":"WebSite","@id":"https:\/\/cogop.org\/#website","url":"https:\/\/cogop.org\/","name":"Church of God of Prophecy","description":"Reconciling the World to Christ","publisher":{"@id":"https:\/\/cogop.org\/#organization"},"alternateName":"COGOP","potentialAction":[{"@type":"SearchAction","target":{"@type":"EntryPoint","urlTemplate":"https:\/\/cogop.org\/?s={search_term_string}"},"query-input":{"@type":"PropertyValueSpecification","valueRequired":true,"valueName":"search_term_string"}}],"inLanguage":"es"},{"@type":"Organization","@id":"https:\/\/cogop.org\/#organization","name":"Church of God of Prophecy","alternateName":"COGOP","url":"https:\/\/cogop.org\/","logo":{"@type":"ImageObject","inLanguage":"es","@id":"https:\/\/cogop.org\/#\/schema\/logo\/image\/","url":"https:\/\/cogop.org\/wp-content\/uploads\/2025\/01\/logo-cogop.webp","contentUrl":"https:\/\/cogop.org\/wp-content\/uploads\/2025\/01\/logo-cogop.webp","width":500,"height":118,"caption":"Church of God of Prophecy"},"image":{"@id":"https:\/\/cogop.org\/#\/schema\/logo\/image\/"},"sameAs":["https:\/\/www.facebook.com\/cogop","https:\/\/x.com\/cogop","https:\/\/www.instagram.com\/cogoppics\/","https:\/\/www.youtube.com\/@COGOPMedia","https:\/\/open.spotify.com\/user\/g1d13yyaprw0wrr2woer8edyp?si=a32b364b555f4d4d"]},{"@type":"Person","@id":"https:\/\/cogop.org\/#\/schema\/person\/6bfee56ce98d03b7d7dcd90594c4af6b","name":"Charlie Scruggs","image":{"@type":"ImageObject","inLanguage":"es","@id":"https:\/\/secure.gravatar.com\/avatar\/5c625851004478f5bd86245a070a2090fcb008cf91bfabf0162fca05d324663b?s=96&d=mm&r=g","url":"https:\/\/secure.gravatar.com\/avatar\/5c625851004478f5bd86245a070a2090fcb008cf91bfabf0162fca05d324663b?s=96&d=mm&r=g","contentUrl":"https:\/\/secure.gravatar.com\/avatar\/5c625851004478f5bd86245a070a2090fcb008cf91bfabf0162fca05d324663b?s=96&d=mm&r=g","caption":"Charlie Scruggs"}}]}},"_links":{"self":[{"href":"https:\/\/cogop.org\/es\/wp-json\/wp\/v2\/posts\/30408","targetHints":{"allow":["GET"]}}],"collection":[{"href":"https:\/\/cogop.org\/es\/wp-json\/wp\/v2\/posts"}],"about":[{"href":"https:\/\/cogop.org\/es\/wp-json\/wp\/v2\/types\/post"}],"author":[{"embeddable":true,"href":"https:\/\/cogop.org\/es\/wp-json\/wp\/v2\/users\/10"}],"replies":[{"embeddable":true,"href":"https:\/\/cogop.org\/es\/wp-json\/wp\/v2\/comments?post=30408"}],"version-history":[{"count":1,"href":"https:\/\/cogop.org\/es\/wp-json\/wp\/v2\/posts\/30408\/revisions"}],"predecessor-version":[{"id":30880,"href":"https:\/\/cogop.org\/es\/wp-json\/wp\/v2\/posts\/30408\/revisions\/30880"}],"wp:featuredmedia":[{"embeddable":true,"href":"https:\/\/cogop.org\/es\/wp-json\/wp\/v2\/media\/30390"}],"wp:attachment":[{"href":"https:\/\/cogop.org\/es\/wp-json\/wp\/v2\/media?parent=30408"}],"wp:term":[{"taxonomy":"category","embeddable":true,"href":"https:\/\/cogop.org\/es\/wp-json\/wp\/v2\/categories?post=30408"},{"taxonomy":"post_tag","embeddable":true,"href":"https:\/\/cogop.org\/es\/wp-json\/wp\/v2\/tags?post=30408"}],"curies":[{"name":"wp","href":"https:\/\/api.w.org\/{rel}","templated":true}]}}