{"id":29203,"date":"2025-09-08T08:00:52","date_gmt":"2025-09-08T08:00:52","guid":{"rendered":"https:\/\/cogop.org\/la-justicia-social-como-parte-de-la-gran-comision\/"},"modified":"2025-09-08T08:00:52","modified_gmt":"2025-09-08T08:00:52","slug":"la-justicia-social-como-parte-de-la-gran-comision","status":"publish","type":"post","link":"https:\/\/cogop.org\/es\/la-justicia-social-como-parte-de-la-gran-comision\/","title":{"rendered":"La justicia social como parte de la gran comisi\u00f3n"},"content":{"rendered":"<p>La gran comisi\u00f3n no es una sugerencia, es un mandato divino. El mandato de Jes\u00fas en Mateo 28:19, 20 de \u201cid, y haced disc\u00edpulos a todas las naciones\u201d siempre ha sido fundamental para nuestra misi\u00f3n. Pero \u00bfqu\u00e9 si entendi\u00e9ramos esta misi\u00f3n m\u00e1s plenamente, no solo como proclamaci\u00f3n, sino como demostraci\u00f3n? \u00bfQu\u00e9 si la gran comisi\u00f3n y la justicia social no fueran visiones contrapuestas, sino expresiones complementarias del amor redentor de Dios?   <\/p>\n<p>Como pentecostales comprometidos con reconciliar al mundo con Cristo a trav\u00e9s del poder del Esp\u00edritu Santo, debemos abordar las luchas reales que enfrenta la gente al mismo tiempo que proclamamos la esperanza de la eternidad. Realidades como la pobreza, carencia de vivienda, la discriminaci\u00f3n y las desigualdades educativas no son preocupaciones secundarias, sino barreras que impiden el desarrollo humano y muchas veces son obst\u00e1culos para que la gente escuche el evangelio. El conocido te\u00f3logo alem\u00e1n Dietrich Bonhoeffer destac\u00f3 la importancia de ver a las personas a trav\u00e9s del lente de su sufrimiento. No conozco el origen de la siguiente afirmaci\u00f3n, pero es muy acertada: \u201cServir a las personas en su sufrimiento, no diluye el mensaje, sino que lo magnifica\u201d.   <\/p>\n<p>Jes\u00fas no solo predic\u00f3 en las sinagogas; tambi\u00e9n san\u00f3 a los leprosos, aliment\u00f3 a los hambrientos, se preocup\u00f3 por los marginados y restaur\u00f3 a los quebrantados. Su proclamaci\u00f3n del reino siempre estuvo acompa\u00f1ada por Su ministerio hacia los pobres y marginados. En Lucas 4:18, Jes\u00fas declar\u00f3: \u201cEl Esp\u00edritu del Se\u00f1or est\u00e1 sobre m\u00ed&#8230;\u201d Esta unci\u00f3n le dio poder para proclamar las buenas nuevas a los pobres, pero tambi\u00e9n lo ungi\u00f3 para proclamar libertad, sanidad y liberaci\u00f3n a los oprimidos. La unci\u00f3n de Jes\u00fas no se limit\u00f3 al \u00e1mbito espiritual \u00fanicamente, incluy\u00f3 todos los aspectos de Su ministerio pr\u00e1ctico.    <span class=\"Apple-converted-space\"> <\/span><\/p>\n<p>La iglesia primitiva sigui\u00f3 Su ejemplo. En Hechos 6, leemos que los ap\u00f3stoles atendieron el descuido que hab\u00eda hacia las viudas en la distribuci\u00f3n diaria de comida, nombrando a l\u00edderes llenos del Esp\u00edritu para que se aseguraran de que hubiera justicia con ellas. El buen samaritano no ignor\u00f3 al hombre que hab\u00eda sido asaltado y yac\u00eda en el camino herido; vend\u00f3 sus heridas y lo cuid\u00f3. Pedro no ignor\u00f3 ni se molest\u00f3 con el hombre que estaba junto a la puerta del templo cuando \u00e9l estaba a punto de entrar a orar; sino que lo san\u00f3. Santiago 2:17 dice que \u201c\u2026la fe, si no tiene obras, es muerta\u201d y que la verdadera religi\u00f3n cuida de los hu\u00e9rfanos y las viudas (1:27).    <\/p>\n<p>El evangelismo y la acci\u00f3n social representan las dos alas del mismo p\u00e1jaro. La justicia social, guiada por el Esp\u00edritu y centrada en Cristo, no es una distracci\u00f3n del evangelismo; sino lo que muchas veces prepara el coraz\u00f3n para el mensaje. En algunas comunidades, la gente no \u201cescuchar\u00e1\u201d el evangelio hasta que lo \u201cvean\u201d. Un bocado de comida no es la salvaci\u00f3n, pero puede ser la puerta a trav\u00e9s de la cual llegue la salvaci\u00f3n.   <\/p>\n<p>No debemos realizar acciones sociales por el simple hecho de hacerlo. Nuestra misi\u00f3n no es el activismo, sino la reconciliaci\u00f3n. Esta es la raz\u00f3n por la cual todo lo que hacemos debe estar dirigido el Esp\u00edritu Santo. La unci\u00f3n del Esp\u00edritu no es solo para hablar en lenguas u operar se\u00f1ales y prodigios; tambi\u00e9n es dada para defender a los que no tienen voz, para derribar barreras de divisi\u00f3n y actuar con justicia, amar la misericordia y caminar en humildad con Dios (Miqueas 6:8). El verdadero poder de Pentecost\u00e9s se manifiesta tanto en el p\u00falpito como en la alacena, en el santuario y en la calle.    <\/p>\n<p>Pueda que a algunos les preocupe que el \u00e9nfasis en la justicia podr\u00eda disminuir nuestro compromiso con la predicaci\u00f3n del evangelio. Es una preocupaci\u00f3n v\u00e1lida. Sin embargo, le exhorto a considerar estos esfuerzos no como un reemplazo de nuestra predicaci\u00f3n, sino como una extensi\u00f3n del mismo. [Esfuerzos como] ayudar a un ni\u00f1o a salir del analfabetismo, asistir a una madre sin hogar a encontrar refugio, ayudar a una comunidad dividida a encontrar unidad no son solo \u00e9xitos sociales; tambi\u00e9n son victorias espirituales cuando se hacen en el nombre de Jes\u00fas a trav\u00e9s del poder del Esp\u00edritu Santo.    <span class=\"Apple-converted-space\"> <\/span><\/p>\n<p>Cuando las cosas se hacen correctamente, la justicia social no significa que la iglesia pierda su voz; por el contrario, gana voz en el mundo. No significa que la iglesia pierda el mensaje del evangelio; m\u00e1s bien, la iglesia vive el mensaje que predica. As\u00ed que&#8230; \u00a1VIVA CON PASI\u00d3N! \u00a1AME A LO GRANDE! \u00a1SIRVA A LO GRANDE! \u00a1Es lo que har\u00eda Jes\u00fas!     <\/p>\n","protected":false},"excerpt":{"rendered":"<p>La gran comisi\u00f3n no es una sugerencia, es un mandato divino. El mandato de Jes\u00fas en Mateo 28:19, 20 de \u201cid, y haced disc\u00edpulos a todas las naciones\u201d siempre ha sido fundamental para nuestra misi\u00f3n. Pero \u00bfqu\u00e9 si entendi\u00e9ramos esta misi\u00f3n m\u00e1s plenamente, no solo como proclamaci\u00f3n, sino como demostraci\u00f3n? \u00bfQu\u00e9 si la gran comisi\u00f3n [&hellip;]<\/p>\n","protected":false},"author":10,"featured_media":28514,"comment_status":"closed","ping_status":"open","sticky":false,"template":"","format":"standard","meta":{"_acf_changed":false,"_monsterinsights_skip_tracking":false,"_monsterinsights_sitenote_active":false,"_monsterinsights_sitenote_note":"","_monsterinsights_sitenote_category":0,"_uf_show_specific_survey":0,"_uf_disable_surveys":false,"footnotes":""},"categories":[326],"tags":[202],"class_list":["post-29203","post","type-post","status-publish","format-standard","has-post-thumbnail","hentry","category-avanzando-hacia-el-futuro","tag-mensajero-ala-blanca"],"acf":[],"yoast_head":"<!-- This site is optimized with the Yoast SEO plugin v27.4 - https:\/\/yoast.com\/product\/yoast-seo-wordpress\/ -->\n<title>La justicia social como parte de la gran comisi\u00f3n | COGOP<\/title>\n<meta name=\"robots\" content=\"index, follow, max-snippet:-1, max-image-preview:large, max-video-preview:-1\" \/>\n<link rel=\"canonical\" href=\"https:\/\/cogop.org\/es\/la-justicia-social-como-parte-de-la-gran-comision\/\" \/>\n<meta property=\"og:locale\" content=\"es_ES\" \/>\n<meta property=\"og:type\" content=\"article\" \/>\n<meta property=\"og:title\" content=\"La justicia social como parte de la gran comisi\u00f3n | COGOP\" \/>\n<meta property=\"og:description\" content=\"La gran comisi\u00f3n no es una sugerencia, es un mandato divino. El mandato de Jes\u00fas en Mateo 28:19, 20 de \u201cid, y haced disc\u00edpulos a todas las naciones\u201d siempre ha sido fundamental para nuestra misi\u00f3n. Pero \u00bfqu\u00e9 si entendi\u00e9ramos esta misi\u00f3n m\u00e1s plenamente, no solo como proclamaci\u00f3n, sino como demostraci\u00f3n? \u00bfQu\u00e9 si la gran comisi\u00f3n [&hellip;]\" \/>\n<meta property=\"og:url\" content=\"https:\/\/cogop.org\/es\/la-justicia-social-como-parte-de-la-gran-comision\/\" \/>\n<meta property=\"og:site_name\" content=\"COGOP\" \/>\n<meta property=\"article:publisher\" content=\"https:\/\/www.facebook.com\/cogop\" \/>\n<meta property=\"article:published_time\" content=\"2025-09-08T08:00:52+00:00\" \/>\n<meta property=\"og:image\" content=\"https:\/\/cogop.org\/wp-content\/uploads\/2025\/09\/EDITED-Nepal1-Large-2.jpg\" \/>\n\t<meta property=\"og:image:width\" content=\"1280\" \/>\n\t<meta property=\"og:image:height\" content=\"1117\" \/>\n\t<meta property=\"og:image:type\" content=\"image\/jpeg\" \/>\n<meta name=\"author\" content=\"Charlie Scruggs\" \/>\n<meta name=\"twitter:card\" content=\"summary_large_image\" \/>\n<meta name=\"twitter:creator\" content=\"@cogop\" \/>\n<meta name=\"twitter:site\" content=\"@cogop\" \/>\n<meta name=\"twitter:label1\" content=\"Escrito por\" \/>\n\t<meta name=\"twitter:data1\" content=\"Charlie Scruggs\" \/>\n\t<meta name=\"twitter:label2\" content=\"Tiempo de lectura\" \/>\n\t<meta name=\"twitter:data2\" content=\"4 minutos\" \/>\n<script type=\"application\/ld+json\" class=\"yoast-schema-graph\">{\"@context\":\"https:\\\/\\\/schema.org\",\"@graph\":[{\"@type\":\"Article\",\"@id\":\"https:\\\/\\\/cogop.org\\\/es\\\/la-justicia-social-como-parte-de-la-gran-comision\\\/#article\",\"isPartOf\":{\"@id\":\"https:\\\/\\\/cogop.org\\\/es\\\/la-justicia-social-como-parte-de-la-gran-comision\\\/\"},\"author\":{\"name\":\"Charlie Scruggs\",\"@id\":\"https:\\\/\\\/cogop.org\\\/#\\\/schema\\\/person\\\/6bfee56ce98d03b7d7dcd90594c4af6b\"},\"headline\":\"La justicia social como parte de la gran comisi\u00f3n\",\"datePublished\":\"2025-09-08T08:00:52+00:00\",\"mainEntityOfPage\":{\"@id\":\"https:\\\/\\\/cogop.org\\\/es\\\/la-justicia-social-como-parte-de-la-gran-comision\\\/\"},\"wordCount\":826,\"publisher\":{\"@id\":\"https:\\\/\\\/cogop.org\\\/#organization\"},\"image\":{\"@id\":\"https:\\\/\\\/cogop.org\\\/es\\\/la-justicia-social-como-parte-de-la-gran-comision\\\/#primaryimage\"},\"thumbnailUrl\":\"https:\\\/\\\/cogop.org\\\/wp-content\\\/uploads\\\/2025\\\/09\\\/EDITED-Nepal1-Large-2.jpg\",\"keywords\":[\"Mensajero Ala Blanca\"],\"articleSection\":[\"Avanzando hacia el futuro\"],\"inLanguage\":\"es\"},{\"@type\":\"WebPage\",\"@id\":\"https:\\\/\\\/cogop.org\\\/es\\\/la-justicia-social-como-parte-de-la-gran-comision\\\/\",\"url\":\"https:\\\/\\\/cogop.org\\\/es\\\/la-justicia-social-como-parte-de-la-gran-comision\\\/\",\"name\":\"La justicia social como parte de la gran comisi\u00f3n | COGOP\",\"isPartOf\":{\"@id\":\"https:\\\/\\\/cogop.org\\\/#website\"},\"primaryImageOfPage\":{\"@id\":\"https:\\\/\\\/cogop.org\\\/es\\\/la-justicia-social-como-parte-de-la-gran-comision\\\/#primaryimage\"},\"image\":{\"@id\":\"https:\\\/\\\/cogop.org\\\/es\\\/la-justicia-social-como-parte-de-la-gran-comision\\\/#primaryimage\"},\"thumbnailUrl\":\"https:\\\/\\\/cogop.org\\\/wp-content\\\/uploads\\\/2025\\\/09\\\/EDITED-Nepal1-Large-2.jpg\",\"datePublished\":\"2025-09-08T08:00:52+00:00\",\"inLanguage\":\"es\",\"potentialAction\":[{\"@type\":\"ReadAction\",\"target\":[\"https:\\\/\\\/cogop.org\\\/es\\\/la-justicia-social-como-parte-de-la-gran-comision\\\/\"]}]},{\"@type\":\"ImageObject\",\"inLanguage\":\"es\",\"@id\":\"https:\\\/\\\/cogop.org\\\/es\\\/la-justicia-social-como-parte-de-la-gran-comision\\\/#primaryimage\",\"url\":\"https:\\\/\\\/cogop.org\\\/wp-content\\\/uploads\\\/2025\\\/09\\\/EDITED-Nepal1-Large-2.jpg\",\"contentUrl\":\"https:\\\/\\\/cogop.org\\\/wp-content\\\/uploads\\\/2025\\\/09\\\/EDITED-Nepal1-Large-2.jpg\",\"width\":1280,\"height\":1117},{\"@type\":\"BreadcrumbList\",\"@id\":\"https:\\\/\\\/cogop.org\\\/es\\\/la-justicia-social-como-parte-de-la-gran-comision\\\/#breadcrumb\",\"itemListElement\":[{\"@type\":\"ListItem\",\"position\":1,\"name\":\"Home\",\"item\":\"https:\\\/\\\/cogop.org\\\/\"},{\"@type\":\"ListItem\",\"position\":2,\"name\":\"La justicia social como parte de la gran comisi\u00f3n\"}]},{\"@type\":\"WebSite\",\"@id\":\"https:\\\/\\\/cogop.org\\\/#website\",\"url\":\"https:\\\/\\\/cogop.org\\\/\",\"name\":\"Church of God of Prophecy\",\"description\":\"Reconciling the World to Christ\",\"publisher\":{\"@id\":\"https:\\\/\\\/cogop.org\\\/#organization\"},\"alternateName\":\"COGOP\",\"potentialAction\":[{\"@type\":\"SearchAction\",\"target\":{\"@type\":\"EntryPoint\",\"urlTemplate\":\"https:\\\/\\\/cogop.org\\\/?s={search_term_string}\"},\"query-input\":{\"@type\":\"PropertyValueSpecification\",\"valueRequired\":true,\"valueName\":\"search_term_string\"}}],\"inLanguage\":\"es\"},{\"@type\":\"Organization\",\"@id\":\"https:\\\/\\\/cogop.org\\\/#organization\",\"name\":\"Church of God of Prophecy\",\"alternateName\":\"COGOP\",\"url\":\"https:\\\/\\\/cogop.org\\\/\",\"logo\":{\"@type\":\"ImageObject\",\"inLanguage\":\"es\",\"@id\":\"https:\\\/\\\/cogop.org\\\/#\\\/schema\\\/logo\\\/image\\\/\",\"url\":\"https:\\\/\\\/cogop.org\\\/wp-content\\\/uploads\\\/2025\\\/01\\\/logo-cogop.webp\",\"contentUrl\":\"https:\\\/\\\/cogop.org\\\/wp-content\\\/uploads\\\/2025\\\/01\\\/logo-cogop.webp\",\"width\":500,\"height\":118,\"caption\":\"Church of God of Prophecy\"},\"image\":{\"@id\":\"https:\\\/\\\/cogop.org\\\/#\\\/schema\\\/logo\\\/image\\\/\"},\"sameAs\":[\"https:\\\/\\\/www.facebook.com\\\/cogop\",\"https:\\\/\\\/x.com\\\/cogop\",\"https:\\\/\\\/www.instagram.com\\\/cogoppics\\\/\",\"https:\\\/\\\/www.youtube.com\\\/@COGOPMedia\",\"https:\\\/\\\/open.spotify.com\\\/user\\\/g1d13yyaprw0wrr2woer8edyp?si=a32b364b555f4d4d\"]},{\"@type\":\"Person\",\"@id\":\"https:\\\/\\\/cogop.org\\\/#\\\/schema\\\/person\\\/6bfee56ce98d03b7d7dcd90594c4af6b\",\"name\":\"Charlie Scruggs\",\"image\":{\"@type\":\"ImageObject\",\"inLanguage\":\"es\",\"@id\":\"https:\\\/\\\/secure.gravatar.com\\\/avatar\\\/5c625851004478f5bd86245a070a2090fcb008cf91bfabf0162fca05d324663b?s=96&d=mm&r=g\",\"url\":\"https:\\\/\\\/secure.gravatar.com\\\/avatar\\\/5c625851004478f5bd86245a070a2090fcb008cf91bfabf0162fca05d324663b?s=96&d=mm&r=g\",\"contentUrl\":\"https:\\\/\\\/secure.gravatar.com\\\/avatar\\\/5c625851004478f5bd86245a070a2090fcb008cf91bfabf0162fca05d324663b?s=96&d=mm&r=g\",\"caption\":\"Charlie Scruggs\"}}]}<\/script>\n<!-- \/ Yoast SEO plugin. -->","yoast_head_json":{"title":"La justicia social como parte de la gran comisi\u00f3n | COGOP","robots":{"index":"index","follow":"follow","max-snippet":"max-snippet:-1","max-image-preview":"max-image-preview:large","max-video-preview":"max-video-preview:-1"},"canonical":"https:\/\/cogop.org\/es\/la-justicia-social-como-parte-de-la-gran-comision\/","og_locale":"es_ES","og_type":"article","og_title":"La justicia social como parte de la gran comisi\u00f3n | COGOP","og_description":"La gran comisi\u00f3n no es una sugerencia, es un mandato divino. El mandato de Jes\u00fas en Mateo 28:19, 20 de \u201cid, y haced disc\u00edpulos a todas las naciones\u201d siempre ha sido fundamental para nuestra misi\u00f3n. Pero \u00bfqu\u00e9 si entendi\u00e9ramos esta misi\u00f3n m\u00e1s plenamente, no solo como proclamaci\u00f3n, sino como demostraci\u00f3n? \u00bfQu\u00e9 si la gran comisi\u00f3n [&hellip;]","og_url":"https:\/\/cogop.org\/es\/la-justicia-social-como-parte-de-la-gran-comision\/","og_site_name":"COGOP","article_publisher":"https:\/\/www.facebook.com\/cogop","article_published_time":"2025-09-08T08:00:52+00:00","og_image":[{"width":1280,"height":1117,"url":"https:\/\/cogop.org\/wp-content\/uploads\/2025\/09\/EDITED-Nepal1-Large-2.jpg","type":"image\/jpeg"}],"author":"Charlie Scruggs","twitter_card":"summary_large_image","twitter_creator":"@cogop","twitter_site":"@cogop","twitter_misc":{"Escrito por":"Charlie Scruggs","Tiempo de lectura":"4 minutos"},"schema":{"@context":"https:\/\/schema.org","@graph":[{"@type":"Article","@id":"https:\/\/cogop.org\/es\/la-justicia-social-como-parte-de-la-gran-comision\/#article","isPartOf":{"@id":"https:\/\/cogop.org\/es\/la-justicia-social-como-parte-de-la-gran-comision\/"},"author":{"name":"Charlie Scruggs","@id":"https:\/\/cogop.org\/#\/schema\/person\/6bfee56ce98d03b7d7dcd90594c4af6b"},"headline":"La justicia social como parte de la gran comisi\u00f3n","datePublished":"2025-09-08T08:00:52+00:00","mainEntityOfPage":{"@id":"https:\/\/cogop.org\/es\/la-justicia-social-como-parte-de-la-gran-comision\/"},"wordCount":826,"publisher":{"@id":"https:\/\/cogop.org\/#organization"},"image":{"@id":"https:\/\/cogop.org\/es\/la-justicia-social-como-parte-de-la-gran-comision\/#primaryimage"},"thumbnailUrl":"https:\/\/cogop.org\/wp-content\/uploads\/2025\/09\/EDITED-Nepal1-Large-2.jpg","keywords":["Mensajero Ala Blanca"],"articleSection":["Avanzando hacia el futuro"],"inLanguage":"es"},{"@type":"WebPage","@id":"https:\/\/cogop.org\/es\/la-justicia-social-como-parte-de-la-gran-comision\/","url":"https:\/\/cogop.org\/es\/la-justicia-social-como-parte-de-la-gran-comision\/","name":"La justicia social como parte de la gran comisi\u00f3n | COGOP","isPartOf":{"@id":"https:\/\/cogop.org\/#website"},"primaryImageOfPage":{"@id":"https:\/\/cogop.org\/es\/la-justicia-social-como-parte-de-la-gran-comision\/#primaryimage"},"image":{"@id":"https:\/\/cogop.org\/es\/la-justicia-social-como-parte-de-la-gran-comision\/#primaryimage"},"thumbnailUrl":"https:\/\/cogop.org\/wp-content\/uploads\/2025\/09\/EDITED-Nepal1-Large-2.jpg","datePublished":"2025-09-08T08:00:52+00:00","inLanguage":"es","potentialAction":[{"@type":"ReadAction","target":["https:\/\/cogop.org\/es\/la-justicia-social-como-parte-de-la-gran-comision\/"]}]},{"@type":"ImageObject","inLanguage":"es","@id":"https:\/\/cogop.org\/es\/la-justicia-social-como-parte-de-la-gran-comision\/#primaryimage","url":"https:\/\/cogop.org\/wp-content\/uploads\/2025\/09\/EDITED-Nepal1-Large-2.jpg","contentUrl":"https:\/\/cogop.org\/wp-content\/uploads\/2025\/09\/EDITED-Nepal1-Large-2.jpg","width":1280,"height":1117},{"@type":"BreadcrumbList","@id":"https:\/\/cogop.org\/es\/la-justicia-social-como-parte-de-la-gran-comision\/#breadcrumb","itemListElement":[{"@type":"ListItem","position":1,"name":"Home","item":"https:\/\/cogop.org\/"},{"@type":"ListItem","position":2,"name":"La justicia social como parte de la gran comisi\u00f3n"}]},{"@type":"WebSite","@id":"https:\/\/cogop.org\/#website","url":"https:\/\/cogop.org\/","name":"Church of God of Prophecy","description":"Reconciling the World to Christ","publisher":{"@id":"https:\/\/cogop.org\/#organization"},"alternateName":"COGOP","potentialAction":[{"@type":"SearchAction","target":{"@type":"EntryPoint","urlTemplate":"https:\/\/cogop.org\/?s={search_term_string}"},"query-input":{"@type":"PropertyValueSpecification","valueRequired":true,"valueName":"search_term_string"}}],"inLanguage":"es"},{"@type":"Organization","@id":"https:\/\/cogop.org\/#organization","name":"Church of God of Prophecy","alternateName":"COGOP","url":"https:\/\/cogop.org\/","logo":{"@type":"ImageObject","inLanguage":"es","@id":"https:\/\/cogop.org\/#\/schema\/logo\/image\/","url":"https:\/\/cogop.org\/wp-content\/uploads\/2025\/01\/logo-cogop.webp","contentUrl":"https:\/\/cogop.org\/wp-content\/uploads\/2025\/01\/logo-cogop.webp","width":500,"height":118,"caption":"Church of God of Prophecy"},"image":{"@id":"https:\/\/cogop.org\/#\/schema\/logo\/image\/"},"sameAs":["https:\/\/www.facebook.com\/cogop","https:\/\/x.com\/cogop","https:\/\/www.instagram.com\/cogoppics\/","https:\/\/www.youtube.com\/@COGOPMedia","https:\/\/open.spotify.com\/user\/g1d13yyaprw0wrr2woer8edyp?si=a32b364b555f4d4d"]},{"@type":"Person","@id":"https:\/\/cogop.org\/#\/schema\/person\/6bfee56ce98d03b7d7dcd90594c4af6b","name":"Charlie Scruggs","image":{"@type":"ImageObject","inLanguage":"es","@id":"https:\/\/secure.gravatar.com\/avatar\/5c625851004478f5bd86245a070a2090fcb008cf91bfabf0162fca05d324663b?s=96&d=mm&r=g","url":"https:\/\/secure.gravatar.com\/avatar\/5c625851004478f5bd86245a070a2090fcb008cf91bfabf0162fca05d324663b?s=96&d=mm&r=g","contentUrl":"https:\/\/secure.gravatar.com\/avatar\/5c625851004478f5bd86245a070a2090fcb008cf91bfabf0162fca05d324663b?s=96&d=mm&r=g","caption":"Charlie Scruggs"}}]}},"_links":{"self":[{"href":"https:\/\/cogop.org\/es\/wp-json\/wp\/v2\/posts\/29203","targetHints":{"allow":["GET"]}}],"collection":[{"href":"https:\/\/cogop.org\/es\/wp-json\/wp\/v2\/posts"}],"about":[{"href":"https:\/\/cogop.org\/es\/wp-json\/wp\/v2\/types\/post"}],"author":[{"embeddable":true,"href":"https:\/\/cogop.org\/es\/wp-json\/wp\/v2\/users\/10"}],"replies":[{"embeddable":true,"href":"https:\/\/cogop.org\/es\/wp-json\/wp\/v2\/comments?post=29203"}],"version-history":[{"count":0,"href":"https:\/\/cogop.org\/es\/wp-json\/wp\/v2\/posts\/29203\/revisions"}],"wp:featuredmedia":[{"embeddable":true,"href":"https:\/\/cogop.org\/es\/wp-json\/wp\/v2\/media\/28514"}],"wp:attachment":[{"href":"https:\/\/cogop.org\/es\/wp-json\/wp\/v2\/media?parent=29203"}],"wp:term":[{"taxonomy":"category","embeddable":true,"href":"https:\/\/cogop.org\/es\/wp-json\/wp\/v2\/categories?post=29203"},{"taxonomy":"post_tag","embeddable":true,"href":"https:\/\/cogop.org\/es\/wp-json\/wp\/v2\/tags?post=29203"}],"curies":[{"name":"wp","href":"https:\/\/api.w.org\/{rel}","templated":true}]}}