{"id":28851,"date":"2025-09-17T08:00:38","date_gmt":"2025-09-17T08:00:38","guid":{"rendered":"https:\/\/cogop.org\/?p=28851"},"modified":"2025-09-17T08:00:38","modified_gmt":"2025-09-17T08:00:38","slug":"palabra-viva","status":"publish","type":"post","link":"https:\/\/cogop.org\/es\/palabra-viva\/","title":{"rendered":"Palabra viva"},"content":{"rendered":"<p>La Biblia habla ampliamente sobre la autoridad de la Palabra de Dios. Cuando la proclamamos con fe, de nuestro esp\u00edritu se libera un peso, una sustancia y una pesadumbre. La Escritura declarada con fe a trav\u00e9s de la inspiraci\u00f3n y revelaci\u00f3n del Esp\u00edritu Santo es respaldada por la Palabra viva, Jesucristo. [A trav\u00e9s de la fe] somos transformados para reflejar el car\u00e1cter de Jes\u00fas, la Palabra viva.   <span class=\"Apple-converted-space\"> <\/span><\/p>\n<p>En Deuteronomio 32:1, 2 claramente vemos c\u00f3mo Mois\u00e9s comprendi\u00f3 el poder y el efecto de la palabra inspirada por Dios, diciendo,<span class=\"Apple-converted-space\"> <\/span><\/p>\n<blockquote><p>Escuchad, cielos, y hablar\u00e9;<span class=\"Apple-converted-space\"> <\/span><\/p>\n<p>Y oiga la tierra los dichos de mi boca.<span class=\"Apple-converted-space\"> <\/span><\/p>\n<p>Gotear\u00e1 como la lluvia mi ense\u00f1anza,<span class=\"Apple-converted-space\"> <\/span><\/p>\n<p>Destilar\u00e1 como el roc\u00edo mi razonamiento,<span class=\"Apple-converted-space\"> <\/span><\/p>\n<p>como llovizna sobre la grama,<span class=\"Apple-converted-space\"> <\/span><\/p>\n<p>And as showers on the grass.<span class=\"Apple-converted-space\"> <\/span><\/p><\/blockquote>\n<p>Tan pronto la Palabra viva comienza a fluir a trav\u00e9s de nosotros, comenzamos a experimentar una transformaci\u00f3n, un cambio en la atm\u00f3sfera y una anticipaci\u00f3n del cielo y la tierra, y manifestamos el car\u00e1cter, el poder y la autoridad de Dios en el mundo (Romanos 8:19).<span class=\"Apple-converted-space\"> <\/span><\/p>\n<p>El poder de la Palabra hablada despierta un avivamiento y renovaci\u00f3n en el esp\u00edritu, y cambia la necesidad de cualquier situaci\u00f3n, y le entrega el reino espiritual a Su autoridad y presencia.<span class=\"Apple-converted-space\"> <\/span><\/p>\n<p>En los vers\u00edculos 3 y 4 de Deuteronomio 32, Mois\u00e9s <br \/>testifica de la grandeza y fidelidad de Dios al <br \/>proclamar Su nombre:<b>\u2013<\/b><span class=\"Apple-converted-space\"> <\/span><\/p>\n<blockquote><p>Porque el nombre de Jehov\u00e1 proclamar\u00e9:<span class=\"Apple-converted-space\"> <\/span><\/p>\n<p>Engrandeced a nuestro Dios.<span class=\"Apple-converted-space\"> <\/span><\/p>\n<p>\u00c9l es la Roca, cuya obra es pefecta;<span class=\"Apple-converted-space\"> <\/span><\/p>\n<p>porque todoos sus caminos son rectitud,<span class=\"Apple-converted-space\"> <\/span><\/p>\n<p>Dios es verdad, y sin iniquidad en \u00e9l;<span class=\"Apple-converted-space\"> <\/span><\/p>\n<p>es justo y recto.<span class=\"Apple-converted-space\"> <\/span><\/p><\/blockquote>\n<p>La Palabra declarada libera poder. Hay poder cuando <br \/>proclamamos Su nombre y testificamos de Su amor, <br \/>misericordia y gracia revelados a trav\u00e9s de Su pacto <br \/>con nosotros. <span class=\"Apple-converted-space\"> <\/span><\/p>\n<p>Cuando testificamos, el poder de la presencia de Dios <br \/>\u2013<i>el Yo soy<\/i>\u2013 y la autoridad de Su Palabra en y a trav\u00e9s <br \/>de nosotros comienza a caer como roc\u00edo sobre tierra <br \/>\u00e1rida en espera de la revelaci\u00f3n a trav\u00e9s de personas <br \/>llenas de valor para conquistar y reconciliar al mundo <br \/>con Cristo, la Palabra viviente, a trav\u00e9s del poder del <br \/>Esp\u00edritu Santo.<span class=\"Apple-converted-space\"> <\/span><\/p>\n<p>Con esta declaraci\u00f3n en mente, \u00a1les comparto un <br \/>testimonio personal!<span class=\"Apple-converted-space\"> <\/span><\/p>\n<p>En mi familia, desde ni\u00f1os, nos ense\u00f1aron a buscar nuestras respuestas, necesidades, protecci\u00f3n y provisi\u00f3n en la Palabra de Dios. Aprendimos a orar y proclamar las Escrituras sobre todas las circunstancias que ven\u00edan a nuestras vidas. Inculcado en mi personalidad y relaci\u00f3n con Dios, esta b\u00fasqueda se ha convertido en una parte inherente de mi vida cotidiana y ministerio.  <span class=\"Apple-converted-space\"> <\/span><\/p>\n<p>Despu\u00e9s de cada culto, tenemos la pr\u00e1ctica de recitar sobre la congregaci\u00f3n la bendici\u00f3n sacerdotal registrada en N\u00fameros 6:24-26. El 8 de marzo, bendije a la congregaci\u00f3n como de costumbre con la bendici\u00f3n sacerdotal y todo lo que el Esp\u00edritu Santo hab\u00eda puesto en mi coraz\u00f3n. <span class=\"Apple-converted-space\"> <\/span><\/p>\n<p>Ya para finalizar, sent\u00ed en mi coraz\u00f3n recitar Isa\u00edas 43:1-5 (parafraseado) como parte de la bendici\u00f3n: \u201cNo temas, porque yo te redim\u00ed; te puse nombre, m\u00edo eres t\u00fa. Cuando pases por las aguas, yo estar\u00e9 contigo; y si por los r\u00edos, no te anegar\u00e1n. Cuando pases por el fuego, no te quemar\u00e1s, ni la llama arder\u00e1 en ti&#8230;\u201d A\u00f1ad\u00ed espec\u00edficamente: \u201cUna traducci\u00f3n dice que ni <br \/>siquiera oler\u00e1n a fuego, \u00a1porque Dios los ama!\u201d. <span class=\"Apple-converted-space\"> <\/span><\/p>\n<p>Dos semanas m\u00e1s tarde, tuvimos un apag\u00f3n despu\u00e9s de nuestro servicio dominical en la iglesia. Alguien del vecindario vino a inspeccionar todo y volvi\u00f3 a conectar la electricidad. Pero luego, de vez en cuando, escuch\u00e1bamos una peque\u00f1a explosi\u00f3n, pero con tantas cosas extra\u00f1as sucediendo a nuestro alrededor de manera frecuente, no le prestamos <br \/>mucha atenci\u00f3n.  <span class=\"Apple-converted-space\"> <\/span><\/p>\n<p>El lunes 24 de marzo por la ma\u00f1ana, me di cuenta de que no hab\u00eda electricidad. Entonces me dirig\u00ed a la caja de fusibles y o\u00eda que el contador segu\u00eda funcionando, por lo que entonces me dirig\u00ed a inspeccionar la caja exterior para ver cu\u00e1l era el problema. <span class=\"Apple-converted-space\"> <\/span><\/p>\n<p>Para mi sorpresa, el cable vivo que iba conectado al poste de servicios p\u00fablicos hab\u00eda sido cortado de la rejilla protectora intencionalmente por alguien que intentaba robarlo. La caja segu\u00eda recibiendo electricidad a pesar de que el cable hab\u00eda sido cortado, as\u00ed que con un palo desconect\u00e9 el interruptor y lo apagu\u00e9. Pero mientras ten\u00eda la cubierta abierta con una mano, le explicaba a mi mam\u00e1, quien estaba cerca, acerca del problema y de los cables que se hab\u00edan fundido. Segu\u00ed conversando con ella sobre el plan de acci\u00f3n que deb\u00edamos hacer, cuando de repente se oy\u00f3 un \u00a1estruendo! El cable el\u00e9ctrico explot\u00f3 a unos treinta cent\u00edmetros de m\u00ed mientras <br \/>miraba directamente a la caja.    <span class=\"Apple-converted-space\"> <\/span><\/p>\n<p>Inmediatamente cerr\u00e9 la cubierta y mir\u00e9 a mi madre. <br \/>Ella estaba p\u00e1lida y repetidamente me preguntaba: <br \/>\u201c\u00bfEst\u00e1s bien?\u201d<span class=\"Apple-converted-space\"> <\/span><\/p>\n<p>Mientras entraba a la propiedad por el otro lado, mi mam\u00e1 me miraba como si no pudiera creer lo que ve\u00eda y me preguntaba de nuevo: \u201c\u00bfEst\u00e1s bien?\u201d Repetidamente le asegur\u00e9 que s\u00ed. <span class=\"Apple-converted-space\"> <\/span><\/p>\n<p>\u201cLas llamas te envolv\u00edan; vi c\u00f3mo te quemabas. \u00bfEst\u00e1s <br \/>segura de que est\u00e1s bien?\u201d, me dijo.<span class=\"Apple-converted-space\"> <\/span><\/p>\n<p>\u201cMam\u00e1, huele mi ropa. Ni siquiera huelo a fuego\u201d, le respond\u00ed. Tan pronto dije esas palabras, vino a mi mente las palabras que hab\u00eda declarado sobre la congregaci\u00f3n dos semanas antes. <span class=\"Apple-converted-space\"> <\/span><\/p>\n<p>Durante mi oraci\u00f3n de la tarde, entend\u00ed que la Palabra de Dios estaba viva en m\u00ed. No estaba en mis labios. No hab\u00eda sido absorbida por mis ojos. No hab\u00eda sido analizada l\u00f3gicamente por mi mente. La Palabra de Dios hab\u00eda sido escrita con amor por Dios en mi coraz\u00f3n.    <span class=\"Apple-converted-space\"> <\/span><\/p>\n<p>Pude haber quedado ciega, gravemente quemada o, peor a\u00fan, pude haber muerto, pero la Palabra de Dios, Jesucristo, me salv\u00f3. No tengo palabras para expresar la gratitud de mi coraz\u00f3n por Su gracia salvadora sobre mi vida.<span class=\"Apple-converted-space\"> <\/span><\/p>\n<p>Espero que este testimonio sea de aliento para su <br \/>vida.<span class=\"Apple-converted-space\"> <\/span><\/p>\n<p>No deje de proclamar la Palabra de Dios sobre su vida y familia. Es viva y eficaz; no volver\u00e1 atr\u00e1s vac\u00eda, sino que cumplir\u00e1 lo que agrada a Dios, tal como dice Isa\u00edas 55:11: <span class=\"Apple-converted-space\"> <\/span><\/p>\n<p>\u201cAs\u00ed ser\u00e1 mi palabra que sale de mi boca; no volver\u00e1 a m\u00ed vac\u00eda, sino que har\u00e1 lo que yo quiero, y ser\u00e1 prosperada en aquello para que la envi\u00e9\u201d.<span class=\"Apple-converted-space\"> <\/span><\/p>\n<p>Somos testigos vivos y embajadores de la fidelidad <br \/>de Dios cuando declaramos Su Palabra con fe. Cuando Dios toca nuestros labios y pone Su Palabra en nuestra boca, \u00c9l est\u00e1 vivo y activo a trav\u00e9s de ella, y se asegurar\u00e1 de que se cumpla a Su debido tiempo. <span class=\"Apple-converted-space\"> <\/span><\/p>\n","protected":false},"excerpt":{"rendered":"<p>La Biblia habla ampliamente sobre la autoridad de la Palabra de Dios. Cuando la proclamamos con fe, de nuestro esp\u00edritu se libera un peso, una sustancia y una pesadumbre. La Escritura declarada con fe a trav\u00e9s de la inspiraci\u00f3n y revelaci\u00f3n del Esp\u00edritu Santo es respaldada por la Palabra viva, Jesucristo. [A trav\u00e9s de la [&hellip;]<\/p>\n","protected":false},"author":10,"featured_media":28615,"comment_status":"closed","ping_status":"open","sticky":false,"template":"","format":"standard","meta":{"_acf_changed":false,"_monsterinsights_skip_tracking":false,"_monsterinsights_sitenote_active":false,"_monsterinsights_sitenote_note":"","_monsterinsights_sitenote_category":0,"_uf_show_specific_survey":0,"_uf_disable_surveys":false,"footnotes":""},"categories":[354],"tags":[202],"class_list":["post-28851","post","type-post","status-publish","format-standard","has-post-thumbnail","hentry","category-esta-es-mi-historia","tag-mensajero-ala-blanca"],"acf":[],"yoast_head":"<!-- This site is optimized with the Yoast SEO plugin v27.4 - https:\/\/yoast.com\/product\/yoast-seo-wordpress\/ -->\n<title>Palabra viva | COGOP<\/title>\n<meta name=\"robots\" content=\"index, follow, max-snippet:-1, max-image-preview:large, max-video-preview:-1\" \/>\n<link rel=\"canonical\" href=\"https:\/\/cogop.org\/living-word\/\" \/>\n<meta property=\"og:locale\" content=\"es_ES\" \/>\n<meta property=\"og:type\" content=\"article\" \/>\n<meta property=\"og:title\" content=\"Palabra viva | COGOP\" \/>\n<meta property=\"og:description\" content=\"La Biblia habla ampliamente sobre la autoridad de la Palabra de Dios. Cuando la proclamamos con fe, de nuestro esp\u00edritu se libera un peso, una sustancia y una pesadumbre. La Escritura declarada con fe a trav\u00e9s de la inspiraci\u00f3n y revelaci\u00f3n del Esp\u00edritu Santo es respaldada por la Palabra viva, Jesucristo. [A trav\u00e9s de la [&hellip;]\" \/>\n<meta property=\"og:url\" content=\"https:\/\/cogop.org\/living-word\/\" \/>\n<meta property=\"og:site_name\" content=\"COGOP\" \/>\n<meta property=\"article:publisher\" content=\"https:\/\/www.facebook.com\/cogop\" \/>\n<meta property=\"article:published_time\" content=\"2025-09-17T08:00:38+00:00\" \/>\n<meta property=\"og:image\" content=\"https:\/\/cogop.org\/wp-content\/uploads\/2025\/09\/aaron-burden-TNlHf4m4gpI-unsplash-scaled.jpg\" \/>\n\t<meta property=\"og:image:width\" content=\"2560\" \/>\n\t<meta property=\"og:image:height\" content=\"1920\" \/>\n\t<meta property=\"og:image:type\" content=\"image\/jpeg\" \/>\n<meta name=\"author\" content=\"Charlie Scruggs\" \/>\n<meta name=\"twitter:card\" content=\"summary_large_image\" \/>\n<meta name=\"twitter:creator\" content=\"@cogop\" \/>\n<meta name=\"twitter:site\" content=\"@cogop\" \/>\n<meta name=\"twitter:label1\" content=\"Escrito por\" \/>\n\t<meta name=\"twitter:data1\" content=\"Charlie Scruggs\" \/>\n\t<meta name=\"twitter:label2\" content=\"Tiempo de lectura\" \/>\n\t<meta name=\"twitter:data2\" content=\"6 minutos\" \/>\n<script type=\"application\/ld+json\" class=\"yoast-schema-graph\">{\"@context\":\"https:\\\/\\\/schema.org\",\"@graph\":[{\"@type\":\"Article\",\"@id\":\"https:\\\/\\\/cogop.org\\\/living-word\\\/#article\",\"isPartOf\":{\"@id\":\"https:\\\/\\\/cogop.org\\\/living-word\\\/\"},\"author\":{\"name\":\"Charlie Scruggs\",\"@id\":\"https:\\\/\\\/cogop.org\\\/#\\\/schema\\\/person\\\/6bfee56ce98d03b7d7dcd90594c4af6b\"},\"headline\":\"Palabra viva\",\"datePublished\":\"2025-09-17T08:00:38+00:00\",\"mainEntityOfPage\":{\"@id\":\"https:\\\/\\\/cogop.org\\\/living-word\\\/\"},\"wordCount\":1159,\"publisher\":{\"@id\":\"https:\\\/\\\/cogop.org\\\/#organization\"},\"image\":{\"@id\":\"https:\\\/\\\/cogop.org\\\/living-word\\\/#primaryimage\"},\"thumbnailUrl\":\"https:\\\/\\\/cogop.org\\\/wp-content\\\/uploads\\\/2025\\\/09\\\/aaron-burden-TNlHf4m4gpI-unsplash-scaled.jpg\",\"keywords\":[\"Mensajero Ala Blanca\"],\"articleSection\":[\"Esta es mi historia\"],\"inLanguage\":\"es\"},{\"@type\":\"WebPage\",\"@id\":\"https:\\\/\\\/cogop.org\\\/living-word\\\/\",\"url\":\"https:\\\/\\\/cogop.org\\\/living-word\\\/\",\"name\":\"Palabra viva | COGOP\",\"isPartOf\":{\"@id\":\"https:\\\/\\\/cogop.org\\\/#website\"},\"primaryImageOfPage\":{\"@id\":\"https:\\\/\\\/cogop.org\\\/living-word\\\/#primaryimage\"},\"image\":{\"@id\":\"https:\\\/\\\/cogop.org\\\/living-word\\\/#primaryimage\"},\"thumbnailUrl\":\"https:\\\/\\\/cogop.org\\\/wp-content\\\/uploads\\\/2025\\\/09\\\/aaron-burden-TNlHf4m4gpI-unsplash-scaled.jpg\",\"datePublished\":\"2025-09-17T08:00:38+00:00\",\"inLanguage\":\"es\",\"potentialAction\":[{\"@type\":\"ReadAction\",\"target\":[\"https:\\\/\\\/cogop.org\\\/living-word\\\/\"]}]},{\"@type\":\"ImageObject\",\"inLanguage\":\"es\",\"@id\":\"https:\\\/\\\/cogop.org\\\/living-word\\\/#primaryimage\",\"url\":\"https:\\\/\\\/cogop.org\\\/wp-content\\\/uploads\\\/2025\\\/09\\\/aaron-burden-TNlHf4m4gpI-unsplash-scaled.jpg\",\"contentUrl\":\"https:\\\/\\\/cogop.org\\\/wp-content\\\/uploads\\\/2025\\\/09\\\/aaron-burden-TNlHf4m4gpI-unsplash-scaled.jpg\",\"width\":2560,\"height\":1920},{\"@type\":\"BreadcrumbList\",\"@id\":\"https:\\\/\\\/cogop.org\\\/living-word\\\/#breadcrumb\",\"itemListElement\":[{\"@type\":\"ListItem\",\"position\":1,\"name\":\"Home\",\"item\":\"https:\\\/\\\/cogop.org\\\/\"},{\"@type\":\"ListItem\",\"position\":2,\"name\":\"Palabra viva\"}]},{\"@type\":\"WebSite\",\"@id\":\"https:\\\/\\\/cogop.org\\\/#website\",\"url\":\"https:\\\/\\\/cogop.org\\\/\",\"name\":\"Church of God of Prophecy\",\"description\":\"Reconciling the World to Christ\",\"publisher\":{\"@id\":\"https:\\\/\\\/cogop.org\\\/#organization\"},\"alternateName\":\"COGOP\",\"potentialAction\":[{\"@type\":\"SearchAction\",\"target\":{\"@type\":\"EntryPoint\",\"urlTemplate\":\"https:\\\/\\\/cogop.org\\\/?s={search_term_string}\"},\"query-input\":{\"@type\":\"PropertyValueSpecification\",\"valueRequired\":true,\"valueName\":\"search_term_string\"}}],\"inLanguage\":\"es\"},{\"@type\":\"Organization\",\"@id\":\"https:\\\/\\\/cogop.org\\\/#organization\",\"name\":\"Church of God of Prophecy\",\"alternateName\":\"COGOP\",\"url\":\"https:\\\/\\\/cogop.org\\\/\",\"logo\":{\"@type\":\"ImageObject\",\"inLanguage\":\"es\",\"@id\":\"https:\\\/\\\/cogop.org\\\/#\\\/schema\\\/logo\\\/image\\\/\",\"url\":\"https:\\\/\\\/cogop.org\\\/wp-content\\\/uploads\\\/2025\\\/01\\\/logo-cogop.webp\",\"contentUrl\":\"https:\\\/\\\/cogop.org\\\/wp-content\\\/uploads\\\/2025\\\/01\\\/logo-cogop.webp\",\"width\":500,\"height\":118,\"caption\":\"Church of God of Prophecy\"},\"image\":{\"@id\":\"https:\\\/\\\/cogop.org\\\/#\\\/schema\\\/logo\\\/image\\\/\"},\"sameAs\":[\"https:\\\/\\\/www.facebook.com\\\/cogop\",\"https:\\\/\\\/x.com\\\/cogop\",\"https:\\\/\\\/www.instagram.com\\\/cogoppics\\\/\",\"https:\\\/\\\/www.youtube.com\\\/@COGOPMedia\",\"https:\\\/\\\/open.spotify.com\\\/user\\\/g1d13yyaprw0wrr2woer8edyp?si=a32b364b555f4d4d\"]},{\"@type\":\"Person\",\"@id\":\"https:\\\/\\\/cogop.org\\\/#\\\/schema\\\/person\\\/6bfee56ce98d03b7d7dcd90594c4af6b\",\"name\":\"Charlie Scruggs\",\"image\":{\"@type\":\"ImageObject\",\"inLanguage\":\"es\",\"@id\":\"https:\\\/\\\/secure.gravatar.com\\\/avatar\\\/5c625851004478f5bd86245a070a2090fcb008cf91bfabf0162fca05d324663b?s=96&d=mm&r=g\",\"url\":\"https:\\\/\\\/secure.gravatar.com\\\/avatar\\\/5c625851004478f5bd86245a070a2090fcb008cf91bfabf0162fca05d324663b?s=96&d=mm&r=g\",\"contentUrl\":\"https:\\\/\\\/secure.gravatar.com\\\/avatar\\\/5c625851004478f5bd86245a070a2090fcb008cf91bfabf0162fca05d324663b?s=96&d=mm&r=g\",\"caption\":\"Charlie Scruggs\"}}]}<\/script>\n<!-- \/ Yoast SEO plugin. -->","yoast_head_json":{"title":"Palabra viva | COGOP","robots":{"index":"index","follow":"follow","max-snippet":"max-snippet:-1","max-image-preview":"max-image-preview:large","max-video-preview":"max-video-preview:-1"},"canonical":"https:\/\/cogop.org\/living-word\/","og_locale":"es_ES","og_type":"article","og_title":"Palabra viva | COGOP","og_description":"La Biblia habla ampliamente sobre la autoridad de la Palabra de Dios. Cuando la proclamamos con fe, de nuestro esp\u00edritu se libera un peso, una sustancia y una pesadumbre. La Escritura declarada con fe a trav\u00e9s de la inspiraci\u00f3n y revelaci\u00f3n del Esp\u00edritu Santo es respaldada por la Palabra viva, Jesucristo. [A trav\u00e9s de la [&hellip;]","og_url":"https:\/\/cogop.org\/living-word\/","og_site_name":"COGOP","article_publisher":"https:\/\/www.facebook.com\/cogop","article_published_time":"2025-09-17T08:00:38+00:00","og_image":[{"width":2560,"height":1920,"url":"https:\/\/cogop.org\/wp-content\/uploads\/2025\/09\/aaron-burden-TNlHf4m4gpI-unsplash-scaled.jpg","type":"image\/jpeg"}],"author":"Charlie Scruggs","twitter_card":"summary_large_image","twitter_creator":"@cogop","twitter_site":"@cogop","twitter_misc":{"Escrito por":"Charlie Scruggs","Tiempo de lectura":"6 minutos"},"schema":{"@context":"https:\/\/schema.org","@graph":[{"@type":"Article","@id":"https:\/\/cogop.org\/living-word\/#article","isPartOf":{"@id":"https:\/\/cogop.org\/living-word\/"},"author":{"name":"Charlie Scruggs","@id":"https:\/\/cogop.org\/#\/schema\/person\/6bfee56ce98d03b7d7dcd90594c4af6b"},"headline":"Palabra viva","datePublished":"2025-09-17T08:00:38+00:00","mainEntityOfPage":{"@id":"https:\/\/cogop.org\/living-word\/"},"wordCount":1159,"publisher":{"@id":"https:\/\/cogop.org\/#organization"},"image":{"@id":"https:\/\/cogop.org\/living-word\/#primaryimage"},"thumbnailUrl":"https:\/\/cogop.org\/wp-content\/uploads\/2025\/09\/aaron-burden-TNlHf4m4gpI-unsplash-scaled.jpg","keywords":["Mensajero Ala Blanca"],"articleSection":["Esta es mi historia"],"inLanguage":"es"},{"@type":"WebPage","@id":"https:\/\/cogop.org\/living-word\/","url":"https:\/\/cogop.org\/living-word\/","name":"Palabra viva | COGOP","isPartOf":{"@id":"https:\/\/cogop.org\/#website"},"primaryImageOfPage":{"@id":"https:\/\/cogop.org\/living-word\/#primaryimage"},"image":{"@id":"https:\/\/cogop.org\/living-word\/#primaryimage"},"thumbnailUrl":"https:\/\/cogop.org\/wp-content\/uploads\/2025\/09\/aaron-burden-TNlHf4m4gpI-unsplash-scaled.jpg","datePublished":"2025-09-17T08:00:38+00:00","inLanguage":"es","potentialAction":[{"@type":"ReadAction","target":["https:\/\/cogop.org\/living-word\/"]}]},{"@type":"ImageObject","inLanguage":"es","@id":"https:\/\/cogop.org\/living-word\/#primaryimage","url":"https:\/\/cogop.org\/wp-content\/uploads\/2025\/09\/aaron-burden-TNlHf4m4gpI-unsplash-scaled.jpg","contentUrl":"https:\/\/cogop.org\/wp-content\/uploads\/2025\/09\/aaron-burden-TNlHf4m4gpI-unsplash-scaled.jpg","width":2560,"height":1920},{"@type":"BreadcrumbList","@id":"https:\/\/cogop.org\/living-word\/#breadcrumb","itemListElement":[{"@type":"ListItem","position":1,"name":"Home","item":"https:\/\/cogop.org\/"},{"@type":"ListItem","position":2,"name":"Palabra viva"}]},{"@type":"WebSite","@id":"https:\/\/cogop.org\/#website","url":"https:\/\/cogop.org\/","name":"Church of God of Prophecy","description":"Reconciling the World to Christ","publisher":{"@id":"https:\/\/cogop.org\/#organization"},"alternateName":"COGOP","potentialAction":[{"@type":"SearchAction","target":{"@type":"EntryPoint","urlTemplate":"https:\/\/cogop.org\/?s={search_term_string}"},"query-input":{"@type":"PropertyValueSpecification","valueRequired":true,"valueName":"search_term_string"}}],"inLanguage":"es"},{"@type":"Organization","@id":"https:\/\/cogop.org\/#organization","name":"Church of God of Prophecy","alternateName":"COGOP","url":"https:\/\/cogop.org\/","logo":{"@type":"ImageObject","inLanguage":"es","@id":"https:\/\/cogop.org\/#\/schema\/logo\/image\/","url":"https:\/\/cogop.org\/wp-content\/uploads\/2025\/01\/logo-cogop.webp","contentUrl":"https:\/\/cogop.org\/wp-content\/uploads\/2025\/01\/logo-cogop.webp","width":500,"height":118,"caption":"Church of God of Prophecy"},"image":{"@id":"https:\/\/cogop.org\/#\/schema\/logo\/image\/"},"sameAs":["https:\/\/www.facebook.com\/cogop","https:\/\/x.com\/cogop","https:\/\/www.instagram.com\/cogoppics\/","https:\/\/www.youtube.com\/@COGOPMedia","https:\/\/open.spotify.com\/user\/g1d13yyaprw0wrr2woer8edyp?si=a32b364b555f4d4d"]},{"@type":"Person","@id":"https:\/\/cogop.org\/#\/schema\/person\/6bfee56ce98d03b7d7dcd90594c4af6b","name":"Charlie Scruggs","image":{"@type":"ImageObject","inLanguage":"es","@id":"https:\/\/secure.gravatar.com\/avatar\/5c625851004478f5bd86245a070a2090fcb008cf91bfabf0162fca05d324663b?s=96&d=mm&r=g","url":"https:\/\/secure.gravatar.com\/avatar\/5c625851004478f5bd86245a070a2090fcb008cf91bfabf0162fca05d324663b?s=96&d=mm&r=g","contentUrl":"https:\/\/secure.gravatar.com\/avatar\/5c625851004478f5bd86245a070a2090fcb008cf91bfabf0162fca05d324663b?s=96&d=mm&r=g","caption":"Charlie Scruggs"}}]}},"_links":{"self":[{"href":"https:\/\/cogop.org\/es\/wp-json\/wp\/v2\/posts\/28851","targetHints":{"allow":["GET"]}}],"collection":[{"href":"https:\/\/cogop.org\/es\/wp-json\/wp\/v2\/posts"}],"about":[{"href":"https:\/\/cogop.org\/es\/wp-json\/wp\/v2\/types\/post"}],"author":[{"embeddable":true,"href":"https:\/\/cogop.org\/es\/wp-json\/wp\/v2\/users\/10"}],"replies":[{"embeddable":true,"href":"https:\/\/cogop.org\/es\/wp-json\/wp\/v2\/comments?post=28851"}],"version-history":[{"count":1,"href":"https:\/\/cogop.org\/es\/wp-json\/wp\/v2\/posts\/28851\/revisions"}],"predecessor-version":[{"id":28881,"href":"https:\/\/cogop.org\/es\/wp-json\/wp\/v2\/posts\/28851\/revisions\/28881"}],"wp:featuredmedia":[{"embeddable":true,"href":"https:\/\/cogop.org\/es\/wp-json\/wp\/v2\/media\/28615"}],"wp:attachment":[{"href":"https:\/\/cogop.org\/es\/wp-json\/wp\/v2\/media?parent=28851"}],"wp:term":[{"taxonomy":"category","embeddable":true,"href":"https:\/\/cogop.org\/es\/wp-json\/wp\/v2\/categories?post=28851"},{"taxonomy":"post_tag","embeddable":true,"href":"https:\/\/cogop.org\/es\/wp-json\/wp\/v2\/tags?post=28851"}],"curies":[{"name":"wp","href":"https:\/\/api.w.org\/{rel}","templated":true}]}}