{"id":27275,"date":"2025-08-06T17:22:55","date_gmt":"2025-08-06T17:22:55","guid":{"rendered":"https:\/\/cogop.org\/como-afrontar-los-problemas-de-salud-mental-en-el-ministerio-parte-3\/"},"modified":"2025-08-06T17:22:55","modified_gmt":"2025-08-06T17:22:55","slug":"como-afrontar-los-problemas-de-salud-mental-en-el-ministerio-parte-3","status":"publish","type":"post","link":"https:\/\/cogop.org\/es\/como-afrontar-los-problemas-de-salud-mental-en-el-ministerio-parte-3\/","title":{"rendered":"C\u00f3mo afrontar los problemas de salud mental en el ministerio (Parte 3)"},"content":{"rendered":"<p style=\"font-weight: 400;\">Las Escrituras est\u00e1n llenas de muchas historias desgarradoras. Una que siempre ha cautivado mi imaginaci\u00f3n es la escena de Jes\u00fas llorando y orando en el huerto de Getseman\u00ed. El obispo Brian Sutton explic\u00f3 esta imagen muy claramente en una presentaci\u00f3n durante un retiro de pastores a principios de este a\u00f1o, diciendo, \u201cEl sufrimiento de la cruz estaba acerc\u00e1ndose para Jes\u00fas, sabiendo que en cualquier momento ser\u00eda arrestado, juzgado y crucificado\u201d. Luego que parti\u00f3 el pan con los disc\u00edpulos, nombr\u00f3 a los negadores y al traidor, y les lav\u00f3 los pies, Jes\u00fas entr\u00f3 en Getseman\u00ed \u2014lugar donde comenzar\u00eda el principio del fin.   <\/p>\n<p style=\"font-weight: 400;\">Los disc\u00edpulos fueron con \u00c9l al huerto, pero Jes\u00fas se alej\u00f3 de ellos un poco, y tomando consigo a Pedro y a los dos hijos de Zebedeo, les dijo: \u201cMi alma est\u00e1 muy triste, hasta la muerte (Mateo 26:38). Pero ninguno de los tres dijo nada. Jes\u00fas continu\u00f3 dici\u00e9ndoles: \u201cquedaos aqu\u00ed, y velad conmigo\u201d (26:38). Luego, yendo un poco m\u00e1s adelante se quebrant\u00f3 y ya no habl\u00f3 con Sus disc\u00edpulos sino con Su Padre directamente, tratando de negociar lo innegociable. Orando con angustia, le dijo: \u201c\u2026si es posible, pase de m\u00ed esta copa\u201d (26:39). Varias veces, vino luego a Sus disc\u00edpulos, y los encontr\u00f3 profundamente dormidos; en su hora m\u00e1s oscura de necesidad, ellos estaban durmiendo (26:40-45).       <\/p>\n<p style=\"font-weight: 400;\">Este momento en las Escrituras muestra la soledad y la profunda carga emocional que Jes\u00fas llev\u00f3. Para muchos pastores, el peso del trabajo pastoral a menudo es similar. El trabajo pastoral puede ser extremadamente aislante, y puede haber ocasiones en que los pastores se sientan abandonados por Dios, por la congregaci\u00f3n, e incluso por ellos mismos. \u00a1Qu\u00e9 extraordinario ser\u00eda que cre\u00e1ramos un espacio dentro de las iglesias para abordar y comprender estas experiencias, que son muy comunes entre los pastores y ministros! La sensaci\u00f3n de sentirse completamente solos en su caminar y en su trabajo puede ser una carga pesada para ellos.   <\/p>\n<p style=\"font-weight: 400;\">Hay un sinn\u00famero de libros y art\u00edculos sobre c\u00f3mo los pastores pueden y deben cuidar de la congregaci\u00f3n; pero creo seriamente que se deber\u00edan llevar a cabo conversaciones sobre c\u00f3mo la iglesia puede y debe cuidar de ellos. Los pastores no son \u201csiervos contratados\u201d ni \u201cse\u00f1ores\u201d sobre el pueblo de Dios. Ellos son parte de la iglesia, parte de la familia y del reino de Dios. De la misma manera en que la congregaci\u00f3n es atendida, los pastores tambi\u00e9n deber\u00edan recibir un cuidado rec\u00edproco por parte de la iglesia. Esto ayudar\u00e1 enormemente al bienestar general del pastor(a) y su familia.    <\/p>\n<p style=\"font-weight: 400;\">En este segmento final sobre \u201cC\u00f3mo afrontar los desaf\u00edos de la salud mental en el ministerio\u201d, tratar\u00e9 cinco formas importantes en que las iglesias locales podr\u00edan apoyar y alentar a sus pastores mientras sirven a sus congregaciones:<\/p>\n<h3 style=\"font-weight: 400;\"><strong>Orar constantemente por el pastor(a) y su familia<\/strong><\/h3>\n<p style=\"font-weight: 400;\">Los pastores llevan sobre s\u00ed grandes cargas espirituales y emocionales, a menudo con m\u00faltiples responsabilidades en mano. La oraci\u00f3n constante por el pastor(a) y su familia es una de las formas m\u00e1s poderosas de mostrarles su apoyo. Ello le proporciona fuerzas, paz y sabidur\u00eda en tiempos dif\u00edciles y les ayuda a afrontar las complejidades de su trabajo con m\u00e1s claridad y gracia. La oraci\u00f3n funciona. La oraci\u00f3n ayuda. La oraci\u00f3n sana. Oremos por nuestros pastores y l\u00edderes.      <\/p>\n<h3><strong>Expresar gratitud por el alcance de su ministerio<\/strong><\/h3>\n<p style=\"font-weight: 400;\">Los pastores dedican mucho tiempo y fuerzas en la preparaci\u00f3n de sermones que edifican y fortalecen a la congregaci\u00f3n. Por lo tanto, tomar tiempo para expresar palabras de gratitud cuando un serm\u00f3n ha ministrado a su vida \u2013bien sea d\u00e1ndole fuerzas para superar una situaci\u00f3n dif\u00edcil o proporcion\u00e1ndole direcci\u00f3n\u2013, podr\u00eda ser muy alentador para \u00e9l\/ella. Dedique tiempo para compartirle c\u00f3mo sus sermones y ense\u00f1anzas han ministrado a su vida. As\u00ed como el leproso regres\u00f3 para agradecer a Jes\u00fas (Lucas 17:15, 16), sus palabras de agradecimiento afirmar\u00e1n sus esfuerzos y le reiterar\u00e1n que la Palabra predicada est\u00e1 llegando a los corazones de la comunidad.   <\/p>\n<h3><strong>Sea amable con el pastor(a) y su familia<\/strong><\/h3>\n<p style=\"font-weight: 400;\">La amabilidad es esencial para cultivar una relaci\u00f3n pastoral sana. Los pastores y sus familias tambi\u00e9n enfrentan desaf\u00edos, tanto p\u00fablicos como privados. Es importante crear una atm\u00f3sfera de amabilidad y apoyo, no solamente hacia el pastor(a), sino tambi\u00e9n hacia sus hijos y c\u00f3nyuge. Cuando \u00e9l\/ella sabe que su familia es tratada con respeto y cuidado, se alivian sus cargas y se siente motivado a servir con mayor eficacia. En cambio, si siente que su familia est\u00e1 siendo maltratada o descuidada, esto puede afectar su capacidad de liderar con confianza, paz y unci\u00f3n.    <\/p>\n<h3><strong>\u00danase a la misi\u00f3n de la iglesia a trav\u00e9s de su participaci\u00f3n activa<\/strong><\/h3>\n<p style=\"font-weight: 400;\">Los pastores no pueden llevar el peso del ministerio solos. La participaci\u00f3n de la congregaci\u00f3n en la misi\u00f3n de la iglesia \u2013a trav\u00e9s del servicio, el evangelismo, el discipulado y la d\u00e1diva\u2013 ayuda con la carga pastoral. La participaci\u00f3n activa en promover la fe de Cristo no solo apoyar\u00e1 al pastor, tambi\u00e9n fortalecer\u00e1 a todo el cuerpo de la iglesia. Cuando todos trabajan juntos, el pastor(a) puede concentrar sus esfuerzos en la predicaci\u00f3n, ense\u00f1anza y el pastoreo, a sabiendas que la congregaci\u00f3n participa plenamente en la obra del reino. En una comunidad como tal, la noci\u00f3n de que el 20 por ciento de la gente hace el 80 por ciento del trabajo y que el 80 por ciento de la gente hace el 20 por ciento del trabajo no tiene lugar. En una congregaci\u00f3n as\u00ed, el trabajo \u2013y mejor a\u00fan, el servicio\u2013 es una responsabilidad que comparte toda la comunidad.     <\/p>\n<h3><strong>Proveer oportunidades renovar fuerzas.<\/strong><\/h3>\n<p style=\"font-weight: 400;\">Al igual que cualquier persona que ejerce una profesi\u00f3n exigente necesita descanso, los pastores tambi\u00e9n necesitan tiempo para recargar fuerzas espirituales, mentales, emocionales y f\u00edsicamente. Anime y apoye a su pastor(a) para que tome un tiempo libre, bien sea un breve descanso o un sab\u00e1tico extendido. Este tipo de descanso ayuda a los pastores a retomar su ministerio con energ\u00eda y pasi\u00f3n renovadas. Es importante entender que el cuidado personal es vital para la eficacia a largo plazo, as\u00ed que cuando la congregaci\u00f3n le ofrece oportunidades al pastor para que tome descanso, est\u00e1 demostrando que valora su bienestar. Un pastor(a) que sufre de agotamiento terminar\u00e1 siendo ineficaz.    <\/p>\n<p style=\"font-weight: 400;\">Se puede crear un entorno saludable y de apoyo para nuestros pastores orando por ellos continuamente, siendo agradecidos, mostr\u00e1ndoles amabilidad, participando activamente en la misi\u00f3n de la iglesia y apoy\u00e1ndolos para que tomen tiempo para descansar y renovar sus fuerzas. [Recordemos] que ellos no solo han sido llamados a cuidar de la congregaci\u00f3n; la congregaci\u00f3n tambi\u00e9n tiene la responsabilidad de darles la atenci\u00f3n y el cuidado que merecen. Mediante el apoyo mutuo, podemos conseguir que nuestros pastores contin\u00faen sirviendo con gozo, fuerzas, paz y unci\u00f3n.  <\/p>\n<ul>\n<li style=\"font-weight: 400;\">Escrito por Obispo Roger Ball, LCSW, PhD, como fue publicado en la edici\u00f3n de agosto de 2025 del Mensajero Ala Banca<\/li>\n<\/ul>\n<p>&nbsp;<\/p>\n","protected":false},"excerpt":{"rendered":"<p>Las Escrituras est\u00e1n llenas de muchas historias desgarradoras. Una que siempre ha cautivado mi imaginaci\u00f3n es la escena de Jes\u00fas llorando y orando en el huerto de Getseman\u00ed. El obispo Brian Sutton explic\u00f3 esta imagen muy claramente en una presentaci\u00f3n durante un retiro de pastores a principios de este a\u00f1o, diciendo, \u201cEl sufrimiento de la [&hellip;]<\/p>\n","protected":false},"author":4,"featured_media":27318,"comment_status":"closed","ping_status":"open","sticky":false,"template":"","format":"standard","meta":{"_acf_changed":false,"_monsterinsights_skip_tracking":false,"_monsterinsights_sitenote_active":false,"_monsterinsights_sitenote_note":"","_monsterinsights_sitenote_category":0,"_uf_show_specific_survey":0,"_uf_disable_surveys":false,"footnotes":""},"categories":[296],"tags":[297],"class_list":["post-27275","post","type-post","status-publish","format-standard","has-post-thumbnail","hentry","category-articulo","tag-la-mesa-del-pastor"],"acf":[],"yoast_head":"<!-- This site is optimized with the Yoast SEO plugin v27.4 - https:\/\/yoast.com\/product\/yoast-seo-wordpress\/ -->\n<title>C\u00f3mo afrontar los problemas de salud mental en el ministerio (Parte 3) | COGOP<\/title>\n<meta name=\"robots\" content=\"index, follow, max-snippet:-1, max-image-preview:large, max-video-preview:-1\" \/>\n<link rel=\"canonical\" href=\"https:\/\/cogop.org\/es\/como-afrontar-los-problemas-de-salud-mental-en-el-ministerio-parte-3\/\" \/>\n<meta property=\"og:locale\" content=\"es_ES\" \/>\n<meta property=\"og:type\" content=\"article\" \/>\n<meta property=\"og:title\" content=\"C\u00f3mo afrontar los problemas de salud mental en el ministerio (Parte 3) | COGOP\" \/>\n<meta property=\"og:description\" content=\"Las Escrituras est\u00e1n llenas de muchas historias desgarradoras. Una que siempre ha cautivado mi imaginaci\u00f3n es la escena de Jes\u00fas llorando y orando en el huerto de Getseman\u00ed. El obispo Brian Sutton explic\u00f3 esta imagen muy claramente en una presentaci\u00f3n durante un retiro de pastores a principios de este a\u00f1o, diciendo, \u201cEl sufrimiento de la [&hellip;]\" \/>\n<meta property=\"og:url\" content=\"https:\/\/cogop.org\/es\/como-afrontar-los-problemas-de-salud-mental-en-el-ministerio-parte-3\/\" \/>\n<meta property=\"og:site_name\" content=\"COGOP\" \/>\n<meta property=\"article:publisher\" content=\"https:\/\/www.facebook.com\/cogop\" \/>\n<meta property=\"article:published_time\" content=\"2025-08-06T17:22:55+00:00\" \/>\n<meta property=\"og:image\" content=\"https:\/\/cogop.org\/wp-content\/uploads\/2025\/08\/Counselor.webp\" \/>\n\t<meta property=\"og:image:width\" content=\"720\" \/>\n\t<meta property=\"og:image:height\" content=\"480\" \/>\n\t<meta property=\"og:image:type\" content=\"image\/webp\" \/>\n<meta name=\"author\" content=\"Shaun McKinley\" \/>\n<meta name=\"twitter:card\" content=\"summary_large_image\" \/>\n<meta name=\"twitter:creator\" content=\"@cogop\" \/>\n<meta name=\"twitter:site\" content=\"@cogop\" \/>\n<meta name=\"twitter:label1\" content=\"Escrito por\" \/>\n\t<meta name=\"twitter:data1\" content=\"Shaun McKinley\" \/>\n\t<meta name=\"twitter:label2\" content=\"Tiempo de lectura\" \/>\n\t<meta name=\"twitter:data2\" content=\"6 minutos\" \/>\n<script type=\"application\/ld+json\" class=\"yoast-schema-graph\">{\"@context\":\"https:\\\/\\\/schema.org\",\"@graph\":[{\"@type\":\"Article\",\"@id\":\"https:\\\/\\\/cogop.org\\\/es\\\/como-afrontar-los-problemas-de-salud-mental-en-el-ministerio-parte-3\\\/#article\",\"isPartOf\":{\"@id\":\"https:\\\/\\\/cogop.org\\\/es\\\/como-afrontar-los-problemas-de-salud-mental-en-el-ministerio-parte-3\\\/\"},\"author\":{\"name\":\"Shaun McKinley\",\"@id\":\"https:\\\/\\\/cogop.org\\\/#\\\/schema\\\/person\\\/4906c522c140e1fd84e28e3c17b3588d\"},\"headline\":\"C\u00f3mo afrontar los problemas de salud mental en el ministerio (Parte 3)\",\"datePublished\":\"2025-08-06T17:22:55+00:00\",\"mainEntityOfPage\":{\"@id\":\"https:\\\/\\\/cogop.org\\\/es\\\/como-afrontar-los-problemas-de-salud-mental-en-el-ministerio-parte-3\\\/\"},\"wordCount\":1249,\"publisher\":{\"@id\":\"https:\\\/\\\/cogop.org\\\/#organization\"},\"image\":{\"@id\":\"https:\\\/\\\/cogop.org\\\/es\\\/como-afrontar-los-problemas-de-salud-mental-en-el-ministerio-parte-3\\\/#primaryimage\"},\"thumbnailUrl\":\"https:\\\/\\\/cogop.org\\\/wp-content\\\/uploads\\\/2025\\\/08\\\/Depositphotos_263773646_S.webp\",\"keywords\":[\"La mesa del pastor\"],\"articleSection\":[\"Art\u00edculo\"],\"inLanguage\":\"es\"},{\"@type\":\"WebPage\",\"@id\":\"https:\\\/\\\/cogop.org\\\/es\\\/como-afrontar-los-problemas-de-salud-mental-en-el-ministerio-parte-3\\\/\",\"url\":\"https:\\\/\\\/cogop.org\\\/es\\\/como-afrontar-los-problemas-de-salud-mental-en-el-ministerio-parte-3\\\/\",\"name\":\"C\u00f3mo afrontar los problemas de salud mental en el ministerio (Parte 3) | COGOP\",\"isPartOf\":{\"@id\":\"https:\\\/\\\/cogop.org\\\/#website\"},\"primaryImageOfPage\":{\"@id\":\"https:\\\/\\\/cogop.org\\\/es\\\/como-afrontar-los-problemas-de-salud-mental-en-el-ministerio-parte-3\\\/#primaryimage\"},\"image\":{\"@id\":\"https:\\\/\\\/cogop.org\\\/es\\\/como-afrontar-los-problemas-de-salud-mental-en-el-ministerio-parte-3\\\/#primaryimage\"},\"thumbnailUrl\":\"https:\\\/\\\/cogop.org\\\/wp-content\\\/uploads\\\/2025\\\/08\\\/Depositphotos_263773646_S.webp\",\"datePublished\":\"2025-08-06T17:22:55+00:00\",\"inLanguage\":\"es\",\"potentialAction\":[{\"@type\":\"ReadAction\",\"target\":[\"https:\\\/\\\/cogop.org\\\/es\\\/como-afrontar-los-problemas-de-salud-mental-en-el-ministerio-parte-3\\\/\"]}]},{\"@type\":\"ImageObject\",\"inLanguage\":\"es\",\"@id\":\"https:\\\/\\\/cogop.org\\\/es\\\/como-afrontar-los-problemas-de-salud-mental-en-el-ministerio-parte-3\\\/#primaryimage\",\"url\":\"https:\\\/\\\/cogop.org\\\/wp-content\\\/uploads\\\/2025\\\/08\\\/Depositphotos_263773646_S.webp\",\"contentUrl\":\"https:\\\/\\\/cogop.org\\\/wp-content\\\/uploads\\\/2025\\\/08\\\/Depositphotos_263773646_S.webp\",\"width\":1000,\"height\":667},{\"@type\":\"BreadcrumbList\",\"@id\":\"https:\\\/\\\/cogop.org\\\/es\\\/como-afrontar-los-problemas-de-salud-mental-en-el-ministerio-parte-3\\\/#breadcrumb\",\"itemListElement\":[{\"@type\":\"ListItem\",\"position\":1,\"name\":\"Home\",\"item\":\"https:\\\/\\\/cogop.org\\\/\"},{\"@type\":\"ListItem\",\"position\":2,\"name\":\"C\u00f3mo afrontar los problemas de salud mental en el ministerio (Parte 3)\"}]},{\"@type\":\"WebSite\",\"@id\":\"https:\\\/\\\/cogop.org\\\/#website\",\"url\":\"https:\\\/\\\/cogop.org\\\/\",\"name\":\"Church of God of Prophecy\",\"description\":\"Reconciling the World to Christ\",\"publisher\":{\"@id\":\"https:\\\/\\\/cogop.org\\\/#organization\"},\"alternateName\":\"COGOP\",\"potentialAction\":[{\"@type\":\"SearchAction\",\"target\":{\"@type\":\"EntryPoint\",\"urlTemplate\":\"https:\\\/\\\/cogop.org\\\/?s={search_term_string}\"},\"query-input\":{\"@type\":\"PropertyValueSpecification\",\"valueRequired\":true,\"valueName\":\"search_term_string\"}}],\"inLanguage\":\"es\"},{\"@type\":\"Organization\",\"@id\":\"https:\\\/\\\/cogop.org\\\/#organization\",\"name\":\"Church of God of Prophecy\",\"alternateName\":\"COGOP\",\"url\":\"https:\\\/\\\/cogop.org\\\/\",\"logo\":{\"@type\":\"ImageObject\",\"inLanguage\":\"es\",\"@id\":\"https:\\\/\\\/cogop.org\\\/#\\\/schema\\\/logo\\\/image\\\/\",\"url\":\"https:\\\/\\\/cogop.org\\\/wp-content\\\/uploads\\\/2025\\\/01\\\/logo-cogop.webp\",\"contentUrl\":\"https:\\\/\\\/cogop.org\\\/wp-content\\\/uploads\\\/2025\\\/01\\\/logo-cogop.webp\",\"width\":500,\"height\":118,\"caption\":\"Church of God of Prophecy\"},\"image\":{\"@id\":\"https:\\\/\\\/cogop.org\\\/#\\\/schema\\\/logo\\\/image\\\/\"},\"sameAs\":[\"https:\\\/\\\/www.facebook.com\\\/cogop\",\"https:\\\/\\\/x.com\\\/cogop\",\"https:\\\/\\\/www.instagram.com\\\/cogoppics\\\/\",\"https:\\\/\\\/www.youtube.com\\\/@COGOPMedia\",\"https:\\\/\\\/open.spotify.com\\\/user\\\/g1d13yyaprw0wrr2woer8edyp?si=a32b364b555f4d4d\"]},{\"@type\":\"Person\",\"@id\":\"https:\\\/\\\/cogop.org\\\/#\\\/schema\\\/person\\\/4906c522c140e1fd84e28e3c17b3588d\",\"name\":\"Shaun McKinley\",\"image\":{\"@type\":\"ImageObject\",\"inLanguage\":\"es\",\"@id\":\"https:\\\/\\\/secure.gravatar.com\\\/avatar\\\/21e42617539b19957212750bc94d5e389cd3e64619510914f40b27e32d375e99?s=96&d=mm&r=g\",\"url\":\"https:\\\/\\\/secure.gravatar.com\\\/avatar\\\/21e42617539b19957212750bc94d5e389cd3e64619510914f40b27e32d375e99?s=96&d=mm&r=g\",\"contentUrl\":\"https:\\\/\\\/secure.gravatar.com\\\/avatar\\\/21e42617539b19957212750bc94d5e389cd3e64619510914f40b27e32d375e99?s=96&d=mm&r=g\",\"caption\":\"Shaun McKinley\"}}]}<\/script>\n<!-- \/ Yoast SEO plugin. -->","yoast_head_json":{"title":"C\u00f3mo afrontar los problemas de salud mental en el ministerio (Parte 3) | COGOP","robots":{"index":"index","follow":"follow","max-snippet":"max-snippet:-1","max-image-preview":"max-image-preview:large","max-video-preview":"max-video-preview:-1"},"canonical":"https:\/\/cogop.org\/es\/como-afrontar-los-problemas-de-salud-mental-en-el-ministerio-parte-3\/","og_locale":"es_ES","og_type":"article","og_title":"C\u00f3mo afrontar los problemas de salud mental en el ministerio (Parte 3) | COGOP","og_description":"Las Escrituras est\u00e1n llenas de muchas historias desgarradoras. Una que siempre ha cautivado mi imaginaci\u00f3n es la escena de Jes\u00fas llorando y orando en el huerto de Getseman\u00ed. El obispo Brian Sutton explic\u00f3 esta imagen muy claramente en una presentaci\u00f3n durante un retiro de pastores a principios de este a\u00f1o, diciendo, \u201cEl sufrimiento de la [&hellip;]","og_url":"https:\/\/cogop.org\/es\/como-afrontar-los-problemas-de-salud-mental-en-el-ministerio-parte-3\/","og_site_name":"COGOP","article_publisher":"https:\/\/www.facebook.com\/cogop","article_published_time":"2025-08-06T17:22:55+00:00","og_image":[{"width":720,"height":480,"url":"https:\/\/cogop.org\/wp-content\/uploads\/2025\/08\/Counselor.webp","type":"image\/webp"}],"author":"Shaun McKinley","twitter_card":"summary_large_image","twitter_creator":"@cogop","twitter_site":"@cogop","twitter_misc":{"Escrito por":"Shaun McKinley","Tiempo de lectura":"6 minutos"},"schema":{"@context":"https:\/\/schema.org","@graph":[{"@type":"Article","@id":"https:\/\/cogop.org\/es\/como-afrontar-los-problemas-de-salud-mental-en-el-ministerio-parte-3\/#article","isPartOf":{"@id":"https:\/\/cogop.org\/es\/como-afrontar-los-problemas-de-salud-mental-en-el-ministerio-parte-3\/"},"author":{"name":"Shaun McKinley","@id":"https:\/\/cogop.org\/#\/schema\/person\/4906c522c140e1fd84e28e3c17b3588d"},"headline":"C\u00f3mo afrontar los problemas de salud mental en el ministerio (Parte 3)","datePublished":"2025-08-06T17:22:55+00:00","mainEntityOfPage":{"@id":"https:\/\/cogop.org\/es\/como-afrontar-los-problemas-de-salud-mental-en-el-ministerio-parte-3\/"},"wordCount":1249,"publisher":{"@id":"https:\/\/cogop.org\/#organization"},"image":{"@id":"https:\/\/cogop.org\/es\/como-afrontar-los-problemas-de-salud-mental-en-el-ministerio-parte-3\/#primaryimage"},"thumbnailUrl":"https:\/\/cogop.org\/wp-content\/uploads\/2025\/08\/Depositphotos_263773646_S.webp","keywords":["La mesa del pastor"],"articleSection":["Art\u00edculo"],"inLanguage":"es"},{"@type":"WebPage","@id":"https:\/\/cogop.org\/es\/como-afrontar-los-problemas-de-salud-mental-en-el-ministerio-parte-3\/","url":"https:\/\/cogop.org\/es\/como-afrontar-los-problemas-de-salud-mental-en-el-ministerio-parte-3\/","name":"C\u00f3mo afrontar los problemas de salud mental en el ministerio (Parte 3) | COGOP","isPartOf":{"@id":"https:\/\/cogop.org\/#website"},"primaryImageOfPage":{"@id":"https:\/\/cogop.org\/es\/como-afrontar-los-problemas-de-salud-mental-en-el-ministerio-parte-3\/#primaryimage"},"image":{"@id":"https:\/\/cogop.org\/es\/como-afrontar-los-problemas-de-salud-mental-en-el-ministerio-parte-3\/#primaryimage"},"thumbnailUrl":"https:\/\/cogop.org\/wp-content\/uploads\/2025\/08\/Depositphotos_263773646_S.webp","datePublished":"2025-08-06T17:22:55+00:00","inLanguage":"es","potentialAction":[{"@type":"ReadAction","target":["https:\/\/cogop.org\/es\/como-afrontar-los-problemas-de-salud-mental-en-el-ministerio-parte-3\/"]}]},{"@type":"ImageObject","inLanguage":"es","@id":"https:\/\/cogop.org\/es\/como-afrontar-los-problemas-de-salud-mental-en-el-ministerio-parte-3\/#primaryimage","url":"https:\/\/cogop.org\/wp-content\/uploads\/2025\/08\/Depositphotos_263773646_S.webp","contentUrl":"https:\/\/cogop.org\/wp-content\/uploads\/2025\/08\/Depositphotos_263773646_S.webp","width":1000,"height":667},{"@type":"BreadcrumbList","@id":"https:\/\/cogop.org\/es\/como-afrontar-los-problemas-de-salud-mental-en-el-ministerio-parte-3\/#breadcrumb","itemListElement":[{"@type":"ListItem","position":1,"name":"Home","item":"https:\/\/cogop.org\/"},{"@type":"ListItem","position":2,"name":"C\u00f3mo afrontar los problemas de salud mental en el ministerio (Parte 3)"}]},{"@type":"WebSite","@id":"https:\/\/cogop.org\/#website","url":"https:\/\/cogop.org\/","name":"Church of God of Prophecy","description":"Reconciling the World to Christ","publisher":{"@id":"https:\/\/cogop.org\/#organization"},"alternateName":"COGOP","potentialAction":[{"@type":"SearchAction","target":{"@type":"EntryPoint","urlTemplate":"https:\/\/cogop.org\/?s={search_term_string}"},"query-input":{"@type":"PropertyValueSpecification","valueRequired":true,"valueName":"search_term_string"}}],"inLanguage":"es"},{"@type":"Organization","@id":"https:\/\/cogop.org\/#organization","name":"Church of God of Prophecy","alternateName":"COGOP","url":"https:\/\/cogop.org\/","logo":{"@type":"ImageObject","inLanguage":"es","@id":"https:\/\/cogop.org\/#\/schema\/logo\/image\/","url":"https:\/\/cogop.org\/wp-content\/uploads\/2025\/01\/logo-cogop.webp","contentUrl":"https:\/\/cogop.org\/wp-content\/uploads\/2025\/01\/logo-cogop.webp","width":500,"height":118,"caption":"Church of God of Prophecy"},"image":{"@id":"https:\/\/cogop.org\/#\/schema\/logo\/image\/"},"sameAs":["https:\/\/www.facebook.com\/cogop","https:\/\/x.com\/cogop","https:\/\/www.instagram.com\/cogoppics\/","https:\/\/www.youtube.com\/@COGOPMedia","https:\/\/open.spotify.com\/user\/g1d13yyaprw0wrr2woer8edyp?si=a32b364b555f4d4d"]},{"@type":"Person","@id":"https:\/\/cogop.org\/#\/schema\/person\/4906c522c140e1fd84e28e3c17b3588d","name":"Shaun McKinley","image":{"@type":"ImageObject","inLanguage":"es","@id":"https:\/\/secure.gravatar.com\/avatar\/21e42617539b19957212750bc94d5e389cd3e64619510914f40b27e32d375e99?s=96&d=mm&r=g","url":"https:\/\/secure.gravatar.com\/avatar\/21e42617539b19957212750bc94d5e389cd3e64619510914f40b27e32d375e99?s=96&d=mm&r=g","contentUrl":"https:\/\/secure.gravatar.com\/avatar\/21e42617539b19957212750bc94d5e389cd3e64619510914f40b27e32d375e99?s=96&d=mm&r=g","caption":"Shaun McKinley"}}]}},"_links":{"self":[{"href":"https:\/\/cogop.org\/es\/wp-json\/wp\/v2\/posts\/27275","targetHints":{"allow":["GET"]}}],"collection":[{"href":"https:\/\/cogop.org\/es\/wp-json\/wp\/v2\/posts"}],"about":[{"href":"https:\/\/cogop.org\/es\/wp-json\/wp\/v2\/types\/post"}],"author":[{"embeddable":true,"href":"https:\/\/cogop.org\/es\/wp-json\/wp\/v2\/users\/4"}],"replies":[{"embeddable":true,"href":"https:\/\/cogop.org\/es\/wp-json\/wp\/v2\/comments?post=27275"}],"version-history":[{"count":0,"href":"https:\/\/cogop.org\/es\/wp-json\/wp\/v2\/posts\/27275\/revisions"}],"wp:featuredmedia":[{"embeddable":true,"href":"https:\/\/cogop.org\/es\/wp-json\/wp\/v2\/media\/27318"}],"wp:attachment":[{"href":"https:\/\/cogop.org\/es\/wp-json\/wp\/v2\/media?parent=27275"}],"wp:term":[{"taxonomy":"category","embeddable":true,"href":"https:\/\/cogop.org\/es\/wp-json\/wp\/v2\/categories?post=27275"},{"taxonomy":"post_tag","embeddable":true,"href":"https:\/\/cogop.org\/es\/wp-json\/wp\/v2\/tags?post=27275"}],"curies":[{"name":"wp","href":"https:\/\/api.w.org\/{rel}","templated":true}]}}