{"id":25108,"date":"2025-06-09T17:11:34","date_gmt":"2025-06-09T17:11:34","guid":{"rendered":"https:\/\/cogop.org\/la-division-de-comunicaciones-mundiales-lanza-amplify-una-capacitacion-intensiva-para-los-comunicadores-de-iglesias-pequenas\/"},"modified":"2025-06-09T17:11:34","modified_gmt":"2025-06-09T17:11:34","slug":"la-division-de-comunicaciones-mundiales-lanza-amplify-una-capacitacion-intensiva-para-los-comunicadores-de-iglesias-pequenas","status":"publish","type":"post","link":"https:\/\/cogop.org\/es\/la-division-de-comunicaciones-mundiales-lanza-amplify-una-capacitacion-intensiva-para-los-comunicadores-de-iglesias-pequenas\/","title":{"rendered":"La Divisi\u00f3n de Comunicaciones Mundiales lanza \u00abAmplify\u00bb: Una capacitaci\u00f3n intensiva para los comunicadores de iglesias peque\u00f1as"},"content":{"rendered":"<p data-start=\"271\" data-end=\"707\">La Divisi\u00f3n de Comunicaciones Mundiales de la Iglesia de Dios de la Profec\u00eda est\u00e1 lanzando una nueva y emocionante iniciativa de capacitaci\u00f3n dise\u00f1ada espec\u00edficamente para pastores y l\u00edderes ministeriales de congregaciones m\u00e1s peque\u00f1as. <strong data-start=\"475\" data-end=\"486\">Amplify<\/strong>, \u2013un curso intensivo de comunicaci\u00f3n y alcance de un d\u00eda de duraci\u00f3n\u2013, tiene como objetivo equipar a las iglesias de 100 personas o menos para que se comuniquen de manera m\u00e1s eficaz, lleguen a sus comunidades con mayor impacto y comprometan a sus congregaciones con confianza.<\/p>\n<p data-start=\"709\" data-end=\"1115\">\u00abEn este mundo bullicioso, las iglesias peque\u00f1as pueden sentirse ignoradas o con pocos recursos\u00bb, afirm\u00f3 el Dr. Shaun McKinley, director ejecutivo de Comunicaciones Mundiales. \u00abPero creemos que todas las iglesias, independientemente de su tama\u00f1o, tienen una voz poderosa que puede proclamar la gloria de Dios a su comunidad y m\u00e1s all\u00e1. Amplify tiene como objetivo ayudar a las iglesias a surgir en medio de ese bullicio y convertirse en voces vivificantes de esperanza en sus comunidades\u00bb. <\/p>\n<p data-start=\"1117\" data-end=\"1355\">Dise\u00f1ado para iglesias con presupuestos limitados, equipos peque\u00f1os y necesidades crecientes de comunicaci\u00f3n, la capacitaci\u00f3n de <strong data-start=\"1211\" data-end=\"1222\">Amplify<\/strong> ofrece una experiencia pr\u00e1ctica que guiar\u00e1 a los participantes en el fortalecimiento tanto de su mensaje como de sus m\u00e9todos.<\/p>\n<p data-start=\"1357\" data-end=\"1416\"><strong data-start=\"1357\" data-end=\"1416\">La capacitaci\u00f3n est\u00e1 estructurada en torno a cinco sesiones interactivas:<\/strong><\/p>\n<ol data-start=\"1418\" data-end=\"3473\">\n<li data-start=\"1418\" data-end=\"1852\">\n<p data-start=\"1421\" data-end=\"1852\"><strong data-start=\"1421\" data-end=\"1468\">Expresando claramente cu\u00e1l es la identidad y marca de su ministerio<\/strong><br data-start=\"1468\" data-end=\"1471\">Esta sesi\u00f3n de apertura ayuda a las iglesias a responder una pregunta fundamental: \u00ab\u00bfQui\u00e9nes somos?\u00bb. Los participantes aprender\u00e1n a articular la visi\u00f3n, la misi\u00f3n y los valores de su ministerio, y luego trasladar esa identidad a una marca consistente y reconocible en todas las plataformas. El objetivo es lograr claridad con un renovado sentido de prop\u00f3sito y direcci\u00f3n en todos los esfuerzos de comunicaci\u00f3n.  <\/p>\n<\/li>\n<li data-start=\"1854\" data-end=\"2302\">\n<p data-start=\"1857\" data-end=\"2302\"><strong data-start=\"1857\" data-end=\"1907\">El fortalecimiento de la presencia digital de su ministerio<\/strong><br data-start=\"1907\" data-end=\"1910\">Los sitios web, las p\u00e1ginas en redes sociales y las listas de correo electr\u00f3nico suelen ser la primera impresi\u00f3n que los visitantes tienen de una iglesia. Esta sesi\u00f3n se centra en crear una presencia en l\u00ednea atractiva y eficaz utilizando herramientas reales que funcionan para ministerios con tiempo, dinero o conocimientos tecnol\u00f3gicos limitados. Los participantes saldr\u00e1n con estrategias pr\u00e1cticas para mejorar la participaci\u00f3n digital y mantener conectada a su congregaci\u00f3n.  <\/p>\n<\/li>\n<li data-start=\"2304\" data-end=\"2688\">\n<p data-start=\"2307\" data-end=\"2688\"><strong data-start=\"2307\" data-end=\"2342\">C\u00f3mo atraer y retener a las visitas<\/strong><br data-start=\"2342\" data-end=\"2345\">Atraer a visitas nuevas es solo la mitad de la misi\u00f3n. La otra mitad consiste en hacer que se sientan como en casa y ayudarles a sentirse conectados con el resto de la congregaci\u00f3n. En esta sesi\u00f3n, los l\u00edderes explorar\u00e1n c\u00f3mo crear entornos acogedores tanto en l\u00ednea como en persona, desarrollar sistemas eficaces de seguimiento de los visitantes y utilizar la narraci\u00f3n de historias para conectar corazones y fomentar relaciones duraderas.  <\/p>\n<\/li>\n<li data-start=\"2690\" data-end=\"3062\">\n<p data-start=\"2693\" data-end=\"3062\"><strong data-start=\"2693\" data-end=\"2737\">C\u00f3mo promocionar tu ministerio en la comunidad<\/strong><br data-start=\"2737\" data-end=\"2740\">Esta sesi\u00f3n aborda una de las preguntas m\u00e1s importantes a las que se enfrentan las iglesias peque\u00f1as: \u00ab\u00bfC\u00f3mo puede venir la gente si no sabe que estamos aqu\u00ed?\u00bb. Los participantes descubrir\u00e1n formas econ\u00f3micas y eficaces de aumentar la visibilidad, promocionar eventos y establecer colaboraciones en sus barrios. Se trata de que te vean y te conozcan, <em>por las razones adecuadas.<\/em>  <\/p>\n<\/li>\n<li data-start=\"3064\" data-end=\"3473\">\n<p data-start=\"3067\" data-end=\"3473\"><strong data-start=\"3067\" data-end=\"3128\">La inteligencia artificial y la Iglesia: usos \u00e9ticos y eficaces en el ministerio<\/strong><br data-start=\"3128\" data-end=\"3131\">La inteligencia artificial no es solo para los gigantes tecnol\u00f3gicos. La IA se est\u00e1 convirtiendo en una herramienta pr\u00e1ctica para el ministerio cotidiano. Esta sesi\u00f3n compartir\u00e1 con los participantes los usos responsables y creativos de la IA para la creaci\u00f3n de contenido, la comunicaci\u00f3n y el alcance. Los participantes aprender\u00e1n c\u00f3mo aprovechar el poder de la IA sin renunciar a su voz pastoral y su misi\u00f3n.   <\/p>\n<\/li>\n<\/ol>\n<p data-start=\"3475\" data-end=\"3737\">Cada evento de <strong data-start=\"3480\" data-end=\"3491\">Amplify<\/strong> est\u00e1 dise\u00f1ado para completarse en un solo d\u00eda y puede organizarse en formato presencial o accederse mediante la participaci\u00f3n virtual. Los asistentes reciben un cuaderno de trabajo impreso, acceso a recursos continuos y asistencia de la creciente red de Comunicaciones Mundiales. <\/p>\n<p data-start=\"3739\" data-end=\"3989\">\u00abNos apasiona mejorar la capacidad de comunicaci\u00f3n de todas las iglesias\u00bb, afirm\u00f3 McKinley. \u00abAmplify no consiste en convertir su iglesia en algo que no es, sino en ayudarle a ser plenamente qui\u00e9n ya es y asegurarnos de que el mundo lo sepa\u00bb. <\/p>\n<p data-start=\"3991\" data-end=\"4310\">Hay un n\u00famero limitado de fechas disponibles para programar un evento este a\u00f1o. Se anima a las iglesias y l\u00edderes interesados en organizar o asistir a una sesi\u00f3n a ponerse en contacto con la Divisi\u00f3n de Comunicaciones Mundiales en <strong data-start=\"4205\" data-end=\"4223\"><a class=\"cursor-pointer\" rel=\"noopener\" data-start=\"4207\" data-end=\"4221\">info@cogop.org.<\/a><\/strong> <\/p>\n<p data-start=\"3991\" data-end=\"4310\">Descargue el panfleto informativo sobre las capacitaciones Amplify <a href=\"https:\/\/cogop.org\/wp-content\/uploads\/2025\/06\/Amplify-Brochure.pdf\">aqu\u00ed.<\/a><\/p>\n","protected":false},"excerpt":{"rendered":"<p>La Divisi\u00f3n de Comunicaciones Mundiales de la Iglesia de Dios de la Profec\u00eda est\u00e1 lanzando una nueva y emocionante iniciativa de capacitaci\u00f3n dise\u00f1ada espec\u00edficamente para pastores y l\u00edderes ministeriales de congregaciones m\u00e1s peque\u00f1as. Amplify, \u2013un curso intensivo de comunicaci\u00f3n y alcance de un d\u00eda de duraci\u00f3n\u2013, tiene como objetivo equipar a las iglesias de 100 [&hellip;]<\/p>\n","protected":false},"author":4,"featured_media":24744,"comment_status":"closed","ping_status":"open","sticky":false,"template":"","format":"standard","meta":{"_acf_changed":false,"_monsterinsights_skip_tracking":false,"_monsterinsights_sitenote_active":false,"_monsterinsights_sitenote_note":"","_monsterinsights_sitenote_category":0,"_uf_show_specific_survey":0,"_uf_disable_surveys":false,"footnotes":""},"categories":[270],"tags":[280],"class_list":["post-25108","post","type-post","status-publish","format-standard","has-post-thumbnail","hentry","category-division-de-comunicaciones-mundiales","tag-comunicaciones-mundiales"],"acf":[],"yoast_head":"<!-- This site is optimized with the Yoast SEO plugin v27.4 - https:\/\/yoast.com\/product\/yoast-seo-wordpress\/ -->\n<title>La Divisi\u00f3n de Comunicaciones Mundiales lanza &quot;Amplify&quot;: Una capacitaci\u00f3n intensiva para los comunicadores de iglesias peque\u00f1as | COGOP<\/title>\n<meta name=\"robots\" content=\"index, follow, max-snippet:-1, max-image-preview:large, max-video-preview:-1\" \/>\n<link rel=\"canonical\" href=\"https:\/\/cogop.org\/es\/la-division-de-comunicaciones-mundiales-lanza-amplify-una-capacitacion-intensiva-para-los-comunicadores-de-iglesias-pequenas\/\" \/>\n<meta property=\"og:locale\" content=\"es_ES\" \/>\n<meta property=\"og:type\" content=\"article\" \/>\n<meta property=\"og:title\" content=\"La Divisi\u00f3n de Comunicaciones Mundiales lanza &quot;Amplify&quot;: Una capacitaci\u00f3n intensiva para los comunicadores de iglesias peque\u00f1as | COGOP\" \/>\n<meta property=\"og:description\" content=\"La Divisi\u00f3n de Comunicaciones Mundiales de la Iglesia de Dios de la Profec\u00eda est\u00e1 lanzando una nueva y emocionante iniciativa de capacitaci\u00f3n dise\u00f1ada espec\u00edficamente para pastores y l\u00edderes ministeriales de congregaciones m\u00e1s peque\u00f1as. Amplify, \u2013un curso intensivo de comunicaci\u00f3n y alcance de un d\u00eda de duraci\u00f3n\u2013, tiene como objetivo equipar a las iglesias de 100 [&hellip;]\" \/>\n<meta property=\"og:url\" content=\"https:\/\/cogop.org\/es\/la-division-de-comunicaciones-mundiales-lanza-amplify-una-capacitacion-intensiva-para-los-comunicadores-de-iglesias-pequenas\/\" \/>\n<meta property=\"og:site_name\" content=\"COGOP\" \/>\n<meta property=\"article:publisher\" content=\"https:\/\/www.facebook.com\/cogop\" \/>\n<meta property=\"article:published_time\" content=\"2025-06-09T17:11:34+00:00\" \/>\n<meta property=\"og:image\" content=\"https:\/\/cogop.org\/wp-content\/uploads\/2025\/06\/Amplify-1024x576.webp\" \/>\n<meta name=\"author\" content=\"Shaun McKinley\" \/>\n<meta name=\"twitter:card\" content=\"summary_large_image\" \/>\n<meta name=\"twitter:image\" content=\"https:\/\/cogop.org\/wp-content\/uploads\/2025\/06\/Amplify-1024x576.webp\" \/>\n<meta name=\"twitter:creator\" content=\"@cogop\" \/>\n<meta name=\"twitter:site\" content=\"@cogop\" \/>\n<meta name=\"twitter:label1\" content=\"Escrito por\" \/>\n\t<meta name=\"twitter:data1\" content=\"Shaun McKinley\" \/>\n\t<meta name=\"twitter:label2\" content=\"Tiempo de lectura\" \/>\n\t<meta name=\"twitter:data2\" content=\"4 minutos\" \/>\n<script type=\"application\/ld+json\" class=\"yoast-schema-graph\">{\"@context\":\"https:\\\/\\\/schema.org\",\"@graph\":[{\"@type\":\"Article\",\"@id\":\"https:\\\/\\\/cogop.org\\\/es\\\/la-division-de-comunicaciones-mundiales-lanza-amplify-una-capacitacion-intensiva-para-los-comunicadores-de-iglesias-pequenas\\\/#article\",\"isPartOf\":{\"@id\":\"https:\\\/\\\/cogop.org\\\/es\\\/la-division-de-comunicaciones-mundiales-lanza-amplify-una-capacitacion-intensiva-para-los-comunicadores-de-iglesias-pequenas\\\/\"},\"author\":{\"name\":\"Shaun McKinley\",\"@id\":\"https:\\\/\\\/cogop.org\\\/#\\\/schema\\\/person\\\/4906c522c140e1fd84e28e3c17b3588d\"},\"headline\":\"La Divisi\u00f3n de Comunicaciones Mundiales lanza \u00abAmplify\u00bb: Una capacitaci\u00f3n intensiva para los comunicadores de iglesias peque\u00f1as\",\"datePublished\":\"2025-06-09T17:11:34+00:00\",\"mainEntityOfPage\":{\"@id\":\"https:\\\/\\\/cogop.org\\\/es\\\/la-division-de-comunicaciones-mundiales-lanza-amplify-una-capacitacion-intensiva-para-los-comunicadores-de-iglesias-pequenas\\\/\"},\"wordCount\":812,\"publisher\":{\"@id\":\"https:\\\/\\\/cogop.org\\\/#organization\"},\"image\":{\"@id\":\"https:\\\/\\\/cogop.org\\\/es\\\/la-division-de-comunicaciones-mundiales-lanza-amplify-una-capacitacion-intensiva-para-los-comunicadores-de-iglesias-pequenas\\\/#primaryimage\"},\"thumbnailUrl\":\"https:\\\/\\\/cogop.org\\\/wp-content\\\/uploads\\\/2025\\\/06\\\/Amplify-3.webp\",\"keywords\":[\"Comunicaciones Mundiales\"],\"articleSection\":[\"Divisi\u00f3n de Comunicaciones Mundiales\"],\"inLanguage\":\"es\"},{\"@type\":\"WebPage\",\"@id\":\"https:\\\/\\\/cogop.org\\\/es\\\/la-division-de-comunicaciones-mundiales-lanza-amplify-una-capacitacion-intensiva-para-los-comunicadores-de-iglesias-pequenas\\\/\",\"url\":\"https:\\\/\\\/cogop.org\\\/es\\\/la-division-de-comunicaciones-mundiales-lanza-amplify-una-capacitacion-intensiva-para-los-comunicadores-de-iglesias-pequenas\\\/\",\"name\":\"La Divisi\u00f3n de Comunicaciones Mundiales lanza \\\"Amplify\\\": Una capacitaci\u00f3n intensiva para los comunicadores de iglesias peque\u00f1as | COGOP\",\"isPartOf\":{\"@id\":\"https:\\\/\\\/cogop.org\\\/#website\"},\"primaryImageOfPage\":{\"@id\":\"https:\\\/\\\/cogop.org\\\/es\\\/la-division-de-comunicaciones-mundiales-lanza-amplify-una-capacitacion-intensiva-para-los-comunicadores-de-iglesias-pequenas\\\/#primaryimage\"},\"image\":{\"@id\":\"https:\\\/\\\/cogop.org\\\/es\\\/la-division-de-comunicaciones-mundiales-lanza-amplify-una-capacitacion-intensiva-para-los-comunicadores-de-iglesias-pequenas\\\/#primaryimage\"},\"thumbnailUrl\":\"https:\\\/\\\/cogop.org\\\/wp-content\\\/uploads\\\/2025\\\/06\\\/Amplify-3.webp\",\"datePublished\":\"2025-06-09T17:11:34+00:00\",\"inLanguage\":\"es\",\"potentialAction\":[{\"@type\":\"ReadAction\",\"target\":[\"https:\\\/\\\/cogop.org\\\/es\\\/la-division-de-comunicaciones-mundiales-lanza-amplify-una-capacitacion-intensiva-para-los-comunicadores-de-iglesias-pequenas\\\/\"]}]},{\"@type\":\"ImageObject\",\"inLanguage\":\"es\",\"@id\":\"https:\\\/\\\/cogop.org\\\/es\\\/la-division-de-comunicaciones-mundiales-lanza-amplify-una-capacitacion-intensiva-para-los-comunicadores-de-iglesias-pequenas\\\/#primaryimage\",\"url\":\"https:\\\/\\\/cogop.org\\\/wp-content\\\/uploads\\\/2025\\\/06\\\/Amplify-3.webp\",\"contentUrl\":\"https:\\\/\\\/cogop.org\\\/wp-content\\\/uploads\\\/2025\\\/06\\\/Amplify-3.webp\",\"width\":1366,\"height\":768},{\"@type\":\"BreadcrumbList\",\"@id\":\"https:\\\/\\\/cogop.org\\\/es\\\/la-division-de-comunicaciones-mundiales-lanza-amplify-una-capacitacion-intensiva-para-los-comunicadores-de-iglesias-pequenas\\\/#breadcrumb\",\"itemListElement\":[{\"@type\":\"ListItem\",\"position\":1,\"name\":\"Home\",\"item\":\"https:\\\/\\\/cogop.org\\\/\"},{\"@type\":\"ListItem\",\"position\":2,\"name\":\"La Divisi\u00f3n de Comunicaciones Mundiales lanza \u00abAmplify\u00bb: Una capacitaci\u00f3n intensiva para los comunicadores de iglesias peque\u00f1as\"}]},{\"@type\":\"WebSite\",\"@id\":\"https:\\\/\\\/cogop.org\\\/#website\",\"url\":\"https:\\\/\\\/cogop.org\\\/\",\"name\":\"Church of God of Prophecy\",\"description\":\"Reconciling the World to Christ\",\"publisher\":{\"@id\":\"https:\\\/\\\/cogop.org\\\/#organization\"},\"alternateName\":\"COGOP\",\"potentialAction\":[{\"@type\":\"SearchAction\",\"target\":{\"@type\":\"EntryPoint\",\"urlTemplate\":\"https:\\\/\\\/cogop.org\\\/?s={search_term_string}\"},\"query-input\":{\"@type\":\"PropertyValueSpecification\",\"valueRequired\":true,\"valueName\":\"search_term_string\"}}],\"inLanguage\":\"es\"},{\"@type\":\"Organization\",\"@id\":\"https:\\\/\\\/cogop.org\\\/#organization\",\"name\":\"Church of God of Prophecy\",\"alternateName\":\"COGOP\",\"url\":\"https:\\\/\\\/cogop.org\\\/\",\"logo\":{\"@type\":\"ImageObject\",\"inLanguage\":\"es\",\"@id\":\"https:\\\/\\\/cogop.org\\\/#\\\/schema\\\/logo\\\/image\\\/\",\"url\":\"https:\\\/\\\/cogop.org\\\/wp-content\\\/uploads\\\/2025\\\/01\\\/logo-cogop.webp\",\"contentUrl\":\"https:\\\/\\\/cogop.org\\\/wp-content\\\/uploads\\\/2025\\\/01\\\/logo-cogop.webp\",\"width\":500,\"height\":118,\"caption\":\"Church of God of Prophecy\"},\"image\":{\"@id\":\"https:\\\/\\\/cogop.org\\\/#\\\/schema\\\/logo\\\/image\\\/\"},\"sameAs\":[\"https:\\\/\\\/www.facebook.com\\\/cogop\",\"https:\\\/\\\/x.com\\\/cogop\",\"https:\\\/\\\/www.instagram.com\\\/cogoppics\\\/\",\"https:\\\/\\\/www.youtube.com\\\/@COGOPMedia\",\"https:\\\/\\\/open.spotify.com\\\/user\\\/g1d13yyaprw0wrr2woer8edyp?si=a32b364b555f4d4d\"]},{\"@type\":\"Person\",\"@id\":\"https:\\\/\\\/cogop.org\\\/#\\\/schema\\\/person\\\/4906c522c140e1fd84e28e3c17b3588d\",\"name\":\"Shaun McKinley\",\"image\":{\"@type\":\"ImageObject\",\"inLanguage\":\"es\",\"@id\":\"https:\\\/\\\/secure.gravatar.com\\\/avatar\\\/21e42617539b19957212750bc94d5e389cd3e64619510914f40b27e32d375e99?s=96&d=mm&r=g\",\"url\":\"https:\\\/\\\/secure.gravatar.com\\\/avatar\\\/21e42617539b19957212750bc94d5e389cd3e64619510914f40b27e32d375e99?s=96&d=mm&r=g\",\"contentUrl\":\"https:\\\/\\\/secure.gravatar.com\\\/avatar\\\/21e42617539b19957212750bc94d5e389cd3e64619510914f40b27e32d375e99?s=96&d=mm&r=g\",\"caption\":\"Shaun McKinley\"}}]}<\/script>\n<!-- \/ Yoast SEO plugin. -->","yoast_head_json":{"title":"La Divisi\u00f3n de Comunicaciones Mundiales lanza \"Amplify\": Una capacitaci\u00f3n intensiva para los comunicadores de iglesias peque\u00f1as | COGOP","robots":{"index":"index","follow":"follow","max-snippet":"max-snippet:-1","max-image-preview":"max-image-preview:large","max-video-preview":"max-video-preview:-1"},"canonical":"https:\/\/cogop.org\/es\/la-division-de-comunicaciones-mundiales-lanza-amplify-una-capacitacion-intensiva-para-los-comunicadores-de-iglesias-pequenas\/","og_locale":"es_ES","og_type":"article","og_title":"La Divisi\u00f3n de Comunicaciones Mundiales lanza \"Amplify\": Una capacitaci\u00f3n intensiva para los comunicadores de iglesias peque\u00f1as | COGOP","og_description":"La Divisi\u00f3n de Comunicaciones Mundiales de la Iglesia de Dios de la Profec\u00eda est\u00e1 lanzando una nueva y emocionante iniciativa de capacitaci\u00f3n dise\u00f1ada espec\u00edficamente para pastores y l\u00edderes ministeriales de congregaciones m\u00e1s peque\u00f1as. Amplify, \u2013un curso intensivo de comunicaci\u00f3n y alcance de un d\u00eda de duraci\u00f3n\u2013, tiene como objetivo equipar a las iglesias de 100 [&hellip;]","og_url":"https:\/\/cogop.org\/es\/la-division-de-comunicaciones-mundiales-lanza-amplify-una-capacitacion-intensiva-para-los-comunicadores-de-iglesias-pequenas\/","og_site_name":"COGOP","article_publisher":"https:\/\/www.facebook.com\/cogop","article_published_time":"2025-06-09T17:11:34+00:00","og_image":[{"url":"https:\/\/cogop.org\/wp-content\/uploads\/2025\/06\/Amplify-1024x576.webp","type":"","width":"","height":""}],"author":"Shaun McKinley","twitter_card":"summary_large_image","twitter_image":"https:\/\/cogop.org\/wp-content\/uploads\/2025\/06\/Amplify-1024x576.webp","twitter_creator":"@cogop","twitter_site":"@cogop","twitter_misc":{"Escrito por":"Shaun McKinley","Tiempo de lectura":"4 minutos"},"schema":{"@context":"https:\/\/schema.org","@graph":[{"@type":"Article","@id":"https:\/\/cogop.org\/es\/la-division-de-comunicaciones-mundiales-lanza-amplify-una-capacitacion-intensiva-para-los-comunicadores-de-iglesias-pequenas\/#article","isPartOf":{"@id":"https:\/\/cogop.org\/es\/la-division-de-comunicaciones-mundiales-lanza-amplify-una-capacitacion-intensiva-para-los-comunicadores-de-iglesias-pequenas\/"},"author":{"name":"Shaun McKinley","@id":"https:\/\/cogop.org\/#\/schema\/person\/4906c522c140e1fd84e28e3c17b3588d"},"headline":"La Divisi\u00f3n de Comunicaciones Mundiales lanza \u00abAmplify\u00bb: Una capacitaci\u00f3n intensiva para los comunicadores de iglesias peque\u00f1as","datePublished":"2025-06-09T17:11:34+00:00","mainEntityOfPage":{"@id":"https:\/\/cogop.org\/es\/la-division-de-comunicaciones-mundiales-lanza-amplify-una-capacitacion-intensiva-para-los-comunicadores-de-iglesias-pequenas\/"},"wordCount":812,"publisher":{"@id":"https:\/\/cogop.org\/#organization"},"image":{"@id":"https:\/\/cogop.org\/es\/la-division-de-comunicaciones-mundiales-lanza-amplify-una-capacitacion-intensiva-para-los-comunicadores-de-iglesias-pequenas\/#primaryimage"},"thumbnailUrl":"https:\/\/cogop.org\/wp-content\/uploads\/2025\/06\/Amplify-3.webp","keywords":["Comunicaciones Mundiales"],"articleSection":["Divisi\u00f3n de Comunicaciones Mundiales"],"inLanguage":"es"},{"@type":"WebPage","@id":"https:\/\/cogop.org\/es\/la-division-de-comunicaciones-mundiales-lanza-amplify-una-capacitacion-intensiva-para-los-comunicadores-de-iglesias-pequenas\/","url":"https:\/\/cogop.org\/es\/la-division-de-comunicaciones-mundiales-lanza-amplify-una-capacitacion-intensiva-para-los-comunicadores-de-iglesias-pequenas\/","name":"La Divisi\u00f3n de Comunicaciones Mundiales lanza \"Amplify\": Una capacitaci\u00f3n intensiva para los comunicadores de iglesias peque\u00f1as | COGOP","isPartOf":{"@id":"https:\/\/cogop.org\/#website"},"primaryImageOfPage":{"@id":"https:\/\/cogop.org\/es\/la-division-de-comunicaciones-mundiales-lanza-amplify-una-capacitacion-intensiva-para-los-comunicadores-de-iglesias-pequenas\/#primaryimage"},"image":{"@id":"https:\/\/cogop.org\/es\/la-division-de-comunicaciones-mundiales-lanza-amplify-una-capacitacion-intensiva-para-los-comunicadores-de-iglesias-pequenas\/#primaryimage"},"thumbnailUrl":"https:\/\/cogop.org\/wp-content\/uploads\/2025\/06\/Amplify-3.webp","datePublished":"2025-06-09T17:11:34+00:00","inLanguage":"es","potentialAction":[{"@type":"ReadAction","target":["https:\/\/cogop.org\/es\/la-division-de-comunicaciones-mundiales-lanza-amplify-una-capacitacion-intensiva-para-los-comunicadores-de-iglesias-pequenas\/"]}]},{"@type":"ImageObject","inLanguage":"es","@id":"https:\/\/cogop.org\/es\/la-division-de-comunicaciones-mundiales-lanza-amplify-una-capacitacion-intensiva-para-los-comunicadores-de-iglesias-pequenas\/#primaryimage","url":"https:\/\/cogop.org\/wp-content\/uploads\/2025\/06\/Amplify-3.webp","contentUrl":"https:\/\/cogop.org\/wp-content\/uploads\/2025\/06\/Amplify-3.webp","width":1366,"height":768},{"@type":"BreadcrumbList","@id":"https:\/\/cogop.org\/es\/la-division-de-comunicaciones-mundiales-lanza-amplify-una-capacitacion-intensiva-para-los-comunicadores-de-iglesias-pequenas\/#breadcrumb","itemListElement":[{"@type":"ListItem","position":1,"name":"Home","item":"https:\/\/cogop.org\/"},{"@type":"ListItem","position":2,"name":"La Divisi\u00f3n de Comunicaciones Mundiales lanza \u00abAmplify\u00bb: Una capacitaci\u00f3n intensiva para los comunicadores de iglesias peque\u00f1as"}]},{"@type":"WebSite","@id":"https:\/\/cogop.org\/#website","url":"https:\/\/cogop.org\/","name":"Church of God of Prophecy","description":"Reconciling the World to Christ","publisher":{"@id":"https:\/\/cogop.org\/#organization"},"alternateName":"COGOP","potentialAction":[{"@type":"SearchAction","target":{"@type":"EntryPoint","urlTemplate":"https:\/\/cogop.org\/?s={search_term_string}"},"query-input":{"@type":"PropertyValueSpecification","valueRequired":true,"valueName":"search_term_string"}}],"inLanguage":"es"},{"@type":"Organization","@id":"https:\/\/cogop.org\/#organization","name":"Church of God of Prophecy","alternateName":"COGOP","url":"https:\/\/cogop.org\/","logo":{"@type":"ImageObject","inLanguage":"es","@id":"https:\/\/cogop.org\/#\/schema\/logo\/image\/","url":"https:\/\/cogop.org\/wp-content\/uploads\/2025\/01\/logo-cogop.webp","contentUrl":"https:\/\/cogop.org\/wp-content\/uploads\/2025\/01\/logo-cogop.webp","width":500,"height":118,"caption":"Church of God of Prophecy"},"image":{"@id":"https:\/\/cogop.org\/#\/schema\/logo\/image\/"},"sameAs":["https:\/\/www.facebook.com\/cogop","https:\/\/x.com\/cogop","https:\/\/www.instagram.com\/cogoppics\/","https:\/\/www.youtube.com\/@COGOPMedia","https:\/\/open.spotify.com\/user\/g1d13yyaprw0wrr2woer8edyp?si=a32b364b555f4d4d"]},{"@type":"Person","@id":"https:\/\/cogop.org\/#\/schema\/person\/4906c522c140e1fd84e28e3c17b3588d","name":"Shaun McKinley","image":{"@type":"ImageObject","inLanguage":"es","@id":"https:\/\/secure.gravatar.com\/avatar\/21e42617539b19957212750bc94d5e389cd3e64619510914f40b27e32d375e99?s=96&d=mm&r=g","url":"https:\/\/secure.gravatar.com\/avatar\/21e42617539b19957212750bc94d5e389cd3e64619510914f40b27e32d375e99?s=96&d=mm&r=g","contentUrl":"https:\/\/secure.gravatar.com\/avatar\/21e42617539b19957212750bc94d5e389cd3e64619510914f40b27e32d375e99?s=96&d=mm&r=g","caption":"Shaun McKinley"}}]}},"_links":{"self":[{"href":"https:\/\/cogop.org\/es\/wp-json\/wp\/v2\/posts\/25108","targetHints":{"allow":["GET"]}}],"collection":[{"href":"https:\/\/cogop.org\/es\/wp-json\/wp\/v2\/posts"}],"about":[{"href":"https:\/\/cogop.org\/es\/wp-json\/wp\/v2\/types\/post"}],"author":[{"embeddable":true,"href":"https:\/\/cogop.org\/es\/wp-json\/wp\/v2\/users\/4"}],"replies":[{"embeddable":true,"href":"https:\/\/cogop.org\/es\/wp-json\/wp\/v2\/comments?post=25108"}],"version-history":[{"count":0,"href":"https:\/\/cogop.org\/es\/wp-json\/wp\/v2\/posts\/25108\/revisions"}],"wp:featuredmedia":[{"embeddable":true,"href":"https:\/\/cogop.org\/es\/wp-json\/wp\/v2\/media\/24744"}],"wp:attachment":[{"href":"https:\/\/cogop.org\/es\/wp-json\/wp\/v2\/media?parent=25108"}],"wp:term":[{"taxonomy":"category","embeddable":true,"href":"https:\/\/cogop.org\/es\/wp-json\/wp\/v2\/categories?post=25108"},{"taxonomy":"post_tag","embeddable":true,"href":"https:\/\/cogop.org\/es\/wp-json\/wp\/v2\/tags?post=25108"}],"curies":[{"name":"wp","href":"https:\/\/api.w.org\/{rel}","templated":true}]}}