{"id":23279,"date":"2025-05-08T15:36:12","date_gmt":"2025-05-08T15:36:12","guid":{"rendered":"https:\/\/cogop.org\/el-seminario-espiritu-y-vida-sevi-recibe-una-subvencion-de-21000-dolares-para-el-desarrollo-de-capacidades\/"},"modified":"2025-07-01T16:58:16","modified_gmt":"2025-07-01T16:58:16","slug":"el-seminario-espiritu-y-vida-sevi-recibe-una-subvencion-de-21000-dolares-para-el-desarrollo-de-capacidades","status":"publish","type":"post","link":"https:\/\/cogop.org\/es\/el-seminario-espiritu-y-vida-sevi-recibe-una-subvencion-de-21000-dolares-para-el-desarrollo-de-capacidades\/","title":{"rendered":"El Seminario Esp\u00edritu y Vida (SEVi) recibe una subvenci\u00f3n de 21,000 d\u00f3lares para el desarrollo de capacidades"},"content":{"rendered":"\n<p>El Seminario Esp\u00edritu y Vida se complace en anunciar que ha sido seleccionado para recibir una subvenci\u00f3n para el desarrollo de capacidades de la Asociaci\u00f3n para la Educaci\u00f3n Teol\u00f3gica Hispana (AETH), en colaboraci\u00f3n con el Seminario Teol\u00f3gico Evang\u00e9lico Garrett. La subvenci\u00f3n, por un total de 21,000 d\u00f3lares, reafirma el compromiso continuo del seminario con la excelencia teol\u00f3gica, el crecimiento institucional y el alcance global. <\/p>\n\n<p>En la carta de concesi\u00f3n del premio dirigida al seminario, el equipo asesor de AETH-Garrett escribi\u00f3 que, \u00abqued\u00f3 muy impresionado con el trabajo que est\u00e1 realizando la organizaci\u00f3n y cree que la subvenci\u00f3n se utilizar\u00e1 en beneficio de toda la comunidad. Este reconocimiento es prueba de la dedicaci\u00f3n, el arduo trabajo y el talento excepcional del equipo&#8230; La determinaci\u00f3n constante, la creatividad y la capacidad de superar los retos de su programa siempre le han distinguido\u00bb.<\/p>\n\n<p>El programa de capacitaci\u00f3n, de cinco a\u00f1os de duraci\u00f3n, est\u00e1 dise\u00f1ado para fortalecer las capacidades administrativas, educativas y operativas de los institutos b\u00edblicos y seminarios. Los fondos de la subvenci\u00f3n pueden utilizarse para el desarrollo de curr\u00edculo, la formaci\u00f3n de instructores, el gobierno de la junta directiva, recursos de software y bibliotecarios, y la preparaci\u00f3n para la certificaci\u00f3n. El Seminario Esp\u00edritu y Vida utilizar\u00e1 estos fondos para ampliar su oferta acad\u00e9mica, especialmente en el \u00e1mbito de la educaci\u00f3n remota.  <\/p>\n\n<p>\u00abEsta subvenci\u00f3n es una gran bendici\u00f3n para el Seminario Esp\u00edritu y Vida\u00bb, dijo el Dr. Michael Hern\u00e1ndez, presidente del Seminario Esp\u00edritu y Vida. \u00abLos fondos de esta subvenci\u00f3n se utilizar\u00e1n para mejorar la calidad de la ense\u00f1anza que ya ofrece el SEVi y ayudar\u00e1n al SEVi a ampliar su alcance a estudiantes en todo Estados Unidos. El SEVi expresa su agradecimiento a la AETH, al Seminario Teol\u00f3gico Evang\u00e9lico Garrett y al comit\u00e9 de procesamiento de subvenciones por sus esfuerzos a favor del desarrollo de las capacidades para los institutos b\u00edblicos. El Seminario Esp\u00edritu y Vida espera con gran expectativa ser testigo de los frutos que se obtendr\u00e1n de esta importante inversi\u00f3n en nuestros estudiantes\u00bb. <\/p>\n\n<p>El Dr. Albert Murza, decano acad\u00e9mico, a\u00f1adi\u00f3: \u00abEstamos muy agradecidos con la AETH por esta generosa subvenci\u00f3n, que mejorar\u00e1 enormemente la calidad y la impartici\u00f3n de nuestros programas de educaci\u00f3n remota. Gracias a esta financiaci\u00f3n, podremos invertir en la producci\u00f3n de videoconferencias de alta calidad, proveyendo a nuestro profesorado las herramientas adecuadas para crear contenido atractivo y accesible. Todos nuestros estudiantes a nivel internacional merecen una experiencia educativa que refleje tanto la excelencia acad\u00e9mica como la innovaci\u00f3n\u00bb.<\/p>\n\n<p>El Seminario Esp\u00edritu y Vida est\u00e1 emocionado por las oportunidades que esta inversi\u00f3n brindar\u00e1 a medida que contin\u00faa equipando a l\u00edderes cristianos para un ministerio eficaz en la Iglesia de Dios de la Profec\u00eda y m\u00e1s all\u00e1.<\/p>\n\n<p>Para obtener m\u00e1s informaci\u00f3n sobre el Seminario Esp\u00edritu y Vida, visite <a href=\"http:\/\/www.spiritandlifeseminary.org\/\">www.spiritandlifeseminary.org <\/a>o info@spiritandlifeseminary.org.<\/p>\n\n<p><\/p>\n","protected":false},"excerpt":{"rendered":"<p>El Seminario Esp\u00edritu y Vida recibe una subvenci\u00f3n de 21,000 d\u00f3lares para mejorar los programas de educaci\u00f3n remota y formaci\u00f3n teol\u00f3gica.<\/p>\n","protected":false},"author":4,"featured_media":22373,"comment_status":"closed","ping_status":"open","sticky":false,"template":"","format":"standard","meta":{"_acf_changed":false,"_monsterinsights_skip_tracking":false,"_monsterinsights_sitenote_active":false,"_monsterinsights_sitenote_note":"","_monsterinsights_sitenote_category":0,"_uf_show_specific_survey":0,"_uf_disable_surveys":false,"footnotes":""},"categories":[317],"tags":[200],"class_list":["post-23279","post","type-post","status-publish","format-standard","has-post-thumbnail","hentry","category-seminario-espiritu-y-vida","tag-seminario-espiritu-y-vida"],"acf":[],"yoast_head":"<!-- This site is optimized with the Yoast SEO plugin v27.4 - https:\/\/yoast.com\/product\/yoast-seo-wordpress\/ -->\n<title>El Seminario Esp\u00edritu y Vida (SEVi) recibe una subvenci\u00f3n de 21,000 d\u00f3lares para el desarrollo de capacidades | COGOP<\/title>\n<meta name=\"robots\" content=\"index, follow, max-snippet:-1, max-image-preview:large, max-video-preview:-1\" \/>\n<link rel=\"canonical\" href=\"https:\/\/cogop.org\/es\/el-seminario-espiritu-y-vida-sevi-recibe-una-subvencion-de-21000-dolares-para-el-desarrollo-de-capacidades\/\" \/>\n<meta property=\"og:locale\" content=\"es_ES\" \/>\n<meta property=\"og:type\" content=\"article\" \/>\n<meta property=\"og:title\" content=\"El Seminario Esp\u00edritu y Vida (SEVi) recibe una subvenci\u00f3n de 21,000 d\u00f3lares para el desarrollo de capacidades\" \/>\n<meta property=\"og:description\" content=\"El Seminario Esp\u00edritu (SEVi) y Vida recibe una subvenci\u00f3n de 21,000 d\u00f3lares para mejorar los programas de educaci\u00f3n remota y formaci\u00f3n teol\u00f3gica.\" \/>\n<meta property=\"og:url\" content=\"https:\/\/cogop.org\/es\/el-seminario-espiritu-y-vida-sevi-recibe-una-subvencion-de-21000-dolares-para-el-desarrollo-de-capacidades\/\" \/>\n<meta property=\"og:site_name\" content=\"COGOP\" \/>\n<meta property=\"article:publisher\" content=\"https:\/\/www.facebook.com\/cogop\" \/>\n<meta property=\"article:published_time\" content=\"2025-05-08T15:36:12+00:00\" \/>\n<meta property=\"article:modified_time\" content=\"2025-07-01T16:58:16+00:00\" \/>\n<meta property=\"og:image\" content=\"https:\/\/cogop.org\/wp-content\/uploads\/2025\/05\/485970335_1199092555204890_800665790688077700_n-1024x577.webp\" \/>\n<meta name=\"author\" content=\"Shaun McKinley\" \/>\n<meta name=\"twitter:card\" content=\"summary_large_image\" \/>\n<meta name=\"twitter:title\" content=\"El Seminario Esp\u00edritu y Vida (SEVi) recibe una subvenci\u00f3n de 21,000 d\u00f3lares para el desarrollo de capacidades\" \/>\n<meta name=\"twitter:description\" content=\"El Seminario Esp\u00edritu (SEVi) y Vida recibe una subvenci\u00f3n de 21,000 d\u00f3lares para mejorar los programas de educaci\u00f3n remota y formaci\u00f3n teol\u00f3gica.\" \/>\n<meta name=\"twitter:image\" content=\"https:\/\/cogop.org\/wp-content\/uploads\/2025\/05\/485970335_1199092555204890_800665790688077700_n-1024x577.webp\" \/>\n<meta name=\"twitter:creator\" content=\"@cogop\" \/>\n<meta name=\"twitter:site\" content=\"@cogop\" \/>\n<meta name=\"twitter:label1\" content=\"Escrito por\" \/>\n\t<meta name=\"twitter:data1\" content=\"Shaun McKinley\" \/>\n\t<meta name=\"twitter:label2\" content=\"Tiempo de lectura\" \/>\n\t<meta name=\"twitter:data2\" content=\"3 minutos\" \/>\n<script type=\"application\/ld+json\" class=\"yoast-schema-graph\">{\"@context\":\"https:\\\/\\\/schema.org\",\"@graph\":[{\"@type\":\"Article\",\"@id\":\"https:\\\/\\\/cogop.org\\\/es\\\/el-seminario-espiritu-y-vida-sevi-recibe-una-subvencion-de-21000-dolares-para-el-desarrollo-de-capacidades\\\/#article\",\"isPartOf\":{\"@id\":\"https:\\\/\\\/cogop.org\\\/es\\\/el-seminario-espiritu-y-vida-sevi-recibe-una-subvencion-de-21000-dolares-para-el-desarrollo-de-capacidades\\\/\"},\"author\":{\"name\":\"Shaun McKinley\",\"@id\":\"https:\\\/\\\/cogop.org\\\/#\\\/schema\\\/person\\\/4906c522c140e1fd84e28e3c17b3588d\"},\"headline\":\"El Seminario Esp\u00edritu y Vida (SEVi) recibe una subvenci\u00f3n de 21,000 d\u00f3lares para el desarrollo de capacidades\",\"datePublished\":\"2025-05-08T15:36:12+00:00\",\"dateModified\":\"2025-07-01T16:58:16+00:00\",\"mainEntityOfPage\":{\"@id\":\"https:\\\/\\\/cogop.org\\\/es\\\/el-seminario-espiritu-y-vida-sevi-recibe-una-subvencion-de-21000-dolares-para-el-desarrollo-de-capacidades\\\/\"},\"wordCount\":545,\"publisher\":{\"@id\":\"https:\\\/\\\/cogop.org\\\/#organization\"},\"image\":{\"@id\":\"https:\\\/\\\/cogop.org\\\/es\\\/el-seminario-espiritu-y-vida-sevi-recibe-una-subvencion-de-21000-dolares-para-el-desarrollo-de-capacidades\\\/#primaryimage\"},\"thumbnailUrl\":\"https:\\\/\\\/cogop.org\\\/wp-content\\\/uploads\\\/2025\\\/05\\\/485970335_1199092555204890_800665790688077700_n.webp\",\"keywords\":[\"Seminario Esp\u00edritu y Vida\"],\"articleSection\":[\"Seminario Esp\u00edritu y Vida\"],\"inLanguage\":\"es\"},{\"@type\":\"WebPage\",\"@id\":\"https:\\\/\\\/cogop.org\\\/es\\\/el-seminario-espiritu-y-vida-sevi-recibe-una-subvencion-de-21000-dolares-para-el-desarrollo-de-capacidades\\\/\",\"url\":\"https:\\\/\\\/cogop.org\\\/es\\\/el-seminario-espiritu-y-vida-sevi-recibe-una-subvencion-de-21000-dolares-para-el-desarrollo-de-capacidades\\\/\",\"name\":\"El Seminario Esp\u00edritu y Vida (SEVi) recibe una subvenci\u00f3n de 21,000 d\u00f3lares para el desarrollo de capacidades | COGOP\",\"isPartOf\":{\"@id\":\"https:\\\/\\\/cogop.org\\\/#website\"},\"primaryImageOfPage\":{\"@id\":\"https:\\\/\\\/cogop.org\\\/es\\\/el-seminario-espiritu-y-vida-sevi-recibe-una-subvencion-de-21000-dolares-para-el-desarrollo-de-capacidades\\\/#primaryimage\"},\"image\":{\"@id\":\"https:\\\/\\\/cogop.org\\\/es\\\/el-seminario-espiritu-y-vida-sevi-recibe-una-subvencion-de-21000-dolares-para-el-desarrollo-de-capacidades\\\/#primaryimage\"},\"thumbnailUrl\":\"https:\\\/\\\/cogop.org\\\/wp-content\\\/uploads\\\/2025\\\/05\\\/485970335_1199092555204890_800665790688077700_n.webp\",\"datePublished\":\"2025-05-08T15:36:12+00:00\",\"dateModified\":\"2025-07-01T16:58:16+00:00\",\"inLanguage\":\"es\",\"potentialAction\":[{\"@type\":\"ReadAction\",\"target\":[\"https:\\\/\\\/cogop.org\\\/es\\\/el-seminario-espiritu-y-vida-sevi-recibe-una-subvencion-de-21000-dolares-para-el-desarrollo-de-capacidades\\\/\"]}]},{\"@type\":\"ImageObject\",\"inLanguage\":\"es\",\"@id\":\"https:\\\/\\\/cogop.org\\\/es\\\/el-seminario-espiritu-y-vida-sevi-recibe-una-subvencion-de-21000-dolares-para-el-desarrollo-de-capacidades\\\/#primaryimage\",\"url\":\"https:\\\/\\\/cogop.org\\\/wp-content\\\/uploads\\\/2025\\\/05\\\/485970335_1199092555204890_800665790688077700_n.webp\",\"contentUrl\":\"https:\\\/\\\/cogop.org\\\/wp-content\\\/uploads\\\/2025\\\/05\\\/485970335_1199092555204890_800665790688077700_n.webp\",\"width\":2048,\"height\":1154},{\"@type\":\"BreadcrumbList\",\"@id\":\"https:\\\/\\\/cogop.org\\\/es\\\/el-seminario-espiritu-y-vida-sevi-recibe-una-subvencion-de-21000-dolares-para-el-desarrollo-de-capacidades\\\/#breadcrumb\",\"itemListElement\":[{\"@type\":\"ListItem\",\"position\":1,\"name\":\"Home\",\"item\":\"https:\\\/\\\/cogop.org\\\/\"},{\"@type\":\"ListItem\",\"position\":2,\"name\":\"El Seminario Esp\u00edritu y Vida (SEVi) recibe una subvenci\u00f3n de 21,000 d\u00f3lares para el desarrollo de capacidades\"}]},{\"@type\":\"WebSite\",\"@id\":\"https:\\\/\\\/cogop.org\\\/#website\",\"url\":\"https:\\\/\\\/cogop.org\\\/\",\"name\":\"Church of God of Prophecy\",\"description\":\"Reconciling the World to Christ\",\"publisher\":{\"@id\":\"https:\\\/\\\/cogop.org\\\/#organization\"},\"alternateName\":\"COGOP\",\"potentialAction\":[{\"@type\":\"SearchAction\",\"target\":{\"@type\":\"EntryPoint\",\"urlTemplate\":\"https:\\\/\\\/cogop.org\\\/?s={search_term_string}\"},\"query-input\":{\"@type\":\"PropertyValueSpecification\",\"valueRequired\":true,\"valueName\":\"search_term_string\"}}],\"inLanguage\":\"es\"},{\"@type\":\"Organization\",\"@id\":\"https:\\\/\\\/cogop.org\\\/#organization\",\"name\":\"Church of God of Prophecy\",\"alternateName\":\"COGOP\",\"url\":\"https:\\\/\\\/cogop.org\\\/\",\"logo\":{\"@type\":\"ImageObject\",\"inLanguage\":\"es\",\"@id\":\"https:\\\/\\\/cogop.org\\\/#\\\/schema\\\/logo\\\/image\\\/\",\"url\":\"https:\\\/\\\/cogop.org\\\/wp-content\\\/uploads\\\/2025\\\/01\\\/logo-cogop.webp\",\"contentUrl\":\"https:\\\/\\\/cogop.org\\\/wp-content\\\/uploads\\\/2025\\\/01\\\/logo-cogop.webp\",\"width\":500,\"height\":118,\"caption\":\"Church of God of Prophecy\"},\"image\":{\"@id\":\"https:\\\/\\\/cogop.org\\\/#\\\/schema\\\/logo\\\/image\\\/\"},\"sameAs\":[\"https:\\\/\\\/www.facebook.com\\\/cogop\",\"https:\\\/\\\/x.com\\\/cogop\",\"https:\\\/\\\/www.instagram.com\\\/cogoppics\\\/\",\"https:\\\/\\\/www.youtube.com\\\/@COGOPMedia\",\"https:\\\/\\\/open.spotify.com\\\/user\\\/g1d13yyaprw0wrr2woer8edyp?si=a32b364b555f4d4d\"]},{\"@type\":\"Person\",\"@id\":\"https:\\\/\\\/cogop.org\\\/#\\\/schema\\\/person\\\/4906c522c140e1fd84e28e3c17b3588d\",\"name\":\"Shaun McKinley\",\"image\":{\"@type\":\"ImageObject\",\"inLanguage\":\"es\",\"@id\":\"https:\\\/\\\/secure.gravatar.com\\\/avatar\\\/21e42617539b19957212750bc94d5e389cd3e64619510914f40b27e32d375e99?s=96&d=mm&r=g\",\"url\":\"https:\\\/\\\/secure.gravatar.com\\\/avatar\\\/21e42617539b19957212750bc94d5e389cd3e64619510914f40b27e32d375e99?s=96&d=mm&r=g\",\"contentUrl\":\"https:\\\/\\\/secure.gravatar.com\\\/avatar\\\/21e42617539b19957212750bc94d5e389cd3e64619510914f40b27e32d375e99?s=96&d=mm&r=g\",\"caption\":\"Shaun McKinley\"}}]}<\/script>\n<!-- \/ Yoast SEO plugin. -->","yoast_head_json":{"title":"El Seminario Esp\u00edritu y Vida (SEVi) recibe una subvenci\u00f3n de 21,000 d\u00f3lares para el desarrollo de capacidades | COGOP","robots":{"index":"index","follow":"follow","max-snippet":"max-snippet:-1","max-image-preview":"max-image-preview:large","max-video-preview":"max-video-preview:-1"},"canonical":"https:\/\/cogop.org\/es\/el-seminario-espiritu-y-vida-sevi-recibe-una-subvencion-de-21000-dolares-para-el-desarrollo-de-capacidades\/","og_locale":"es_ES","og_type":"article","og_title":"El Seminario Esp\u00edritu y Vida (SEVi) recibe una subvenci\u00f3n de 21,000 d\u00f3lares para el desarrollo de capacidades","og_description":"El Seminario Esp\u00edritu (SEVi) y Vida recibe una subvenci\u00f3n de 21,000 d\u00f3lares para mejorar los programas de educaci\u00f3n remota y formaci\u00f3n teol\u00f3gica.","og_url":"https:\/\/cogop.org\/es\/el-seminario-espiritu-y-vida-sevi-recibe-una-subvencion-de-21000-dolares-para-el-desarrollo-de-capacidades\/","og_site_name":"COGOP","article_publisher":"https:\/\/www.facebook.com\/cogop","article_published_time":"2025-05-08T15:36:12+00:00","article_modified_time":"2025-07-01T16:58:16+00:00","og_image":[{"url":"https:\/\/cogop.org\/wp-content\/uploads\/2025\/05\/485970335_1199092555204890_800665790688077700_n-1024x577.webp","type":"","width":"","height":""}],"author":"Shaun McKinley","twitter_card":"summary_large_image","twitter_title":"El Seminario Esp\u00edritu y Vida (SEVi) recibe una subvenci\u00f3n de 21,000 d\u00f3lares para el desarrollo de capacidades","twitter_description":"El Seminario Esp\u00edritu (SEVi) y Vida recibe una subvenci\u00f3n de 21,000 d\u00f3lares para mejorar los programas de educaci\u00f3n remota y formaci\u00f3n teol\u00f3gica.","twitter_image":"https:\/\/cogop.org\/wp-content\/uploads\/2025\/05\/485970335_1199092555204890_800665790688077700_n-1024x577.webp","twitter_creator":"@cogop","twitter_site":"@cogop","twitter_misc":{"Escrito por":"Shaun McKinley","Tiempo de lectura":"3 minutos"},"schema":{"@context":"https:\/\/schema.org","@graph":[{"@type":"Article","@id":"https:\/\/cogop.org\/es\/el-seminario-espiritu-y-vida-sevi-recibe-una-subvencion-de-21000-dolares-para-el-desarrollo-de-capacidades\/#article","isPartOf":{"@id":"https:\/\/cogop.org\/es\/el-seminario-espiritu-y-vida-sevi-recibe-una-subvencion-de-21000-dolares-para-el-desarrollo-de-capacidades\/"},"author":{"name":"Shaun McKinley","@id":"https:\/\/cogop.org\/#\/schema\/person\/4906c522c140e1fd84e28e3c17b3588d"},"headline":"El Seminario Esp\u00edritu y Vida (SEVi) recibe una subvenci\u00f3n de 21,000 d\u00f3lares para el desarrollo de capacidades","datePublished":"2025-05-08T15:36:12+00:00","dateModified":"2025-07-01T16:58:16+00:00","mainEntityOfPage":{"@id":"https:\/\/cogop.org\/es\/el-seminario-espiritu-y-vida-sevi-recibe-una-subvencion-de-21000-dolares-para-el-desarrollo-de-capacidades\/"},"wordCount":545,"publisher":{"@id":"https:\/\/cogop.org\/#organization"},"image":{"@id":"https:\/\/cogop.org\/es\/el-seminario-espiritu-y-vida-sevi-recibe-una-subvencion-de-21000-dolares-para-el-desarrollo-de-capacidades\/#primaryimage"},"thumbnailUrl":"https:\/\/cogop.org\/wp-content\/uploads\/2025\/05\/485970335_1199092555204890_800665790688077700_n.webp","keywords":["Seminario Esp\u00edritu y Vida"],"articleSection":["Seminario Esp\u00edritu y Vida"],"inLanguage":"es"},{"@type":"WebPage","@id":"https:\/\/cogop.org\/es\/el-seminario-espiritu-y-vida-sevi-recibe-una-subvencion-de-21000-dolares-para-el-desarrollo-de-capacidades\/","url":"https:\/\/cogop.org\/es\/el-seminario-espiritu-y-vida-sevi-recibe-una-subvencion-de-21000-dolares-para-el-desarrollo-de-capacidades\/","name":"El Seminario Esp\u00edritu y Vida (SEVi) recibe una subvenci\u00f3n de 21,000 d\u00f3lares para el desarrollo de capacidades | COGOP","isPartOf":{"@id":"https:\/\/cogop.org\/#website"},"primaryImageOfPage":{"@id":"https:\/\/cogop.org\/es\/el-seminario-espiritu-y-vida-sevi-recibe-una-subvencion-de-21000-dolares-para-el-desarrollo-de-capacidades\/#primaryimage"},"image":{"@id":"https:\/\/cogop.org\/es\/el-seminario-espiritu-y-vida-sevi-recibe-una-subvencion-de-21000-dolares-para-el-desarrollo-de-capacidades\/#primaryimage"},"thumbnailUrl":"https:\/\/cogop.org\/wp-content\/uploads\/2025\/05\/485970335_1199092555204890_800665790688077700_n.webp","datePublished":"2025-05-08T15:36:12+00:00","dateModified":"2025-07-01T16:58:16+00:00","inLanguage":"es","potentialAction":[{"@type":"ReadAction","target":["https:\/\/cogop.org\/es\/el-seminario-espiritu-y-vida-sevi-recibe-una-subvencion-de-21000-dolares-para-el-desarrollo-de-capacidades\/"]}]},{"@type":"ImageObject","inLanguage":"es","@id":"https:\/\/cogop.org\/es\/el-seminario-espiritu-y-vida-sevi-recibe-una-subvencion-de-21000-dolares-para-el-desarrollo-de-capacidades\/#primaryimage","url":"https:\/\/cogop.org\/wp-content\/uploads\/2025\/05\/485970335_1199092555204890_800665790688077700_n.webp","contentUrl":"https:\/\/cogop.org\/wp-content\/uploads\/2025\/05\/485970335_1199092555204890_800665790688077700_n.webp","width":2048,"height":1154},{"@type":"BreadcrumbList","@id":"https:\/\/cogop.org\/es\/el-seminario-espiritu-y-vida-sevi-recibe-una-subvencion-de-21000-dolares-para-el-desarrollo-de-capacidades\/#breadcrumb","itemListElement":[{"@type":"ListItem","position":1,"name":"Home","item":"https:\/\/cogop.org\/"},{"@type":"ListItem","position":2,"name":"El Seminario Esp\u00edritu y Vida (SEVi) recibe una subvenci\u00f3n de 21,000 d\u00f3lares para el desarrollo de capacidades"}]},{"@type":"WebSite","@id":"https:\/\/cogop.org\/#website","url":"https:\/\/cogop.org\/","name":"Church of God of Prophecy","description":"Reconciling the World to Christ","publisher":{"@id":"https:\/\/cogop.org\/#organization"},"alternateName":"COGOP","potentialAction":[{"@type":"SearchAction","target":{"@type":"EntryPoint","urlTemplate":"https:\/\/cogop.org\/?s={search_term_string}"},"query-input":{"@type":"PropertyValueSpecification","valueRequired":true,"valueName":"search_term_string"}}],"inLanguage":"es"},{"@type":"Organization","@id":"https:\/\/cogop.org\/#organization","name":"Church of God of Prophecy","alternateName":"COGOP","url":"https:\/\/cogop.org\/","logo":{"@type":"ImageObject","inLanguage":"es","@id":"https:\/\/cogop.org\/#\/schema\/logo\/image\/","url":"https:\/\/cogop.org\/wp-content\/uploads\/2025\/01\/logo-cogop.webp","contentUrl":"https:\/\/cogop.org\/wp-content\/uploads\/2025\/01\/logo-cogop.webp","width":500,"height":118,"caption":"Church of God of Prophecy"},"image":{"@id":"https:\/\/cogop.org\/#\/schema\/logo\/image\/"},"sameAs":["https:\/\/www.facebook.com\/cogop","https:\/\/x.com\/cogop","https:\/\/www.instagram.com\/cogoppics\/","https:\/\/www.youtube.com\/@COGOPMedia","https:\/\/open.spotify.com\/user\/g1d13yyaprw0wrr2woer8edyp?si=a32b364b555f4d4d"]},{"@type":"Person","@id":"https:\/\/cogop.org\/#\/schema\/person\/4906c522c140e1fd84e28e3c17b3588d","name":"Shaun McKinley","image":{"@type":"ImageObject","inLanguage":"es","@id":"https:\/\/secure.gravatar.com\/avatar\/21e42617539b19957212750bc94d5e389cd3e64619510914f40b27e32d375e99?s=96&d=mm&r=g","url":"https:\/\/secure.gravatar.com\/avatar\/21e42617539b19957212750bc94d5e389cd3e64619510914f40b27e32d375e99?s=96&d=mm&r=g","contentUrl":"https:\/\/secure.gravatar.com\/avatar\/21e42617539b19957212750bc94d5e389cd3e64619510914f40b27e32d375e99?s=96&d=mm&r=g","caption":"Shaun McKinley"}}]}},"_links":{"self":[{"href":"https:\/\/cogop.org\/es\/wp-json\/wp\/v2\/posts\/23279","targetHints":{"allow":["GET"]}}],"collection":[{"href":"https:\/\/cogop.org\/es\/wp-json\/wp\/v2\/posts"}],"about":[{"href":"https:\/\/cogop.org\/es\/wp-json\/wp\/v2\/types\/post"}],"author":[{"embeddable":true,"href":"https:\/\/cogop.org\/es\/wp-json\/wp\/v2\/users\/4"}],"replies":[{"embeddable":true,"href":"https:\/\/cogop.org\/es\/wp-json\/wp\/v2\/comments?post=23279"}],"version-history":[{"count":1,"href":"https:\/\/cogop.org\/es\/wp-json\/wp\/v2\/posts\/23279\/revisions"}],"predecessor-version":[{"id":23280,"href":"https:\/\/cogop.org\/es\/wp-json\/wp\/v2\/posts\/23279\/revisions\/23280"}],"wp:featuredmedia":[{"embeddable":true,"href":"https:\/\/cogop.org\/es\/wp-json\/wp\/v2\/media\/22373"}],"wp:attachment":[{"href":"https:\/\/cogop.org\/es\/wp-json\/wp\/v2\/media?parent=23279"}],"wp:term":[{"taxonomy":"category","embeddable":true,"href":"https:\/\/cogop.org\/es\/wp-json\/wp\/v2\/categories?post=23279"},{"taxonomy":"post_tag","embeddable":true,"href":"https:\/\/cogop.org\/es\/wp-json\/wp\/v2\/tags?post=23279"}],"curies":[{"name":"wp","href":"https:\/\/api.w.org\/{rel}","templated":true}]}}