{"id":22377,"date":"2025-05-08T13:24:54","date_gmt":"2025-05-08T13:24:54","guid":{"rendered":"https:\/\/cogop.org\/el-podcast-las-hijas-de-la-iglesia-ijg-en-langen-alemania-alcanza-el-mundo\/"},"modified":"2025-07-01T16:58:17","modified_gmt":"2025-07-01T16:58:17","slug":"el-podcast-las-hijas-de-la-iglesia-ijg-en-langen-alemania-alcanza-el-mundo","status":"publish","type":"post","link":"https:\/\/cogop.org\/es\/el-podcast-las-hijas-de-la-iglesia-ijg-en-langen-alemania-alcanza-el-mundo\/","title":{"rendered":"El p\u00f3dcast \u00abLas Hijas\u00bb de la Iglesia IJG en Langen, Alemania alcanza el mundo"},"content":{"rendered":"\n<p>En enero de 2021, algo poderoso comenz\u00f3 a conmover los corazones de las mujeres de la Iglesia IJG (<em>Internationale Jesus Gemeinde<\/em>) en Langen, Alemania. Despu\u00e9s de un poderoso mover de Dios \u2013marcado por sanidades, milagros, liberaciones y un innegable derramamiento del Esp\u00edritu\u2013 el ministerio de mujeres sinti\u00f3 una urgencia divina, dici\u00e9ndoles:  <em>\u00a1No pueden callar; deben testificar! \u00a1Salgan de detr\u00e1s de las paredes de su iglesia y d\u00edganselo al mundo!  <\/em><\/p>\n\n<p>En enero de 2022, esa urgencia divina se convirti\u00f3 en <em>el p\u00f3dcast \u00abLas Hijas\u201d<\/em>, una plataforma dirigida por el Esp\u00edritu para compartir testimonios reales de lo que Jesucristo ha hecho en las vidas de las mujeres en nuestra iglesia local y m\u00e1s all\u00e1<\/p>\n\n<p>Estamos en nuestra sexta temporada y a\u00fan seguimos maravillados de lo que Dios ha hecho. Aquello que comenz\u00f3 como un esfuerzo de un ministerio local se ha convertido en una fuente de aliento global. Uno de nuestros episodios, centrado en el gozo y los desaf\u00edos en la vida de una mujer cristiana soltera, alcanz\u00f3 una audiencia de 60,000 oyentes. Jam\u00e1s hubi\u00e9ramos imaginado semejante resultado.   <\/p>\n\n<figure class=\"wp-block-image alignright size-large is-resized\"><img fetchpriority=\"high\" decoding=\"async\" width=\"1024\" height=\"329\" src=\"https:\/\/cogop.org\/wp-content\/uploads\/2025\/05\/Testify-Podcast-1024x329.bmp\" alt=\"\" class=\"wp-image-22337\" style=\"width:483px;height:auto\" srcset=\"https:\/\/cogop.org\/wp-content\/uploads\/2025\/05\/Testify-Podcast-1024x329.bmp 1024w, https:\/\/cogop.org\/wp-content\/uploads\/2025\/05\/Testify-Podcast-300x97.bmp 300w, https:\/\/cogop.org\/wp-content\/uploads\/2025\/05\/Testify-Podcast-768x247.bmp 768w, https:\/\/cogop.org\/wp-content\/uploads\/2025\/05\/Testify-Podcast-1536x494.bmp 1536w, https:\/\/cogop.org\/wp-content\/uploads\/2025\/05\/Testify-Podcast.bmp 1688w\" sizes=\"(max-width: 1024px) 100vw, 1024px\" \/><\/figure>\n\n<p>El enfoque del <em>p\u00f3dcast \u00abLas Hijas\u00bb<\/em> es simple: fortalecer el cuerpo de Cristo a trav\u00e9s del di\u00e1logo abierto, honesto y lleno del Esp\u00edritu. Entre los temas que hablamos est\u00e1n la oraci\u00f3n, el compa\u00f1erismo, el caminar en pos del Esp\u00edritu Santo, el estudio y la vivencia de la Palabra de Dios. En la mayor\u00eda de los episodios participan mujeres de nuestra iglesia que comparten poderosos testimonios personales de transformaci\u00f3n, crecimiento y esperanza.  <\/p>\n\n<p>El fruto de este trabajo ha sido significativo. Hemos recibo noticias de oyentes alrededor del mundo que testifican que han sido tocados, retados y renovados en su fe. Y lo m\u00e1s extraordinario de todo esto es que algunos han llegado a nuestros servicios dominicales, atra\u00eddos por los testimonios que escuchan en el p\u00f3dcast, pidiendo oraci\u00f3n y buscando su propio milagro.  <\/p>\n\n<p>A trav\u00e9s de este p\u00f3dcast, hemos visto que el evangelio est\u00e1 llegando a la gente donde se encuentra \u2014ya sea en sus casas, en sus autom\u00f3viles o en otros continentes. Cada historia, cada episodio, es un regalo de esperanza, una declaraci\u00f3n de la fidelidad de Dios y una alabanza continua a Jesucristo. <\/p>\n\n<p>Estamos inmensamente agradecidos por el equipo dedicado y ungido por el Esp\u00edritu que est\u00e1 detr\u00e1s del <em>p\u00f3dcast \u00abLas Hijas\u00bb<\/em>. Este equipo est\u00e1 compuesto por Laurie Prentice, Daniela Esau, Ornella Pfaff y Leena Loop, y nuestro gran equipo t\u00e9cnico, Mathias Esau y Julian Pfaff, que est\u00e1 a cargo de las c\u00e1maras, la iluminaci\u00f3n, el sonido, la edici\u00f3n y posproducci\u00f3n. <em>Todos trabajan de manera voluntaria.<\/em> <\/p>\n\n<p>Cada episodio es grabado en total entrega al Esp\u00edritu Santo. No tenemos guiones para leer; el di\u00e1logo simplemente fluye, creyendo que el Se\u00f1or siempre infundir\u00e1 vida a las palabras. Es una colaboraci\u00f3n sagrada, y \u00c9l siempre se hace presente.  <\/p>\n\n<p>Nos sentimos honrados de servir de esta manera, y damos toda la gloria a Jesucristo. Esperamos que este testimonio anime a otros a moverse en fe, compartir con valent\u00eda [las bondades de Dios], y confiar en las promesas divinas para alcanzar a multitudes. \u00a1A \u00c9l sea toda la gloria!  <\/p>\n\n<p><strong>Enlaces:<\/strong><\/p>\n\n<p><a href=\"https:\/\/www.youtube.com\/@daughterspodcast3084\">YouTube<\/a> <\/p>\n\n<p><a href=\"http:\/\/instagram.com\/ijg_daughters\">Instagram  <\/a><\/p>\n\n<p><a href=\"http:\/\/open.spotify.com\/show\/0x4quq19j7CNyWsmrgVNnI?si=0032599204dc4cc7\">Spotify<\/a> <\/p>\n\n<p><a href=\"http:\/\/podcasts.apple.com\/de\/podcast\/daughters-podcast\/id1603271509\">Apple Podcast<\/a><\/p>\n\n<p>Enlace a la iglesia local: <a href=\"https:\/\/www.youtube.com\/%40ijglangen\">https:\/\/www.youtube.com\/@ijglangen<\/a>Este p\u00f3dcast lleno del Esp\u00edritu comparte testimonios de vidas transformadas y esparce la esperanza de Alemania a su audiencia en todo el mundo.<\/p>\n\n<p>&#8211; Rebecca Gilliland y el <em>p\u00f3dcast \u00abLas Hijas\u00bb<\/em>, publicado en la edici\u00f3n de mayo de 2025, <em>Mensajero Ala Blanca.<\/em><\/p>\n","protected":false},"excerpt":{"rendered":"<p>Este p\u00f3dcast lleno del Esp\u00edritu comparte testimonios de vidas transformadas y difunde la esperanza de Alemania a su audiencia en todo el mundo.<\/p>\n","protected":false},"author":4,"featured_media":22352,"comment_status":"closed","ping_status":"open","sticky":false,"template":"","format":"standard","meta":{"_acf_changed":false,"_monsterinsights_skip_tracking":false,"_monsterinsights_sitenote_active":false,"_monsterinsights_sitenote_note":"","_monsterinsights_sitenote_category":0,"_uf_show_specific_survey":0,"_uf_disable_surveys":false,"footnotes":""},"categories":[116,296],"tags":[300],"class_list":["post-22377","post","type-post","status-publish","format-standard","has-post-thumbnail","hentry","category-eurasia-y-el-oriente-medio-es","category-articulo","tag-articulo"],"acf":[],"yoast_head":"<!-- This site is optimized with the Yoast SEO plugin v27.4 - https:\/\/yoast.com\/product\/yoast-seo-wordpress\/ -->\n<title>El p\u00f3dcast &quot;Las Hijas&quot; de la Iglesia IJG en Langen, Alemania alcanza el mundo | COGOP<\/title>\n<meta name=\"robots\" content=\"index, follow, max-snippet:-1, max-image-preview:large, max-video-preview:-1\" \/>\n<link rel=\"canonical\" href=\"https:\/\/cogop.org\/es\/el-podcast-las-hijas-de-la-iglesia-ijg-en-langen-alemania-alcanza-el-mundo\/\" \/>\n<meta property=\"og:locale\" content=\"es_ES\" \/>\n<meta property=\"og:type\" content=\"article\" \/>\n<meta property=\"og:title\" content=\"El p\u00f3dcast &quot;Las Hijas&quot; de la Iglesia IJG en Langen, Alemania alcanza el mundo\" \/>\n<meta property=\"og:description\" content=\"Este p\u00f3dcast lleno del Esp\u00edritu comparte testimonios de vidas transformadas y difunde la esperanza de Alemania a su audiencia en todo el mundo.\" \/>\n<meta property=\"og:url\" content=\"https:\/\/cogop.org\/es\/el-podcast-las-hijas-de-la-iglesia-ijg-en-langen-alemania-alcanza-el-mundo\/\" \/>\n<meta property=\"og:site_name\" content=\"COGOP\" \/>\n<meta property=\"article:publisher\" content=\"https:\/\/www.facebook.com\/cogop\" \/>\n<meta property=\"article:published_time\" content=\"2025-05-08T13:24:54+00:00\" \/>\n<meta property=\"article:modified_time\" content=\"2025-07-01T16:58:17+00:00\" \/>\n<meta property=\"og:image\" content=\"https:\/\/cogop.org\/wp-content\/uploads\/2025\/05\/Testify-Podcast.webp\" \/>\n<meta name=\"author\" content=\"Shaun McKinley\" \/>\n<meta name=\"twitter:card\" content=\"summary_large_image\" \/>\n<meta name=\"twitter:title\" content=\"El p\u00f3dcast &quot;Las Hijas&quot; de la Iglesia IJG en Langen, Alemania alcanza el mundo\" \/>\n<meta name=\"twitter:description\" content=\"Este p\u00f3dcast lleno del Esp\u00edritu comparte testimonios de vidas transformadas y difunde la esperanza de Alemania a su audiencia en todo el mundo.\" \/>\n<meta name=\"twitter:image\" content=\"https:\/\/cogop.org\/wp-content\/uploads\/2025\/05\/Testify-Podcast.webp\" \/>\n<meta name=\"twitter:creator\" content=\"@cogop\" \/>\n<meta name=\"twitter:site\" content=\"@cogop\" \/>\n<meta name=\"twitter:label1\" content=\"Escrito por\" \/>\n\t<meta name=\"twitter:data1\" content=\"Shaun McKinley\" \/>\n\t<meta name=\"twitter:label2\" content=\"Tiempo de lectura\" \/>\n\t<meta name=\"twitter:data2\" content=\"3 minutos\" \/>\n<script type=\"application\/ld+json\" class=\"yoast-schema-graph\">{\"@context\":\"https:\\\/\\\/schema.org\",\"@graph\":[{\"@type\":\"Article\",\"@id\":\"https:\\\/\\\/cogop.org\\\/es\\\/el-podcast-las-hijas-de-la-iglesia-ijg-en-langen-alemania-alcanza-el-mundo\\\/#article\",\"isPartOf\":{\"@id\":\"https:\\\/\\\/cogop.org\\\/es\\\/el-podcast-las-hijas-de-la-iglesia-ijg-en-langen-alemania-alcanza-el-mundo\\\/\"},\"author\":{\"name\":\"Shaun McKinley\",\"@id\":\"https:\\\/\\\/cogop.org\\\/#\\\/schema\\\/person\\\/4906c522c140e1fd84e28e3c17b3588d\"},\"headline\":\"El p\u00f3dcast \u00abLas Hijas\u00bb de la Iglesia IJG en Langen, Alemania alcanza el mundo\",\"datePublished\":\"2025-05-08T13:24:54+00:00\",\"dateModified\":\"2025-07-01T16:58:17+00:00\",\"mainEntityOfPage\":{\"@id\":\"https:\\\/\\\/cogop.org\\\/es\\\/el-podcast-las-hijas-de-la-iglesia-ijg-en-langen-alemania-alcanza-el-mundo\\\/\"},\"wordCount\":625,\"publisher\":{\"@id\":\"https:\\\/\\\/cogop.org\\\/#organization\"},\"image\":{\"@id\":\"https:\\\/\\\/cogop.org\\\/es\\\/el-podcast-las-hijas-de-la-iglesia-ijg-en-langen-alemania-alcanza-el-mundo\\\/#primaryimage\"},\"thumbnailUrl\":\"https:\\\/\\\/cogop.org\\\/wp-content\\\/uploads\\\/2025\\\/05\\\/Testify-Podcast.webp\",\"keywords\":[\"Art\u00edculo\"],\"articleSection\":[\"Eurasia Y El Oriente Medio\",\"Art\u00edculo\"],\"inLanguage\":\"es\"},{\"@type\":\"WebPage\",\"@id\":\"https:\\\/\\\/cogop.org\\\/es\\\/el-podcast-las-hijas-de-la-iglesia-ijg-en-langen-alemania-alcanza-el-mundo\\\/\",\"url\":\"https:\\\/\\\/cogop.org\\\/es\\\/el-podcast-las-hijas-de-la-iglesia-ijg-en-langen-alemania-alcanza-el-mundo\\\/\",\"name\":\"El p\u00f3dcast \\\"Las Hijas\\\" de la Iglesia IJG en Langen, Alemania alcanza el mundo | COGOP\",\"isPartOf\":{\"@id\":\"https:\\\/\\\/cogop.org\\\/#website\"},\"primaryImageOfPage\":{\"@id\":\"https:\\\/\\\/cogop.org\\\/es\\\/el-podcast-las-hijas-de-la-iglesia-ijg-en-langen-alemania-alcanza-el-mundo\\\/#primaryimage\"},\"image\":{\"@id\":\"https:\\\/\\\/cogop.org\\\/es\\\/el-podcast-las-hijas-de-la-iglesia-ijg-en-langen-alemania-alcanza-el-mundo\\\/#primaryimage\"},\"thumbnailUrl\":\"https:\\\/\\\/cogop.org\\\/wp-content\\\/uploads\\\/2025\\\/05\\\/Testify-Podcast.webp\",\"datePublished\":\"2025-05-08T13:24:54+00:00\",\"dateModified\":\"2025-07-01T16:58:17+00:00\",\"inLanguage\":\"es\",\"potentialAction\":[{\"@type\":\"ReadAction\",\"target\":[\"https:\\\/\\\/cogop.org\\\/es\\\/el-podcast-las-hijas-de-la-iglesia-ijg-en-langen-alemania-alcanza-el-mundo\\\/\"]}]},{\"@type\":\"ImageObject\",\"inLanguage\":\"es\",\"@id\":\"https:\\\/\\\/cogop.org\\\/es\\\/el-podcast-las-hijas-de-la-iglesia-ijg-en-langen-alemania-alcanza-el-mundo\\\/#primaryimage\",\"url\":\"https:\\\/\\\/cogop.org\\\/wp-content\\\/uploads\\\/2025\\\/05\\\/Testify-Podcast.webp\",\"contentUrl\":\"https:\\\/\\\/cogop.org\\\/wp-content\\\/uploads\\\/2025\\\/05\\\/Testify-Podcast.webp\",\"width\":1688,\"height\":543},{\"@type\":\"BreadcrumbList\",\"@id\":\"https:\\\/\\\/cogop.org\\\/es\\\/el-podcast-las-hijas-de-la-iglesia-ijg-en-langen-alemania-alcanza-el-mundo\\\/#breadcrumb\",\"itemListElement\":[{\"@type\":\"ListItem\",\"position\":1,\"name\":\"Home\",\"item\":\"https:\\\/\\\/cogop.org\\\/\"},{\"@type\":\"ListItem\",\"position\":2,\"name\":\"El p\u00f3dcast &#8220;Las Hijas&#8221; de la Iglesia IJG en Langen, Alemania alcanza el mundo\"}]},{\"@type\":\"WebSite\",\"@id\":\"https:\\\/\\\/cogop.org\\\/#website\",\"url\":\"https:\\\/\\\/cogop.org\\\/\",\"name\":\"Church of God of Prophecy\",\"description\":\"Reconciling the World to Christ\",\"publisher\":{\"@id\":\"https:\\\/\\\/cogop.org\\\/#organization\"},\"alternateName\":\"COGOP\",\"potentialAction\":[{\"@type\":\"SearchAction\",\"target\":{\"@type\":\"EntryPoint\",\"urlTemplate\":\"https:\\\/\\\/cogop.org\\\/?s={search_term_string}\"},\"query-input\":{\"@type\":\"PropertyValueSpecification\",\"valueRequired\":true,\"valueName\":\"search_term_string\"}}],\"inLanguage\":\"es\"},{\"@type\":\"Organization\",\"@id\":\"https:\\\/\\\/cogop.org\\\/#organization\",\"name\":\"Church of God of Prophecy\",\"alternateName\":\"COGOP\",\"url\":\"https:\\\/\\\/cogop.org\\\/\",\"logo\":{\"@type\":\"ImageObject\",\"inLanguage\":\"es\",\"@id\":\"https:\\\/\\\/cogop.org\\\/#\\\/schema\\\/logo\\\/image\\\/\",\"url\":\"https:\\\/\\\/cogop.org\\\/wp-content\\\/uploads\\\/2025\\\/01\\\/logo-cogop.webp\",\"contentUrl\":\"https:\\\/\\\/cogop.org\\\/wp-content\\\/uploads\\\/2025\\\/01\\\/logo-cogop.webp\",\"width\":500,\"height\":118,\"caption\":\"Church of God of Prophecy\"},\"image\":{\"@id\":\"https:\\\/\\\/cogop.org\\\/#\\\/schema\\\/logo\\\/image\\\/\"},\"sameAs\":[\"https:\\\/\\\/www.facebook.com\\\/cogop\",\"https:\\\/\\\/x.com\\\/cogop\",\"https:\\\/\\\/www.instagram.com\\\/cogoppics\\\/\",\"https:\\\/\\\/www.youtube.com\\\/@COGOPMedia\",\"https:\\\/\\\/open.spotify.com\\\/user\\\/g1d13yyaprw0wrr2woer8edyp?si=a32b364b555f4d4d\"]},{\"@type\":\"Person\",\"@id\":\"https:\\\/\\\/cogop.org\\\/#\\\/schema\\\/person\\\/4906c522c140e1fd84e28e3c17b3588d\",\"name\":\"Shaun McKinley\",\"image\":{\"@type\":\"ImageObject\",\"inLanguage\":\"es\",\"@id\":\"https:\\\/\\\/secure.gravatar.com\\\/avatar\\\/21e42617539b19957212750bc94d5e389cd3e64619510914f40b27e32d375e99?s=96&d=mm&r=g\",\"url\":\"https:\\\/\\\/secure.gravatar.com\\\/avatar\\\/21e42617539b19957212750bc94d5e389cd3e64619510914f40b27e32d375e99?s=96&d=mm&r=g\",\"contentUrl\":\"https:\\\/\\\/secure.gravatar.com\\\/avatar\\\/21e42617539b19957212750bc94d5e389cd3e64619510914f40b27e32d375e99?s=96&d=mm&r=g\",\"caption\":\"Shaun McKinley\"}}]}<\/script>\n<!-- \/ Yoast SEO plugin. -->","yoast_head_json":{"title":"El p\u00f3dcast \"Las Hijas\" de la Iglesia IJG en Langen, Alemania alcanza el mundo | COGOP","robots":{"index":"index","follow":"follow","max-snippet":"max-snippet:-1","max-image-preview":"max-image-preview:large","max-video-preview":"max-video-preview:-1"},"canonical":"https:\/\/cogop.org\/es\/el-podcast-las-hijas-de-la-iglesia-ijg-en-langen-alemania-alcanza-el-mundo\/","og_locale":"es_ES","og_type":"article","og_title":"El p\u00f3dcast \"Las Hijas\" de la Iglesia IJG en Langen, Alemania alcanza el mundo","og_description":"Este p\u00f3dcast lleno del Esp\u00edritu comparte testimonios de vidas transformadas y difunde la esperanza de Alemania a su audiencia en todo el mundo.","og_url":"https:\/\/cogop.org\/es\/el-podcast-las-hijas-de-la-iglesia-ijg-en-langen-alemania-alcanza-el-mundo\/","og_site_name":"COGOP","article_publisher":"https:\/\/www.facebook.com\/cogop","article_published_time":"2025-05-08T13:24:54+00:00","article_modified_time":"2025-07-01T16:58:17+00:00","og_image":[{"url":"https:\/\/cogop.org\/wp-content\/uploads\/2025\/05\/Testify-Podcast.webp","type":"","width":"","height":""}],"author":"Shaun McKinley","twitter_card":"summary_large_image","twitter_title":"El p\u00f3dcast \"Las Hijas\" de la Iglesia IJG en Langen, Alemania alcanza el mundo","twitter_description":"Este p\u00f3dcast lleno del Esp\u00edritu comparte testimonios de vidas transformadas y difunde la esperanza de Alemania a su audiencia en todo el mundo.","twitter_image":"https:\/\/cogop.org\/wp-content\/uploads\/2025\/05\/Testify-Podcast.webp","twitter_creator":"@cogop","twitter_site":"@cogop","twitter_misc":{"Escrito por":"Shaun McKinley","Tiempo de lectura":"3 minutos"},"schema":{"@context":"https:\/\/schema.org","@graph":[{"@type":"Article","@id":"https:\/\/cogop.org\/es\/el-podcast-las-hijas-de-la-iglesia-ijg-en-langen-alemania-alcanza-el-mundo\/#article","isPartOf":{"@id":"https:\/\/cogop.org\/es\/el-podcast-las-hijas-de-la-iglesia-ijg-en-langen-alemania-alcanza-el-mundo\/"},"author":{"name":"Shaun McKinley","@id":"https:\/\/cogop.org\/#\/schema\/person\/4906c522c140e1fd84e28e3c17b3588d"},"headline":"El p\u00f3dcast \u00abLas Hijas\u00bb de la Iglesia IJG en Langen, Alemania alcanza el mundo","datePublished":"2025-05-08T13:24:54+00:00","dateModified":"2025-07-01T16:58:17+00:00","mainEntityOfPage":{"@id":"https:\/\/cogop.org\/es\/el-podcast-las-hijas-de-la-iglesia-ijg-en-langen-alemania-alcanza-el-mundo\/"},"wordCount":625,"publisher":{"@id":"https:\/\/cogop.org\/#organization"},"image":{"@id":"https:\/\/cogop.org\/es\/el-podcast-las-hijas-de-la-iglesia-ijg-en-langen-alemania-alcanza-el-mundo\/#primaryimage"},"thumbnailUrl":"https:\/\/cogop.org\/wp-content\/uploads\/2025\/05\/Testify-Podcast.webp","keywords":["Art\u00edculo"],"articleSection":["Eurasia Y El Oriente Medio","Art\u00edculo"],"inLanguage":"es"},{"@type":"WebPage","@id":"https:\/\/cogop.org\/es\/el-podcast-las-hijas-de-la-iglesia-ijg-en-langen-alemania-alcanza-el-mundo\/","url":"https:\/\/cogop.org\/es\/el-podcast-las-hijas-de-la-iglesia-ijg-en-langen-alemania-alcanza-el-mundo\/","name":"El p\u00f3dcast \"Las Hijas\" de la Iglesia IJG en Langen, Alemania alcanza el mundo | COGOP","isPartOf":{"@id":"https:\/\/cogop.org\/#website"},"primaryImageOfPage":{"@id":"https:\/\/cogop.org\/es\/el-podcast-las-hijas-de-la-iglesia-ijg-en-langen-alemania-alcanza-el-mundo\/#primaryimage"},"image":{"@id":"https:\/\/cogop.org\/es\/el-podcast-las-hijas-de-la-iglesia-ijg-en-langen-alemania-alcanza-el-mundo\/#primaryimage"},"thumbnailUrl":"https:\/\/cogop.org\/wp-content\/uploads\/2025\/05\/Testify-Podcast.webp","datePublished":"2025-05-08T13:24:54+00:00","dateModified":"2025-07-01T16:58:17+00:00","inLanguage":"es","potentialAction":[{"@type":"ReadAction","target":["https:\/\/cogop.org\/es\/el-podcast-las-hijas-de-la-iglesia-ijg-en-langen-alemania-alcanza-el-mundo\/"]}]},{"@type":"ImageObject","inLanguage":"es","@id":"https:\/\/cogop.org\/es\/el-podcast-las-hijas-de-la-iglesia-ijg-en-langen-alemania-alcanza-el-mundo\/#primaryimage","url":"https:\/\/cogop.org\/wp-content\/uploads\/2025\/05\/Testify-Podcast.webp","contentUrl":"https:\/\/cogop.org\/wp-content\/uploads\/2025\/05\/Testify-Podcast.webp","width":1688,"height":543},{"@type":"BreadcrumbList","@id":"https:\/\/cogop.org\/es\/el-podcast-las-hijas-de-la-iglesia-ijg-en-langen-alemania-alcanza-el-mundo\/#breadcrumb","itemListElement":[{"@type":"ListItem","position":1,"name":"Home","item":"https:\/\/cogop.org\/"},{"@type":"ListItem","position":2,"name":"El p\u00f3dcast &#8220;Las Hijas&#8221; de la Iglesia IJG en Langen, Alemania alcanza el mundo"}]},{"@type":"WebSite","@id":"https:\/\/cogop.org\/#website","url":"https:\/\/cogop.org\/","name":"Church of God of Prophecy","description":"Reconciling the World to Christ","publisher":{"@id":"https:\/\/cogop.org\/#organization"},"alternateName":"COGOP","potentialAction":[{"@type":"SearchAction","target":{"@type":"EntryPoint","urlTemplate":"https:\/\/cogop.org\/?s={search_term_string}"},"query-input":{"@type":"PropertyValueSpecification","valueRequired":true,"valueName":"search_term_string"}}],"inLanguage":"es"},{"@type":"Organization","@id":"https:\/\/cogop.org\/#organization","name":"Church of God of Prophecy","alternateName":"COGOP","url":"https:\/\/cogop.org\/","logo":{"@type":"ImageObject","inLanguage":"es","@id":"https:\/\/cogop.org\/#\/schema\/logo\/image\/","url":"https:\/\/cogop.org\/wp-content\/uploads\/2025\/01\/logo-cogop.webp","contentUrl":"https:\/\/cogop.org\/wp-content\/uploads\/2025\/01\/logo-cogop.webp","width":500,"height":118,"caption":"Church of God of Prophecy"},"image":{"@id":"https:\/\/cogop.org\/#\/schema\/logo\/image\/"},"sameAs":["https:\/\/www.facebook.com\/cogop","https:\/\/x.com\/cogop","https:\/\/www.instagram.com\/cogoppics\/","https:\/\/www.youtube.com\/@COGOPMedia","https:\/\/open.spotify.com\/user\/g1d13yyaprw0wrr2woer8edyp?si=a32b364b555f4d4d"]},{"@type":"Person","@id":"https:\/\/cogop.org\/#\/schema\/person\/4906c522c140e1fd84e28e3c17b3588d","name":"Shaun McKinley","image":{"@type":"ImageObject","inLanguage":"es","@id":"https:\/\/secure.gravatar.com\/avatar\/21e42617539b19957212750bc94d5e389cd3e64619510914f40b27e32d375e99?s=96&d=mm&r=g","url":"https:\/\/secure.gravatar.com\/avatar\/21e42617539b19957212750bc94d5e389cd3e64619510914f40b27e32d375e99?s=96&d=mm&r=g","contentUrl":"https:\/\/secure.gravatar.com\/avatar\/21e42617539b19957212750bc94d5e389cd3e64619510914f40b27e32d375e99?s=96&d=mm&r=g","caption":"Shaun McKinley"}}]}},"_links":{"self":[{"href":"https:\/\/cogop.org\/es\/wp-json\/wp\/v2\/posts\/22377","targetHints":{"allow":["GET"]}}],"collection":[{"href":"https:\/\/cogop.org\/es\/wp-json\/wp\/v2\/posts"}],"about":[{"href":"https:\/\/cogop.org\/es\/wp-json\/wp\/v2\/types\/post"}],"author":[{"embeddable":true,"href":"https:\/\/cogop.org\/es\/wp-json\/wp\/v2\/users\/4"}],"replies":[{"embeddable":true,"href":"https:\/\/cogop.org\/es\/wp-json\/wp\/v2\/comments?post=22377"}],"version-history":[{"count":1,"href":"https:\/\/cogop.org\/es\/wp-json\/wp\/v2\/posts\/22377\/revisions"}],"predecessor-version":[{"id":22378,"href":"https:\/\/cogop.org\/es\/wp-json\/wp\/v2\/posts\/22377\/revisions\/22378"}],"wp:featuredmedia":[{"embeddable":true,"href":"https:\/\/cogop.org\/es\/wp-json\/wp\/v2\/media\/22352"}],"wp:attachment":[{"href":"https:\/\/cogop.org\/es\/wp-json\/wp\/v2\/media?parent=22377"}],"wp:term":[{"taxonomy":"category","embeddable":true,"href":"https:\/\/cogop.org\/es\/wp-json\/wp\/v2\/categories?post=22377"},{"taxonomy":"post_tag","embeddable":true,"href":"https:\/\/cogop.org\/es\/wp-json\/wp\/v2\/tags?post=22377"}],"curies":[{"name":"wp","href":"https:\/\/api.w.org\/{rel}","templated":true}]}}