{"id":21013,"date":"2025-04-01T08:21:00","date_gmt":"2025-04-01T08:21:00","guid":{"rendered":"https:\/\/cogop.org\/el-sanador-herido-navegando-a-traves-de-los-desafios-de-la-salud-mental-en-el-ministerio-parte-1\/"},"modified":"2025-07-01T16:58:19","modified_gmt":"2025-07-01T16:58:19","slug":"el-sanador-herido-navegando-a-traves-de-los-desafios-de-la-salud-mental-en-el-ministerio-parte-1","status":"publish","type":"post","link":"https:\/\/cogop.org\/es\/el-sanador-herido-navegando-a-traves-de-los-desafios-de-la-salud-mental-en-el-ministerio-parte-1\/","title":{"rendered":"El sanador herido: Navegando a trav\u00e9s de los desaf\u00edos de la salud mental en el ministerio (Parte 1)"},"content":{"rendered":"\n<p>El llamado al ministerio sigue siendo uno de los m\u00e1s altos honores y una de las tareas m\u00e1s desafiantes que uno puede recibir. Para muchos, no es solo un trabajo, sino una vocaci\u00f3n de por vida que le da forma a nuestra identidad, valores y relaciones. Los ministros, en espec\u00edfico los pastores, suelen pasar horas despiertos meditando y buscando maneras para ayudar a aquellos a quienes sirven. Las funciones y responsabilidades de la pastoral son \u00fanicas e integrales, y nos requieren estar presente en la vida de las personas a las que servimos a lo largo de sus vidas.   <\/p>\n\n<p>El trabajo pastoral consiste en dedicar beb\u00e9s, bautizar nuevos convertidos, celebrar servicios f\u00fanebres, negociar contratos, gestionar presupuestos limitados, supervisar a un ej\u00e9rcito de voluntarios y, si tenemos la bendici\u00f3n, dirigir tambi\u00e9n a algunos miembros del personal que reciben compensaci\u00f3n. En adici\u00f3n, preparamos y predicamos innumerables sermones, estudiamos las Escrituras para la ense\u00f1anza diaria, y tambi\u00e9n hacemos funci\u00f3n de carpinteros y plomeros cuando algo se rompe en la iglesia. En muchos sentidos, se espera que el pastor sea un experto en todas las cosas. Estas distintas responsabilidades pueden ser abrumadoras, pero en \u00faltima instancia, nos recordamos a nosotros mismos de que \u201ctodo es parte de nuestro trabajo\u201d, incluyendo nuestra familia que tambi\u00e9n podr\u00eda estar lidiando con sus propios desaf\u00edos y necesitan nuestra atenci\u00f3n.    <\/p>\n\n<p>Henri Nouwen, en su cl\u00e1sico libro<em> El sanador herido<\/em>, dice que no podemos \u201celiminar el sufrimiento sin haber pasado por ello\u201d. Esta afirmaci\u00f3n tiene mucha verdad y tambi\u00e9n plantea importantes interrogantes sobre el sufrimiento que experimentan los pastores al lidiar con el dolor de los dem\u00e1s. El cuidado pastoral implica tener que conocer las luchas y los traumatismos de los congregantes, lo cual repercute en el bienestar mental y emocional de los ministros. Al hablar con otros m\u00e9dicos cl\u00ednicos, ejecutivos, educadores y administradores que apoyan a personas afectadas por el traumatismo, existe una creciente preocupaci\u00f3n por los efectos duraderos en la mente, el cuerpo y el esp\u00edritu de aquellos que cuidan a personas con experiencias traum\u00e1ticas.   <\/p>\n\n<p>El [s\u00edndrome de] <em>desgaste <\/em>ocupacional es caracterizado por un agotamiento de la energ\u00eda, a menudo acompa\u00f1ado de agotamiento f\u00edsico y psicol\u00f3gico. Los pastores que experimentan el s\u00edndrome de desgaste pueden sentir verg\u00fcenza de buscar ayuda por temor a ser acusados como poco espirituales, faltos de fuerzas o raqu\u00edticos de oraci\u00f3n. Peor a\u00fan, pod\u00edan temer que se les tache de descarriados. La imagen p\u00fablica que aparenta que \u201ctodo est\u00e1 bien\u201d esconde la angustia que podr\u00edan estar sufriendo los pastores, contribuyendo a lo que el Cirujano General [de los EUA] se refiere como una epidemia de soledad y aislamiento.   <\/p>\n\n<p>Esta soledad puede agravarse por las expectativas puestas sobre los pastores de mantener siempre una imagen de autocontrol y firmeza. Se nos considera l\u00edderes espirituales que debemos tener todas las respuestas, lo cual nos lleva a un sentimiento de aislamiento cuando nos enfrentamos a nuestros propios problemas. Muchos pastores creen que no pueden compartir sus vulnerabilidades, y esto los lleva a una presi\u00f3n interiorizada que solo agrava su angustia. Este aislamiento puede conducir a una espiral descendente, dificultando a\u00fan m\u00e1s la b\u00fasqueda de apoyo. Cuando los pastores experimentan soledad y aislamiento, a menudo disminuye su productividad, incluida la p\u00e9rdida de imaginaci\u00f3n para predicar sermones poderosos e impartir ense\u00f1anzas relevantes que cambien la vida de las personas. Los pastores que tienen problemas de salud mental no pueden manifestar el fluir de la unci\u00f3n ni rendir el m\u00e1ximo.     <\/p>\n\n<p>Otro t\u00e9rmino igualmente importante, aunque menos com\u00fan que el anterior, es la <em>fatiga por compasi\u00f3n<\/em>. Esto ocurre a personas que cuidan a pacientes que sufren agotamiento emocional. Es un [s\u00edndrome] que se produce por el peso del sufrimiento de otros. Esto pudo haber sido lo que experiment\u00f3 Jes\u00fas, como registra el Evangelio de Mateo 9:36: \u201cY al ver las multitudes, tuvo compasi\u00f3n de ellas; porque estaban desamparadas y dispersas como ovejas que no tienen pastor\u201d. Tambi\u00e9n llor\u00f3 por Jerusal\u00e9n al ver el sufrimiento que padecer\u00edan.   <\/p>\n\n<p>La fatiga por compasi\u00f3n trasciende la empat\u00eda; es m\u00e1s profunda que la simpat\u00eda. En el [campo de la] resoluci\u00f3n de trauma, lo llamamos <em>acoplamiento neural<\/em>. La ciencia emergente indica que el cerebro del cuidador a menudo tiene dificultades para distinguir entre sus propias experiencias y las de la persona que recibe el cuidado. Esta conexi\u00f3n significa que la carga emocional de otros puede tener un peso mayor sobre el cuidador, provocando sentimientos de impotencia y desesperaci\u00f3n.   <\/p>\n\n<p>Para aquellos que creen que son inmunes al desgaste ocupacional, la fatiga por compasi\u00f3n o el trauma vicario o secundario, Rachel Remen se\u00f1ala: \u201cLa expectativa de que podemos estar inmersos en el sufrimiento y la p\u00e9rdida diariamente y no ser tocados por ella es tan poco realista como esperar poder [sic] caminar a trav\u00e9s del agua sin mojarnos. Este tipo de negaci\u00f3n no es poca cosa\u201d. La perspectiva de Remen recalca la importancia de reconocer nuestras respuestas emocionales ante el sufrimiento de los dem\u00e1s. <\/p>\n\n<p>En la segunda columna de esta serie de tres partes, exploraremos formas en que los pastores pueden practicar el autocuidado. Ello incluir\u00e1 el \u00e9nfasis en la importancia de alcanzar a otros, comprender las limitaciones de sus funciones y responsabilidades, y reconocer la necesidad de buscar apoyo en lugar de sufrir en silencio. Los pastores deben saber que es aceptable no tener todas las respuestas y que la vulnerabilidad puede ser una fuente de fortaleza. Crear una red de apoyo entre colegas puede ayudar a mitigar el aislamiento en el ministerio.   <\/p>\n\n<p>La tercera y \u00faltima columna motivar\u00e1 a las iglesias locales a desarrollar una teolog\u00eda del cuidado pastoral saludable y simbi\u00f3tica. Esta teolog\u00eda no solo debe reconocer la naturaleza sacrificada del trabajo pastoral, sino tambi\u00e9n priorizar el bienestar de aquellos que son llamados a servir. <\/p>\n\n<p>De manera que, al fomentar un entorno de comunicaci\u00f3n abierta y apoyo, las iglesias pueden crear una cultura en la que los pastores se sientan apoyados para buscar ayuda sin miedo al estigma. La creaci\u00f3n de grupos de apoyo, la disponibilidad de recursos de salud mental y los consejos de pr\u00e1cticas de autocuidado pueden ayudar a mitigar la carga emocional del ministerio. Por \u00faltimo, la salud del pastor est\u00e1 intr\u00ednsecamente ligada a la salud de la congregaci\u00f3n, por lo tanto, es esencial <br\/>que ambos crezcan juntos.  <\/p>\n\n<p><em>&#8211; Obispo Roger Ball, LCSW, PhD<\/em><\/p>\n\n<p><strong>Referencias<\/strong><\/p>\n\n<p>Grupo Barna. Diversos informes sobre la salud mental y el bienestar del clero. <\/p>\n\n<p>Nouwen, Henri. <em>The Wounded Healer: Ministry in Contemporary Society<\/em>. New York: Doubleday, 1979. <\/p>\n\n<p>Remen, Rachel Naomi. <em>Kitchen Table Wisdom: Stories That Heal<\/em>. New York: Riverhead Books, 1996. <\/p>\n","protected":false},"excerpt":{"rendered":"<p>El llamado al ministerio sigue siendo uno de los m\u00e1s altos honores y una de las tareas m\u00e1s desafiantes que uno puede recibir. Para muchos, no es solo un trabajo, sino una vocaci\u00f3n de por vida que le da forma a nuestra identidad, valores y relaciones. Los ministros, en espec\u00edfico los pastores, suelen pasar horas [&hellip;]<\/p>\n","protected":false},"author":4,"featured_media":18367,"comment_status":"open","ping_status":"open","sticky":false,"template":"","format":"standard","meta":{"_acf_changed":false,"_monsterinsights_skip_tracking":false,"_monsterinsights_sitenote_active":false,"_monsterinsights_sitenote_note":"","_monsterinsights_sitenote_category":0,"_uf_show_specific_survey":0,"_uf_disable_surveys":false,"footnotes":""},"categories":[273],"tags":[297],"class_list":["post-21013","post","type-post","status-publish","format-standard","has-post-thumbnail","hentry","category-mensajero-ala-blanca","tag-la-mesa-del-pastor"],"acf":[],"yoast_head":"<!-- This site is optimized with the Yoast SEO plugin v27.4 - https:\/\/yoast.com\/product\/yoast-seo-wordpress\/ -->\n<title>El sanador herido: Navegando a trav\u00e9s de los desaf\u00edos de la salud mental en el ministerio (Parte 1) | COGOP<\/title>\n<meta name=\"robots\" content=\"index, follow, max-snippet:-1, max-image-preview:large, max-video-preview:-1\" \/>\n<link rel=\"canonical\" href=\"https:\/\/cogop.org\/es\/el-sanador-herido-navegando-a-traves-de-los-desafios-de-la-salud-mental-en-el-ministerio-parte-1\/\" \/>\n<meta property=\"og:locale\" content=\"es_ES\" \/>\n<meta property=\"og:type\" content=\"article\" \/>\n<meta property=\"og:title\" content=\"El sanador herido: Navegando a trav\u00e9s de los desaf\u00edos de la salud mental en el ministerio (Parte 1) | COGOP\" \/>\n<meta property=\"og:description\" content=\"El llamado al ministerio sigue siendo uno de los m\u00e1s altos honores y una de las tareas m\u00e1s desafiantes que uno puede recibir. Para muchos, no es solo un trabajo, sino una vocaci\u00f3n de por vida que le da forma a nuestra identidad, valores y relaciones. Los ministros, en espec\u00edfico los pastores, suelen pasar horas [&hellip;]\" \/>\n<meta property=\"og:url\" content=\"https:\/\/cogop.org\/es\/el-sanador-herido-navegando-a-traves-de-los-desafios-de-la-salud-mental-en-el-ministerio-parte-1\/\" \/>\n<meta property=\"og:site_name\" content=\"COGOP\" \/>\n<meta property=\"article:publisher\" content=\"https:\/\/www.facebook.com\/cogop\" \/>\n<meta property=\"article:published_time\" content=\"2025-04-01T08:21:00+00:00\" \/>\n<meta property=\"article:modified_time\" content=\"2025-07-01T16:58:19+00:00\" \/>\n<meta property=\"og:image\" content=\"https:\/\/cogop.org\/wp-content\/uploads\/2025\/03\/0401-GC-2.webp\" \/>\n\t<meta property=\"og:image:width\" content=\"1920\" \/>\n\t<meta property=\"og:image:height\" content=\"1280\" \/>\n\t<meta property=\"og:image:type\" content=\"image\/webp\" \/>\n<meta name=\"author\" content=\"Shaun McKinley\" \/>\n<meta name=\"twitter:card\" content=\"summary_large_image\" \/>\n<meta name=\"twitter:creator\" content=\"@cogop\" \/>\n<meta name=\"twitter:site\" content=\"@cogop\" \/>\n<meta name=\"twitter:label1\" content=\"Escrito por\" \/>\n\t<meta name=\"twitter:data1\" content=\"Shaun McKinley\" \/>\n\t<meta name=\"twitter:label2\" content=\"Tiempo de lectura\" \/>\n\t<meta name=\"twitter:data2\" content=\"6 minutos\" \/>\n<script type=\"application\/ld+json\" class=\"yoast-schema-graph\">{\"@context\":\"https:\\\/\\\/schema.org\",\"@graph\":[{\"@type\":\"Article\",\"@id\":\"https:\\\/\\\/cogop.org\\\/es\\\/el-sanador-herido-navegando-a-traves-de-los-desafios-de-la-salud-mental-en-el-ministerio-parte-1\\\/#article\",\"isPartOf\":{\"@id\":\"https:\\\/\\\/cogop.org\\\/es\\\/el-sanador-herido-navegando-a-traves-de-los-desafios-de-la-salud-mental-en-el-ministerio-parte-1\\\/\"},\"author\":{\"name\":\"Shaun McKinley\",\"@id\":\"https:\\\/\\\/cogop.org\\\/#\\\/schema\\\/person\\\/4906c522c140e1fd84e28e3c17b3588d\"},\"headline\":\"El sanador herido: Navegando a trav\u00e9s de los desaf\u00edos de la salud mental en el ministerio (Parte 1)\",\"datePublished\":\"2025-04-01T08:21:00+00:00\",\"dateModified\":\"2025-07-01T16:58:19+00:00\",\"mainEntityOfPage\":{\"@id\":\"https:\\\/\\\/cogop.org\\\/es\\\/el-sanador-herido-navegando-a-traves-de-los-desafios-de-la-salud-mental-en-el-ministerio-parte-1\\\/\"},\"wordCount\":1179,\"commentCount\":0,\"publisher\":{\"@id\":\"https:\\\/\\\/cogop.org\\\/#organization\"},\"image\":{\"@id\":\"https:\\\/\\\/cogop.org\\\/es\\\/el-sanador-herido-navegando-a-traves-de-los-desafios-de-la-salud-mental-en-el-ministerio-parte-1\\\/#primaryimage\"},\"thumbnailUrl\":\"https:\\\/\\\/cogop.org\\\/wp-content\\\/uploads\\\/2025\\\/03\\\/0401-GC-2.webp\",\"keywords\":[\"La mesa del pastor\"],\"articleSection\":[\"Mensajero Ala Blanca\"],\"inLanguage\":\"es\",\"potentialAction\":[{\"@type\":\"CommentAction\",\"name\":\"Comment\",\"target\":[\"https:\\\/\\\/cogop.org\\\/es\\\/el-sanador-herido-navegando-a-traves-de-los-desafios-de-la-salud-mental-en-el-ministerio-parte-1\\\/#respond\"]}]},{\"@type\":\"WebPage\",\"@id\":\"https:\\\/\\\/cogop.org\\\/es\\\/el-sanador-herido-navegando-a-traves-de-los-desafios-de-la-salud-mental-en-el-ministerio-parte-1\\\/\",\"url\":\"https:\\\/\\\/cogop.org\\\/es\\\/el-sanador-herido-navegando-a-traves-de-los-desafios-de-la-salud-mental-en-el-ministerio-parte-1\\\/\",\"name\":\"El sanador herido: Navegando a trav\u00e9s de los desaf\u00edos de la salud mental en el ministerio (Parte 1) | COGOP\",\"isPartOf\":{\"@id\":\"https:\\\/\\\/cogop.org\\\/#website\"},\"primaryImageOfPage\":{\"@id\":\"https:\\\/\\\/cogop.org\\\/es\\\/el-sanador-herido-navegando-a-traves-de-los-desafios-de-la-salud-mental-en-el-ministerio-parte-1\\\/#primaryimage\"},\"image\":{\"@id\":\"https:\\\/\\\/cogop.org\\\/es\\\/el-sanador-herido-navegando-a-traves-de-los-desafios-de-la-salud-mental-en-el-ministerio-parte-1\\\/#primaryimage\"},\"thumbnailUrl\":\"https:\\\/\\\/cogop.org\\\/wp-content\\\/uploads\\\/2025\\\/03\\\/0401-GC-2.webp\",\"datePublished\":\"2025-04-01T08:21:00+00:00\",\"dateModified\":\"2025-07-01T16:58:19+00:00\",\"inLanguage\":\"es\",\"potentialAction\":[{\"@type\":\"ReadAction\",\"target\":[\"https:\\\/\\\/cogop.org\\\/es\\\/el-sanador-herido-navegando-a-traves-de-los-desafios-de-la-salud-mental-en-el-ministerio-parte-1\\\/\"]}]},{\"@type\":\"ImageObject\",\"inLanguage\":\"es\",\"@id\":\"https:\\\/\\\/cogop.org\\\/es\\\/el-sanador-herido-navegando-a-traves-de-los-desafios-de-la-salud-mental-en-el-ministerio-parte-1\\\/#primaryimage\",\"url\":\"https:\\\/\\\/cogop.org\\\/wp-content\\\/uploads\\\/2025\\\/03\\\/0401-GC-2.webp\",\"contentUrl\":\"https:\\\/\\\/cogop.org\\\/wp-content\\\/uploads\\\/2025\\\/03\\\/0401-GC-2.webp\",\"width\":1920,\"height\":1280},{\"@type\":\"BreadcrumbList\",\"@id\":\"https:\\\/\\\/cogop.org\\\/es\\\/el-sanador-herido-navegando-a-traves-de-los-desafios-de-la-salud-mental-en-el-ministerio-parte-1\\\/#breadcrumb\",\"itemListElement\":[{\"@type\":\"ListItem\",\"position\":1,\"name\":\"Home\",\"item\":\"https:\\\/\\\/cogop.org\\\/\"},{\"@type\":\"ListItem\",\"position\":2,\"name\":\"El sanador herido: Navegando a trav\u00e9s de los desaf\u00edos de la salud mental en el ministerio (Parte 1)\"}]},{\"@type\":\"WebSite\",\"@id\":\"https:\\\/\\\/cogop.org\\\/#website\",\"url\":\"https:\\\/\\\/cogop.org\\\/\",\"name\":\"Church of God of Prophecy\",\"description\":\"Reconciling the World to Christ\",\"publisher\":{\"@id\":\"https:\\\/\\\/cogop.org\\\/#organization\"},\"alternateName\":\"COGOP\",\"potentialAction\":[{\"@type\":\"SearchAction\",\"target\":{\"@type\":\"EntryPoint\",\"urlTemplate\":\"https:\\\/\\\/cogop.org\\\/?s={search_term_string}\"},\"query-input\":{\"@type\":\"PropertyValueSpecification\",\"valueRequired\":true,\"valueName\":\"search_term_string\"}}],\"inLanguage\":\"es\"},{\"@type\":\"Organization\",\"@id\":\"https:\\\/\\\/cogop.org\\\/#organization\",\"name\":\"Church of God of Prophecy\",\"alternateName\":\"COGOP\",\"url\":\"https:\\\/\\\/cogop.org\\\/\",\"logo\":{\"@type\":\"ImageObject\",\"inLanguage\":\"es\",\"@id\":\"https:\\\/\\\/cogop.org\\\/#\\\/schema\\\/logo\\\/image\\\/\",\"url\":\"https:\\\/\\\/cogop.org\\\/wp-content\\\/uploads\\\/2025\\\/01\\\/logo-cogop.webp\",\"contentUrl\":\"https:\\\/\\\/cogop.org\\\/wp-content\\\/uploads\\\/2025\\\/01\\\/logo-cogop.webp\",\"width\":500,\"height\":118,\"caption\":\"Church of God of Prophecy\"},\"image\":{\"@id\":\"https:\\\/\\\/cogop.org\\\/#\\\/schema\\\/logo\\\/image\\\/\"},\"sameAs\":[\"https:\\\/\\\/www.facebook.com\\\/cogop\",\"https:\\\/\\\/x.com\\\/cogop\",\"https:\\\/\\\/www.instagram.com\\\/cogoppics\\\/\",\"https:\\\/\\\/www.youtube.com\\\/@COGOPMedia\",\"https:\\\/\\\/open.spotify.com\\\/user\\\/g1d13yyaprw0wrr2woer8edyp?si=a32b364b555f4d4d\"]},{\"@type\":\"Person\",\"@id\":\"https:\\\/\\\/cogop.org\\\/#\\\/schema\\\/person\\\/4906c522c140e1fd84e28e3c17b3588d\",\"name\":\"Shaun McKinley\",\"image\":{\"@type\":\"ImageObject\",\"inLanguage\":\"es\",\"@id\":\"https:\\\/\\\/secure.gravatar.com\\\/avatar\\\/21e42617539b19957212750bc94d5e389cd3e64619510914f40b27e32d375e99?s=96&d=mm&r=g\",\"url\":\"https:\\\/\\\/secure.gravatar.com\\\/avatar\\\/21e42617539b19957212750bc94d5e389cd3e64619510914f40b27e32d375e99?s=96&d=mm&r=g\",\"contentUrl\":\"https:\\\/\\\/secure.gravatar.com\\\/avatar\\\/21e42617539b19957212750bc94d5e389cd3e64619510914f40b27e32d375e99?s=96&d=mm&r=g\",\"caption\":\"Shaun McKinley\"}}]}<\/script>\n<!-- \/ Yoast SEO plugin. -->","yoast_head_json":{"title":"El sanador herido: Navegando a trav\u00e9s de los desaf\u00edos de la salud mental en el ministerio (Parte 1) | COGOP","robots":{"index":"index","follow":"follow","max-snippet":"max-snippet:-1","max-image-preview":"max-image-preview:large","max-video-preview":"max-video-preview:-1"},"canonical":"https:\/\/cogop.org\/es\/el-sanador-herido-navegando-a-traves-de-los-desafios-de-la-salud-mental-en-el-ministerio-parte-1\/","og_locale":"es_ES","og_type":"article","og_title":"El sanador herido: Navegando a trav\u00e9s de los desaf\u00edos de la salud mental en el ministerio (Parte 1) | COGOP","og_description":"El llamado al ministerio sigue siendo uno de los m\u00e1s altos honores y una de las tareas m\u00e1s desafiantes que uno puede recibir. Para muchos, no es solo un trabajo, sino una vocaci\u00f3n de por vida que le da forma a nuestra identidad, valores y relaciones. Los ministros, en espec\u00edfico los pastores, suelen pasar horas [&hellip;]","og_url":"https:\/\/cogop.org\/es\/el-sanador-herido-navegando-a-traves-de-los-desafios-de-la-salud-mental-en-el-ministerio-parte-1\/","og_site_name":"COGOP","article_publisher":"https:\/\/www.facebook.com\/cogop","article_published_time":"2025-04-01T08:21:00+00:00","article_modified_time":"2025-07-01T16:58:19+00:00","og_image":[{"width":1920,"height":1280,"url":"https:\/\/cogop.org\/wp-content\/uploads\/2025\/03\/0401-GC-2.webp","type":"image\/webp"}],"author":"Shaun McKinley","twitter_card":"summary_large_image","twitter_creator":"@cogop","twitter_site":"@cogop","twitter_misc":{"Escrito por":"Shaun McKinley","Tiempo de lectura":"6 minutos"},"schema":{"@context":"https:\/\/schema.org","@graph":[{"@type":"Article","@id":"https:\/\/cogop.org\/es\/el-sanador-herido-navegando-a-traves-de-los-desafios-de-la-salud-mental-en-el-ministerio-parte-1\/#article","isPartOf":{"@id":"https:\/\/cogop.org\/es\/el-sanador-herido-navegando-a-traves-de-los-desafios-de-la-salud-mental-en-el-ministerio-parte-1\/"},"author":{"name":"Shaun McKinley","@id":"https:\/\/cogop.org\/#\/schema\/person\/4906c522c140e1fd84e28e3c17b3588d"},"headline":"El sanador herido: Navegando a trav\u00e9s de los desaf\u00edos de la salud mental en el ministerio (Parte 1)","datePublished":"2025-04-01T08:21:00+00:00","dateModified":"2025-07-01T16:58:19+00:00","mainEntityOfPage":{"@id":"https:\/\/cogop.org\/es\/el-sanador-herido-navegando-a-traves-de-los-desafios-de-la-salud-mental-en-el-ministerio-parte-1\/"},"wordCount":1179,"commentCount":0,"publisher":{"@id":"https:\/\/cogop.org\/#organization"},"image":{"@id":"https:\/\/cogop.org\/es\/el-sanador-herido-navegando-a-traves-de-los-desafios-de-la-salud-mental-en-el-ministerio-parte-1\/#primaryimage"},"thumbnailUrl":"https:\/\/cogop.org\/wp-content\/uploads\/2025\/03\/0401-GC-2.webp","keywords":["La mesa del pastor"],"articleSection":["Mensajero Ala Blanca"],"inLanguage":"es","potentialAction":[{"@type":"CommentAction","name":"Comment","target":["https:\/\/cogop.org\/es\/el-sanador-herido-navegando-a-traves-de-los-desafios-de-la-salud-mental-en-el-ministerio-parte-1\/#respond"]}]},{"@type":"WebPage","@id":"https:\/\/cogop.org\/es\/el-sanador-herido-navegando-a-traves-de-los-desafios-de-la-salud-mental-en-el-ministerio-parte-1\/","url":"https:\/\/cogop.org\/es\/el-sanador-herido-navegando-a-traves-de-los-desafios-de-la-salud-mental-en-el-ministerio-parte-1\/","name":"El sanador herido: Navegando a trav\u00e9s de los desaf\u00edos de la salud mental en el ministerio (Parte 1) | COGOP","isPartOf":{"@id":"https:\/\/cogop.org\/#website"},"primaryImageOfPage":{"@id":"https:\/\/cogop.org\/es\/el-sanador-herido-navegando-a-traves-de-los-desafios-de-la-salud-mental-en-el-ministerio-parte-1\/#primaryimage"},"image":{"@id":"https:\/\/cogop.org\/es\/el-sanador-herido-navegando-a-traves-de-los-desafios-de-la-salud-mental-en-el-ministerio-parte-1\/#primaryimage"},"thumbnailUrl":"https:\/\/cogop.org\/wp-content\/uploads\/2025\/03\/0401-GC-2.webp","datePublished":"2025-04-01T08:21:00+00:00","dateModified":"2025-07-01T16:58:19+00:00","inLanguage":"es","potentialAction":[{"@type":"ReadAction","target":["https:\/\/cogop.org\/es\/el-sanador-herido-navegando-a-traves-de-los-desafios-de-la-salud-mental-en-el-ministerio-parte-1\/"]}]},{"@type":"ImageObject","inLanguage":"es","@id":"https:\/\/cogop.org\/es\/el-sanador-herido-navegando-a-traves-de-los-desafios-de-la-salud-mental-en-el-ministerio-parte-1\/#primaryimage","url":"https:\/\/cogop.org\/wp-content\/uploads\/2025\/03\/0401-GC-2.webp","contentUrl":"https:\/\/cogop.org\/wp-content\/uploads\/2025\/03\/0401-GC-2.webp","width":1920,"height":1280},{"@type":"BreadcrumbList","@id":"https:\/\/cogop.org\/es\/el-sanador-herido-navegando-a-traves-de-los-desafios-de-la-salud-mental-en-el-ministerio-parte-1\/#breadcrumb","itemListElement":[{"@type":"ListItem","position":1,"name":"Home","item":"https:\/\/cogop.org\/"},{"@type":"ListItem","position":2,"name":"El sanador herido: Navegando a trav\u00e9s de los desaf\u00edos de la salud mental en el ministerio (Parte 1)"}]},{"@type":"WebSite","@id":"https:\/\/cogop.org\/#website","url":"https:\/\/cogop.org\/","name":"Church of God of Prophecy","description":"Reconciling the World to Christ","publisher":{"@id":"https:\/\/cogop.org\/#organization"},"alternateName":"COGOP","potentialAction":[{"@type":"SearchAction","target":{"@type":"EntryPoint","urlTemplate":"https:\/\/cogop.org\/?s={search_term_string}"},"query-input":{"@type":"PropertyValueSpecification","valueRequired":true,"valueName":"search_term_string"}}],"inLanguage":"es"},{"@type":"Organization","@id":"https:\/\/cogop.org\/#organization","name":"Church of God of Prophecy","alternateName":"COGOP","url":"https:\/\/cogop.org\/","logo":{"@type":"ImageObject","inLanguage":"es","@id":"https:\/\/cogop.org\/#\/schema\/logo\/image\/","url":"https:\/\/cogop.org\/wp-content\/uploads\/2025\/01\/logo-cogop.webp","contentUrl":"https:\/\/cogop.org\/wp-content\/uploads\/2025\/01\/logo-cogop.webp","width":500,"height":118,"caption":"Church of God of Prophecy"},"image":{"@id":"https:\/\/cogop.org\/#\/schema\/logo\/image\/"},"sameAs":["https:\/\/www.facebook.com\/cogop","https:\/\/x.com\/cogop","https:\/\/www.instagram.com\/cogoppics\/","https:\/\/www.youtube.com\/@COGOPMedia","https:\/\/open.spotify.com\/user\/g1d13yyaprw0wrr2woer8edyp?si=a32b364b555f4d4d"]},{"@type":"Person","@id":"https:\/\/cogop.org\/#\/schema\/person\/4906c522c140e1fd84e28e3c17b3588d","name":"Shaun McKinley","image":{"@type":"ImageObject","inLanguage":"es","@id":"https:\/\/secure.gravatar.com\/avatar\/21e42617539b19957212750bc94d5e389cd3e64619510914f40b27e32d375e99?s=96&d=mm&r=g","url":"https:\/\/secure.gravatar.com\/avatar\/21e42617539b19957212750bc94d5e389cd3e64619510914f40b27e32d375e99?s=96&d=mm&r=g","contentUrl":"https:\/\/secure.gravatar.com\/avatar\/21e42617539b19957212750bc94d5e389cd3e64619510914f40b27e32d375e99?s=96&d=mm&r=g","caption":"Shaun McKinley"}}]}},"_links":{"self":[{"href":"https:\/\/cogop.org\/es\/wp-json\/wp\/v2\/posts\/21013","targetHints":{"allow":["GET"]}}],"collection":[{"href":"https:\/\/cogop.org\/es\/wp-json\/wp\/v2\/posts"}],"about":[{"href":"https:\/\/cogop.org\/es\/wp-json\/wp\/v2\/types\/post"}],"author":[{"embeddable":true,"href":"https:\/\/cogop.org\/es\/wp-json\/wp\/v2\/users\/4"}],"replies":[{"embeddable":true,"href":"https:\/\/cogop.org\/es\/wp-json\/wp\/v2\/comments?post=21013"}],"version-history":[{"count":1,"href":"https:\/\/cogop.org\/es\/wp-json\/wp\/v2\/posts\/21013\/revisions"}],"predecessor-version":[{"id":21014,"href":"https:\/\/cogop.org\/es\/wp-json\/wp\/v2\/posts\/21013\/revisions\/21014"}],"wp:featuredmedia":[{"embeddable":true,"href":"https:\/\/cogop.org\/es\/wp-json\/wp\/v2\/media\/18367"}],"wp:attachment":[{"href":"https:\/\/cogop.org\/es\/wp-json\/wp\/v2\/media?parent=21013"}],"wp:term":[{"taxonomy":"category","embeddable":true,"href":"https:\/\/cogop.org\/es\/wp-json\/wp\/v2\/categories?post=21013"},{"taxonomy":"post_tag","embeddable":true,"href":"https:\/\/cogop.org\/es\/wp-json\/wp\/v2\/tags?post=21013"}],"curies":[{"name":"wp","href":"https:\/\/api.w.org\/{rel}","templated":true}]}}