{"id":17814,"date":"2025-01-17T19:37:02","date_gmt":"2025-01-17T19:37:02","guid":{"rendered":"https:\/\/cogop.org\/la-reconciliacion-empoderada-por-el-espiritu-santo\/"},"modified":"2025-03-25T15:55:25","modified_gmt":"2025-03-25T15:55:25","slug":"la-reconciliacion-empoderada-por-el-espiritu-santo","status":"publish","type":"post","link":"https:\/\/cogop.org\/es\/la-reconciliacion-empoderada-por-el-espiritu-santo\/","title":{"rendered":"La reconciliaci\u00f3n empoderada por el Esp\u00edritu Santo"},"content":{"rendered":"\n<p>Durante el verano, tuve el privilegio de asistir y participar en el ministerio de varias convenciones y conferencias estatales, regionales, nacionales e internacionales. Por a\u00f1os, he tenido la oportunidad de ser parte de estas reuniones dado a que he servido en alguna capacidad en las oficinas internacionales. Esta es una experiencia que siempre bendice mi vida y trayectoria espiritual como parte de la familia de la Iglesia de Dios de la Profec\u00eda, porque somos informados de y celebramos la obra de Dios en nuestros medios. Sin embargo, durante este verano tuve la oportunidad de volverme a consagrar en la presencia y el poder del Esp\u00edritu Santo.    <\/p>\n\n<p>Uno de los elementos clave en cada una de estas reuniones fue el testimonio de aquellos que se reconciliaron con Cristo y fueron empoderados por la obra del Esp\u00edritu Santo. En cada sesi\u00f3n hubo ministraci\u00f3n y se oraba por las personas; los que fueron para confraternizar o quiz\u00e1s como espectadores, fueron movidos de tal manera que entraron en un tiempo de b\u00fasqueda de renovaci\u00f3n, refrigerio y experiencias espiritualmente vivificadoras. Nos regocijamos por aquellos que fueron salvos, santificados, llenos del Esp\u00edritu Santo, sanados milagrosamente y llamados al ministerio.   <\/p>\n\n<p>Aunque nos preparamos y esperamos este tipo de experiencias de conversiones en conferencias, campamentos, retiros, avivamientos y ministerios de alcance \u2014dise\u00f1ados para este tipo de respuesta evangel\u00edstica\u2014, no puedo recordar una \u00abtemporada de convenciones\u00bb en la que hayamos visto una \u201cexplosi\u00f3n espiritual\u201d a tal extremo que la gente corra al altar para reconciliarse con Cristo. <\/p>\n\n<p>La respuesta de muchos de los que vinieron a Cristo fue el resultado de la invitaci\u00f3n a la presencia del Esp\u00edritu Santo por medio de la adoraci\u00f3n. Aunque la mayor\u00eda de las sesiones de adoraci\u00f3n eran variadas y ten\u00edan diferentes estilos de m\u00fasica \u2014a menudo eran himnos muy conocidos y usados por los ministerios de las iglesias locales\u2014, la intensidad de la adoraci\u00f3n se convirti\u00f3 en un conducto abierto para la obra empoderadora del Esp\u00edritu Santo que atrajo las almas a Cristo. En una de las convenciones, casi todas las invitaciones inclu\u00edan una respuesta salv\u00edfica. Pudimos ser testigos del poder de Dios que habita en medio de la alabanza de Su pueblo (Salmo 22:3).   <\/p>\n\n<p>Otra herramienta poderosa que se utiliz\u00f3 en estos servicios fueron los testimonios. En cada sesi\u00f3n de las convenciones hubo testimonios llenos del Esp\u00edritu y dirigidos por el Esp\u00edritu que empoder\u00f3 a los necesitados de salvaci\u00f3n y de milagros, moviendo a muchos a comprometerse con Dios y a Su prop\u00f3sito y plan. Repetidamente, he recordado las palabras alentadoras que se encuentran en Apocalipsis 12:11, que indican que somos hechos vencedores \u201cpor medio de la sangre del Cordero y de la palabra de [nuestro] testimonio\u201d.   <\/p>\n\n<p>[Por lo general,] las convenciones son conocidas por la predicaci\u00f3n ungida de la Palabra de Dios. Durante esta temporada tuvimos una \u201cexplosi\u00f3n\u201d de la presencia poderosa del Esp\u00edritu Santo operando y dando a conocer el poder y el prop\u00f3sito de Dios mediante la predicaci\u00f3n de Su Palabra. Fuimos recordados que la Palabra de Dios \u201ces viva y eficaz, y m\u00e1s cortante que toda espada de dos filos; y penetra hasta partir el alma y el esp\u00edritu, las coyunturas y los tu\u00e9tanos, y discierne los pensamientos y las intenciones del coraz\u00f3n\u201d (Hebreos 4:12). Pude ver cuando el discurso anual de uno de los obispos estatales movi\u00f3 a m\u00e1s de la mitad de los asistentes al altar al principio del mensaje, que dur\u00f3 m\u00e1s de una hora. All\u00ed permanecieron e incluso se mov\u00edan seg\u00fan el obispo estatal se mov\u00eda bajo unci\u00f3n. Vi a visitantes que se cuestionaban si pasaban a un altar para orar, buscando ayuda para aceptar a Cristo como Salvador. En otra convenci\u00f3n, vi gente apartada [de los caminos de Dios] pasando a orar mientras se predicaba la Palabra.       <\/p>\n\n<p>No creo que ninguno de los milagros que vi y en los que particip\u00e9 activamente y tambi\u00e9n fui receptor de sus manifestaciones ocurri\u00f3 por casualidad. Creo que en muchas de estas convenciones durante el verano, hubo una din\u00e1mica calculada de oraci\u00f3n que cubri\u00f3 cada oportunidad para que todos nos reconcili\u00e1ramos con Cristo y nos convirti\u00e9ramos en agentes de reconciliaci\u00f3n empoderados por el Esp\u00edritu Santo. Durante muchos a\u00f1os he comprendido que el verdadero trabajo del ministerio es la oraci\u00f3n. Cada acci\u00f3n del ministerio que expresa un llamado al Evangelio debe ser precedido, habilitado y facilitado por la oraci\u00f3n.    <\/p>\n\n<p>En Efesios 3:14-21, encontramos una oraci\u00f3n para recibir el empoderamiento espiritual para vivir y cumplir el llamado a esta obra del Esp\u00edritu Santo en y a trav\u00e9s de nosotros: <\/p>\n\n<p>Por esta causa doblo mis rodillas ante el Padre de nuestro Se\u00f1or Jesucristo, de quien toma nombre toda familia en los cielos y en la tierra, para que os d\u00e9, conforme a las riquezas de su gloria, el ser fortalecidos con poder en el hombre interior por su Esp\u00edritu; para que habite Cristo por la fe en vuestros corazones, a fin de que, arraigados y cimentados en amor, se\u00e1is plenamente capaces de comprender con todos los santos cu\u00e1l sea la anchura, la longitud, la profundidad y la altura, y de conocer el amor de Cristo, que excede a todo conocimiento, para que se\u00e1is llenos de toda la plenitud de Dios. Y a Aquel que es poderoso para hacer todas las cosas mucho m\u00e1s abundantemente de lo que pedimos o entendemos, seg\u00fan el poder que act\u00faa en nosotros, a \u00e9l sea gloria en la iglesia en Cristo Jes\u00fas por todas las edades, por los siglos de los siglos. Am\u00e9n.  <\/p>\n\n<p>Esta oraci\u00f3n expresa el coraz\u00f3n de Dios por nosotros. Es una oraci\u00f3n que nos anima a conocerle mejor. En esta oraci\u00f3n, Dios nos da de Sus propios recursos, los cuales no tienen l\u00edmite \u2014<em>\u201cpara que os d\u00e9, conforme a las riquezas de su gloria\u201d<\/em>\u2014 es una oraci\u00f3n que nos lleva a conocer y comprender mejor el amor de Dios por el mundo y para ser llenos de Su plenitud. Es una oraci\u00f3n que busca la abundancia de Su poder para que act\u00fae plenamente en y a trav\u00e9s de nosotros en nuestras relaciones cotidianas y ministerios.    <\/p>\n\n<p>En esta temporada de ministerio en la que estamos siendo llamados a unirnos a esta corriente de reconciliar al mundo con Cristo por medio del poder del Esp\u00edritu Santo, conc\u00e9danme la oportunidad de la adoraci\u00f3n, el testimonio, la Palabra y la experiencia de la oraci\u00f3n de la cual soy testigo activo \u2014esta es la obra de Su Esp\u00edritu. Nuestra oraci\u00f3n es que usted sea bendecido y desafiado a trav\u00e9s de las siguientes p\u00e1ginas que contienen noticias actualizadas y testimonios del movimiento alentador del evangelio de Cristo que marcha hacia adelante en todo el mundo. <\/p>\n\n<p><\/p>\n","protected":false},"excerpt":{"rendered":"<p>Durante este verano hubo vidas transformadas mediante la adoraci\u00f3n, testimonios y el poder del Esp\u00edritu Santo.<\/p>\n","protected":false},"author":1,"featured_media":8017,"comment_status":"open","ping_status":"open","sticky":false,"template":"","format":"standard","meta":{"_acf_changed":false,"_monsterinsights_skip_tracking":false,"_monsterinsights_sitenote_active":false,"_monsterinsights_sitenote_note":"","_monsterinsights_sitenote_category":0,"_uf_show_specific_survey":0,"_uf_disable_surveys":false,"footnotes":""},"categories":[273,113],"tags":[],"class_list":["post-17814","post","type-post","status-publish","format-standard","has-post-thumbnail","hentry","category-mensajero-ala-blanca","category-inspiracion"],"acf":[],"yoast_head":"<!-- This site is optimized with the Yoast SEO plugin v27.4 - https:\/\/yoast.com\/product\/yoast-seo-wordpress\/ -->\n<title>La reconciliaci\u00f3n empoderada por el Esp\u00edritu Santo | COGOP<\/title>\n<meta name=\"robots\" content=\"index, follow, max-snippet:-1, max-image-preview:large, max-video-preview:-1\" \/>\n<link rel=\"canonical\" href=\"https:\/\/cogop.org\/es\/la-reconciliacion-empoderada-por-el-espiritu-santo\/\" \/>\n<meta property=\"og:locale\" content=\"es_ES\" \/>\n<meta property=\"og:type\" content=\"article\" \/>\n<meta property=\"og:title\" content=\"La reconciliaci\u00f3n empoderada por el Esp\u00edritu Santo | COGOP\" \/>\n<meta property=\"og:description\" content=\"Durante este verano hubo vidas transformadas mediante la adoraci\u00f3n, testimonios y el poder del Esp\u00edritu Santo.\" \/>\n<meta property=\"og:url\" content=\"https:\/\/cogop.org\/es\/la-reconciliacion-empoderada-por-el-espiritu-santo\/\" \/>\n<meta property=\"og:site_name\" content=\"COGOP\" \/>\n<meta property=\"article:publisher\" content=\"https:\/\/www.facebook.com\/cogop\" \/>\n<meta property=\"article:published_time\" content=\"2025-01-17T19:37:02+00:00\" \/>\n<meta property=\"article:modified_time\" content=\"2025-03-25T15:55:25+00:00\" \/>\n<meta property=\"og:image\" content=\"https:\/\/cogop.org\/wp-content\/uploads\/2025\/01\/40.png\" \/>\n\t<meta property=\"og:image:width\" content=\"1200\" \/>\n\t<meta property=\"og:image:height\" content=\"630\" \/>\n\t<meta property=\"og:image:type\" content=\"image\/png\" \/>\n<meta name=\"author\" content=\"admin\" \/>\n<meta name=\"twitter:card\" content=\"summary_large_image\" \/>\n<meta name=\"twitter:creator\" content=\"@cogop\" \/>\n<meta name=\"twitter:site\" content=\"@cogop\" \/>\n<meta name=\"twitter:label1\" content=\"Escrito por\" \/>\n\t<meta name=\"twitter:data1\" content=\"admin\" \/>\n\t<meta name=\"twitter:label2\" content=\"Tiempo de lectura\" \/>\n\t<meta name=\"twitter:data2\" content=\"6 minutos\" \/>\n<script type=\"application\/ld+json\" class=\"yoast-schema-graph\">{\"@context\":\"https:\\\/\\\/schema.org\",\"@graph\":[{\"@type\":\"Article\",\"@id\":\"https:\\\/\\\/cogop.org\\\/es\\\/la-reconciliacion-empoderada-por-el-espiritu-santo\\\/#article\",\"isPartOf\":{\"@id\":\"https:\\\/\\\/cogop.org\\\/es\\\/la-reconciliacion-empoderada-por-el-espiritu-santo\\\/\"},\"author\":{\"name\":\"admin\",\"@id\":\"https:\\\/\\\/cogop.org\\\/#\\\/schema\\\/person\\\/9c52a85a4cb4c9e9b0a8682790636464\"},\"headline\":\"La reconciliaci\u00f3n empoderada por el Esp\u00edritu Santo\",\"datePublished\":\"2025-01-17T19:37:02+00:00\",\"dateModified\":\"2025-03-25T15:55:25+00:00\",\"mainEntityOfPage\":{\"@id\":\"https:\\\/\\\/cogop.org\\\/es\\\/la-reconciliacion-empoderada-por-el-espiritu-santo\\\/\"},\"wordCount\":1189,\"commentCount\":0,\"publisher\":{\"@id\":\"https:\\\/\\\/cogop.org\\\/#organization\"},\"image\":{\"@id\":\"https:\\\/\\\/cogop.org\\\/es\\\/la-reconciliacion-empoderada-por-el-espiritu-santo\\\/#primaryimage\"},\"thumbnailUrl\":\"https:\\\/\\\/cogop.org\\\/wp-content\\\/uploads\\\/2025\\\/01\\\/40.png\",\"articleSection\":[\"Mensajero Ala Blanca\",\"Inspiraci\u00f3n\"],\"inLanguage\":\"es\",\"potentialAction\":[{\"@type\":\"CommentAction\",\"name\":\"Comment\",\"target\":[\"https:\\\/\\\/cogop.org\\\/es\\\/la-reconciliacion-empoderada-por-el-espiritu-santo\\\/#respond\"]}]},{\"@type\":\"WebPage\",\"@id\":\"https:\\\/\\\/cogop.org\\\/es\\\/la-reconciliacion-empoderada-por-el-espiritu-santo\\\/\",\"url\":\"https:\\\/\\\/cogop.org\\\/es\\\/la-reconciliacion-empoderada-por-el-espiritu-santo\\\/\",\"name\":\"La reconciliaci\u00f3n empoderada por el Esp\u00edritu Santo | COGOP\",\"isPartOf\":{\"@id\":\"https:\\\/\\\/cogop.org\\\/#website\"},\"primaryImageOfPage\":{\"@id\":\"https:\\\/\\\/cogop.org\\\/es\\\/la-reconciliacion-empoderada-por-el-espiritu-santo\\\/#primaryimage\"},\"image\":{\"@id\":\"https:\\\/\\\/cogop.org\\\/es\\\/la-reconciliacion-empoderada-por-el-espiritu-santo\\\/#primaryimage\"},\"thumbnailUrl\":\"https:\\\/\\\/cogop.org\\\/wp-content\\\/uploads\\\/2025\\\/01\\\/40.png\",\"datePublished\":\"2025-01-17T19:37:02+00:00\",\"dateModified\":\"2025-03-25T15:55:25+00:00\",\"inLanguage\":\"es\",\"potentialAction\":[{\"@type\":\"ReadAction\",\"target\":[\"https:\\\/\\\/cogop.org\\\/es\\\/la-reconciliacion-empoderada-por-el-espiritu-santo\\\/\"]}]},{\"@type\":\"ImageObject\",\"inLanguage\":\"es\",\"@id\":\"https:\\\/\\\/cogop.org\\\/es\\\/la-reconciliacion-empoderada-por-el-espiritu-santo\\\/#primaryimage\",\"url\":\"https:\\\/\\\/cogop.org\\\/wp-content\\\/uploads\\\/2025\\\/01\\\/40.png\",\"contentUrl\":\"https:\\\/\\\/cogop.org\\\/wp-content\\\/uploads\\\/2025\\\/01\\\/40.png\",\"width\":1200,\"height\":630},{\"@type\":\"BreadcrumbList\",\"@id\":\"https:\\\/\\\/cogop.org\\\/es\\\/la-reconciliacion-empoderada-por-el-espiritu-santo\\\/#breadcrumb\",\"itemListElement\":[{\"@type\":\"ListItem\",\"position\":1,\"name\":\"Home\",\"item\":\"https:\\\/\\\/cogop.org\\\/\"},{\"@type\":\"ListItem\",\"position\":2,\"name\":\"La reconciliaci\u00f3n empoderada por el Esp\u00edritu Santo\"}]},{\"@type\":\"WebSite\",\"@id\":\"https:\\\/\\\/cogop.org\\\/#website\",\"url\":\"https:\\\/\\\/cogop.org\\\/\",\"name\":\"Church of God of Prophecy\",\"description\":\"Reconciling the World to Christ\",\"publisher\":{\"@id\":\"https:\\\/\\\/cogop.org\\\/#organization\"},\"alternateName\":\"COGOP\",\"potentialAction\":[{\"@type\":\"SearchAction\",\"target\":{\"@type\":\"EntryPoint\",\"urlTemplate\":\"https:\\\/\\\/cogop.org\\\/?s={search_term_string}\"},\"query-input\":{\"@type\":\"PropertyValueSpecification\",\"valueRequired\":true,\"valueName\":\"search_term_string\"}}],\"inLanguage\":\"es\"},{\"@type\":\"Organization\",\"@id\":\"https:\\\/\\\/cogop.org\\\/#organization\",\"name\":\"Church of God of Prophecy\",\"alternateName\":\"COGOP\",\"url\":\"https:\\\/\\\/cogop.org\\\/\",\"logo\":{\"@type\":\"ImageObject\",\"inLanguage\":\"es\",\"@id\":\"https:\\\/\\\/cogop.org\\\/#\\\/schema\\\/logo\\\/image\\\/\",\"url\":\"https:\\\/\\\/cogop.org\\\/wp-content\\\/uploads\\\/2025\\\/01\\\/logo-cogop.webp\",\"contentUrl\":\"https:\\\/\\\/cogop.org\\\/wp-content\\\/uploads\\\/2025\\\/01\\\/logo-cogop.webp\",\"width\":500,\"height\":118,\"caption\":\"Church of God of Prophecy\"},\"image\":{\"@id\":\"https:\\\/\\\/cogop.org\\\/#\\\/schema\\\/logo\\\/image\\\/\"},\"sameAs\":[\"https:\\\/\\\/www.facebook.com\\\/cogop\",\"https:\\\/\\\/x.com\\\/cogop\",\"https:\\\/\\\/www.instagram.com\\\/cogoppics\\\/\",\"https:\\\/\\\/www.youtube.com\\\/@COGOPMedia\",\"https:\\\/\\\/open.spotify.com\\\/user\\\/g1d13yyaprw0wrr2woer8edyp?si=a32b364b555f4d4d\"]},{\"@type\":\"Person\",\"@id\":\"https:\\\/\\\/cogop.org\\\/#\\\/schema\\\/person\\\/9c52a85a4cb4c9e9b0a8682790636464\",\"name\":\"admin\",\"image\":{\"@type\":\"ImageObject\",\"inLanguage\":\"es\",\"@id\":\"https:\\\/\\\/secure.gravatar.com\\\/avatar\\\/312296194ff37b03570e8edebe274c85caa2c35b54a78e156b0ef99e4ac5953d?s=96&d=mm&r=g\",\"url\":\"https:\\\/\\\/secure.gravatar.com\\\/avatar\\\/312296194ff37b03570e8edebe274c85caa2c35b54a78e156b0ef99e4ac5953d?s=96&d=mm&r=g\",\"contentUrl\":\"https:\\\/\\\/secure.gravatar.com\\\/avatar\\\/312296194ff37b03570e8edebe274c85caa2c35b54a78e156b0ef99e4ac5953d?s=96&d=mm&r=g\",\"caption\":\"admin\"},\"sameAs\":[\"https:\\\/\\\/cogop.org\"]}]}<\/script>\n<!-- \/ Yoast SEO plugin. -->","yoast_head_json":{"title":"La reconciliaci\u00f3n empoderada por el Esp\u00edritu Santo | COGOP","robots":{"index":"index","follow":"follow","max-snippet":"max-snippet:-1","max-image-preview":"max-image-preview:large","max-video-preview":"max-video-preview:-1"},"canonical":"https:\/\/cogop.org\/es\/la-reconciliacion-empoderada-por-el-espiritu-santo\/","og_locale":"es_ES","og_type":"article","og_title":"La reconciliaci\u00f3n empoderada por el Esp\u00edritu Santo | COGOP","og_description":"Durante este verano hubo vidas transformadas mediante la adoraci\u00f3n, testimonios y el poder del Esp\u00edritu Santo.","og_url":"https:\/\/cogop.org\/es\/la-reconciliacion-empoderada-por-el-espiritu-santo\/","og_site_name":"COGOP","article_publisher":"https:\/\/www.facebook.com\/cogop","article_published_time":"2025-01-17T19:37:02+00:00","article_modified_time":"2025-03-25T15:55:25+00:00","og_image":[{"width":1200,"height":630,"url":"https:\/\/cogop.org\/wp-content\/uploads\/2025\/01\/40.png","type":"image\/png"}],"author":"admin","twitter_card":"summary_large_image","twitter_creator":"@cogop","twitter_site":"@cogop","twitter_misc":{"Escrito por":"admin","Tiempo de lectura":"6 minutos"},"schema":{"@context":"https:\/\/schema.org","@graph":[{"@type":"Article","@id":"https:\/\/cogop.org\/es\/la-reconciliacion-empoderada-por-el-espiritu-santo\/#article","isPartOf":{"@id":"https:\/\/cogop.org\/es\/la-reconciliacion-empoderada-por-el-espiritu-santo\/"},"author":{"name":"admin","@id":"https:\/\/cogop.org\/#\/schema\/person\/9c52a85a4cb4c9e9b0a8682790636464"},"headline":"La reconciliaci\u00f3n empoderada por el Esp\u00edritu Santo","datePublished":"2025-01-17T19:37:02+00:00","dateModified":"2025-03-25T15:55:25+00:00","mainEntityOfPage":{"@id":"https:\/\/cogop.org\/es\/la-reconciliacion-empoderada-por-el-espiritu-santo\/"},"wordCount":1189,"commentCount":0,"publisher":{"@id":"https:\/\/cogop.org\/#organization"},"image":{"@id":"https:\/\/cogop.org\/es\/la-reconciliacion-empoderada-por-el-espiritu-santo\/#primaryimage"},"thumbnailUrl":"https:\/\/cogop.org\/wp-content\/uploads\/2025\/01\/40.png","articleSection":["Mensajero Ala Blanca","Inspiraci\u00f3n"],"inLanguage":"es","potentialAction":[{"@type":"CommentAction","name":"Comment","target":["https:\/\/cogop.org\/es\/la-reconciliacion-empoderada-por-el-espiritu-santo\/#respond"]}]},{"@type":"WebPage","@id":"https:\/\/cogop.org\/es\/la-reconciliacion-empoderada-por-el-espiritu-santo\/","url":"https:\/\/cogop.org\/es\/la-reconciliacion-empoderada-por-el-espiritu-santo\/","name":"La reconciliaci\u00f3n empoderada por el Esp\u00edritu Santo | COGOP","isPartOf":{"@id":"https:\/\/cogop.org\/#website"},"primaryImageOfPage":{"@id":"https:\/\/cogop.org\/es\/la-reconciliacion-empoderada-por-el-espiritu-santo\/#primaryimage"},"image":{"@id":"https:\/\/cogop.org\/es\/la-reconciliacion-empoderada-por-el-espiritu-santo\/#primaryimage"},"thumbnailUrl":"https:\/\/cogop.org\/wp-content\/uploads\/2025\/01\/40.png","datePublished":"2025-01-17T19:37:02+00:00","dateModified":"2025-03-25T15:55:25+00:00","inLanguage":"es","potentialAction":[{"@type":"ReadAction","target":["https:\/\/cogop.org\/es\/la-reconciliacion-empoderada-por-el-espiritu-santo\/"]}]},{"@type":"ImageObject","inLanguage":"es","@id":"https:\/\/cogop.org\/es\/la-reconciliacion-empoderada-por-el-espiritu-santo\/#primaryimage","url":"https:\/\/cogop.org\/wp-content\/uploads\/2025\/01\/40.png","contentUrl":"https:\/\/cogop.org\/wp-content\/uploads\/2025\/01\/40.png","width":1200,"height":630},{"@type":"BreadcrumbList","@id":"https:\/\/cogop.org\/es\/la-reconciliacion-empoderada-por-el-espiritu-santo\/#breadcrumb","itemListElement":[{"@type":"ListItem","position":1,"name":"Home","item":"https:\/\/cogop.org\/"},{"@type":"ListItem","position":2,"name":"La reconciliaci\u00f3n empoderada por el Esp\u00edritu Santo"}]},{"@type":"WebSite","@id":"https:\/\/cogop.org\/#website","url":"https:\/\/cogop.org\/","name":"Church of God of Prophecy","description":"Reconciling the World to Christ","publisher":{"@id":"https:\/\/cogop.org\/#organization"},"alternateName":"COGOP","potentialAction":[{"@type":"SearchAction","target":{"@type":"EntryPoint","urlTemplate":"https:\/\/cogop.org\/?s={search_term_string}"},"query-input":{"@type":"PropertyValueSpecification","valueRequired":true,"valueName":"search_term_string"}}],"inLanguage":"es"},{"@type":"Organization","@id":"https:\/\/cogop.org\/#organization","name":"Church of God of Prophecy","alternateName":"COGOP","url":"https:\/\/cogop.org\/","logo":{"@type":"ImageObject","inLanguage":"es","@id":"https:\/\/cogop.org\/#\/schema\/logo\/image\/","url":"https:\/\/cogop.org\/wp-content\/uploads\/2025\/01\/logo-cogop.webp","contentUrl":"https:\/\/cogop.org\/wp-content\/uploads\/2025\/01\/logo-cogop.webp","width":500,"height":118,"caption":"Church of God of Prophecy"},"image":{"@id":"https:\/\/cogop.org\/#\/schema\/logo\/image\/"},"sameAs":["https:\/\/www.facebook.com\/cogop","https:\/\/x.com\/cogop","https:\/\/www.instagram.com\/cogoppics\/","https:\/\/www.youtube.com\/@COGOPMedia","https:\/\/open.spotify.com\/user\/g1d13yyaprw0wrr2woer8edyp?si=a32b364b555f4d4d"]},{"@type":"Person","@id":"https:\/\/cogop.org\/#\/schema\/person\/9c52a85a4cb4c9e9b0a8682790636464","name":"admin","image":{"@type":"ImageObject","inLanguage":"es","@id":"https:\/\/secure.gravatar.com\/avatar\/312296194ff37b03570e8edebe274c85caa2c35b54a78e156b0ef99e4ac5953d?s=96&d=mm&r=g","url":"https:\/\/secure.gravatar.com\/avatar\/312296194ff37b03570e8edebe274c85caa2c35b54a78e156b0ef99e4ac5953d?s=96&d=mm&r=g","contentUrl":"https:\/\/secure.gravatar.com\/avatar\/312296194ff37b03570e8edebe274c85caa2c35b54a78e156b0ef99e4ac5953d?s=96&d=mm&r=g","caption":"admin"},"sameAs":["https:\/\/cogop.org"]}]}},"_links":{"self":[{"href":"https:\/\/cogop.org\/es\/wp-json\/wp\/v2\/posts\/17814","targetHints":{"allow":["GET"]}}],"collection":[{"href":"https:\/\/cogop.org\/es\/wp-json\/wp\/v2\/posts"}],"about":[{"href":"https:\/\/cogop.org\/es\/wp-json\/wp\/v2\/types\/post"}],"author":[{"embeddable":true,"href":"https:\/\/cogop.org\/es\/wp-json\/wp\/v2\/users\/1"}],"replies":[{"embeddable":true,"href":"https:\/\/cogop.org\/es\/wp-json\/wp\/v2\/comments?post=17814"}],"version-history":[{"count":1,"href":"https:\/\/cogop.org\/es\/wp-json\/wp\/v2\/posts\/17814\/revisions"}],"predecessor-version":[{"id":17815,"href":"https:\/\/cogop.org\/es\/wp-json\/wp\/v2\/posts\/17814\/revisions\/17815"}],"wp:featuredmedia":[{"embeddable":true,"href":"https:\/\/cogop.org\/es\/wp-json\/wp\/v2\/media\/8017"}],"wp:attachment":[{"href":"https:\/\/cogop.org\/es\/wp-json\/wp\/v2\/media?parent=17814"}],"wp:term":[{"taxonomy":"category","embeddable":true,"href":"https:\/\/cogop.org\/es\/wp-json\/wp\/v2\/categories?post=17814"},{"taxonomy":"post_tag","embeddable":true,"href":"https:\/\/cogop.org\/es\/wp-json\/wp\/v2\/tags?post=17814"}],"curies":[{"name":"wp","href":"https:\/\/api.w.org\/{rel}","templated":true}]}}