{"id":12764,"date":"2025-03-11T18:39:57","date_gmt":"2025-03-11T18:39:57","guid":{"rendered":"https:\/\/cogop.org\/expandiendo-el-reino-de-dios-el-ministerio-de-la-iglesia-de-dios-de-la-profecia-en-africa\/"},"modified":"2025-07-01T16:58:48","modified_gmt":"2025-07-01T16:58:48","slug":"expandiendo-el-reino-de-dios-el-ministerio-de-la-iglesia-de-dios-de-la-profecia-en-africa","status":"publish","type":"post","link":"https:\/\/cogop.org\/es\/expandiendo-el-reino-de-dios-el-ministerio-de-la-iglesia-de-dios-de-la-profecia-en-africa\/","title":{"rendered":"Expandiendo el reino de Dios: El ministerio de la Iglesia de Dios de la Profec\u00eda en \u00c1frica"},"content":{"rendered":"\n<h2 class=\"wp-block-heading\"><strong>N\u00edger<\/strong><\/h2>\n\n<p>Damos gracias al Se\u00f1or por la excelente labor que ha sido realizada, y contin\u00faa en marcha, en N\u00edger. Como presb\u00edtero general de \u00c1frica, me complace compartir con ustedes este informe, que destacar\u00e1 los logros significativos que hemos alcanzado bajo nuestro esfuerzo colectivo y la gu\u00eda de Dios. <\/p>\n\n<p>En 2018, bajo el liderazgo del obispo Kadato Richard, se compr\u00f3 un terreno en N\u00edger con el apoyo del departamento de Misiones Mundiales. Se construy\u00f3 una estructura temporal para celebrar los cultos, pero hab\u00eda limitaciones debido a que no se hab\u00eda registrado oficialmente como organizaci\u00f3n religiosa en la naci\u00f3n. <\/p>\n\n<p><strong>Colaboraci\u00f3n con el pastor Amoussou<\/strong><\/p>\n\n<p>Durante siete a\u00f1os, [tuvimos la oportunidad de trabajar] en colaboraci\u00f3n con el [pastor] Amoussou Agbo Pierre, de la \u00c9glise Pentec\u00f4tiste Source De Vie (Iglesia Pentecostal Fuente de Vida). Esta colaboraci\u00f3n fue de gran bendici\u00f3n para ambas organizaciones. Finalmente, el pastor Amoussou tom\u00f3 la decisi\u00f3n de unir su ministerio establecido con la Iglesia de Dios de la Profec\u00eda.  <\/p>\n\n<p><strong>Convenci\u00f3n nacional combinada<\/strong><\/p>\n\n<p>La convenci\u00f3n de noviembre de 2024 marc\u00f3 un hito significativo. Se reunieron cerca de 400 personas a pesar de la demograf\u00eda mayormente isl\u00e1mica. <\/p>\n\n<p>Sin duda, la fusi\u00f3n entre el ministerio establecido del pastor Amoussou Agbo Pierre y la Iglesia de Dios de la Profec\u00eda representa una cooperaci\u00f3n significativa destinada a fortalecer la presencia y el impacto de la iglesia en N\u00edger. <\/p>\n\n<p>Esta fusi\u00f3n result\u00f3 en la combinaci\u00f3n de valores comunes para el alcance comunitario y el crecimiento espiritual. Esto ha fortalecido el desarrollo del ministerio para servir a la comunidad, permitiendo que la iglesia participe m\u00e1s ampliamente y comparta el mensaje a m\u00e1s gente en toda la regi\u00f3n. Esta cooperaci\u00f3n estrat\u00e9gica nos permite, a la Iglesia de Dios de la Profec\u00eda, ser m\u00e1s efectivos en la misi\u00f3n, a construir lazos comunitarios m\u00e1s fuertes y tener una influencia positiva en N\u00edger. Queremos agradecer a la iglesia mundial por el apoyo a la obra misionera en \u00c1frica.  <\/p>\n\n<p><strong>Planes de desarrollo futuro <\/strong><\/p>\n\n<p>Como parte de nuestra visi\u00f3n de crecimiento, hicimos una propuesta para adquirir un terreno para construir un centro de conferencias, estimado en 35 millones francos CFA (aproximadamente 70,000 d\u00f3lares EUA). Este sitio servir\u00e1 como el centro principal para futuras reuniones, capacitaciones y actividades ministeriales. <\/p>\n\n<p>Damos toda la gloria a Dios por los avances notables que se han llevado a cabo en N\u00edger. A pesar de los desaf\u00edos de ministrar en un pa\u00eds mayormente isl\u00e1mico, la Iglesia de Dios de la Profec\u00eda contin\u00faa creciendo y transformando vidas. Seguimos firmes en nuestra misi\u00f3n de reconciliar a \u00c1frica con Cristo, y estamos comprometidos a seguir proclamando la obra del reino con fe, dedicaci\u00f3n y la gu\u00eda del Se\u00f1or.  <\/p>\n\n<figure class=\"wp-block-gallery has-nested-images columns-default is-cropped wp-block-gallery-1 is-layout-flex wp-block-gallery-is-layout-flex\">\n<figure class=\"wp-block-image size-large\"><img fetchpriority=\"high\" decoding=\"async\" width=\"800\" height=\"600\" data-id=\"11647\" src=\"https:\/\/cogop.org\/wp-content\/uploads\/2025\/03\/Niger.jpg\" alt=\"\" class=\"wp-image-11647\" srcset=\"https:\/\/cogop.org\/wp-content\/uploads\/2025\/03\/Niger.jpg 800w, https:\/\/cogop.org\/wp-content\/uploads\/2025\/03\/Niger-300x225.jpg 300w, https:\/\/cogop.org\/wp-content\/uploads\/2025\/03\/Niger-768x576.jpg 768w\" sizes=\"(max-width: 800px) 100vw, 800px\" \/><\/figure>\n<\/figure>\n\n<h2 class=\"wp-block-heading\"><strong>Guinea Ecuatorial<\/strong><\/h2>\n\n<p><strong>Avanzando el reino de Dios en Guinea Ecuatorial<\/strong><\/p>\n\n<p>La Iglesia de Dios de la Profec\u00eda en Guinea Ecuatorial contin\u00faa experimentando el favor de Dios y un crecimiento extraordinario, marcando as\u00ed un cap\u00edtulo importante en nuestra misi\u00f3n de expandir Su reino a trav\u00e9s del continente africano. Al reflexionar sobre los avances y logros en esta naci\u00f3n, nos sentimos llenos de gratitud y de un compromiso renovado de seguir fieles en el cumplimiento de la gran comisi\u00f3n, reconciliando a \u00c1frica con Cristo por medio del poder del Esp\u00edritu Santo. <\/p>\n\n<p><strong>Estableciendo una base: Adquisici\u00f3n de terreno para un lugar de culto temporal<\/strong><\/p>\n\n<p>Un logro importante para el ministerio en Guinea Ecuatorial ha sido la adquisici\u00f3n de un terreno, que ahora sirve como sitio para un lugar de culto temporal. A pesar de las limitaciones financieras que impiden la construcci\u00f3n de un edificio permanente, esta estructura temporal es un faro de esperanza y fe. Se re\u00fanen m\u00e1s de 150 miembros regularmente para celebrar los servicios de adoraci\u00f3n y compa\u00f1erismo. Este espacio se ha convertido en un centro principal de ayuda espiritual y desarrollo comunitario, representando la resiliencia y dedicaci\u00f3n de nuestros miembros.   <\/p>\n\n<p><strong>Visita inspiradora del presbiterio general<\/strong><\/p>\n\n<p>La reciente visita del presb\u00edtero general Gabriel Vidal y su equipo trajo aliento y un enfoque renovado a la obra en Guinea Ecuatorial. Su apoyo para la renovaci\u00f3n del edificio temporal es evidencia de su compromiso con el crecimiento del ministerio en la naci\u00f3n. Estamos seguros de que la transformaci\u00f3n de la estructura temporal a un edificio permanente y funcional permitir\u00e1 que el lugar se convierta en un centro espiritual y administrativo, y fomentar\u00e1 una mayor unidad y prop\u00f3sito entre los miembros de la iglesia.  <\/p>\n\n<p><strong>Celebrando el crecimiento: Una pr\u00f3spera red de iglesias locales<\/strong><\/p>\n\n<p>La expansi\u00f3n del ministerio es un testimonio de la provisi\u00f3n de Dios y de la dedicaci\u00f3n de nuestros l\u00edderes y miembros. Con m\u00e1s de cinco iglesias locales establecidas y una membres\u00eda de 400 a 500 personas, la Iglesia de Dios de la Profec\u00eda en Guinea Ecuatorial es una comunidad de creyentes din\u00e1mica y creciente. Este crecimiento muestra nuestro compromiso colectivo de predicar el evangelio, discipular a los nuevos creyentes y servir a las comunidades circunvecinas.  <\/p>\n\n<p><strong>Avanzando: Edificando para el futuro<\/strong><\/p>\n\n<p>El camino que tenemos por delante est\u00e1 lleno de retos y oportunidades. Las renovaciones que tenemos previstas de la estructura temporal es un paso importante, que nos permitir\u00e1 tener un lugar m\u00e1s estable e inspirador para los cultos de adoraci\u00f3n y el ministerio. M\u00e1s a\u00fan, seguimos comprometidos con nuestro apoyo a las iglesias locales, la capacitaci\u00f3n de l\u00edderes y el alcance de nuevas comunidades con el mensaje de Cristo.  <\/p>\n\n<p><strong>Gratitud y visi\u00f3n<\/strong><\/p>\n\n<p>Estamos profundamente agradecidos por el apoyo incondicional del liderazgo internacional de la iglesia y por las oraciones de los creyentes alrededor del mundo. Su ayuda ha sido fundamental para el avance que hemos logrado hasta ahora. Mientras seguimos creciendo y vamos hacia delante con los planes de construcci\u00f3n, les pedimos que nos ayuden con sus oraciones, donaciones y servicio, para que juntos podamos crecer la obra de Dios en Guinea Ecuatorial y m\u00e1s all\u00e1.  <\/p>\n\n<p>La mies es mucha, y los obreros van a\u00f1adi\u00e9ndose. Nos movemos con fe, amor y determinaci\u00f3n, confiando en que Aquel que comenz\u00f3 la buena obra en nosotros la perfeccionar\u00e1. <\/p>\n\n<figure class=\"wp-block-gallery has-nested-images columns-default is-cropped wp-block-gallery-2 is-layout-flex wp-block-gallery-is-layout-flex\">\n<figure class=\"wp-block-image size-large\"><img decoding=\"async\" width=\"935\" height=\"705\" data-id=\"11641\" src=\"https:\/\/cogop.org\/wp-content\/uploads\/2025\/03\/Equatorial-Guinea-1.jpg\" alt=\"\" class=\"wp-image-11641\" srcset=\"https:\/\/cogop.org\/wp-content\/uploads\/2025\/03\/Equatorial-Guinea-1.jpg 935w, https:\/\/cogop.org\/wp-content\/uploads\/2025\/03\/Equatorial-Guinea-1-300x226.jpg 300w, https:\/\/cogop.org\/wp-content\/uploads\/2025\/03\/Equatorial-Guinea-1-768x579.jpg 768w\" sizes=\"(max-width: 935px) 100vw, 935px\" \/><\/figure>\n\n\n\n<figure class=\"wp-block-image size-large\"><img decoding=\"async\" width=\"928\" height=\"699\" data-id=\"11644\" src=\"https:\/\/cogop.org\/wp-content\/uploads\/2025\/03\/Equatorial-Guinea-2.jpg\" alt=\"\" class=\"wp-image-11644\" srcset=\"https:\/\/cogop.org\/wp-content\/uploads\/2025\/03\/Equatorial-Guinea-2.jpg 928w, https:\/\/cogop.org\/wp-content\/uploads\/2025\/03\/Equatorial-Guinea-2-300x226.jpg 300w, https:\/\/cogop.org\/wp-content\/uploads\/2025\/03\/Equatorial-Guinea-2-768x578.jpg 768w\" sizes=\"(max-width: 928px) 100vw, 928px\" \/><\/figure>\n<\/figure>\n\n<h2 class=\"wp-block-heading\"><strong>Ghana<\/strong><\/h2>\n\n<p>El 21 de mayo de 2023, se estableci\u00f3 la Iglesia de Dios de la Profec\u00eda en Adawukwao, Ghana, con doce miembros. Para el 3 de diciembre de 2023, la comunidad de creyentes creci\u00f3 a 35 miembros y fue organizada oficialmente bajo el liderazgo del pastor Emmanuel Amonoo-Halm y Sandra Amonoo-Halm. El equipo de liderazgo de la iglesia tiene a cargo la supervisi\u00f3n de los ministerios clave, tales como el evangelismo, educaci\u00f3n cristiana, juventud y cultos. El objetivo de estos ministerios es el crecimiento y el compromiso de los creyentes.  <\/p>\n\n<p>Entre los logros importantes [en la naci\u00f3n] se incluye la adquisici\u00f3n de un terreno por el obispo Sam Addy, que proporcionar\u00e1 la base para un centro de adoraci\u00f3n y ministerio permanente. En adici\u00f3n, el 11 de agosto de 2024, el obispo Addy don\u00f3 un equipo de m\u00fasica que ayudar\u00e1 a mejorar la experiencia de adoraci\u00f3n. Estas iniciativas muestran el compromiso de la iglesia con el desarrollo espiritual y la creaci\u00f3n de un ambiente de adoraci\u00f3n agradable.  <\/p>\n\n<p>La iglesia local en Adawukwao contin\u00faa firme en su misi\u00f3n de reconciliar al mundo con Cristo. Su ministerio sigue creciendo significativamente a trav\u00e9s de su compromiso con el evangelismo, la adoraci\u00f3n y la transformaci\u00f3n de la comunidad. Ella es un testimonio de la fidelidad de Dios y de la firme dedicaci\u00f3n de sus l\u00edderes y miembros, y sirve como faro de esperanza en Adawukwao y m\u00e1s all\u00e1.  <\/p>\n\n<figure class=\"wp-block-gallery has-nested-images columns-default is-cropped wp-block-gallery-3 is-layout-flex wp-block-gallery-is-layout-flex\">\n<figure class=\"wp-block-image size-large\"><img loading=\"lazy\" decoding=\"async\" width=\"950\" height=\"635\" data-id=\"11633\" src=\"https:\/\/cogop.org\/wp-content\/uploads\/2025\/03\/Ghana-1.jpg\" alt=\"\" class=\"wp-image-11633\" srcset=\"https:\/\/cogop.org\/wp-content\/uploads\/2025\/03\/Ghana-1.jpg 950w, https:\/\/cogop.org\/wp-content\/uploads\/2025\/03\/Ghana-1-300x201.jpg 300w, https:\/\/cogop.org\/wp-content\/uploads\/2025\/03\/Ghana-1-768x513.jpg 768w\" sizes=\"(max-width: 950px) 100vw, 950px\" \/><\/figure>\n\n\n\n<figure class=\"wp-block-image size-large\"><img loading=\"lazy\" decoding=\"async\" width=\"910\" height=\"611\" data-id=\"11636\" src=\"https:\/\/cogop.org\/wp-content\/uploads\/2025\/03\/Ghana-2.jpg\" alt=\"\" class=\"wp-image-11636\" srcset=\"https:\/\/cogop.org\/wp-content\/uploads\/2025\/03\/Ghana-2.jpg 910w, https:\/\/cogop.org\/wp-content\/uploads\/2025\/03\/Ghana-2-300x201.jpg 300w, https:\/\/cogop.org\/wp-content\/uploads\/2025\/03\/Ghana-2-768x516.jpg 768w\" sizes=\"(max-width: 910px) 100vw, 910px\" \/><\/figure>\n<\/figure>\n\n<h2 class=\"wp-block-heading\"><strong>Gambia<\/strong><\/h2>\n\n<p>La misi\u00f3n de la Iglesia de Dios de la Profec\u00eda sigue expandi\u00e9ndose a trav\u00e9s del continente africano, como lo registran los avances y logros espirituales en la naci\u00f3n de Gambia. Es una maravilla ver c\u00f3mo la mano de Dios est\u00e1 obrando, dirigiendo a Su pueblo y empoderando a Su iglesia para ampliar su influencia y cumplir su misi\u00f3n. <\/p>\n\n<p>En este informe queremos destacar dos \u00e1reas importantes de avance: la ordenaci\u00f3n de ministros y el desarrollo en curso del proyecto de construcci\u00f3n de la iglesia en Gambia. Estos logros muestran la fidelidad de Dios, el compromiso del liderazgo y la dedicaci\u00f3n de la congregaci\u00f3n para crecer el reino. <\/p>\n\n<p>El obispo James Kolawole (presb\u00edtero general de \u00c1frica) y su esposa, la reverenda Ellen Kolawole, estuvieron de visita en Gambia y participaron del servicio de ordenaci\u00f3n de tres pastores \u2013Victor Akharume, Frank Lawrence O. Ogedengbe y Emmanuel Chukwuka Enis Uti\u2013 y de Joel y Merrily Rose Burke como di\u00e1cono y diaconisa. <\/p>\n\n<p>Contamos con la presencia de destacados l\u00edderes, como el obispo Chris Uti (obispo nacional de Gambia y Senegal), el obispo Paul McCalla (obispo de la IDP del Reino Unido) y otros. La [ceremonia] de ordenaci\u00f3n fue dirigida por el obispo Kolawole y fue poderosa e inspiradora, saturada de oraci\u00f3n, bendiciones y fe. El obispo McCalla predic\u00f3 un serm\u00f3n titulado \u201cLlamados a servir\u201d, afirmando que el verdadero ministerio tiene sus ra\u00edces en la humildad y el servicio a Dios y a los dem\u00e1s.  <\/p>\n\n<p>El proyecto de construcci\u00f3n de la iglesia en Gambia ha logrado avances extraordinarios, un reflejo de a\u00f1os de fe, visi\u00f3n y colaboraci\u00f3n. Bajo el liderazgo del obispo Chris Uti y el apoyo de Compa\u00f1eros en la Cosecha y los donantes, el proyecto cuenta con un santuario, un sal\u00f3n para ni\u00f1os, oficinas para el obispo nacional y los pastores, siete unidades de aseos y una casa pastoral de cinco dormitorios. Este logro es un testimonio de la provisi\u00f3n de Dios y de la dedicaci\u00f3n de aquellos que creen en la misi\u00f3n de la iglesia. El compa\u00f1erismo y la hospitalidad de la congregaci\u00f3n fue un verdadero reflejo del amor de Dios.   <\/p>\n\n<p>Por otra parte, el obispo Uti ruega sus oraciones por Senegal. La iglesia all\u00ed actualmente carece de estructuras, pero prev\u00e9 avances similares. La obra de Dios en Gambia sigue inspirando, y celebramos la fidelidad del Se\u00f1or con gratitud. <\/p>\n\n<figure class=\"wp-block-gallery has-nested-images columns-default is-cropped wp-block-gallery-4 is-layout-flex wp-block-gallery-is-layout-flex\">\n<figure class=\"wp-block-image size-large\"><img loading=\"lazy\" decoding=\"async\" width=\"791\" height=\"595\" data-id=\"11624\" src=\"https:\/\/cogop.org\/wp-content\/uploads\/2025\/03\/Gambia-1.jpg\" alt=\"\" class=\"wp-image-11624\" srcset=\"https:\/\/cogop.org\/wp-content\/uploads\/2025\/03\/Gambia-1.jpg 791w, https:\/\/cogop.org\/wp-content\/uploads\/2025\/03\/Gambia-1-300x226.jpg 300w, https:\/\/cogop.org\/wp-content\/uploads\/2025\/03\/Gambia-1-768x578.jpg 768w\" sizes=\"(max-width: 791px) 100vw, 791px\" \/><figcaption class=\"wp-element-caption\">Ministros y pastores recientemente ordenados<\/figcaption><\/figure>\n\n\n\n<figure class=\"wp-block-image size-large\"><img loading=\"lazy\" decoding=\"async\" width=\"1024\" height=\"463\" data-id=\"11627\" src=\"https:\/\/cogop.org\/wp-content\/uploads\/2025\/03\/Gambia-2-1024x463.jpg\" alt=\"\" class=\"wp-image-11627\" srcset=\"https:\/\/cogop.org\/wp-content\/uploads\/2025\/03\/Gambia-2-1024x463.jpg 1024w, https:\/\/cogop.org\/wp-content\/uploads\/2025\/03\/Gambia-2-300x136.jpg 300w, https:\/\/cogop.org\/wp-content\/uploads\/2025\/03\/Gambia-2-768x347.jpg 768w, https:\/\/cogop.org\/wp-content\/uploads\/2025\/03\/Gambia-2.jpg 1109w\" sizes=\"(max-width: 1024px) 100vw, 1024px\" \/><figcaption class=\"wp-element-caption\">Construcci\u00f3n de una iglesia en Gambia<\/figcaption><\/figure>\n<\/figure>\n\n<h2 class=\"wp-block-heading\"><strong>Liberia<\/strong><\/h2>\n\n<p><strong>Conferencia de liderazgo<\/strong><\/p>\n\n<p>Recientemente se realiz\u00f3 una conferencia de liderazgo transformadora de tres d\u00edas en Liberia bajo el lema \u201cEquipando para los retos del ma\u00f1ana\u201d. La conferencia fue dirigida por el obispo presb\u00edtero general de \u00c1frica, Enis James Kolawole, el obispo nacional de Gambia y Senegal, Chris Uti, y el anfitri\u00f3n, el obispo nacional de Liberia, Ferdinand Weah. Fue un evento poderoso de conexi\u00f3n, aprendizaje y crecimiento espiritual para los participantes. Todos fueron inspirados a seguir unidos en la misi\u00f3n de difundir el evangelio.  <\/p>\n\n<p>Las sesiones incluyeron ense\u00f1anzas y sermones poderosos que ministraron a toda la audiencia. Al principio, muchos pensaron que tres d\u00edas era demasiado tiempo, pero al final, los participantes se quedaron con deseos de m\u00e1s, pues el gozo y la presencia del Esp\u00edritu Santo era palpable. <\/p>\n\n<figure class=\"wp-block-gallery has-nested-images columns-default is-cropped wp-block-gallery-5 is-layout-flex wp-block-gallery-is-layout-flex\">\n<figure class=\"wp-block-image size-large\"><img loading=\"lazy\" decoding=\"async\" width=\"730\" height=\"550\" data-id=\"11616\" src=\"https:\/\/cogop.org\/wp-content\/uploads\/2025\/03\/Liberia-2.jpg\" alt=\"\" class=\"wp-image-11616\" srcset=\"https:\/\/cogop.org\/wp-content\/uploads\/2025\/03\/Liberia-2.jpg 730w, https:\/\/cogop.org\/wp-content\/uploads\/2025\/03\/Liberia-2-300x226.jpg 300w\" sizes=\"(max-width: 730px) 100vw, 730px\" \/><\/figure>\n\n\n\n<figure class=\"wp-block-image size-large\"><img loading=\"lazy\" decoding=\"async\" width=\"742\" height=\"559\" data-id=\"11618\" src=\"https:\/\/cogop.org\/wp-content\/uploads\/2025\/03\/Liberia-3.jpg\" alt=\"\" class=\"wp-image-11618\" srcset=\"https:\/\/cogop.org\/wp-content\/uploads\/2025\/03\/Liberia-3.jpg 742w, https:\/\/cogop.org\/wp-content\/uploads\/2025\/03\/Liberia-3-300x226.jpg 300w\" sizes=\"(max-width: 742px) 100vw, 742px\" \/><\/figure>\n\n\n\n<figure class=\"wp-block-image size-large\"><img loading=\"lazy\" decoding=\"async\" width=\"626\" height=\"282\" data-id=\"11610\" src=\"https:\/\/cogop.org\/wp-content\/uploads\/2025\/03\/Liberia-1.jpg\" alt=\"\" class=\"wp-image-11610\" srcset=\"https:\/\/cogop.org\/wp-content\/uploads\/2025\/03\/Liberia-1.jpg 626w, https:\/\/cogop.org\/wp-content\/uploads\/2025\/03\/Liberia-1-300x135.jpg 300w\" sizes=\"(max-width: 626px) 100vw, 626px\" \/><\/figure>\n<\/figure>\n\n<p><strong>Terreno de venta en Liberia<\/strong><\/p>\n\n<p>Tras el \u00e9xito de nuestra reciente conferencia de liderazgo, nos emociona compartirles una oportunidad que se nos ha presentado para ampliar nuestro ministerio. Durante nuestra visita, el obispo Ferdinand Weah y su equipo nos presentaron una propiedad disponible valorada por 15,000 d\u00f3lares (EUA), para construir un centro nacional de convenciones. Este lugar servir\u00e1 como un centro de crecimiento espiritual, capacitaci\u00f3n de l\u00edderes y compa\u00f1erismo en la naci\u00f3n para las generaciones venideras. Les pedimos su ayuda para comprar este terreno, su aportaci\u00f3n nos ayudar\u00e1 a seguir equipando l\u00edderes y predicando el evangelio en Liberia. Su generosidad ser\u00e1 una parte vital de esta visi\u00f3n.    <\/p>\n\n<figure class=\"wp-block-gallery has-nested-images columns-default is-cropped wp-block-gallery-6 is-layout-flex wp-block-gallery-is-layout-flex\">\n<figure class=\"wp-block-image size-large\"><img loading=\"lazy\" decoding=\"async\" width=\"628\" height=\"282\" data-id=\"11613\" src=\"https:\/\/cogop.org\/wp-content\/uploads\/2025\/03\/Liberia-4.jpg\" alt=\"\" class=\"wp-image-11613\" srcset=\"https:\/\/cogop.org\/wp-content\/uploads\/2025\/03\/Liberia-4.jpg 628w, https:\/\/cogop.org\/wp-content\/uploads\/2025\/03\/Liberia-4-300x135.jpg 300w\" sizes=\"(max-width: 628px) 100vw, 628px\" \/><figcaption class=\"wp-element-caption\">Estamos confiando en el Se\u00f1or para comprar esta propiedad.<\/figcaption><\/figure>\n<\/figure>\n\n<h2 class=\"wp-block-heading\"><strong>Uganda<\/strong><\/h2>\n\n<p><strong>Conferencia de j\u00f3venes en \u00c1frica<\/strong><\/p>\n\n<p>Los d\u00edas 12 al 15 de diciembre de 2024, se llev\u00f3 a cabo la conferencia inaugural de j\u00f3venes en Uganda bajo el lema \u201cCambio para reconciliar a \u00c1frica con Cristo\u201d. El evento hist\u00f3rico reuni\u00f3 a j\u00f3venes din\u00e1micos de todo el continente y m\u00e1s all\u00e1 para una experiencia de crecimiento espiritual, equipamiento y confraternidad. Dicho evento fue organizado por el director de j\u00f3venes de \u00c1frica, el obispo Peter Koyea, cuya ausencia fue inevitable, con el apoyo financiero del director internacional de j\u00f3venes, el obispo Kirk Rising. La conferencia sent\u00f3 un precedente para el ministerio de j\u00f3venes en \u00c1frica. Participaron delegados de diecis\u00e9is pa\u00edses: Rep\u00fablica Democr\u00e1tica del Congo, Kenia, Tanzania, Burundi, Ruanda, Sud\u00e1frica, Sud\u00e1n del Sur, Botsuana, Esuatini, Nigeria, Camer\u00fan, Zimbabue, Guinea, Etiop\u00eda, Estados Unidos y Uganda (como pa\u00eds anfitri\u00f3n).   <\/p>\n\n<p>La conferencia fue planificada para 500 participantes \u2014200 delegados internacionales y 300 j\u00f3venes ugandeses. Sin embargo, se superaron las expectativas con un registro de 615 participantes. Esto demuestra el entusiasmo creciente de la participaci\u00f3n de los j\u00f3venes en el ministerio en toda \u00c1frica. <\/p>\n\n<p><strong>Puntos destacados de la conferencia<\/strong><\/p>\n\n<p><strong>D\u00eda 1:<\/strong> El pastor Anathi Qokonyeka, de Sud\u00e1frica, predic\u00f3 el mensaje de apertura titulado \u201cCambio mental\u201d, basado en Proverbios 23:7. Resalt\u00f3 la importancia de alinear las convicciones personales con las promesas de Dios, animando a la juventud a cultivar un pensamiento transformador anclado en la fe. <\/p>\n\n<p><strong>D\u00eda 2:<\/strong> El obispo Gaofenngwe Edison Mooketsane, de Botsuana, predic\u00f3 un mensaje inspirador sobre el \u201cCambio evangel\u00edstico\u201d, enfatizando la importancia de renovar la pasi\u00f3n por ganar almas y alcanzar a otros m\u00e1s all\u00e1 de los entornos conocidos. Por otra parte, el obispo Kirk Rising habl\u00f3 de la importancia de entregarnos a Dios y del rol esencial del Esp\u00edritu Santo en el crecimiento y la transformaci\u00f3n espirituales. <\/p>\n\n<p><strong>D\u00eda 3:<\/strong> El obispo anfitri\u00f3n, James Ntezimana, dirigi\u00f3 una sesi\u00f3n por la ma\u00f1ana sobre el liderazgo y el crecimiento. Por la tarde, tuve el honor de predicar un mensaje sobre la \u201cindependencia financiera para \u00c1frica\u201d. Esta sesi\u00f3n present\u00f3 un desaf\u00edo a la audiencia a reducir la dependencia de la ayuda externa y buscar maneras para crear un fondo financiero africano para apoyar las actividades y misiones de la iglesia. El d\u00eda concluy\u00f3 con una poderosa noche de impartici\u00f3n que renov\u00f3 a todos los participantes.   <\/p>\n\n<p><strong>D\u00eda 4:<\/strong> El obispo Kirk Rising predic\u00f3 el mensaje de clausura titulado \u201cCaminando cerca de Dios\u201d. La palabra motiv\u00f3 a los delegados a cultivar una relaci\u00f3n m\u00e1s profunda con Dios. La conferencia dio por terminada con el nombramiento de los l\u00edderes de j\u00f3venes regionales, unas palabras de clausura del obispo anfitri\u00f3n y el lanzamiento oficial del \u201cFondo para la juventud de \u00c1frica\u201d. [Maravillosamente] los delegados aportaron su ayuda a este fondo, marcando un hito significativo para el ministerio de j\u00f3venes en \u00c1frica.  <\/p>\n\n<p><strong>Resultados <\/strong><\/p>\n\n<p>La conferencia logr\u00f3 resultados notables, entre ellos:<\/p>\n\n<ol class=\"wp-block-list\">\n<li>Fortaleci\u00f3 la unidad y la colaboraci\u00f3n entre l\u00edderes de j\u00f3venes de diecis\u00e9is naciones.<\/li>\n\n\n\n<li>Capacit\u00f3 a los j\u00f3venes con herramientas pr\u00e1cticas y conocimientos espirituales para el avance del reino.<\/li>\n\n\n\n<li>Estableci\u00f3 el \u201cFondo para la juventud de \u00c1frica\u201d para apoyar futuras iniciativas.<\/li>\n\n\n\n<li>Se nombraron l\u00edderes de j\u00f3venes regionales para mejorar el alcance y la eficacia organizacional.<\/li>\n<\/ol>\n\n<p>La conferencia inaugural de j\u00f3venes africana fue un \u00e9xito rotundo y produjo cambios espirituales, mentales, evangel\u00edsticos y financieros entre los asistentes. La delegaci\u00f3n regres\u00f3 [a sus lugares] inspirados, capacitados y listos para impulsar el cambio a trav\u00e9s del continente. Agradecemos a todos nuestros donantes; su apoyo hizo posible que el programa fuera un \u00e9xito.  <\/p>\n\n<figure class=\"wp-block-gallery has-nested-images columns-default is-cropped wp-block-gallery-7 is-layout-flex wp-block-gallery-is-layout-flex\">\n<figure class=\"wp-block-image size-large\"><img loading=\"lazy\" decoding=\"async\" width=\"760\" height=\"507\" data-id=\"11595\" src=\"https:\/\/cogop.org\/wp-content\/uploads\/2025\/03\/Uganda-1.jpg\" alt=\"\" class=\"wp-image-11595\" srcset=\"https:\/\/cogop.org\/wp-content\/uploads\/2025\/03\/Uganda-1.jpg 760w, https:\/\/cogop.org\/wp-content\/uploads\/2025\/03\/Uganda-1-300x200.jpg 300w\" sizes=\"(max-width: 760px) 100vw, 760px\" \/><\/figure>\n\n\n\n<figure class=\"wp-block-image size-large\"><img loading=\"lazy\" decoding=\"async\" width=\"757\" height=\"504\" data-id=\"11596\" src=\"https:\/\/cogop.org\/wp-content\/uploads\/2025\/03\/Uganda-2.jpg\" alt=\"\" class=\"wp-image-11596\" srcset=\"https:\/\/cogop.org\/wp-content\/uploads\/2025\/03\/Uganda-2.jpg 757w, https:\/\/cogop.org\/wp-content\/uploads\/2025\/03\/Uganda-2-300x200.jpg 300w\" sizes=\"(max-width: 757px) 100vw, 757px\" \/><\/figure>\n\n\n\n<figure class=\"wp-block-image size-large\"><img loading=\"lazy\" decoding=\"async\" width=\"760\" height=\"507\" data-id=\"11601\" src=\"https:\/\/cogop.org\/wp-content\/uploads\/2025\/03\/Uganda-3.jpg\" alt=\"\" class=\"wp-image-11601\" srcset=\"https:\/\/cogop.org\/wp-content\/uploads\/2025\/03\/Uganda-3.jpg 760w, https:\/\/cogop.org\/wp-content\/uploads\/2025\/03\/Uganda-3-300x200.jpg 300w\" sizes=\"(max-width: 760px) 100vw, 760px\" \/><\/figure>\n\n\n\n<figure class=\"wp-block-image size-large\"><img loading=\"lazy\" decoding=\"async\" width=\"492\" height=\"328\" data-id=\"11602\" src=\"https:\/\/cogop.org\/wp-content\/uploads\/2025\/03\/Uganda-4.jpg\" alt=\"\" class=\"wp-image-11602\" srcset=\"https:\/\/cogop.org\/wp-content\/uploads\/2025\/03\/Uganda-4.jpg 492w, https:\/\/cogop.org\/wp-content\/uploads\/2025\/03\/Uganda-4-300x200.jpg 300w\" sizes=\"(max-width: 492px) 100vw, 492px\" \/><\/figure>\n<\/figure>\n","protected":false},"excerpt":{"rendered":"<p>El obispo James Kolawole informa sobre el crecimiento de la IDP en \u00c1frica \u2014plantaci\u00f3n de iglesias, liderazgo, adquisici\u00f3n de terrenos e impacto ministerial en siete naciones.<\/p>\n","protected":false},"author":4,"featured_media":11635,"comment_status":"open","ping_status":"open","sticky":false,"template":"","format":"standard","meta":{"_acf_changed":false,"_monsterinsights_skip_tracking":false,"_monsterinsights_sitenote_active":false,"_monsterinsights_sitenote_note":"","_monsterinsights_sitenote_category":0,"_uf_show_specific_survey":0,"_uf_disable_surveys":false,"footnotes":""},"categories":[149],"tags":[151],"class_list":["post-12764","post","type-post","status-publish","format-standard","has-post-thumbnail","hentry","category-africa-es","tag-africa-es"],"acf":[],"yoast_head":"<!-- This site is optimized with the Yoast SEO plugin v27.4 - https:\/\/yoast.com\/product\/yoast-seo-wordpress\/ -->\n<title>Expandiendo el reino de Dios: El ministerio de la Iglesia de Dios de la Profec\u00eda en \u00c1frica | COGOP<\/title>\n<meta name=\"robots\" content=\"index, follow, max-snippet:-1, max-image-preview:large, max-video-preview:-1\" \/>\n<link rel=\"canonical\" href=\"https:\/\/cogop.org\/es\/expandiendo-el-reino-de-dios-el-ministerio-de-la-iglesia-de-dios-de-la-profecia-en-africa\/\" \/>\n<meta property=\"og:locale\" content=\"es_ES\" \/>\n<meta property=\"og:type\" content=\"article\" \/>\n<meta property=\"og:title\" content=\"Expandiendo el reino de Dios: El ministerio de la Iglesia de Dios de la Profec\u00eda en \u00c1frica | COGOP\" \/>\n<meta property=\"og:description\" content=\"El obispo James Kolawole informa sobre el crecimiento de la IDP en \u00c1frica \u2014plantaci\u00f3n de iglesias, liderazgo, adquisici\u00f3n de terrenos e impacto ministerial en siete naciones.\" \/>\n<meta property=\"og:url\" content=\"https:\/\/cogop.org\/es\/expandiendo-el-reino-de-dios-el-ministerio-de-la-iglesia-de-dios-de-la-profecia-en-africa\/\" \/>\n<meta property=\"og:site_name\" content=\"COGOP\" \/>\n<meta property=\"article:publisher\" content=\"https:\/\/www.facebook.com\/cogop\" \/>\n<meta property=\"article:published_time\" content=\"2025-03-11T18:39:57+00:00\" \/>\n<meta property=\"article:modified_time\" content=\"2025-07-01T16:58:48+00:00\" \/>\n<meta property=\"og:image\" content=\"https:\/\/cogop.org\/wp-content\/uploads\/2025\/03\/Ghana-1.jpg\" \/>\n\t<meta property=\"og:image:width\" content=\"950\" \/>\n\t<meta property=\"og:image:height\" content=\"635\" \/>\n\t<meta property=\"og:image:type\" content=\"image\/jpeg\" \/>\n<meta name=\"author\" content=\"Shaun McKinley\" \/>\n<meta name=\"twitter:card\" content=\"summary_large_image\" \/>\n<meta name=\"twitter:creator\" content=\"@cogop\" \/>\n<meta name=\"twitter:site\" content=\"@cogop\" \/>\n<meta name=\"twitter:label1\" content=\"Escrito por\" \/>\n\t<meta name=\"twitter:data1\" content=\"Shaun McKinley\" \/>\n\t<meta name=\"twitter:label2\" content=\"Tiempo de lectura\" \/>\n\t<meta name=\"twitter:data2\" content=\"13 minutos\" \/>\n<script type=\"application\/ld+json\" class=\"yoast-schema-graph\">{\"@context\":\"https:\\\/\\\/schema.org\",\"@graph\":[{\"@type\":\"Article\",\"@id\":\"https:\\\/\\\/cogop.org\\\/es\\\/expandiendo-el-reino-de-dios-el-ministerio-de-la-iglesia-de-dios-de-la-profecia-en-africa\\\/#article\",\"isPartOf\":{\"@id\":\"https:\\\/\\\/cogop.org\\\/es\\\/expandiendo-el-reino-de-dios-el-ministerio-de-la-iglesia-de-dios-de-la-profecia-en-africa\\\/\"},\"author\":{\"name\":\"Shaun McKinley\",\"@id\":\"https:\\\/\\\/cogop.org\\\/#\\\/schema\\\/person\\\/4906c522c140e1fd84e28e3c17b3588d\"},\"headline\":\"Expandiendo el reino de Dios: El ministerio de la Iglesia de Dios de la Profec\u00eda en \u00c1frica\",\"datePublished\":\"2025-03-11T18:39:57+00:00\",\"dateModified\":\"2025-07-01T16:58:48+00:00\",\"mainEntityOfPage\":{\"@id\":\"https:\\\/\\\/cogop.org\\\/es\\\/expandiendo-el-reino-de-dios-el-ministerio-de-la-iglesia-de-dios-de-la-profecia-en-africa\\\/\"},\"wordCount\":2647,\"commentCount\":0,\"publisher\":{\"@id\":\"https:\\\/\\\/cogop.org\\\/#organization\"},\"image\":{\"@id\":\"https:\\\/\\\/cogop.org\\\/es\\\/expandiendo-el-reino-de-dios-el-ministerio-de-la-iglesia-de-dios-de-la-profecia-en-africa\\\/#primaryimage\"},\"thumbnailUrl\":\"https:\\\/\\\/cogop.org\\\/wp-content\\\/uploads\\\/2025\\\/03\\\/Ghana-1.jpg\",\"keywords\":[\"\u00c1frica\"],\"articleSection\":[\"\u00c1frica\"],\"inLanguage\":\"es\",\"potentialAction\":[{\"@type\":\"CommentAction\",\"name\":\"Comment\",\"target\":[\"https:\\\/\\\/cogop.org\\\/es\\\/expandiendo-el-reino-de-dios-el-ministerio-de-la-iglesia-de-dios-de-la-profecia-en-africa\\\/#respond\"]}]},{\"@type\":\"WebPage\",\"@id\":\"https:\\\/\\\/cogop.org\\\/es\\\/expandiendo-el-reino-de-dios-el-ministerio-de-la-iglesia-de-dios-de-la-profecia-en-africa\\\/\",\"url\":\"https:\\\/\\\/cogop.org\\\/es\\\/expandiendo-el-reino-de-dios-el-ministerio-de-la-iglesia-de-dios-de-la-profecia-en-africa\\\/\",\"name\":\"Expandiendo el reino de Dios: El ministerio de la Iglesia de Dios de la Profec\u00eda en \u00c1frica | COGOP\",\"isPartOf\":{\"@id\":\"https:\\\/\\\/cogop.org\\\/#website\"},\"primaryImageOfPage\":{\"@id\":\"https:\\\/\\\/cogop.org\\\/es\\\/expandiendo-el-reino-de-dios-el-ministerio-de-la-iglesia-de-dios-de-la-profecia-en-africa\\\/#primaryimage\"},\"image\":{\"@id\":\"https:\\\/\\\/cogop.org\\\/es\\\/expandiendo-el-reino-de-dios-el-ministerio-de-la-iglesia-de-dios-de-la-profecia-en-africa\\\/#primaryimage\"},\"thumbnailUrl\":\"https:\\\/\\\/cogop.org\\\/wp-content\\\/uploads\\\/2025\\\/03\\\/Ghana-1.jpg\",\"datePublished\":\"2025-03-11T18:39:57+00:00\",\"dateModified\":\"2025-07-01T16:58:48+00:00\",\"inLanguage\":\"es\",\"potentialAction\":[{\"@type\":\"ReadAction\",\"target\":[\"https:\\\/\\\/cogop.org\\\/es\\\/expandiendo-el-reino-de-dios-el-ministerio-de-la-iglesia-de-dios-de-la-profecia-en-africa\\\/\"]}]},{\"@type\":\"ImageObject\",\"inLanguage\":\"es\",\"@id\":\"https:\\\/\\\/cogop.org\\\/es\\\/expandiendo-el-reino-de-dios-el-ministerio-de-la-iglesia-de-dios-de-la-profecia-en-africa\\\/#primaryimage\",\"url\":\"https:\\\/\\\/cogop.org\\\/wp-content\\\/uploads\\\/2025\\\/03\\\/Ghana-1.jpg\",\"contentUrl\":\"https:\\\/\\\/cogop.org\\\/wp-content\\\/uploads\\\/2025\\\/03\\\/Ghana-1.jpg\",\"width\":950,\"height\":635},{\"@type\":\"BreadcrumbList\",\"@id\":\"https:\\\/\\\/cogop.org\\\/es\\\/expandiendo-el-reino-de-dios-el-ministerio-de-la-iglesia-de-dios-de-la-profecia-en-africa\\\/#breadcrumb\",\"itemListElement\":[{\"@type\":\"ListItem\",\"position\":1,\"name\":\"Home\",\"item\":\"https:\\\/\\\/cogop.org\\\/\"},{\"@type\":\"ListItem\",\"position\":2,\"name\":\"Expandiendo el reino de Dios: El ministerio de la Iglesia de Dios de la Profec\u00eda en \u00c1frica\"}]},{\"@type\":\"WebSite\",\"@id\":\"https:\\\/\\\/cogop.org\\\/#website\",\"url\":\"https:\\\/\\\/cogop.org\\\/\",\"name\":\"Church of God of Prophecy\",\"description\":\"Reconciling the World to Christ\",\"publisher\":{\"@id\":\"https:\\\/\\\/cogop.org\\\/#organization\"},\"alternateName\":\"COGOP\",\"potentialAction\":[{\"@type\":\"SearchAction\",\"target\":{\"@type\":\"EntryPoint\",\"urlTemplate\":\"https:\\\/\\\/cogop.org\\\/?s={search_term_string}\"},\"query-input\":{\"@type\":\"PropertyValueSpecification\",\"valueRequired\":true,\"valueName\":\"search_term_string\"}}],\"inLanguage\":\"es\"},{\"@type\":\"Organization\",\"@id\":\"https:\\\/\\\/cogop.org\\\/#organization\",\"name\":\"Church of God of Prophecy\",\"alternateName\":\"COGOP\",\"url\":\"https:\\\/\\\/cogop.org\\\/\",\"logo\":{\"@type\":\"ImageObject\",\"inLanguage\":\"es\",\"@id\":\"https:\\\/\\\/cogop.org\\\/#\\\/schema\\\/logo\\\/image\\\/\",\"url\":\"https:\\\/\\\/cogop.org\\\/wp-content\\\/uploads\\\/2025\\\/01\\\/logo-cogop.webp\",\"contentUrl\":\"https:\\\/\\\/cogop.org\\\/wp-content\\\/uploads\\\/2025\\\/01\\\/logo-cogop.webp\",\"width\":500,\"height\":118,\"caption\":\"Church of God of Prophecy\"},\"image\":{\"@id\":\"https:\\\/\\\/cogop.org\\\/#\\\/schema\\\/logo\\\/image\\\/\"},\"sameAs\":[\"https:\\\/\\\/www.facebook.com\\\/cogop\",\"https:\\\/\\\/x.com\\\/cogop\",\"https:\\\/\\\/www.instagram.com\\\/cogoppics\\\/\",\"https:\\\/\\\/www.youtube.com\\\/@COGOPMedia\",\"https:\\\/\\\/open.spotify.com\\\/user\\\/g1d13yyaprw0wrr2woer8edyp?si=a32b364b555f4d4d\"]},{\"@type\":\"Person\",\"@id\":\"https:\\\/\\\/cogop.org\\\/#\\\/schema\\\/person\\\/4906c522c140e1fd84e28e3c17b3588d\",\"name\":\"Shaun McKinley\",\"image\":{\"@type\":\"ImageObject\",\"inLanguage\":\"es\",\"@id\":\"https:\\\/\\\/secure.gravatar.com\\\/avatar\\\/21e42617539b19957212750bc94d5e389cd3e64619510914f40b27e32d375e99?s=96&d=mm&r=g\",\"url\":\"https:\\\/\\\/secure.gravatar.com\\\/avatar\\\/21e42617539b19957212750bc94d5e389cd3e64619510914f40b27e32d375e99?s=96&d=mm&r=g\",\"contentUrl\":\"https:\\\/\\\/secure.gravatar.com\\\/avatar\\\/21e42617539b19957212750bc94d5e389cd3e64619510914f40b27e32d375e99?s=96&d=mm&r=g\",\"caption\":\"Shaun McKinley\"}}]}<\/script>\n<!-- \/ Yoast SEO plugin. -->","yoast_head_json":{"title":"Expandiendo el reino de Dios: El ministerio de la Iglesia de Dios de la Profec\u00eda en \u00c1frica | COGOP","robots":{"index":"index","follow":"follow","max-snippet":"max-snippet:-1","max-image-preview":"max-image-preview:large","max-video-preview":"max-video-preview:-1"},"canonical":"https:\/\/cogop.org\/es\/expandiendo-el-reino-de-dios-el-ministerio-de-la-iglesia-de-dios-de-la-profecia-en-africa\/","og_locale":"es_ES","og_type":"article","og_title":"Expandiendo el reino de Dios: El ministerio de la Iglesia de Dios de la Profec\u00eda en \u00c1frica | COGOP","og_description":"El obispo James Kolawole informa sobre el crecimiento de la IDP en \u00c1frica \u2014plantaci\u00f3n de iglesias, liderazgo, adquisici\u00f3n de terrenos e impacto ministerial en siete naciones.","og_url":"https:\/\/cogop.org\/es\/expandiendo-el-reino-de-dios-el-ministerio-de-la-iglesia-de-dios-de-la-profecia-en-africa\/","og_site_name":"COGOP","article_publisher":"https:\/\/www.facebook.com\/cogop","article_published_time":"2025-03-11T18:39:57+00:00","article_modified_time":"2025-07-01T16:58:48+00:00","og_image":[{"width":950,"height":635,"url":"https:\/\/cogop.org\/wp-content\/uploads\/2025\/03\/Ghana-1.jpg","type":"image\/jpeg"}],"author":"Shaun McKinley","twitter_card":"summary_large_image","twitter_creator":"@cogop","twitter_site":"@cogop","twitter_misc":{"Escrito por":"Shaun McKinley","Tiempo de lectura":"13 minutos"},"schema":{"@context":"https:\/\/schema.org","@graph":[{"@type":"Article","@id":"https:\/\/cogop.org\/es\/expandiendo-el-reino-de-dios-el-ministerio-de-la-iglesia-de-dios-de-la-profecia-en-africa\/#article","isPartOf":{"@id":"https:\/\/cogop.org\/es\/expandiendo-el-reino-de-dios-el-ministerio-de-la-iglesia-de-dios-de-la-profecia-en-africa\/"},"author":{"name":"Shaun McKinley","@id":"https:\/\/cogop.org\/#\/schema\/person\/4906c522c140e1fd84e28e3c17b3588d"},"headline":"Expandiendo el reino de Dios: El ministerio de la Iglesia de Dios de la Profec\u00eda en \u00c1frica","datePublished":"2025-03-11T18:39:57+00:00","dateModified":"2025-07-01T16:58:48+00:00","mainEntityOfPage":{"@id":"https:\/\/cogop.org\/es\/expandiendo-el-reino-de-dios-el-ministerio-de-la-iglesia-de-dios-de-la-profecia-en-africa\/"},"wordCount":2647,"commentCount":0,"publisher":{"@id":"https:\/\/cogop.org\/#organization"},"image":{"@id":"https:\/\/cogop.org\/es\/expandiendo-el-reino-de-dios-el-ministerio-de-la-iglesia-de-dios-de-la-profecia-en-africa\/#primaryimage"},"thumbnailUrl":"https:\/\/cogop.org\/wp-content\/uploads\/2025\/03\/Ghana-1.jpg","keywords":["\u00c1frica"],"articleSection":["\u00c1frica"],"inLanguage":"es","potentialAction":[{"@type":"CommentAction","name":"Comment","target":["https:\/\/cogop.org\/es\/expandiendo-el-reino-de-dios-el-ministerio-de-la-iglesia-de-dios-de-la-profecia-en-africa\/#respond"]}]},{"@type":"WebPage","@id":"https:\/\/cogop.org\/es\/expandiendo-el-reino-de-dios-el-ministerio-de-la-iglesia-de-dios-de-la-profecia-en-africa\/","url":"https:\/\/cogop.org\/es\/expandiendo-el-reino-de-dios-el-ministerio-de-la-iglesia-de-dios-de-la-profecia-en-africa\/","name":"Expandiendo el reino de Dios: El ministerio de la Iglesia de Dios de la Profec\u00eda en \u00c1frica | COGOP","isPartOf":{"@id":"https:\/\/cogop.org\/#website"},"primaryImageOfPage":{"@id":"https:\/\/cogop.org\/es\/expandiendo-el-reino-de-dios-el-ministerio-de-la-iglesia-de-dios-de-la-profecia-en-africa\/#primaryimage"},"image":{"@id":"https:\/\/cogop.org\/es\/expandiendo-el-reino-de-dios-el-ministerio-de-la-iglesia-de-dios-de-la-profecia-en-africa\/#primaryimage"},"thumbnailUrl":"https:\/\/cogop.org\/wp-content\/uploads\/2025\/03\/Ghana-1.jpg","datePublished":"2025-03-11T18:39:57+00:00","dateModified":"2025-07-01T16:58:48+00:00","inLanguage":"es","potentialAction":[{"@type":"ReadAction","target":["https:\/\/cogop.org\/es\/expandiendo-el-reino-de-dios-el-ministerio-de-la-iglesia-de-dios-de-la-profecia-en-africa\/"]}]},{"@type":"ImageObject","inLanguage":"es","@id":"https:\/\/cogop.org\/es\/expandiendo-el-reino-de-dios-el-ministerio-de-la-iglesia-de-dios-de-la-profecia-en-africa\/#primaryimage","url":"https:\/\/cogop.org\/wp-content\/uploads\/2025\/03\/Ghana-1.jpg","contentUrl":"https:\/\/cogop.org\/wp-content\/uploads\/2025\/03\/Ghana-1.jpg","width":950,"height":635},{"@type":"BreadcrumbList","@id":"https:\/\/cogop.org\/es\/expandiendo-el-reino-de-dios-el-ministerio-de-la-iglesia-de-dios-de-la-profecia-en-africa\/#breadcrumb","itemListElement":[{"@type":"ListItem","position":1,"name":"Home","item":"https:\/\/cogop.org\/"},{"@type":"ListItem","position":2,"name":"Expandiendo el reino de Dios: El ministerio de la Iglesia de Dios de la Profec\u00eda en \u00c1frica"}]},{"@type":"WebSite","@id":"https:\/\/cogop.org\/#website","url":"https:\/\/cogop.org\/","name":"Church of God of Prophecy","description":"Reconciling the World to Christ","publisher":{"@id":"https:\/\/cogop.org\/#organization"},"alternateName":"COGOP","potentialAction":[{"@type":"SearchAction","target":{"@type":"EntryPoint","urlTemplate":"https:\/\/cogop.org\/?s={search_term_string}"},"query-input":{"@type":"PropertyValueSpecification","valueRequired":true,"valueName":"search_term_string"}}],"inLanguage":"es"},{"@type":"Organization","@id":"https:\/\/cogop.org\/#organization","name":"Church of God of Prophecy","alternateName":"COGOP","url":"https:\/\/cogop.org\/","logo":{"@type":"ImageObject","inLanguage":"es","@id":"https:\/\/cogop.org\/#\/schema\/logo\/image\/","url":"https:\/\/cogop.org\/wp-content\/uploads\/2025\/01\/logo-cogop.webp","contentUrl":"https:\/\/cogop.org\/wp-content\/uploads\/2025\/01\/logo-cogop.webp","width":500,"height":118,"caption":"Church of God of Prophecy"},"image":{"@id":"https:\/\/cogop.org\/#\/schema\/logo\/image\/"},"sameAs":["https:\/\/www.facebook.com\/cogop","https:\/\/x.com\/cogop","https:\/\/www.instagram.com\/cogoppics\/","https:\/\/www.youtube.com\/@COGOPMedia","https:\/\/open.spotify.com\/user\/g1d13yyaprw0wrr2woer8edyp?si=a32b364b555f4d4d"]},{"@type":"Person","@id":"https:\/\/cogop.org\/#\/schema\/person\/4906c522c140e1fd84e28e3c17b3588d","name":"Shaun McKinley","image":{"@type":"ImageObject","inLanguage":"es","@id":"https:\/\/secure.gravatar.com\/avatar\/21e42617539b19957212750bc94d5e389cd3e64619510914f40b27e32d375e99?s=96&d=mm&r=g","url":"https:\/\/secure.gravatar.com\/avatar\/21e42617539b19957212750bc94d5e389cd3e64619510914f40b27e32d375e99?s=96&d=mm&r=g","contentUrl":"https:\/\/secure.gravatar.com\/avatar\/21e42617539b19957212750bc94d5e389cd3e64619510914f40b27e32d375e99?s=96&d=mm&r=g","caption":"Shaun McKinley"}}]}},"_links":{"self":[{"href":"https:\/\/cogop.org\/es\/wp-json\/wp\/v2\/posts\/12764","targetHints":{"allow":["GET"]}}],"collection":[{"href":"https:\/\/cogop.org\/es\/wp-json\/wp\/v2\/posts"}],"about":[{"href":"https:\/\/cogop.org\/es\/wp-json\/wp\/v2\/types\/post"}],"author":[{"embeddable":true,"href":"https:\/\/cogop.org\/es\/wp-json\/wp\/v2\/users\/4"}],"replies":[{"embeddable":true,"href":"https:\/\/cogop.org\/es\/wp-json\/wp\/v2\/comments?post=12764"}],"version-history":[{"count":2,"href":"https:\/\/cogop.org\/es\/wp-json\/wp\/v2\/posts\/12764\/revisions"}],"predecessor-version":[{"id":17656,"href":"https:\/\/cogop.org\/es\/wp-json\/wp\/v2\/posts\/12764\/revisions\/17656"}],"wp:featuredmedia":[{"embeddable":true,"href":"https:\/\/cogop.org\/es\/wp-json\/wp\/v2\/media\/11635"}],"wp:attachment":[{"href":"https:\/\/cogop.org\/es\/wp-json\/wp\/v2\/media?parent=12764"}],"wp:term":[{"taxonomy":"category","embeddable":true,"href":"https:\/\/cogop.org\/es\/wp-json\/wp\/v2\/categories?post=12764"},{"taxonomy":"post_tag","embeddable":true,"href":"https:\/\/cogop.org\/es\/wp-json\/wp\/v2\/tags?post=12764"}],"curies":[{"name":"wp","href":"https:\/\/api.w.org\/{rel}","templated":true}]}}