{"id":12601,"date":"2025-03-11T19:25:11","date_gmt":"2025-03-11T19:25:11","guid":{"rendered":"https:\/\/cogop.org\/el-impacto-misionero-de-sudamerica-crecimiento-discipulado-y-plantacion-de-iglesias\/"},"modified":"2025-07-01T16:58:45","modified_gmt":"2025-07-01T16:58:45","slug":"el-impacto-misionero-de-sudamerica-crecimiento-discipulado-y-plantacion-de-iglesias","status":"publish","type":"post","link":"https:\/\/cogop.org\/es\/el-impacto-misionero-de-sudamerica-crecimiento-discipulado-y-plantacion-de-iglesias\/","title":{"rendered":"El impacto misionero de Sudam\u00e9rica: Crecimiento, discipulado y plantaci\u00f3n de iglesias"},"content":{"rendered":"\n<h2 class=\"wp-block-heading\"><strong>Noticias de la Iglesia en Brasil<\/strong><\/h2>\n\n<p><strong>Bah\u00eda<\/strong><\/p>\n\n<p>Del 15 al 18 de noviembre de 2024, se llev\u00f3 a cabo en la ciudad de C\u00e2ndido Sales la convenci\u00f3n regional de la Iglesia de Dios de la Profec\u00eda en el estado de Bah\u00eda, con una asistencia promedio de doscientas personas por d\u00eda. El tema de la convenci\u00f3n fue \u201cLlamados\u201d, y entre los invitados especiales asistieron el director continental del departamento de Plantaci\u00f3n de Iglesias de la Iglesia de Dios de la Profec\u00eda en Sudam\u00e9rica, Francisco L\u00f3pez Paz, y el representante de la Red de Multiplicaci\u00f3n, Luis Eduardo Pinz\u00f3n. La convenci\u00f3n fue bendecida con poderosos mensajes y ense\u00f1anzas. El s\u00e1bado, 17 de noviembre, se organiz\u00f3 una marcha evangel\u00edstica por la ciudad e impactando el coraz\u00f3n de varias personas de la comunidad. Tras terminada la convenci\u00f3n, m\u00e1s de quince hermanos se reunieron con el director continental de plantaci\u00f3n de iglesias para recibir instrucciones estrat\u00e9gicas para iniciar un nuevo punto de predicaci\u00f3n en la regi\u00f3n.     <\/p>\n\n<p><strong>Cear\u00e1  <\/strong><\/p>\n\n<p>La primera IDP en el estado de Cear\u00e1 fue plantada a finales de 2017. Desde entonces, la iglesia ha continuado avanzando y ha experimentado un enorme crecimiento con cuatro iglesias organizadas y siete misiones, algunas de las cuales est\u00e1n casi listas para ser organizadas.  <\/p>\n\n<p>Del 29 de noviembre al 1 de diciembre de 2024, se celebr\u00f3 en la ciudad de Varjota (Cear\u00e1) la primera convenci\u00f3n regional de la Iglesia de Dios de la Profec\u00eda en el estado, con una asistencia de aproximadamente doscientas treinta personas. La convenci\u00f3n tuvo como tema \u201cEn la misi\u00f3n\u201d, basado en Mateo 28 y entre sus invitados especiales, estuvieron el obispo nacional de Brasil Hernandes Fernandes Filho, Francisco L\u00f3pez Paz (director continental del departamento de Plantaci\u00f3n de Iglesias de la IDP en Sudam\u00e9rica), y Luis Eduardo Pinz\u00f3n y Gizele de Oliveira (ambos de la Red Multiplicaci\u00f3n). El evento fue de gran bendici\u00f3n para muchas vidas e impresion\u00f3 al estado de Cear\u00e1.  <\/p>\n\n<p><strong>Proyecto IDP Sert\u00e3o<\/strong><\/p>\n\n<p>El interior de Cear\u00e1 es una de las regiones m\u00e1s dif\u00edciles y ricas culturalmente de Brasil. Se encuentra situada en el nordeste semi\u00e1rido, y enfrenta condiciones clim\u00e1ticas adversas, especialmente largos per\u00edodos de sequ\u00eda que afectan directamente a la econom\u00eda, la agricultura y la calidad de vida de la poblaci\u00f3n. Es un estado con una cultura religiosa cat\u00f3lica muy arraigada, y en muchas de sus comunidades peque\u00f1as no hay una iglesia evang\u00e9lica. Recientemente, la IDP ministr\u00f3 a una comunidad de casi 3,000 personas y estableci\u00f3 la primera iglesia evang\u00e9lica en la zona. La propuesta del Proyecto IDP Sert\u00e3o es ofrecer, adem\u00e1s de la palabra de reconciliaci\u00f3n, canastas de alimentos, un proyecto de actividades deportivas y capacitaci\u00f3n para los obreros de la regi\u00f3n. Durante la convenci\u00f3n, recibimos la donaci\u00f3n de una motocicleta para ayudar en la evangelizaci\u00f3n de esta comunidad. \u00a1Ay\u00fadenos a orar por el Proyecto IDP Sert\u00e3o-Cear\u00e1!      <\/p>\n\n<p><strong>Minas Gerais<\/strong><\/p>\n\n<p>La convenci\u00f3n regional de la Iglesia de Dios de la Profec\u00eda en Minas Gerais se llev\u00f3 a cabo los d\u00edas 17 al 19 de enero en Pousada do Rei, ubicada en el municipio de Sarzedo (Minas Gerais) y cont\u00f3 con la asistencia de aproximadamente doscientas personas. La convenci\u00f3n tuvo como tema \u201cLlamados a la santidad\u201d, enfatizando la importancia de vivir santamente para reconciliar a la creaci\u00f3n y a la humanidad con Jesucristo. [El pueblo fue bendecido] con poderosos mensajes y ense\u00f1anzas basadas en el tema central.   <\/p>\n\n<figure class=\"wp-block-gallery has-nested-images columns-default is-cropped wp-block-gallery-1 is-layout-flex wp-block-gallery-is-layout-flex\">\n<figure class=\"wp-block-image size-large\"><img fetchpriority=\"high\" decoding=\"async\" width=\"1024\" height=\"768\" data-id=\"12027\" src=\"https:\/\/cogop.org\/wp-content\/uploads\/2025\/03\/Brazil-Bahia-3-1024x768.jpeg\" alt=\"\" class=\"wp-image-12027\" srcset=\"https:\/\/cogop.org\/wp-content\/uploads\/2025\/03\/Brazil-Bahia-3-1024x768.jpeg 1024w, https:\/\/cogop.org\/wp-content\/uploads\/2025\/03\/Brazil-Bahia-3-300x225.jpeg 300w, https:\/\/cogop.org\/wp-content\/uploads\/2025\/03\/Brazil-Bahia-3-768x576.jpeg 768w, https:\/\/cogop.org\/wp-content\/uploads\/2025\/03\/Brazil-Bahia-3.jpeg 1280w\" sizes=\"(max-width: 1024px) 100vw, 1024px\" \/><\/figure>\n\n\n\n<figure class=\"wp-block-image size-large\"><img decoding=\"async\" width=\"1024\" height=\"768\" data-id=\"12034\" src=\"https:\/\/cogop.org\/wp-content\/uploads\/2025\/03\/Brazil-Bahia-4-1024x768.jpeg\" alt=\"\" class=\"wp-image-12034\" srcset=\"https:\/\/cogop.org\/wp-content\/uploads\/2025\/03\/Brazil-Bahia-4-1024x768.jpeg 1024w, https:\/\/cogop.org\/wp-content\/uploads\/2025\/03\/Brazil-Bahia-4-300x225.jpeg 300w, https:\/\/cogop.org\/wp-content\/uploads\/2025\/03\/Brazil-Bahia-4-768x576.jpeg 768w, https:\/\/cogop.org\/wp-content\/uploads\/2025\/03\/Brazil-Bahia-4.jpeg 1280w\" sizes=\"(max-width: 1024px) 100vw, 1024px\" \/><\/figure>\n\n\n\n<figure class=\"wp-block-image size-large\"><img decoding=\"async\" width=\"1024\" height=\"768\" data-id=\"12023\" src=\"https:\/\/cogop.org\/wp-content\/uploads\/2025\/03\/Brazil-Bahia-5-1024x768.jpeg\" alt=\"\" class=\"wp-image-12023\" srcset=\"https:\/\/cogop.org\/wp-content\/uploads\/2025\/03\/Brazil-Bahia-5-1024x768.jpeg 1024w, https:\/\/cogop.org\/wp-content\/uploads\/2025\/03\/Brazil-Bahia-5-300x225.jpeg 300w, https:\/\/cogop.org\/wp-content\/uploads\/2025\/03\/Brazil-Bahia-5-768x576.jpeg 768w, https:\/\/cogop.org\/wp-content\/uploads\/2025\/03\/Brazil-Bahia-5.jpeg 1280w\" sizes=\"(max-width: 1024px) 100vw, 1024px\" \/><\/figure>\n\n\n\n<figure class=\"wp-block-image size-large\"><img loading=\"lazy\" decoding=\"async\" width=\"1024\" height=\"460\" data-id=\"12025\" src=\"https:\/\/cogop.org\/wp-content\/uploads\/2025\/03\/Brazil-Bahia-6-1024x460.jpeg\" alt=\"\" class=\"wp-image-12025\" srcset=\"https:\/\/cogop.org\/wp-content\/uploads\/2025\/03\/Brazil-Bahia-6-1024x460.jpeg 1024w, https:\/\/cogop.org\/wp-content\/uploads\/2025\/03\/Brazil-Bahia-6-300x135.jpeg 300w, https:\/\/cogop.org\/wp-content\/uploads\/2025\/03\/Brazil-Bahia-6-768x345.jpeg 768w, https:\/\/cogop.org\/wp-content\/uploads\/2025\/03\/Brazil-Bahia-6.jpeg 1280w\" sizes=\"(max-width: 1024px) 100vw, 1024px\" \/><\/figure>\n\n\n\n<figure class=\"wp-block-image size-large\"><img loading=\"lazy\" decoding=\"async\" width=\"768\" height=\"1024\" data-id=\"12032\" src=\"https:\/\/cogop.org\/wp-content\/uploads\/2025\/03\/Brazil-Bahia-7-768x1024.jpeg\" alt=\"\" class=\"wp-image-12032\" srcset=\"https:\/\/cogop.org\/wp-content\/uploads\/2025\/03\/Brazil-Bahia-7-768x1024.jpeg 768w, https:\/\/cogop.org\/wp-content\/uploads\/2025\/03\/Brazil-Bahia-7-225x300.jpeg 225w, https:\/\/cogop.org\/wp-content\/uploads\/2025\/03\/Brazil-Bahia-7.jpeg 960w\" sizes=\"(max-width: 768px) 100vw, 768px\" \/><\/figure>\n\n\n\n<figure class=\"wp-block-image size-large\"><img loading=\"lazy\" decoding=\"async\" width=\"768\" height=\"1024\" data-id=\"12060\" src=\"https:\/\/cogop.org\/wp-content\/uploads\/2025\/03\/Brazil-Bahia-8-768x1024.jpeg\" alt=\"\" class=\"wp-image-12060\" srcset=\"https:\/\/cogop.org\/wp-content\/uploads\/2025\/03\/Brazil-Bahia-8-768x1024.jpeg 768w, https:\/\/cogop.org\/wp-content\/uploads\/2025\/03\/Brazil-Bahia-8-225x300.jpeg 225w, https:\/\/cogop.org\/wp-content\/uploads\/2025\/03\/Brazil-Bahia-8-1152x1536.jpeg 1152w, https:\/\/cogop.org\/wp-content\/uploads\/2025\/03\/Brazil-Bahia-8-1536x2048.jpeg 1536w, https:\/\/cogop.org\/wp-content\/uploads\/2025\/03\/Brazil-Bahia-8-scaled.jpeg 1920w\" sizes=\"(max-width: 768px) 100vw, 768px\" \/><\/figure>\n\n\n\n<figure class=\"wp-block-image size-large\"><img loading=\"lazy\" decoding=\"async\" width=\"1024\" height=\"768\" data-id=\"12053\" src=\"https:\/\/cogop.org\/wp-content\/uploads\/2025\/03\/Brazil-Ceara-1-1024x768.jpeg\" alt=\"\" class=\"wp-image-12053\" srcset=\"https:\/\/cogop.org\/wp-content\/uploads\/2025\/03\/Brazil-Ceara-1-1024x768.jpeg 1024w, https:\/\/cogop.org\/wp-content\/uploads\/2025\/03\/Brazil-Ceara-1-300x225.jpeg 300w, https:\/\/cogop.org\/wp-content\/uploads\/2025\/03\/Brazil-Ceara-1-768x576.jpeg 768w, https:\/\/cogop.org\/wp-content\/uploads\/2025\/03\/Brazil-Ceara-1-1536x1152.jpeg 1536w, https:\/\/cogop.org\/wp-content\/uploads\/2025\/03\/Brazil-Ceara-1-2048x1536.jpeg 2048w\" sizes=\"(max-width: 1024px) 100vw, 1024px\" \/><\/figure>\n\n\n\n<figure class=\"wp-block-image size-large\"><img loading=\"lazy\" decoding=\"async\" width=\"1024\" height=\"768\" data-id=\"12044\" src=\"https:\/\/cogop.org\/wp-content\/uploads\/2025\/03\/Brazil-Ceara-2-1024x768.jpeg\" alt=\"\" class=\"wp-image-12044\" srcset=\"https:\/\/cogop.org\/wp-content\/uploads\/2025\/03\/Brazil-Ceara-2-1024x768.jpeg 1024w, https:\/\/cogop.org\/wp-content\/uploads\/2025\/03\/Brazil-Ceara-2-300x225.jpeg 300w, https:\/\/cogop.org\/wp-content\/uploads\/2025\/03\/Brazil-Ceara-2-768x576.jpeg 768w, https:\/\/cogop.org\/wp-content\/uploads\/2025\/03\/Brazil-Ceara-2-1536x1152.jpeg 1536w, https:\/\/cogop.org\/wp-content\/uploads\/2025\/03\/Brazil-Ceara-2-2048x1536.jpeg 2048w\" sizes=\"(max-width: 1024px) 100vw, 1024px\" \/><\/figure>\n\n\n\n<figure class=\"wp-block-image size-large\"><img loading=\"lazy\" decoding=\"async\" width=\"1024\" height=\"768\" data-id=\"12038\" src=\"https:\/\/cogop.org\/wp-content\/uploads\/2025\/03\/Brazil-Ceara-3-1024x768.jpeg\" alt=\"\" class=\"wp-image-12038\" srcset=\"https:\/\/cogop.org\/wp-content\/uploads\/2025\/03\/Brazil-Ceara-3-1024x768.jpeg 1024w, https:\/\/cogop.org\/wp-content\/uploads\/2025\/03\/Brazil-Ceara-3-300x225.jpeg 300w, https:\/\/cogop.org\/wp-content\/uploads\/2025\/03\/Brazil-Ceara-3-768x576.jpeg 768w, https:\/\/cogop.org\/wp-content\/uploads\/2025\/03\/Brazil-Ceara-3-1536x1152.jpeg 1536w, https:\/\/cogop.org\/wp-content\/uploads\/2025\/03\/Brazil-Ceara-3-2048x1536.jpeg 2048w\" sizes=\"(max-width: 1024px) 100vw, 1024px\" \/><\/figure>\n\n\n\n<figure class=\"wp-block-image size-large\"><img loading=\"lazy\" decoding=\"async\" width=\"768\" height=\"1024\" data-id=\"12046\" src=\"https:\/\/cogop.org\/wp-content\/uploads\/2025\/03\/Brazil-Ceara-4-768x1024.jpeg\" alt=\"\" class=\"wp-image-12046\" srcset=\"https:\/\/cogop.org\/wp-content\/uploads\/2025\/03\/Brazil-Ceara-4-768x1024.jpeg 768w, https:\/\/cogop.org\/wp-content\/uploads\/2025\/03\/Brazil-Ceara-4-225x300.jpeg 225w, https:\/\/cogop.org\/wp-content\/uploads\/2025\/03\/Brazil-Ceara-4-1152x1536.jpeg 1152w, https:\/\/cogop.org\/wp-content\/uploads\/2025\/03\/Brazil-Ceara-4-1536x2048.jpeg 1536w, https:\/\/cogop.org\/wp-content\/uploads\/2025\/03\/Brazil-Ceara-4-scaled.jpeg 1920w\" sizes=\"(max-width: 768px) 100vw, 768px\" \/><\/figure>\n\n\n\n<figure class=\"wp-block-image size-large\"><img loading=\"lazy\" decoding=\"async\" width=\"768\" height=\"1024\" data-id=\"12050\" src=\"https:\/\/cogop.org\/wp-content\/uploads\/2025\/03\/Brazil-Ceara-5-768x1024.jpeg\" alt=\"\" class=\"wp-image-12050\" srcset=\"https:\/\/cogop.org\/wp-content\/uploads\/2025\/03\/Brazil-Ceara-5-768x1024.jpeg 768w, https:\/\/cogop.org\/wp-content\/uploads\/2025\/03\/Brazil-Ceara-5-225x300.jpeg 225w, https:\/\/cogop.org\/wp-content\/uploads\/2025\/03\/Brazil-Ceara-5-1152x1536.jpeg 1152w, https:\/\/cogop.org\/wp-content\/uploads\/2025\/03\/Brazil-Ceara-5-1536x2048.jpeg 1536w, https:\/\/cogop.org\/wp-content\/uploads\/2025\/03\/Brazil-Ceara-5-scaled.jpeg 1920w\" sizes=\"(max-width: 768px) 100vw, 768px\" \/><\/figure>\n\n\n\n<figure class=\"wp-block-image size-large\"><img loading=\"lazy\" decoding=\"async\" width=\"1024\" height=\"768\" data-id=\"12059\" src=\"https:\/\/cogop.org\/wp-content\/uploads\/2025\/03\/Brazil-Ceara-6-1024x768.jpeg\" alt=\"\" class=\"wp-image-12059\" srcset=\"https:\/\/cogop.org\/wp-content\/uploads\/2025\/03\/Brazil-Ceara-6-1024x768.jpeg 1024w, https:\/\/cogop.org\/wp-content\/uploads\/2025\/03\/Brazil-Ceara-6-300x225.jpeg 300w, https:\/\/cogop.org\/wp-content\/uploads\/2025\/03\/Brazil-Ceara-6-768x576.jpeg 768w, https:\/\/cogop.org\/wp-content\/uploads\/2025\/03\/Brazil-Ceara-6-1536x1152.jpeg 1536w, https:\/\/cogop.org\/wp-content\/uploads\/2025\/03\/Brazil-Ceara-6-2048x1536.jpeg 2048w\" sizes=\"(max-width: 1024px) 100vw, 1024px\" \/><\/figure>\n\n\n\n<figure class=\"wp-block-image size-large\"><img loading=\"lazy\" decoding=\"async\" width=\"1024\" height=\"768\" data-id=\"12054\" src=\"https:\/\/cogop.org\/wp-content\/uploads\/2025\/03\/Brazil-Ceara-7-1024x768.jpeg\" alt=\"\" class=\"wp-image-12054\" srcset=\"https:\/\/cogop.org\/wp-content\/uploads\/2025\/03\/Brazil-Ceara-7-1024x768.jpeg 1024w, https:\/\/cogop.org\/wp-content\/uploads\/2025\/03\/Brazil-Ceara-7-300x225.jpeg 300w, https:\/\/cogop.org\/wp-content\/uploads\/2025\/03\/Brazil-Ceara-7-768x576.jpeg 768w, https:\/\/cogop.org\/wp-content\/uploads\/2025\/03\/Brazil-Ceara-7-1536x1152.jpeg 1536w, https:\/\/cogop.org\/wp-content\/uploads\/2025\/03\/Brazil-Ceara-7-2048x1536.jpeg 2048w\" sizes=\"(max-width: 1024px) 100vw, 1024px\" \/><\/figure>\n\n\n\n<figure class=\"wp-block-image size-large\"><img loading=\"lazy\" decoding=\"async\" width=\"768\" height=\"1024\" data-id=\"12041\" src=\"https:\/\/cogop.org\/wp-content\/uploads\/2025\/03\/Brazil-Ceara-8-768x1024.jpeg\" alt=\"\" class=\"wp-image-12041\" srcset=\"https:\/\/cogop.org\/wp-content\/uploads\/2025\/03\/Brazil-Ceara-8-768x1024.jpeg 768w, https:\/\/cogop.org\/wp-content\/uploads\/2025\/03\/Brazil-Ceara-8-225x300.jpeg 225w, https:\/\/cogop.org\/wp-content\/uploads\/2025\/03\/Brazil-Ceara-8-1152x1536.jpeg 1152w, https:\/\/cogop.org\/wp-content\/uploads\/2025\/03\/Brazil-Ceara-8-1536x2048.jpeg 1536w, https:\/\/cogop.org\/wp-content\/uploads\/2025\/03\/Brazil-Ceara-8-scaled.jpeg 1920w\" sizes=\"(max-width: 768px) 100vw, 768px\" \/><\/figure>\n<\/figure>\n\n<h2 class=\"wp-block-heading\"><strong>Campamento nacional de j\u00f3venes de Ecuador<\/strong><\/h2>\n\n<p>Durante el mes de octubre, Ecuador celebr\u00f3 su campamento nacional de j\u00f3venes bajo el tema \u201cM\u00e1s de ti, Dios; menos de m\u00ed\u201d, con una participaci\u00f3n de tres cientos j\u00f3venes y adolescentes. El objetivo del evento fue instar en los campistas la importancia de permanecer firmes en Cristo para que \u00c9l reine en nuestras vidas, como dice Juan 3:30. Tambi\u00e9n se compartieron otros temas tales como \u201cDescubrir mi identidad en Dios\u201d y \u201cVivir con intenci\u00f3n\u201d, adem\u00e1s de talleres para matrimonios j\u00f3venes sobre c\u00f3mo aplicar el lema del campamento en la relaci\u00f3n matrimonial. Los campistas experimentaron momentos de profunda conexi\u00f3n espiritual y vieron la gloria de Dios a trav\u00e9s de la adoraci\u00f3n, las reflexiones y las din\u00e1micas de grupo. El campamento no solo fortaleci\u00f3 la fe de los participantes, tambi\u00e9n foment\u00f3 un sentido de comunidad y compromiso entre los campistas.      <\/p>\n\n<p>Gracias a Dios por sus bendiciones y el derramamiento de su Esp\u00edritu, que hicieron de esta experiencia un encuentro transformador que fortaleci\u00f3 la fe y la comunidad entre los participantes.<\/p>\n\n<figure class=\"wp-block-gallery has-nested-images columns-default is-cropped wp-block-gallery-2 is-layout-flex wp-block-gallery-is-layout-flex\">\n<figure class=\"wp-block-image size-large\"><img loading=\"lazy\" decoding=\"async\" width=\"1024\" height=\"683\" data-id=\"12008\" src=\"https:\/\/cogop.org\/wp-content\/uploads\/2025\/03\/Ecuador-1-1024x683.jpg\" alt=\"\" class=\"wp-image-12008\" srcset=\"https:\/\/cogop.org\/wp-content\/uploads\/2025\/03\/Ecuador-1-1024x683.jpg 1024w, https:\/\/cogop.org\/wp-content\/uploads\/2025\/03\/Ecuador-1-300x200.jpg 300w, https:\/\/cogop.org\/wp-content\/uploads\/2025\/03\/Ecuador-1-768x512.jpg 768w, https:\/\/cogop.org\/wp-content\/uploads\/2025\/03\/Ecuador-1-1536x1024.jpg 1536w, https:\/\/cogop.org\/wp-content\/uploads\/2025\/03\/Ecuador-1.jpg 1980w\" sizes=\"(max-width: 1024px) 100vw, 1024px\" \/><\/figure>\n\n\n\n<figure class=\"wp-block-image size-large\"><img loading=\"lazy\" decoding=\"async\" width=\"1024\" height=\"683\" data-id=\"12012\" src=\"https:\/\/cogop.org\/wp-content\/uploads\/2025\/03\/Ecuador-2-1024x683.jpg\" alt=\"\" class=\"wp-image-12012\" srcset=\"https:\/\/cogop.org\/wp-content\/uploads\/2025\/03\/Ecuador-2-1024x683.jpg 1024w, https:\/\/cogop.org\/wp-content\/uploads\/2025\/03\/Ecuador-2-300x200.jpg 300w, https:\/\/cogop.org\/wp-content\/uploads\/2025\/03\/Ecuador-2-768x512.jpg 768w, https:\/\/cogop.org\/wp-content\/uploads\/2025\/03\/Ecuador-2-1536x1024.jpg 1536w, https:\/\/cogop.org\/wp-content\/uploads\/2025\/03\/Ecuador-2.jpg 1980w\" sizes=\"(max-width: 1024px) 100vw, 1024px\" \/><\/figure>\n\n\n\n<figure class=\"wp-block-image size-large\"><img loading=\"lazy\" decoding=\"async\" width=\"1024\" height=\"683\" data-id=\"12014\" src=\"https:\/\/cogop.org\/wp-content\/uploads\/2025\/03\/Ecuador-3-1024x683.jpg\" alt=\"\" class=\"wp-image-12014\" srcset=\"https:\/\/cogop.org\/wp-content\/uploads\/2025\/03\/Ecuador-3-1024x683.jpg 1024w, https:\/\/cogop.org\/wp-content\/uploads\/2025\/03\/Ecuador-3-300x200.jpg 300w, https:\/\/cogop.org\/wp-content\/uploads\/2025\/03\/Ecuador-3-768x512.jpg 768w, https:\/\/cogop.org\/wp-content\/uploads\/2025\/03\/Ecuador-3-1536x1024.jpg 1536w, https:\/\/cogop.org\/wp-content\/uploads\/2025\/03\/Ecuador-3.jpg 1980w\" sizes=\"(max-width: 1024px) 100vw, 1024px\" \/><\/figure>\n\n\n\n<figure class=\"wp-block-image size-large\"><img loading=\"lazy\" decoding=\"async\" width=\"1024\" height=\"845\" data-id=\"12011\" src=\"https:\/\/cogop.org\/wp-content\/uploads\/2025\/03\/Ecuador-4-1024x845.jpg\" alt=\"\" class=\"wp-image-12011\" srcset=\"https:\/\/cogop.org\/wp-content\/uploads\/2025\/03\/Ecuador-4-1024x845.jpg 1024w, https:\/\/cogop.org\/wp-content\/uploads\/2025\/03\/Ecuador-4-300x248.jpg 300w, https:\/\/cogop.org\/wp-content\/uploads\/2025\/03\/Ecuador-4-768x634.jpg 768w, https:\/\/cogop.org\/wp-content\/uploads\/2025\/03\/Ecuador-4.jpg 1134w\" sizes=\"(max-width: 1024px) 100vw, 1024px\" \/><\/figure>\n<\/figure>\n\n<h2 class=\"wp-block-heading\"><strong>Convenci\u00f3n nacional de Uruguay<\/strong><\/h2>\n\n<p>En noviembre, celebramos la convenci\u00f3n nacional de Uruguay, marcando la transici\u00f3n del obispo nacional Sergio Garc\u00eda, quien [bendijo] a la naci\u00f3n con su servicio por m\u00e1s de una d\u00e9cada. Durante la convenci\u00f3n, el obispo Garc\u00eda pas\u00f3 el manto al obispo Marco Antonio Benavides. <br\/> <br\/>Para despedir a nuestro estimado obispo Sergio y Susana Garc\u00eda, invitamos a todos los obispos nacionales de Sudam\u00e9rica para que asistieran y ministraran. Tambi\u00e9n dedicamos un espacio de tiempo para compartir con la familia Garc\u00eda. <br\/> <br\/>A cada obispo nacional se le dio la oportunidad de ministrar con autoridad a la iglesia en Uruguay y de despedir al obispo Sergio Garc\u00eda y a su esposa. Asimismo, se le dio la bienvenida formal al obispo Marco Antonio Benavides y a su esposa, Marcela. <br\/> <br\/>Tambi\u00e9n oramos por la familia Benavides para que Dios los gu\u00ede y contin\u00faen la obra transformadora en nuestra iglesia en Uruguay. Por \u00faltimo, agradecemos profundamente a la familia Garc\u00eda por su gentil atenci\u00f3n y amor hacia todos nosotros.  <\/p>\n\n<h2 class=\"wp-block-heading\"><strong>Convenci\u00f3n de ministros Bolivia 2024<\/strong><\/h2>\n\n<p>Los d\u00edas 3 al 5 de diciembre, se reunieron aproximadamente 300 personas, entre obispos, ministros, pastores, directores nacionales e invitados especiales, en Yacuiba, Bolivia. Los servicios estuvieron saturados de alabanza, la presencia del Esp\u00edritu Santo y la exposici\u00f3n de la Palabra de Dios. <br\/> <br\/>El tema central de la convenci\u00f3n gir\u00f3 alrededor de la urgencia de reconciliar al mundo con Cristo. El supervisor regional present\u00f3 su plan operativo bienal, centrado en tres puntos principales:<br\/>&#8211; el evangelismo intencional<br\/>&#8211; el discipulado relacional<br\/>&#8211; la plantaci\u00f3n de iglesias<br\/><br\/>Expresamos nuestra gratitud a Dios por la oportunidad de ser testigos del progreso tangible de la obra en Bolivia. <\/p>\n\n<p>Contin\u00fae orando por Bolivia; nuestra meta es establecer 500 nuevas iglesias para el 2030.<\/p>\n\n<figure class=\"wp-block-gallery has-nested-images columns-default is-cropped wp-block-gallery-3 is-layout-flex wp-block-gallery-is-layout-flex\">\n<figure class=\"wp-block-image size-large\"><img loading=\"lazy\" decoding=\"async\" width=\"768\" height=\"1024\" data-id=\"11981\" src=\"https:\/\/cogop.org\/wp-content\/uploads\/2025\/03\/Bolivia-2-768x1024.jpg\" alt=\"\" class=\"wp-image-11981\" srcset=\"https:\/\/cogop.org\/wp-content\/uploads\/2025\/03\/Bolivia-2-768x1024.jpg 768w, https:\/\/cogop.org\/wp-content\/uploads\/2025\/03\/Bolivia-2-225x300.jpg 225w, https:\/\/cogop.org\/wp-content\/uploads\/2025\/03\/Bolivia-2.jpg 936w\" sizes=\"(max-width: 768px) 100vw, 768px\" \/><\/figure>\n\n\n\n<figure class=\"wp-block-image size-large\"><img loading=\"lazy\" decoding=\"async\" width=\"1024\" height=\"308\" data-id=\"11980\" src=\"https:\/\/cogop.org\/wp-content\/uploads\/2025\/03\/Bolivia-1-1024x308.jpg\" alt=\"\" class=\"wp-image-11980\" srcset=\"https:\/\/cogop.org\/wp-content\/uploads\/2025\/03\/Bolivia-1-1024x308.jpg 1024w, https:\/\/cogop.org\/wp-content\/uploads\/2025\/03\/Bolivia-1-300x90.jpg 300w, https:\/\/cogop.org\/wp-content\/uploads\/2025\/03\/Bolivia-1-768x231.jpg 768w, https:\/\/cogop.org\/wp-content\/uploads\/2025\/03\/Bolivia-1.jpg 1398w\" sizes=\"(max-width: 1024px) 100vw, 1024px\" \/><\/figure>\n<\/figure>\n\n<h2 class=\"wp-block-heading\"><strong>Convenci\u00f3n nacional de ministros de Argentina<\/strong><\/h2>\n\n<p>Del 5 al 8 de diciembre de 2024, celebramos nuestra convenci\u00f3n de ministros en el Cine Teatro Espa\u00f1ol de la ciudad de Roque S\u00e1enz Pe\u00f1a en la provincia del Chaco. El tema fue \u201cLiderazgo de servicio\u201d. El obispo Gabriel Vidal y el Dr. El\u00edas Rodr\u00edguez, instructor del CBL, compartieron mensajes y talleres de capacitaci\u00f3n inspiradores y de gran bendici\u00f3n para el liderazgo argentino. Tuvimos una asistencia de 352 personas entre pastores y l\u00edderes de la Iglesia de Dios de la Profec\u00eda en la naci\u00f3n. [Durante las celebraciones] se impulsaron los procesos de plantaci\u00f3n de iglesias, la educaci\u00f3n teol\u00f3gica, el ministerio de la mujer y los ministerios intergeneracionales (ni\u00f1os, adolescentes y j\u00f3venes). Gracias damos al Se\u00f1or por el tiempo de armon\u00eda y compa\u00f1erismo entre el liderazgo. Iniciamos el nuevo a\u00f1o con grandes expectativas de lo que el Se\u00f1or har\u00e1 en nuestra naci\u00f3n.      <\/p>\n\n<figure class=\"wp-block-gallery has-nested-images columns-default is-cropped wp-block-gallery-4 is-layout-flex wp-block-gallery-is-layout-flex\">\n<figure class=\"wp-block-image size-large\"><img loading=\"lazy\" decoding=\"async\" width=\"684\" height=\"1024\" data-id=\"11958\" src=\"https:\/\/cogop.org\/wp-content\/uploads\/2025\/03\/Argentina-1-684x1024.jpg\" alt=\"\" class=\"wp-image-11958\" srcset=\"https:\/\/cogop.org\/wp-content\/uploads\/2025\/03\/Argentina-1-684x1024.jpg 684w, https:\/\/cogop.org\/wp-content\/uploads\/2025\/03\/Argentina-1-200x300.jpg 200w, https:\/\/cogop.org\/wp-content\/uploads\/2025\/03\/Argentina-1-768x1149.jpg 768w, https:\/\/cogop.org\/wp-content\/uploads\/2025\/03\/Argentina-1.jpg 866w\" sizes=\"(max-width: 684px) 100vw, 684px\" \/><\/figure>\n\n\n\n<figure class=\"wp-block-image size-large\"><img loading=\"lazy\" decoding=\"async\" width=\"772\" height=\"1024\" data-id=\"11954\" src=\"https:\/\/cogop.org\/wp-content\/uploads\/2025\/03\/Argentina-2-772x1024.jpg\" alt=\"\" class=\"wp-image-11954\" srcset=\"https:\/\/cogop.org\/wp-content\/uploads\/2025\/03\/Argentina-2-772x1024.jpg 772w, https:\/\/cogop.org\/wp-content\/uploads\/2025\/03\/Argentina-2-226x300.jpg 226w, https:\/\/cogop.org\/wp-content\/uploads\/2025\/03\/Argentina-2-768x1019.jpg 768w, https:\/\/cogop.org\/wp-content\/uploads\/2025\/03\/Argentina-2.jpg 888w\" sizes=\"(max-width: 772px) 100vw, 772px\" \/><\/figure>\n\n\n\n<figure class=\"wp-block-image size-large\"><img loading=\"lazy\" decoding=\"async\" width=\"733\" height=\"1024\" data-id=\"11963\" src=\"https:\/\/cogop.org\/wp-content\/uploads\/2025\/03\/Argentina-3-733x1024.jpg\" alt=\"\" class=\"wp-image-11963\" srcset=\"https:\/\/cogop.org\/wp-content\/uploads\/2025\/03\/Argentina-3-733x1024.jpg 733w, https:\/\/cogop.org\/wp-content\/uploads\/2025\/03\/Argentina-3-215x300.jpg 215w, https:\/\/cogop.org\/wp-content\/uploads\/2025\/03\/Argentina-3-768x1073.jpg 768w, https:\/\/cogop.org\/wp-content\/uploads\/2025\/03\/Argentina-3.jpg 890w\" sizes=\"(max-width: 733px) 100vw, 733px\" \/><\/figure>\n\n\n\n<figure class=\"wp-block-image size-large\"><img loading=\"lazy\" decoding=\"async\" width=\"731\" height=\"1024\" data-id=\"11965\" src=\"https:\/\/cogop.org\/wp-content\/uploads\/2025\/03\/Argentina-4-731x1024.jpg\" alt=\"\" class=\"wp-image-11965\" srcset=\"https:\/\/cogop.org\/wp-content\/uploads\/2025\/03\/Argentina-4-731x1024.jpg 731w, https:\/\/cogop.org\/wp-content\/uploads\/2025\/03\/Argentina-4-214x300.jpg 214w, https:\/\/cogop.org\/wp-content\/uploads\/2025\/03\/Argentina-4-768x1075.jpg 768w, https:\/\/cogop.org\/wp-content\/uploads\/2025\/03\/Argentina-4.jpg 890w\" sizes=\"(max-width: 731px) 100vw, 731px\" \/><\/figure>\n\n\n\n<figure class=\"wp-block-image size-large\"><img loading=\"lazy\" decoding=\"async\" width=\"1024\" height=\"684\" data-id=\"11969\" src=\"https:\/\/cogop.org\/wp-content\/uploads\/2025\/03\/Argentina-5-1024x684.jpg\" alt=\"\" class=\"wp-image-11969\" srcset=\"https:\/\/cogop.org\/wp-content\/uploads\/2025\/03\/Argentina-5-1024x684.jpg 1024w, https:\/\/cogop.org\/wp-content\/uploads\/2025\/03\/Argentina-5-300x200.jpg 300w, https:\/\/cogop.org\/wp-content\/uploads\/2025\/03\/Argentina-5-768x513.jpg 768w, https:\/\/cogop.org\/wp-content\/uploads\/2025\/03\/Argentina-5.jpg 1296w\" sizes=\"(max-width: 1024px) 100vw, 1024px\" \/><\/figure>\n\n\n\n<figure class=\"wp-block-image size-large\"><img loading=\"lazy\" decoding=\"async\" width=\"1024\" height=\"684\" data-id=\"11957\" src=\"https:\/\/cogop.org\/wp-content\/uploads\/2025\/03\/Argentina-6-1024x684.jpg\" alt=\"\" class=\"wp-image-11957\" srcset=\"https:\/\/cogop.org\/wp-content\/uploads\/2025\/03\/Argentina-6-1024x684.jpg 1024w, https:\/\/cogop.org\/wp-content\/uploads\/2025\/03\/Argentina-6-300x200.jpg 300w, https:\/\/cogop.org\/wp-content\/uploads\/2025\/03\/Argentina-6-768x513.jpg 768w, https:\/\/cogop.org\/wp-content\/uploads\/2025\/03\/Argentina-6.jpg 1296w\" sizes=\"(max-width: 1024px) 100vw, 1024px\" \/><\/figure>\n\n\n\n<figure class=\"wp-block-image size-large\"><img loading=\"lazy\" decoding=\"async\" width=\"1024\" height=\"683\" data-id=\"11972\" src=\"https:\/\/cogop.org\/wp-content\/uploads\/2025\/03\/Argentina-8-1024x683.jpg\" alt=\"\" class=\"wp-image-11972\" srcset=\"https:\/\/cogop.org\/wp-content\/uploads\/2025\/03\/Argentina-8-1024x683.jpg 1024w, https:\/\/cogop.org\/wp-content\/uploads\/2025\/03\/Argentina-8-300x200.jpg 300w, https:\/\/cogop.org\/wp-content\/uploads\/2025\/03\/Argentina-8-768x512.jpg 768w, https:\/\/cogop.org\/wp-content\/uploads\/2025\/03\/Argentina-8.jpg 1296w\" sizes=\"(max-width: 1024px) 100vw, 1024px\" \/><\/figure>\n<\/figure>\n","protected":false},"excerpt":{"rendered":"<p>Explore los esfuerzos misioneros de Sudam\u00e9rica \u2014crecimiento de iglesias, convenciones, ministerio de j\u00f3venes y evangelizaci\u00f3n\u2014 que promueven la misi\u00f3n evang\u00e9lica de la Iglesia de Dios de la Profec\u00eda.<\/p>\n","protected":false},"author":4,"featured_media":12026,"comment_status":"open","ping_status":"open","sticky":false,"template":"","format":"standard","meta":{"_acf_changed":false,"_monsterinsights_skip_tracking":false,"_monsterinsights_sitenote_active":false,"_monsterinsights_sitenote_note":"","_monsterinsights_sitenote_category":0,"_uf_show_specific_survey":0,"_uf_disable_surveys":false,"footnotes":""},"categories":[134],"tags":[135],"class_list":["post-12601","post","type-post","status-publish","format-standard","has-post-thumbnail","hentry","category-sudamerica-es","tag-sudamerica"],"acf":[],"yoast_head":"<!-- This site is optimized with the Yoast SEO plugin v27.4 - https:\/\/yoast.com\/product\/yoast-seo-wordpress\/ -->\n<title>El impacto misionero de Sudam\u00e9rica: Crecimiento, discipulado y plantaci\u00f3n de iglesias | COGOP<\/title>\n<meta name=\"robots\" content=\"index, follow, max-snippet:-1, max-image-preview:large, max-video-preview:-1\" \/>\n<link rel=\"canonical\" href=\"https:\/\/cogop.org\/es\/el-impacto-misionero-de-sudamerica-crecimiento-discipulado-y-plantacion-de-iglesias\/\" \/>\n<meta property=\"og:locale\" content=\"es_ES\" \/>\n<meta property=\"og:type\" content=\"article\" \/>\n<meta property=\"og:title\" content=\"El impacto misionero de Sudam\u00e9rica: Crecimiento, discipulado y plantaci\u00f3n de iglesias | COGOP\" \/>\n<meta property=\"og:description\" content=\"Explore los esfuerzos misioneros de Sudam\u00e9rica \u2014crecimiento de iglesias, convenciones, ministerio de j\u00f3venes y evangelizaci\u00f3n\u2014 que promueven la misi\u00f3n evang\u00e9lica de la Iglesia de Dios de la Profec\u00eda.\" \/>\n<meta property=\"og:url\" content=\"https:\/\/cogop.org\/es\/el-impacto-misionero-de-sudamerica-crecimiento-discipulado-y-plantacion-de-iglesias\/\" \/>\n<meta property=\"og:site_name\" content=\"COGOP\" \/>\n<meta property=\"article:publisher\" content=\"https:\/\/www.facebook.com\/cogop\" \/>\n<meta property=\"article:published_time\" content=\"2025-03-11T19:25:11+00:00\" \/>\n<meta property=\"article:modified_time\" content=\"2025-07-01T16:58:45+00:00\" \/>\n<meta property=\"og:image\" content=\"https:\/\/cogop.org\/wp-content\/uploads\/2025\/03\/Brazil-Bahia-5.jpeg\" \/>\n\t<meta property=\"og:image:width\" content=\"1280\" \/>\n\t<meta property=\"og:image:height\" content=\"960\" \/>\n\t<meta property=\"og:image:type\" content=\"image\/jpeg\" \/>\n<meta name=\"author\" content=\"Shaun McKinley\" \/>\n<meta name=\"twitter:card\" content=\"summary_large_image\" \/>\n<meta name=\"twitter:creator\" content=\"@cogop\" \/>\n<meta name=\"twitter:site\" content=\"@cogop\" \/>\n<meta name=\"twitter:label1\" content=\"Escrito por\" \/>\n\t<meta name=\"twitter:data1\" content=\"Shaun McKinley\" \/>\n\t<meta name=\"twitter:label2\" content=\"Tiempo de lectura\" \/>\n\t<meta name=\"twitter:data2\" content=\"6 minutos\" \/>\n<script type=\"application\/ld+json\" class=\"yoast-schema-graph\">{\"@context\":\"https:\\\/\\\/schema.org\",\"@graph\":[{\"@type\":\"Article\",\"@id\":\"https:\\\/\\\/cogop.org\\\/es\\\/el-impacto-misionero-de-sudamerica-crecimiento-discipulado-y-plantacion-de-iglesias\\\/#article\",\"isPartOf\":{\"@id\":\"https:\\\/\\\/cogop.org\\\/es\\\/el-impacto-misionero-de-sudamerica-crecimiento-discipulado-y-plantacion-de-iglesias\\\/\"},\"author\":{\"name\":\"Shaun McKinley\",\"@id\":\"https:\\\/\\\/cogop.org\\\/#\\\/schema\\\/person\\\/4906c522c140e1fd84e28e3c17b3588d\"},\"headline\":\"El impacto misionero de Sudam\u00e9rica: Crecimiento, discipulado y plantaci\u00f3n de iglesias\",\"datePublished\":\"2025-03-11T19:25:11+00:00\",\"dateModified\":\"2025-07-01T16:58:45+00:00\",\"mainEntityOfPage\":{\"@id\":\"https:\\\/\\\/cogop.org\\\/es\\\/el-impacto-misionero-de-sudamerica-crecimiento-discipulado-y-plantacion-de-iglesias\\\/\"},\"wordCount\":1282,\"commentCount\":0,\"publisher\":{\"@id\":\"https:\\\/\\\/cogop.org\\\/#organization\"},\"image\":{\"@id\":\"https:\\\/\\\/cogop.org\\\/es\\\/el-impacto-misionero-de-sudamerica-crecimiento-discipulado-y-plantacion-de-iglesias\\\/#primaryimage\"},\"thumbnailUrl\":\"https:\\\/\\\/cogop.org\\\/wp-content\\\/uploads\\\/2025\\\/03\\\/Brazil-Bahia-5.jpeg\",\"keywords\":[\"Sudam\u00e9rica\"],\"articleSection\":[\"Sudam\u00e9rica\"],\"inLanguage\":\"es\",\"potentialAction\":[{\"@type\":\"CommentAction\",\"name\":\"Comment\",\"target\":[\"https:\\\/\\\/cogop.org\\\/es\\\/el-impacto-misionero-de-sudamerica-crecimiento-discipulado-y-plantacion-de-iglesias\\\/#respond\"]}]},{\"@type\":\"WebPage\",\"@id\":\"https:\\\/\\\/cogop.org\\\/es\\\/el-impacto-misionero-de-sudamerica-crecimiento-discipulado-y-plantacion-de-iglesias\\\/\",\"url\":\"https:\\\/\\\/cogop.org\\\/es\\\/el-impacto-misionero-de-sudamerica-crecimiento-discipulado-y-plantacion-de-iglesias\\\/\",\"name\":\"El impacto misionero de Sudam\u00e9rica: Crecimiento, discipulado y plantaci\u00f3n de iglesias | COGOP\",\"isPartOf\":{\"@id\":\"https:\\\/\\\/cogop.org\\\/#website\"},\"primaryImageOfPage\":{\"@id\":\"https:\\\/\\\/cogop.org\\\/es\\\/el-impacto-misionero-de-sudamerica-crecimiento-discipulado-y-plantacion-de-iglesias\\\/#primaryimage\"},\"image\":{\"@id\":\"https:\\\/\\\/cogop.org\\\/es\\\/el-impacto-misionero-de-sudamerica-crecimiento-discipulado-y-plantacion-de-iglesias\\\/#primaryimage\"},\"thumbnailUrl\":\"https:\\\/\\\/cogop.org\\\/wp-content\\\/uploads\\\/2025\\\/03\\\/Brazil-Bahia-5.jpeg\",\"datePublished\":\"2025-03-11T19:25:11+00:00\",\"dateModified\":\"2025-07-01T16:58:45+00:00\",\"inLanguage\":\"es\",\"potentialAction\":[{\"@type\":\"ReadAction\",\"target\":[\"https:\\\/\\\/cogop.org\\\/es\\\/el-impacto-misionero-de-sudamerica-crecimiento-discipulado-y-plantacion-de-iglesias\\\/\"]}]},{\"@type\":\"ImageObject\",\"inLanguage\":\"es\",\"@id\":\"https:\\\/\\\/cogop.org\\\/es\\\/el-impacto-misionero-de-sudamerica-crecimiento-discipulado-y-plantacion-de-iglesias\\\/#primaryimage\",\"url\":\"https:\\\/\\\/cogop.org\\\/wp-content\\\/uploads\\\/2025\\\/03\\\/Brazil-Bahia-5.jpeg\",\"contentUrl\":\"https:\\\/\\\/cogop.org\\\/wp-content\\\/uploads\\\/2025\\\/03\\\/Brazil-Bahia-5.jpeg\",\"width\":1280,\"height\":960},{\"@type\":\"BreadcrumbList\",\"@id\":\"https:\\\/\\\/cogop.org\\\/es\\\/el-impacto-misionero-de-sudamerica-crecimiento-discipulado-y-plantacion-de-iglesias\\\/#breadcrumb\",\"itemListElement\":[{\"@type\":\"ListItem\",\"position\":1,\"name\":\"Home\",\"item\":\"https:\\\/\\\/cogop.org\\\/\"},{\"@type\":\"ListItem\",\"position\":2,\"name\":\"El impacto misionero de Sudam\u00e9rica: Crecimiento, discipulado y plantaci\u00f3n de iglesias\"}]},{\"@type\":\"WebSite\",\"@id\":\"https:\\\/\\\/cogop.org\\\/#website\",\"url\":\"https:\\\/\\\/cogop.org\\\/\",\"name\":\"Church of God of Prophecy\",\"description\":\"Reconciling the World to Christ\",\"publisher\":{\"@id\":\"https:\\\/\\\/cogop.org\\\/#organization\"},\"alternateName\":\"COGOP\",\"potentialAction\":[{\"@type\":\"SearchAction\",\"target\":{\"@type\":\"EntryPoint\",\"urlTemplate\":\"https:\\\/\\\/cogop.org\\\/?s={search_term_string}\"},\"query-input\":{\"@type\":\"PropertyValueSpecification\",\"valueRequired\":true,\"valueName\":\"search_term_string\"}}],\"inLanguage\":\"es\"},{\"@type\":\"Organization\",\"@id\":\"https:\\\/\\\/cogop.org\\\/#organization\",\"name\":\"Church of God of Prophecy\",\"alternateName\":\"COGOP\",\"url\":\"https:\\\/\\\/cogop.org\\\/\",\"logo\":{\"@type\":\"ImageObject\",\"inLanguage\":\"es\",\"@id\":\"https:\\\/\\\/cogop.org\\\/#\\\/schema\\\/logo\\\/image\\\/\",\"url\":\"https:\\\/\\\/cogop.org\\\/wp-content\\\/uploads\\\/2025\\\/01\\\/logo-cogop.webp\",\"contentUrl\":\"https:\\\/\\\/cogop.org\\\/wp-content\\\/uploads\\\/2025\\\/01\\\/logo-cogop.webp\",\"width\":500,\"height\":118,\"caption\":\"Church of God of Prophecy\"},\"image\":{\"@id\":\"https:\\\/\\\/cogop.org\\\/#\\\/schema\\\/logo\\\/image\\\/\"},\"sameAs\":[\"https:\\\/\\\/www.facebook.com\\\/cogop\",\"https:\\\/\\\/x.com\\\/cogop\",\"https:\\\/\\\/www.instagram.com\\\/cogoppics\\\/\",\"https:\\\/\\\/www.youtube.com\\\/@COGOPMedia\",\"https:\\\/\\\/open.spotify.com\\\/user\\\/g1d13yyaprw0wrr2woer8edyp?si=a32b364b555f4d4d\"]},{\"@type\":\"Person\",\"@id\":\"https:\\\/\\\/cogop.org\\\/#\\\/schema\\\/person\\\/4906c522c140e1fd84e28e3c17b3588d\",\"name\":\"Shaun McKinley\",\"image\":{\"@type\":\"ImageObject\",\"inLanguage\":\"es\",\"@id\":\"https:\\\/\\\/secure.gravatar.com\\\/avatar\\\/21e42617539b19957212750bc94d5e389cd3e64619510914f40b27e32d375e99?s=96&d=mm&r=g\",\"url\":\"https:\\\/\\\/secure.gravatar.com\\\/avatar\\\/21e42617539b19957212750bc94d5e389cd3e64619510914f40b27e32d375e99?s=96&d=mm&r=g\",\"contentUrl\":\"https:\\\/\\\/secure.gravatar.com\\\/avatar\\\/21e42617539b19957212750bc94d5e389cd3e64619510914f40b27e32d375e99?s=96&d=mm&r=g\",\"caption\":\"Shaun McKinley\"}}]}<\/script>\n<!-- \/ Yoast SEO plugin. -->","yoast_head_json":{"title":"El impacto misionero de Sudam\u00e9rica: Crecimiento, discipulado y plantaci\u00f3n de iglesias | COGOP","robots":{"index":"index","follow":"follow","max-snippet":"max-snippet:-1","max-image-preview":"max-image-preview:large","max-video-preview":"max-video-preview:-1"},"canonical":"https:\/\/cogop.org\/es\/el-impacto-misionero-de-sudamerica-crecimiento-discipulado-y-plantacion-de-iglesias\/","og_locale":"es_ES","og_type":"article","og_title":"El impacto misionero de Sudam\u00e9rica: Crecimiento, discipulado y plantaci\u00f3n de iglesias | COGOP","og_description":"Explore los esfuerzos misioneros de Sudam\u00e9rica \u2014crecimiento de iglesias, convenciones, ministerio de j\u00f3venes y evangelizaci\u00f3n\u2014 que promueven la misi\u00f3n evang\u00e9lica de la Iglesia de Dios de la Profec\u00eda.","og_url":"https:\/\/cogop.org\/es\/el-impacto-misionero-de-sudamerica-crecimiento-discipulado-y-plantacion-de-iglesias\/","og_site_name":"COGOP","article_publisher":"https:\/\/www.facebook.com\/cogop","article_published_time":"2025-03-11T19:25:11+00:00","article_modified_time":"2025-07-01T16:58:45+00:00","og_image":[{"width":1280,"height":960,"url":"https:\/\/cogop.org\/wp-content\/uploads\/2025\/03\/Brazil-Bahia-5.jpeg","type":"image\/jpeg"}],"author":"Shaun McKinley","twitter_card":"summary_large_image","twitter_creator":"@cogop","twitter_site":"@cogop","twitter_misc":{"Escrito por":"Shaun McKinley","Tiempo de lectura":"6 minutos"},"schema":{"@context":"https:\/\/schema.org","@graph":[{"@type":"Article","@id":"https:\/\/cogop.org\/es\/el-impacto-misionero-de-sudamerica-crecimiento-discipulado-y-plantacion-de-iglesias\/#article","isPartOf":{"@id":"https:\/\/cogop.org\/es\/el-impacto-misionero-de-sudamerica-crecimiento-discipulado-y-plantacion-de-iglesias\/"},"author":{"name":"Shaun McKinley","@id":"https:\/\/cogop.org\/#\/schema\/person\/4906c522c140e1fd84e28e3c17b3588d"},"headline":"El impacto misionero de Sudam\u00e9rica: Crecimiento, discipulado y plantaci\u00f3n de iglesias","datePublished":"2025-03-11T19:25:11+00:00","dateModified":"2025-07-01T16:58:45+00:00","mainEntityOfPage":{"@id":"https:\/\/cogop.org\/es\/el-impacto-misionero-de-sudamerica-crecimiento-discipulado-y-plantacion-de-iglesias\/"},"wordCount":1282,"commentCount":0,"publisher":{"@id":"https:\/\/cogop.org\/#organization"},"image":{"@id":"https:\/\/cogop.org\/es\/el-impacto-misionero-de-sudamerica-crecimiento-discipulado-y-plantacion-de-iglesias\/#primaryimage"},"thumbnailUrl":"https:\/\/cogop.org\/wp-content\/uploads\/2025\/03\/Brazil-Bahia-5.jpeg","keywords":["Sudam\u00e9rica"],"articleSection":["Sudam\u00e9rica"],"inLanguage":"es","potentialAction":[{"@type":"CommentAction","name":"Comment","target":["https:\/\/cogop.org\/es\/el-impacto-misionero-de-sudamerica-crecimiento-discipulado-y-plantacion-de-iglesias\/#respond"]}]},{"@type":"WebPage","@id":"https:\/\/cogop.org\/es\/el-impacto-misionero-de-sudamerica-crecimiento-discipulado-y-plantacion-de-iglesias\/","url":"https:\/\/cogop.org\/es\/el-impacto-misionero-de-sudamerica-crecimiento-discipulado-y-plantacion-de-iglesias\/","name":"El impacto misionero de Sudam\u00e9rica: Crecimiento, discipulado y plantaci\u00f3n de iglesias | COGOP","isPartOf":{"@id":"https:\/\/cogop.org\/#website"},"primaryImageOfPage":{"@id":"https:\/\/cogop.org\/es\/el-impacto-misionero-de-sudamerica-crecimiento-discipulado-y-plantacion-de-iglesias\/#primaryimage"},"image":{"@id":"https:\/\/cogop.org\/es\/el-impacto-misionero-de-sudamerica-crecimiento-discipulado-y-plantacion-de-iglesias\/#primaryimage"},"thumbnailUrl":"https:\/\/cogop.org\/wp-content\/uploads\/2025\/03\/Brazil-Bahia-5.jpeg","datePublished":"2025-03-11T19:25:11+00:00","dateModified":"2025-07-01T16:58:45+00:00","inLanguage":"es","potentialAction":[{"@type":"ReadAction","target":["https:\/\/cogop.org\/es\/el-impacto-misionero-de-sudamerica-crecimiento-discipulado-y-plantacion-de-iglesias\/"]}]},{"@type":"ImageObject","inLanguage":"es","@id":"https:\/\/cogop.org\/es\/el-impacto-misionero-de-sudamerica-crecimiento-discipulado-y-plantacion-de-iglesias\/#primaryimage","url":"https:\/\/cogop.org\/wp-content\/uploads\/2025\/03\/Brazil-Bahia-5.jpeg","contentUrl":"https:\/\/cogop.org\/wp-content\/uploads\/2025\/03\/Brazil-Bahia-5.jpeg","width":1280,"height":960},{"@type":"BreadcrumbList","@id":"https:\/\/cogop.org\/es\/el-impacto-misionero-de-sudamerica-crecimiento-discipulado-y-plantacion-de-iglesias\/#breadcrumb","itemListElement":[{"@type":"ListItem","position":1,"name":"Home","item":"https:\/\/cogop.org\/"},{"@type":"ListItem","position":2,"name":"El impacto misionero de Sudam\u00e9rica: Crecimiento, discipulado y plantaci\u00f3n de iglesias"}]},{"@type":"WebSite","@id":"https:\/\/cogop.org\/#website","url":"https:\/\/cogop.org\/","name":"Church of God of Prophecy","description":"Reconciling the World to Christ","publisher":{"@id":"https:\/\/cogop.org\/#organization"},"alternateName":"COGOP","potentialAction":[{"@type":"SearchAction","target":{"@type":"EntryPoint","urlTemplate":"https:\/\/cogop.org\/?s={search_term_string}"},"query-input":{"@type":"PropertyValueSpecification","valueRequired":true,"valueName":"search_term_string"}}],"inLanguage":"es"},{"@type":"Organization","@id":"https:\/\/cogop.org\/#organization","name":"Church of God of Prophecy","alternateName":"COGOP","url":"https:\/\/cogop.org\/","logo":{"@type":"ImageObject","inLanguage":"es","@id":"https:\/\/cogop.org\/#\/schema\/logo\/image\/","url":"https:\/\/cogop.org\/wp-content\/uploads\/2025\/01\/logo-cogop.webp","contentUrl":"https:\/\/cogop.org\/wp-content\/uploads\/2025\/01\/logo-cogop.webp","width":500,"height":118,"caption":"Church of God of Prophecy"},"image":{"@id":"https:\/\/cogop.org\/#\/schema\/logo\/image\/"},"sameAs":["https:\/\/www.facebook.com\/cogop","https:\/\/x.com\/cogop","https:\/\/www.instagram.com\/cogoppics\/","https:\/\/www.youtube.com\/@COGOPMedia","https:\/\/open.spotify.com\/user\/g1d13yyaprw0wrr2woer8edyp?si=a32b364b555f4d4d"]},{"@type":"Person","@id":"https:\/\/cogop.org\/#\/schema\/person\/4906c522c140e1fd84e28e3c17b3588d","name":"Shaun McKinley","image":{"@type":"ImageObject","inLanguage":"es","@id":"https:\/\/secure.gravatar.com\/avatar\/21e42617539b19957212750bc94d5e389cd3e64619510914f40b27e32d375e99?s=96&d=mm&r=g","url":"https:\/\/secure.gravatar.com\/avatar\/21e42617539b19957212750bc94d5e389cd3e64619510914f40b27e32d375e99?s=96&d=mm&r=g","contentUrl":"https:\/\/secure.gravatar.com\/avatar\/21e42617539b19957212750bc94d5e389cd3e64619510914f40b27e32d375e99?s=96&d=mm&r=g","caption":"Shaun McKinley"}}]}},"_links":{"self":[{"href":"https:\/\/cogop.org\/es\/wp-json\/wp\/v2\/posts\/12601","targetHints":{"allow":["GET"]}}],"collection":[{"href":"https:\/\/cogop.org\/es\/wp-json\/wp\/v2\/posts"}],"about":[{"href":"https:\/\/cogop.org\/es\/wp-json\/wp\/v2\/types\/post"}],"author":[{"embeddable":true,"href":"https:\/\/cogop.org\/es\/wp-json\/wp\/v2\/users\/4"}],"replies":[{"embeddable":true,"href":"https:\/\/cogop.org\/es\/wp-json\/wp\/v2\/comments?post=12601"}],"version-history":[{"count":6,"href":"https:\/\/cogop.org\/es\/wp-json\/wp\/v2\/posts\/12601\/revisions"}],"predecessor-version":[{"id":17654,"href":"https:\/\/cogop.org\/es\/wp-json\/wp\/v2\/posts\/12601\/revisions\/17654"}],"wp:featuredmedia":[{"embeddable":true,"href":"https:\/\/cogop.org\/es\/wp-json\/wp\/v2\/media\/12026"}],"wp:attachment":[{"href":"https:\/\/cogop.org\/es\/wp-json\/wp\/v2\/media?parent=12601"}],"wp:term":[{"taxonomy":"category","embeddable":true,"href":"https:\/\/cogop.org\/es\/wp-json\/wp\/v2\/categories?post=12601"},{"taxonomy":"post_tag","embeddable":true,"href":"https:\/\/cogop.org\/es\/wp-json\/wp\/v2\/tags?post=12601"}],"curies":[{"name":"wp","href":"https:\/\/api.w.org\/{rel}","templated":true}]}}